{"id":159889,"date":"2020-11-27T16:40:10","date_gmt":"2020-11-27T15:40:10","guid":{"rendered":"https:\/\/www.intoscana.it\/it\/?p=159889"},"modified":"2020-11-27T16:44:08","modified_gmt":"2020-11-27T15:44:08","slug":"zen-circus-intervista-ufo","status":"publish","type":"post","link":"https:\/\/www.intoscana.it\/it\/zen-circus-intervista-ufo\/","title":{"rendered":"La musica reagisce al Covid: The Zen Circus pubblicano &#8220;L&#8217;ultima casa accogliente&#8221;"},"content":{"rendered":"<p><strong>Sono tornati gli Zen Circus!<\/strong> E hanno deciso di farlo in un periodo davvero nero per la musica in cui non si pu\u00f2 suonare dal vivo e non si sa quando sar\u00e0 possibile farlo. <strong>Un vero e proprio &#8220;regalo&#8221; per tutti i loro fan.<\/strong> Il titolo del loro nuovo disco \u00e8 <em><strong>&#8220;L&#8217;ultima casa accogliente&#8221;\u00a0<\/strong><\/em>e esce a due anni di distanza dal grande successo di <em><strong>&#8220;Il fuoco in una stanza&#8221;<\/strong><\/em> e dopo la raccolta che ha celebrato nel 2019 <strong>i primi 20 anni di attivit\u00e0 della band livornese:<em> &#8220;VIVI SI MUORE 1999-2019&#8221;. <\/em>La buona notizia \u00e8 che Appino, Ufo e Karim Qqru sono in ottima forma<\/strong> e anche se non possiamo uscire possiamo per\u00f2 goderci un nuovo strepitoso disco.<\/p>\n<h3>Ecco la nostra intervista a Ufo<\/h3>\n<p><strong>Ciao Ufo! Vorrei ringraziarvi per aver scelto di pubblicare il vostro disco in un momento come questo in cui non potete suonarlo dal vivo<\/strong><\/p>\n<p>Ce lo dicono spesso in questi giorni, noi vediamo il disco come una polaroid di come siamo in questo momento. Quindi aspettare tanto tempo a sviluppare poi anche i rullini vanno a male. Le canzoni invecchiano. <strong>Poi \u00e8 anche giusto pubblicarlo perch\u00e8 la gente ha bisogno di un segnale.<\/strong> Ci siamo detti: che facciamo rimandiamo? Ma cosa rimandiamo, facciamolo uscire e basta.<\/p>\n<p><strong>I tre pezzi &#8220;Appesi alla luna&#8221;, &#8220;Come se provassi amore&#8221; e &#8220;Non&#8221; ascoltati tutti in fila sono abbastanza devastanti, in senso positivo chiaramente. Ho letto che sono frutto di una lunga analisi che Appino ha fatto grazie a uno psicologo, \u00e8 cos\u00ec?<\/strong><\/p>\n<p>S\u00ec esatto. In tutti i nostri dischi c&#8217;\u00e8 parecchi analisi, anche negli aspetti un po&#8217; pi\u00f9 guasconi, scanzonati c&#8217;\u00e8 una sorta di allegro fatalismo, alla ricerca di un equilibrio tra il personale e il pubblico. Questo forse \u00e8 un coronamento di un certo tipo di narrativa. La cosa bella \u00e8 che quando Appino ci sottopone queste idee difficilmente vengono emendate pi\u00f9 di tanto perch\u00e8 ci sembra che dica qualcosa a tutti noi.<strong> Questo \u00e8 il bello di quello che chiamano l&#8217;oggettivazione dell&#8217;arte se vogliamo usare un termine un po&#8217; elevato. Quando cio\u00e8 ascolti una canzone che ti sembra parli di te.<\/strong> Noi risposte non ne abbiamo mai date ma vogliamo porre domande. Se riuscissimo in una canzone a suscitare la domanda giusta avremmo fatto un bel lavoro.<\/p>\n<figure id=\"post-159890 media-159890\" class=\"align-none\"><img decoding=\"async\" src=\"https:\/\/www.intoscana.it\/wp-content\/uploads\/KY3aUpOw.jpg\" alt=\"\" \/><\/figure>\n<div class=\"titleimg\">Zen Circus, L\u2019ultima casa accogliente<\/div>\n<p><strong>Come avrete affrontato questo anno di pandemia, voi che siete animali da palcoscenico?<\/strong><\/p>\n<p>Sto cominciando adesso un po&#8217; a sclerare. La prima parte dell&#8217;anno a dire la verit\u00e0 dopo tutto quello che era successo nel 2019 noi ce l&#8217;eravamo preso come periodo di pausa. <strong>Bene o male eravamo gi\u00e0 nell&#8217;ottica mentale di non fare date anche perch\u00e8 dovevamo lavorare al nuovo disco. Avevamo tanto lavoro da fare, eravamo serenissimi<\/strong>. Erano gi\u00e0 pronti una decina di pezzi che poi sono diventati otto e costituivano il nucleo centrale del disco. A marzo dovevamo andare a registrare in America a El Paso e bella l\u00ec. Poi \u00e8 successo quello che \u00e8 successo. Questo in un certo senso ci ha anche aiutati, perch\u00e8<strong> abbiamo lavorato al disco molto di pi\u00f9, ne \u00e8 uscito un lavoro molto pi\u00f9 ponderato.<\/strong> I problemi sono venuti dopo quando non sapevamo se far uscire il disco oppure no. Tutta la parte delle presentazioni e dei firma copia \u00e8 saltata.<\/p>\n<p><iframe loading=\"lazy\" src=\"https:\/\/www.youtube.com\/embed\/clD77HmQHOY\" width=\"800\" height=\"500\" frameborder=\"0\" allowfullscreen=\"allowfullscreen\"><\/iframe><\/p>\n<p><strong>In un&#8217;intervista tu hai detto che il business della musica \u00e8 un &#8220;gigante dai piedi d&#8217;argilla&#8221;, io penso che la pandemia abbia fatto emergere tutti i problemi che per\u00f2 gi\u00e0 c&#8217;erano<\/strong><\/p>\n<p>La pandemia \u00e8 capitata in un momento che gi\u00e0 era di transizione. Si stava affermano questo grosso nuovo competitor che \u00e8 Spotify rispetto ai canali di musica tradizionali. <strong>Il Covid di fatto taglier\u00e0 le gambe a tantissime realt\u00e0 intermedie. Io penso ai club o ai festival di media grandezza che vivevano sull&#8217;onda dell&#8217;entusiasmo.<\/strong> Tutto si basa su una struttura abbastanza fragile. Le compagnie gi\u00e0 dal tempo dei Nirvana non sono pronte a capire le cose, ciclicamente si trovano impreparate.<strong> I producer di oggi sono ragazzi che lavorano in casa con i loro amici con un equipaggiamento molto light, pensa a Billie Eilish che fa i dischi col fratello.<\/strong> E&#8217; un momento di grandi cambiamenti.<\/p>\n<p><strong>Ho notato soprattutto\u00a0nell&#8217;ultimo anno che i musicisti si sono adattati a Spotify, preferiscono far uscire tanti singoli via via piuttosto che un unico album subito. Mi sembra una cosa cos\u00ec strana che un artista debba piegarsi a un mezzo tecnologico, non dovrebbe essere il contrario?<\/strong><\/p>\n<p>Io la vedo in un altro modo. <strong>Per certi aspetti siamo tornati indietro nel tempo agli anni &#8217;60 e al 45 giri. Pensiamo un attimo a come si veicolava la musica in quegli anni: erano tutti singoli<\/strong>. Paradossalmente questa cosa ultra moderna in realt\u00e0 ha in s\u00e8\u00a0una fruizione che risale agli anni dei nostri genitori. Un album era una raccolta di singoli. A noi stilisticamente piace di pi\u00f9 immaginare un album stile anni &#8217;70, cio\u00e8 facciata A e facciata B, per\u00f2 esisteva anche l&#8217;LP che era una serie di singoli messi insieme, come i primi dischi dei Beatles. Bisogna aspettare Sergent Pepper per vedere un disco che aveva una certa evoluzione. <strong>Ma per me non \u00e8 un problema finch\u00e8 circola la musica di qualit\u00e0, il problema \u00e8 la musica pessima (ride). Io mi sono nutrito di musica &#8216;a fettine&#8217; cio\u00e8 delle playlist, ma non sono un nostalgico del passato<\/strong>. Io compro dischi a caso di ieri, di oggi e di domani.<\/p>\n<p><strong>Tra poco ci sar\u00e0 un altro Festival di Sanremo e proprio in questi giorni pensavo a quando due anni fa vi guardavo sul palco dell&#8217;Ariston. Per me \u00e8 stato stranissimo vedere a Sanremo la musica che ascoltavo io. Per voi com&#8217;\u00e8 stata quell&#8217;esperienza?<\/strong><\/p>\n<p>Ma io ci tornerei anche domani ti dico la verit\u00e0. Se ci hai fatto il caso il format \u00e8 cambiato molto, \u00e8 un po&#8217; pi\u00f9 rispondente alla realt\u00e0. Non \u00e8 stata un&#8217;idea balorda perch\u00e8 gli ascoltatori sono rimasti gli stessi ma si sono avvicinati moltissimi giovani. Mio nipote l&#8217;ha vista tutta quell&#8217;edizione l\u00ec, am mica perch\u00e8 c&#8217;ero io, perch\u00e8 c&#8217;erano anche<strong> Achille Lauro, Irama<\/strong>. Alla fine della fiera \u00e8 chiaramente un evento che travalica l&#8217;aspetto puramente musicale e sfocia anche nel glamour e nel gossip. Va vista con un occhio un po&#8217; scafato. Ma quando sono arrivato l\u00ec e ho trovato <strong>Motta, Nada, Brunori, Achille<\/strong>, io mi sono trovato bene, ma bene anche con persone che non avrei mai pensato. Abbiamo fatto amicizia con Nek che si \u00e8 rivelato un bravo guaglione. Insomma <strong>\u00e8 stato un po&#8217; come andare in Erasmus con degli amici in cui conosci un sacco di gente strana.<\/strong><\/p>\n<p><iframe loading=\"lazy\" src=\"https:\/\/www.youtube.com\/embed\/U129ladMpAk\" width=\"800\" height=\"500\" frameborder=\"0\" allowfullscreen=\"allowfullscreen\"><\/iframe><\/p>\n","protected":false},"excerpt":{"rendered":"<p>Intervista a UFO che ci racconta l&#8217;ultima &#8220;fatica&#8221; della band livornese, un disco scritto prima del Covid ma a cui hanno lavorato tutti insieme proprio durante la pandemia<\/p>\n","protected":false},"author":518,"featured_media":153702,"comment_status":"open","ping_status":"open","sticky":false,"template":"","format":"standard","meta":{"_acf_changed":false,"footnotes":""},"categories":[14],"tags":[3138,3196,5046],"class_list":["post-159889","post","type-post","status-publish","format-standard","has-post-thumbnail","hentry","category-musica","tag-interviste-agli-artisti","tag-musicisti","tag-zen-circus"],"acf":[],"yoast_head":"<!-- This site is optimized with the Yoast SEO Premium plugin v24.2 (Yoast SEO v25.6) - https:\/\/yoast.com\/wordpress\/plugins\/seo\/ -->\n<title>La musica reagisce al Covid: The Zen Circus pubblicano &quot;L&#039;ultima casa accogliente&quot; - intoscana<\/title>\n<meta name=\"description\" content=\"Intervista a UFO che ci racconta l&#039;ultima &quot;fatica&quot; della band livornese, &quot;L&#039;ultima casa accogliente&quot; un disco scritto prima del Covid\" \/>\n<meta name=\"robots\" content=\"index, follow, max-snippet:-1, max-image-preview:large, max-video-preview:-1\" \/>\n<link rel=\"canonical\" href=\"https:\/\/www.intoscana.it\/it\/zen-circus-intervista-ufo\/\" \/>\n<meta property=\"og:locale\" content=\"it_IT\" \/>\n<meta property=\"og:type\" content=\"article\" \/>\n<meta property=\"og:title\" content=\"La musica reagisce al Covid: The Zen Circus pubblicano &quot;L&#039;ultima casa accogliente&quot;\" \/>\n<meta property=\"og:description\" content=\"Intervista a UFO che ci racconta l&#039;ultima &quot;fatica&quot; della band livornese, &quot;L&#039;ultima casa accogliente&quot; un disco scritto prima del Covid\" \/>\n<meta property=\"og:url\" content=\"https:\/\/www.intoscana.it\/it\/zen-circus-intervista-ufo\/\" \/>\n<meta property=\"og:site_name\" content=\"intoscana\" \/>\n<meta property=\"article:publisher\" content=\"https:\/\/www.facebook.com\/intoscana.it\" \/>\n<meta property=\"article:published_time\" content=\"2020-11-27T15:40:10+00:00\" \/>\n<meta property=\"article:modified_time\" content=\"2020-11-27T15:44:08+00:00\" \/>\n<meta property=\"og:image\" content=\"https:\/\/www.intoscana.it\/wp-content\/uploads\/Zen-Circus_ph-Magliocchetti-08-scaled.jpg\" \/>\n\t<meta property=\"og:image:width\" content=\"2048\" \/>\n\t<meta property=\"og:image:height\" content=\"1367\" \/>\n\t<meta property=\"og:image:type\" content=\"image\/jpeg\" \/>\n<meta name=\"author\" content=\"Costanza Baldini\" \/>\n<meta name=\"twitter:card\" content=\"summary_large_image\" \/>\n<meta name=\"twitter:creator\" content=\"@intoscana\" \/>\n<meta name=\"twitter:site\" content=\"@intoscana\" \/>\n<meta name=\"twitter:label1\" content=\"Written by\" \/>\n\t<meta name=\"twitter:data1\" content=\"Costanza Baldini\" \/>\n\t<meta name=\"twitter:label2\" content=\"Est. reading time\" \/>\n\t<meta name=\"twitter:data2\" content=\"5 minuti\" \/>\n<script type=\"application\/ld+json\" class=\"yoast-schema-graph\">{\"@context\":\"https:\/\/schema.org\",\"@graph\":[{\"@type\":\"WebPage\",\"@id\":\"https:\/\/www.intoscana.it\/it\/zen-circus-intervista-ufo\/\",\"url\":\"https:\/\/www.intoscana.it\/it\/zen-circus-intervista-ufo\/\",\"name\":\"La musica reagisce al Covid: The Zen Circus pubblicano \\\"L'ultima casa accogliente\\\" - intoscana\",\"isPartOf\":{\"@id\":\"https:\/\/www.intoscana.it\/it\/#website\"},\"primaryImageOfPage\":{\"@id\":\"https:\/\/www.intoscana.it\/it\/zen-circus-intervista-ufo\/#primaryimage\"},\"image\":{\"@id\":\"https:\/\/www.intoscana.it\/it\/zen-circus-intervista-ufo\/#primaryimage\"},\"thumbnailUrl\":\"https:\/\/www.intoscana.it\/wp-content\/uploads\/Zen-Circus_ph-Magliocchetti-08-scaled.jpg\",\"datePublished\":\"2020-11-27T15:40:10+00:00\",\"dateModified\":\"2020-11-27T15:44:08+00:00\",\"author\":{\"@id\":\"https:\/\/www.intoscana.it\/it\/#\/schema\/person\/d469f35f09739bdf00bf5dd3f0647a82\"},\"description\":\"Intervista a UFO che ci racconta l'ultima \\\"fatica\\\" della band livornese, \\\"L'ultima casa accogliente\\\" un disco scritto prima del Covid\",\"breadcrumb\":{\"@id\":\"https:\/\/www.intoscana.it\/it\/zen-circus-intervista-ufo\/#breadcrumb\"},\"inLanguage\":\"it-IT\",\"potentialAction\":[{\"@type\":\"ReadAction\",\"target\":[\"https:\/\/www.intoscana.it\/it\/zen-circus-intervista-ufo\/\"]}]},{\"@type\":\"ImageObject\",\"inLanguage\":\"it-IT\",\"@id\":\"https:\/\/www.intoscana.it\/it\/zen-circus-intervista-ufo\/#primaryimage\",\"url\":\"https:\/\/www.intoscana.it\/wp-content\/uploads\/Zen-Circus_ph-Magliocchetti-08-scaled.jpg\",\"contentUrl\":\"https:\/\/www.intoscana.it\/wp-content\/uploads\/Zen-Circus_ph-Magliocchetti-08-scaled.jpg\",\"width\":2048,\"height\":1367,\"caption\":\"The Zen Circus\"},{\"@type\":\"BreadcrumbList\",\"@id\":\"https:\/\/www.intoscana.it\/it\/zen-circus-intervista-ufo\/#breadcrumb\",\"itemListElement\":[{\"@type\":\"ListItem\",\"position\":1,\"name\":\"Home\",\"item\":\"https:\/\/www.intoscana.it\/it\/\"},{\"@type\":\"ListItem\",\"position\":2,\"name\":\"La musica reagisce al Covid: The Zen Circus pubblicano &#8220;L&#8217;ultima casa accogliente&#8221;\"}]},{\"@type\":\"WebSite\",\"@id\":\"https:\/\/www.intoscana.it\/it\/#website\",\"url\":\"https:\/\/www.intoscana.it\/it\/\",\"name\":\"intoscana\",\"description\":\"\",\"potentialAction\":[{\"@type\":\"SearchAction\",\"target\":{\"@type\":\"EntryPoint\",\"urlTemplate\":\"https:\/\/www.intoscana.it\/it\/?s={search_term_string}\"},\"query-input\":{\"@type\":\"PropertyValueSpecification\",\"valueRequired\":true,\"valueName\":\"search_term_string\"}}],\"inLanguage\":\"it-IT\"},{\"@type\":\"Person\",\"@id\":\"https:\/\/www.intoscana.it\/it\/#\/schema\/person\/d469f35f09739bdf00bf5dd3f0647a82\",\"name\":\"Costanza Baldini\",\"url\":\"https:\/\/www.intoscana.it\/it\/author\/costanza-baldini\/\"}]}<\/script>\n<!-- \/ Yoast SEO Premium plugin. -->","yoast_head_json":{"title":"La musica reagisce al Covid: The Zen Circus pubblicano \"L'ultima casa accogliente\" - intoscana","description":"Intervista a UFO che ci racconta l'ultima \"fatica\" della band livornese, \"L'ultima casa accogliente\" un disco scritto prima del Covid","robots":{"index":"index","follow":"follow","max-snippet":"max-snippet:-1","max-image-preview":"max-image-preview:large","max-video-preview":"max-video-preview:-1"},"canonical":"https:\/\/www.intoscana.it\/it\/zen-circus-intervista-ufo\/","og_locale":"it_IT","og_type":"article","og_title":"La musica reagisce al Covid: The Zen Circus pubblicano \"L'ultima casa accogliente\"","og_description":"Intervista a UFO che ci racconta l'ultima \"fatica\" della band livornese, \"L'ultima casa accogliente\" un disco scritto prima del Covid","og_url":"https:\/\/www.intoscana.it\/it\/zen-circus-intervista-ufo\/","og_site_name":"intoscana","article_publisher":"https:\/\/www.facebook.com\/intoscana.it","article_published_time":"2020-11-27T15:40:10+00:00","article_modified_time":"2020-11-27T15:44:08+00:00","og_image":[{"width":2048,"height":1367,"url":"https:\/\/www.intoscana.it\/wp-content\/uploads\/Zen-Circus_ph-Magliocchetti-08-scaled.jpg","type":"image\/jpeg"}],"author":"Costanza Baldini","twitter_card":"summary_large_image","twitter_creator":"@intoscana","twitter_site":"@intoscana","twitter_misc":{"Written by":"Costanza Baldini","Est. reading time":"5 minuti"},"schema":{"@context":"https:\/\/schema.org","@graph":[{"@type":"WebPage","@id":"https:\/\/www.intoscana.it\/it\/zen-circus-intervista-ufo\/","url":"https:\/\/www.intoscana.it\/it\/zen-circus-intervista-ufo\/","name":"La musica reagisce al Covid: The Zen Circus pubblicano \"L'ultima casa accogliente\" - intoscana","isPartOf":{"@id":"https:\/\/www.intoscana.it\/it\/#website"},"primaryImageOfPage":{"@id":"https:\/\/www.intoscana.it\/it\/zen-circus-intervista-ufo\/#primaryimage"},"image":{"@id":"https:\/\/www.intoscana.it\/it\/zen-circus-intervista-ufo\/#primaryimage"},"thumbnailUrl":"https:\/\/www.intoscana.it\/wp-content\/uploads\/Zen-Circus_ph-Magliocchetti-08-scaled.jpg","datePublished":"2020-11-27T15:40:10+00:00","dateModified":"2020-11-27T15:44:08+00:00","author":{"@id":"https:\/\/www.intoscana.it\/it\/#\/schema\/person\/d469f35f09739bdf00bf5dd3f0647a82"},"description":"Intervista a UFO che ci racconta l'ultima \"fatica\" della band livornese, \"L'ultima casa accogliente\" un disco scritto prima del Covid","breadcrumb":{"@id":"https:\/\/www.intoscana.it\/it\/zen-circus-intervista-ufo\/#breadcrumb"},"inLanguage":"it-IT","potentialAction":[{"@type":"ReadAction","target":["https:\/\/www.intoscana.it\/it\/zen-circus-intervista-ufo\/"]}]},{"@type":"ImageObject","inLanguage":"it-IT","@id":"https:\/\/www.intoscana.it\/it\/zen-circus-intervista-ufo\/#primaryimage","url":"https:\/\/www.intoscana.it\/wp-content\/uploads\/Zen-Circus_ph-Magliocchetti-08-scaled.jpg","contentUrl":"https:\/\/www.intoscana.it\/wp-content\/uploads\/Zen-Circus_ph-Magliocchetti-08-scaled.jpg","width":2048,"height":1367,"caption":"The Zen Circus"},{"@type":"BreadcrumbList","@id":"https:\/\/www.intoscana.it\/it\/zen-circus-intervista-ufo\/#breadcrumb","itemListElement":[{"@type":"ListItem","position":1,"name":"Home","item":"https:\/\/www.intoscana.it\/it\/"},{"@type":"ListItem","position":2,"name":"La musica reagisce al Covid: The Zen Circus pubblicano &#8220;L&#8217;ultima casa accogliente&#8221;"}]},{"@type":"WebSite","@id":"https:\/\/www.intoscana.it\/it\/#website","url":"https:\/\/www.intoscana.it\/it\/","name":"intoscana","description":"","potentialAction":[{"@type":"SearchAction","target":{"@type":"EntryPoint","urlTemplate":"https:\/\/www.intoscana.it\/it\/?s={search_term_string}"},"query-input":{"@type":"PropertyValueSpecification","valueRequired":true,"valueName":"search_term_string"}}],"inLanguage":"it-IT"},{"@type":"Person","@id":"https:\/\/www.intoscana.it\/it\/#\/schema\/person\/d469f35f09739bdf00bf5dd3f0647a82","name":"Costanza Baldini","url":"https:\/\/www.intoscana.it\/it\/author\/costanza-baldini\/"}]}},"_links":{"self":[{"href":"https:\/\/www.intoscana.it\/it\/wp-json\/wp\/v2\/posts\/159889","targetHints":{"allow":["GET"]}}],"collection":[{"href":"https:\/\/www.intoscana.it\/it\/wp-json\/wp\/v2\/posts"}],"about":[{"href":"https:\/\/www.intoscana.it\/it\/wp-json\/wp\/v2\/types\/post"}],"author":[{"embeddable":true,"href":"https:\/\/www.intoscana.it\/it\/wp-json\/wp\/v2\/users\/518"}],"replies":[{"embeddable":true,"href":"https:\/\/www.intoscana.it\/it\/wp-json\/wp\/v2\/comments?post=159889"}],"version-history":[{"count":0,"href":"https:\/\/www.intoscana.it\/it\/wp-json\/wp\/v2\/posts\/159889\/revisions"}],"wp:featuredmedia":[{"embeddable":true,"href":"https:\/\/www.intoscana.it\/it\/wp-json\/wp\/v2\/media\/153702"}],"wp:attachment":[{"href":"https:\/\/www.intoscana.it\/it\/wp-json\/wp\/v2\/media?parent=159889"}],"wp:term":[{"taxonomy":"category","embeddable":true,"href":"https:\/\/www.intoscana.it\/it\/wp-json\/wp\/v2\/categories?post=159889"},{"taxonomy":"post_tag","embeddable":true,"href":"https:\/\/www.intoscana.it\/it\/wp-json\/wp\/v2\/tags?post=159889"}],"curies":[{"name":"wp","href":"https:\/\/api.w.org\/{rel}","templated":true}]}}