{"id":160004,"date":"2020-11-30T11:06:58","date_gmt":"2020-11-30T10:06:58","guid":{"rendered":"https:\/\/www.intoscana.it\/it\/?p=160004"},"modified":"2020-11-30T11:10:58","modified_gmt":"2020-11-30T10:10:58","slug":"gold-mass-intervista","status":"publish","type":"post","link":"https:\/\/www.intoscana.it\/it\/gold-mass-intervista\/","title":{"rendered":"Intervista a Gold Mass: il mio viaggio nello spazio durante il lockdown"},"content":{"rendered":"<p><strong>Emanuela Ligar\u00f2 in arte <a href=\"https:\/\/www.facebook.com\/goldmassmusic\" target=\"_blank\" rel=\"noopener noreferrer\">Gold Mass<\/a><\/strong> a un anno dal suo <a href=\"https:\/\/www.intoscana.it\/it\/articolo\/intervista-a-gold-mass-quando-la-musica-e-emancipazione\/\" target=\"_blank\" rel=\"noopener noreferrer\"><strong>debutto discografico con &#8220;Transitions&#8221; prodotto da Paul Savage<\/strong><\/a> torna con un nuovo Ep realizzato durante il lockdown. Quattro pezzi che raccontano di un viaggio cosmico contenuto tutto in una stanza. Nei giorni scorsi <strong>\u00e8 uscito il video del primo singolo &#8220;SAFE&#8221;<\/strong> e le novit\u00e0 non sono finite qui.<\/p>\n<p>Notizia di pochi giorni fa: <strong>Emanuela \u00e8 stata selezionata per <a href=\"https:\/\/esns.nl\" target=\"_blank\" rel=\"noopener noreferrer\">Eurosonic 2021,<\/a><\/strong> il pi\u00f9 grande showcase festival d&#8217;Europa, che si svolge da pi\u00f9 di trent\u2019anni a Groningen ed \u00e8 rivolto principalmente agli addetti ai lavori dell&#8217;industria musicale &#8211; <strong>manager, discografici, agenti, giornalisti, speaker radiofonici<\/strong> &#8211; che vanno alla scoperta dei migliori talenti emergenti di tutta Europa.<\/p>\n<h3>Ecco la nostra intervista<\/h3>\n<p><strong>Ciao Emanuela, i titoli dei tuoi pezzi sembrano il racconto di un viaggio nello spazio: Space, Safe, Souls, Gravity&#8230;<\/strong><\/p>\n<p>Devo dire col fatto che stiamo tutti in casa da mesi ormai, <strong>mi ha fatto tantissima compagnia la lettura e andare a recuperare video e seminari di diversi argomenti\u00a0su YouTube.<\/strong> Mi sembra molto meglio della televisione. Ho trovato tantissimi <strong>video di filosofia e fisica che avevo abbandonato dopo l&#8217;universit\u00e0.<\/strong> Tutti questi pensieri che avevo in testa hanno influenzato la scrittura dei testi e l&#8217;ambientazione. Poi quando uno deve stare a casa non \u00e8 che sogna di andare in piazzetta, se sogno di evadere sogno di andare nel cosmo.<\/p>\n<p><strong>Questo Ep \u00e8 stato composto durante il primo lockdown?<\/strong><\/p>\n<p>Sono quattro pezzi. Il primo Safe l&#8217;ho scritto a Natale scorso, quindi pre-lockdown. Gli altri pezzi s\u00ec, ne ho scritti tanti in lockdown, poi ho scelto questi tre e insieme a &#8216;Safe&#8217; ho deciso di farne un Ep.\u00a0Per quanto mi riguarda<strong> la fase di incubazione, la gestazione di un disco, per me \u00e8 abbastanza lunga, parliamo di anni.<\/strong> E&#8217; chiaro che come persona cambi molto pi\u00f9 velocemente, quindi preferisco rilasciare singoli e Ep perch\u00e8\u00a0danno delle fotografie di me nel mio divenire, piuttosto che stare ad aspettare, concentrata due o tre anni sopra un album. Ho scritto\u00a0i brani col desiderio di evasione, ma evadere davvero. <strong>Non mi \u00e8 mancato fare l&#8217;aperitivo, in fondo non siamo andati in guerra.<\/strong> Penso che in questo periodo <strong>dobbiamo recuperare cosa vuol dire stare con noi stessi, usare l&#8217;immaginazione, leggere, dobbiamo avere un contatto con la nostra testa.<\/strong><\/p>\n<p><strong>Il problema \u00e8 che non tutti stanno bene da soli. Forse si sono trovati davanti a uno specchio, hanno dovuto fare un bilancio della propria vita e non gli \u00e8 piaciuto quello che hanno visto. Forse anche per questo \u00e8 cos\u00ec difficile il lockdown<\/strong><\/p>\n<p>Sono d&#8217;accordo, tempo fa ho letto una citazione di<strong> Sartre<\/strong> che diceva <strong><em>&#8220;Chi sta male da solo \u00e8 perch\u00e8 non \u00e8 in buona compagnia&#8221;.<\/em> <\/strong>Io sono una persona molto introversa, mi riposo e mi rigenero stando da sola. Questo non vuol dire che non riesco a sviluppare dei rapporti di amicizia quando c&#8217;\u00e8 una sintonia. Per\u00f2 ci sono persone diverse da me, pi\u00f9 estroverse che si rigenerano stando con gli altri. Secondo me chi non sta bene in lockdown sono due tipi di persone: chi non ha mai fatto i conti con se stesso e non sa come riempire la noia e d&#8217;altro canto gli estroversi.<\/p>\n<p><iframe loading=\"lazy\" src=\"https:\/\/www.youtube.com\/embed\/7hdgCo4W834\" width=\"800\" height=\"500\" frameborder=\"0\" allowfullscreen=\"allowfullscreen\"><\/iframe><\/p>\n<p><strong>Una delle cose che mi mancano di pi\u00f9 \u00e8 la musica dal vivo, per me questo \u00e8 un aspetto profondamente negativo della pandemia che oltre a separarci ci impedisce di condividere le cose che amiamo<\/strong><\/p>\n<p>Sono assolutamente d&#8217;accordo, io ho dovuto cancellare come tanti altri tutte le date del tour in giro per l&#8217;Europa. Alla fine la scorsa estate sono riuscita a recuperare due date che sono spuntate fuori quando si \u00e8 cominciato a capire che si potevano fare concerti all&#8217;aperto con numero ridotto. Per me \u00e8 stato un dispiacere perch\u00e8 quando hai un progetto appena nato che ha bisogno di crescere magari ti pesa di pi\u00f9. <strong>Mi \u00e8 mancato tantissimo suonare perch\u00e8 se ci pensi la fase live, il momento in cui suoni \u00e8 il momento in cui il popolo degli introversi incontra il popolo degli estroversi,<\/strong> magicamente in un atto, una specie di &#8216;messa&#8217;. Un momento catartico in cui condividi tutto quello che hai sentito nella tua camera con gli altri. <strong>Si tratta di un il momento in cui tutti siamo d&#8217;accordo su qualcosa, e questo \u00e8 mancato moltissimo. I concerti in streaming non riescono a sostituire tutto questo.<\/strong> Per me da musicista \u00e8 una performance fredda, come se tu stessi facendo un esame. Dal vivo invece si crea un&#8217;alchimia,<strong> la riuscita di un concerto il 60% dipende dalle persone.<\/strong> Non so se ti \u00e8 mai capitato di andare a un concerto di <strong>Nick Cave<\/strong>, l\u00ec non c&#8217;\u00e8 solo la musica, \u00e8 un evento. Ognuno dei presenti \u00e8 chiamato a parlare con le proprie\u00a0ombre, con le proprie paure a esorcizzarle. <strong>Quando esci dal concerto, sei stanco, hai fatto un lavoro su di te.<\/strong><\/p>\n<p><strong>Come hai preso la notizia della vittoria all&#8217;Eurosonic?<\/strong><\/p>\n<p>A fine luglio scadeva l&#8217;application per poter partecipare. Ho provato a iscrivermi, cos\u00ec per fare tentativo, <strong>ero convinta che sarebbe stato molto difficile essere selezionata perch\u00e9 la concorrenza \u00e8 molto alta.<\/strong> Inoltre \u00e8 tutta una combinazione di fattori che immagino vengano valutati nella selezione: maturit\u00e0 del progetto, credibilit\u00e0, potenziale, genere musicale e sua spendibilit\u00e0&#8230; Credo sia veramente difficile essere convincenti su tutti gli aspetti. Quando ho ricevuto la notizia mi sono sentita veramente felice e ho pensato che era davvero <strong>un bellissimo riconoscimento, soprattutto per un progetto come il mio che \u00e8 totalmente indipendente, nel vero senso della parola.<\/strong> Pu\u00f2 rivelarsi davvero una buona occasione professionale, come anche risolversi nel nulla e tutto restare come oggi. Per questo motivo,<strong> vale la pena viverlo con leggerezza e ricordandosi sempre che si fa musica per stare bene, nient&#8217;altro.<\/strong><\/p>\n<p><strong>Il disco dove potremo ascoltarlo?<\/strong><\/p>\n<p>I pezzi usciranno &#8216;a goccia&#8217; per raccontare una storia a pi\u00f9 persone possibile. Saranno tutti in streaming in digitale e arriveranno anche video fino a primavera inoltrata, quando uscir\u00e0 l&#8217;Ep intero e ci sar\u00e0 anche la copia fisica del disco. Mi inventer\u00f2 qualcosa di nuovo. Ho coinvolto un fotografo bravissimo <strong>Juri Ronzoni<\/strong> con cui faremo un bel lavoro.<\/p>\n","protected":false},"excerpt":{"rendered":"<p>Emanuela Ligar\u00f2 \u00e8 pronta a rivelare il suo ultimo progetto: 4 canzoni scritte pre e durante il lockdown. Nel frattempo la notizia: la cantante andr\u00e0 al prossimo Eurosonic a Groningen<\/p>\n","protected":false},"author":518,"featured_media":160010,"comment_status":"open","ping_status":"open","sticky":false,"template":"","format":"standard","meta":{"_acf_changed":false,"footnotes":""},"categories":[14],"tags":[3138,3196],"class_list":["post-160004","post","type-post","status-publish","format-standard","has-post-thumbnail","hentry","category-musica","tag-interviste-agli-artisti","tag-musicisti"],"acf":[],"yoast_head":"<!-- This site is optimized with the Yoast SEO Premium plugin v24.2 (Yoast SEO v25.6) - https:\/\/yoast.com\/wordpress\/plugins\/seo\/ -->\n<title>Intervista a Gold Mass: il mio viaggio nello spazio durante il lockdown - intoscana<\/title>\n<meta name=\"description\" content=\"Emanuela Ligar\u00f2 \u00e8 pronta a rivelare il suo ultimo progetto: 4 canzoni scritte pre e durante il lockdown, al prossimo Eurosonic a Groningen\" \/>\n<meta name=\"robots\" content=\"index, follow, max-snippet:-1, max-image-preview:large, max-video-preview:-1\" \/>\n<link rel=\"canonical\" href=\"https:\/\/www.intoscana.it\/it\/gold-mass-intervista\/\" \/>\n<meta property=\"og:locale\" content=\"it_IT\" \/>\n<meta property=\"og:type\" content=\"article\" \/>\n<meta property=\"og:title\" content=\"Intervista a Gold Mass: il mio viaggio nello spazio durante il lockdown\" \/>\n<meta property=\"og:description\" content=\"Emanuela Ligar\u00f2 \u00e8 pronta a rivelare il suo ultimo progetto: 4 canzoni scritte pre e durante il lockdown, al prossimo Eurosonic a Groningen\" \/>\n<meta property=\"og:url\" content=\"https:\/\/www.intoscana.it\/it\/gold-mass-intervista\/\" \/>\n<meta property=\"og:site_name\" content=\"intoscana\" \/>\n<meta property=\"article:publisher\" content=\"https:\/\/www.facebook.com\/intoscana.it\" \/>\n<meta property=\"article:published_time\" content=\"2020-11-30T10:06:58+00:00\" \/>\n<meta property=\"article:modified_time\" content=\"2020-11-30T10:10:58+00:00\" \/>\n<meta property=\"og:image\" content=\"https:\/\/www.intoscana.it\/wp-content\/uploads\/2Y3A5978-scaled.jpg\" \/>\n\t<meta property=\"og:image:width\" content=\"2048\" \/>\n\t<meta property=\"og:image:height\" content=\"1315\" \/>\n\t<meta property=\"og:image:type\" content=\"image\/jpeg\" \/>\n<meta name=\"author\" content=\"Costanza Baldini\" \/>\n<meta name=\"twitter:card\" content=\"summary_large_image\" \/>\n<meta name=\"twitter:creator\" content=\"@intoscana\" \/>\n<meta name=\"twitter:site\" content=\"@intoscana\" \/>\n<meta name=\"twitter:label1\" content=\"Written by\" \/>\n\t<meta name=\"twitter:data1\" content=\"Costanza Baldini\" \/>\n\t<meta name=\"twitter:label2\" content=\"Est. reading time\" \/>\n\t<meta name=\"twitter:data2\" content=\"5 minuti\" \/>\n<script type=\"application\/ld+json\" class=\"yoast-schema-graph\">{\"@context\":\"https:\/\/schema.org\",\"@graph\":[{\"@type\":\"WebPage\",\"@id\":\"https:\/\/www.intoscana.it\/it\/gold-mass-intervista\/\",\"url\":\"https:\/\/www.intoscana.it\/it\/gold-mass-intervista\/\",\"name\":\"Intervista a Gold Mass: il mio viaggio nello spazio durante il lockdown - intoscana\",\"isPartOf\":{\"@id\":\"https:\/\/www.intoscana.it\/it\/#website\"},\"primaryImageOfPage\":{\"@id\":\"https:\/\/www.intoscana.it\/it\/gold-mass-intervista\/#primaryimage\"},\"image\":{\"@id\":\"https:\/\/www.intoscana.it\/it\/gold-mass-intervista\/#primaryimage\"},\"thumbnailUrl\":\"https:\/\/www.intoscana.it\/wp-content\/uploads\/2Y3A5978-scaled.jpg\",\"datePublished\":\"2020-11-30T10:06:58+00:00\",\"dateModified\":\"2020-11-30T10:10:58+00:00\",\"author\":{\"@id\":\"https:\/\/www.intoscana.it\/it\/#\/schema\/person\/d469f35f09739bdf00bf5dd3f0647a82\"},\"description\":\"Emanuela Ligar\u00f2 \u00e8 pronta a rivelare il suo ultimo progetto: 4 canzoni scritte pre e durante il lockdown, al prossimo Eurosonic a Groningen\",\"breadcrumb\":{\"@id\":\"https:\/\/www.intoscana.it\/it\/gold-mass-intervista\/#breadcrumb\"},\"inLanguage\":\"it-IT\",\"potentialAction\":[{\"@type\":\"ReadAction\",\"target\":[\"https:\/\/www.intoscana.it\/it\/gold-mass-intervista\/\"]}]},{\"@type\":\"ImageObject\",\"inLanguage\":\"it-IT\",\"@id\":\"https:\/\/www.intoscana.it\/it\/gold-mass-intervista\/#primaryimage\",\"url\":\"https:\/\/www.intoscana.it\/wp-content\/uploads\/2Y3A5978-scaled.jpg\",\"contentUrl\":\"https:\/\/www.intoscana.it\/wp-content\/uploads\/2Y3A5978-scaled.jpg\",\"width\":2048,\"height\":1315},{\"@type\":\"BreadcrumbList\",\"@id\":\"https:\/\/www.intoscana.it\/it\/gold-mass-intervista\/#breadcrumb\",\"itemListElement\":[{\"@type\":\"ListItem\",\"position\":1,\"name\":\"Home\",\"item\":\"https:\/\/www.intoscana.it\/it\/\"},{\"@type\":\"ListItem\",\"position\":2,\"name\":\"Intervista a Gold Mass: il mio viaggio nello spazio durante il lockdown\"}]},{\"@type\":\"WebSite\",\"@id\":\"https:\/\/www.intoscana.it\/it\/#website\",\"url\":\"https:\/\/www.intoscana.it\/it\/\",\"name\":\"intoscana\",\"description\":\"\",\"potentialAction\":[{\"@type\":\"SearchAction\",\"target\":{\"@type\":\"EntryPoint\",\"urlTemplate\":\"https:\/\/www.intoscana.it\/it\/?s={search_term_string}\"},\"query-input\":{\"@type\":\"PropertyValueSpecification\",\"valueRequired\":true,\"valueName\":\"search_term_string\"}}],\"inLanguage\":\"it-IT\"},{\"@type\":\"Person\",\"@id\":\"https:\/\/www.intoscana.it\/it\/#\/schema\/person\/d469f35f09739bdf00bf5dd3f0647a82\",\"name\":\"Costanza Baldini\",\"url\":\"https:\/\/www.intoscana.it\/it\/author\/costanza-baldini\/\"}]}<\/script>\n<!-- \/ Yoast SEO Premium plugin. -->","yoast_head_json":{"title":"Intervista a Gold Mass: il mio viaggio nello spazio durante il lockdown - intoscana","description":"Emanuela Ligar\u00f2 \u00e8 pronta a rivelare il suo ultimo progetto: 4 canzoni scritte pre e durante il lockdown, al prossimo Eurosonic a Groningen","robots":{"index":"index","follow":"follow","max-snippet":"max-snippet:-1","max-image-preview":"max-image-preview:large","max-video-preview":"max-video-preview:-1"},"canonical":"https:\/\/www.intoscana.it\/it\/gold-mass-intervista\/","og_locale":"it_IT","og_type":"article","og_title":"Intervista a Gold Mass: il mio viaggio nello spazio durante il lockdown","og_description":"Emanuela Ligar\u00f2 \u00e8 pronta a rivelare il suo ultimo progetto: 4 canzoni scritte pre e durante il lockdown, al prossimo Eurosonic a Groningen","og_url":"https:\/\/www.intoscana.it\/it\/gold-mass-intervista\/","og_site_name":"intoscana","article_publisher":"https:\/\/www.facebook.com\/intoscana.it","article_published_time":"2020-11-30T10:06:58+00:00","article_modified_time":"2020-11-30T10:10:58+00:00","og_image":[{"width":2048,"height":1315,"url":"https:\/\/www.intoscana.it\/wp-content\/uploads\/2Y3A5978-scaled.jpg","type":"image\/jpeg"}],"author":"Costanza Baldini","twitter_card":"summary_large_image","twitter_creator":"@intoscana","twitter_site":"@intoscana","twitter_misc":{"Written by":"Costanza Baldini","Est. reading time":"5 minuti"},"schema":{"@context":"https:\/\/schema.org","@graph":[{"@type":"WebPage","@id":"https:\/\/www.intoscana.it\/it\/gold-mass-intervista\/","url":"https:\/\/www.intoscana.it\/it\/gold-mass-intervista\/","name":"Intervista a Gold Mass: il mio viaggio nello spazio durante il lockdown - intoscana","isPartOf":{"@id":"https:\/\/www.intoscana.it\/it\/#website"},"primaryImageOfPage":{"@id":"https:\/\/www.intoscana.it\/it\/gold-mass-intervista\/#primaryimage"},"image":{"@id":"https:\/\/www.intoscana.it\/it\/gold-mass-intervista\/#primaryimage"},"thumbnailUrl":"https:\/\/www.intoscana.it\/wp-content\/uploads\/2Y3A5978-scaled.jpg","datePublished":"2020-11-30T10:06:58+00:00","dateModified":"2020-11-30T10:10:58+00:00","author":{"@id":"https:\/\/www.intoscana.it\/it\/#\/schema\/person\/d469f35f09739bdf00bf5dd3f0647a82"},"description":"Emanuela Ligar\u00f2 \u00e8 pronta a rivelare il suo ultimo progetto: 4 canzoni scritte pre e durante il lockdown, al prossimo Eurosonic a Groningen","breadcrumb":{"@id":"https:\/\/www.intoscana.it\/it\/gold-mass-intervista\/#breadcrumb"},"inLanguage":"it-IT","potentialAction":[{"@type":"ReadAction","target":["https:\/\/www.intoscana.it\/it\/gold-mass-intervista\/"]}]},{"@type":"ImageObject","inLanguage":"it-IT","@id":"https:\/\/www.intoscana.it\/it\/gold-mass-intervista\/#primaryimage","url":"https:\/\/www.intoscana.it\/wp-content\/uploads\/2Y3A5978-scaled.jpg","contentUrl":"https:\/\/www.intoscana.it\/wp-content\/uploads\/2Y3A5978-scaled.jpg","width":2048,"height":1315},{"@type":"BreadcrumbList","@id":"https:\/\/www.intoscana.it\/it\/gold-mass-intervista\/#breadcrumb","itemListElement":[{"@type":"ListItem","position":1,"name":"Home","item":"https:\/\/www.intoscana.it\/it\/"},{"@type":"ListItem","position":2,"name":"Intervista a Gold Mass: il mio viaggio nello spazio durante il lockdown"}]},{"@type":"WebSite","@id":"https:\/\/www.intoscana.it\/it\/#website","url":"https:\/\/www.intoscana.it\/it\/","name":"intoscana","description":"","potentialAction":[{"@type":"SearchAction","target":{"@type":"EntryPoint","urlTemplate":"https:\/\/www.intoscana.it\/it\/?s={search_term_string}"},"query-input":{"@type":"PropertyValueSpecification","valueRequired":true,"valueName":"search_term_string"}}],"inLanguage":"it-IT"},{"@type":"Person","@id":"https:\/\/www.intoscana.it\/it\/#\/schema\/person\/d469f35f09739bdf00bf5dd3f0647a82","name":"Costanza Baldini","url":"https:\/\/www.intoscana.it\/it\/author\/costanza-baldini\/"}]}},"_links":{"self":[{"href":"https:\/\/www.intoscana.it\/it\/wp-json\/wp\/v2\/posts\/160004","targetHints":{"allow":["GET"]}}],"collection":[{"href":"https:\/\/www.intoscana.it\/it\/wp-json\/wp\/v2\/posts"}],"about":[{"href":"https:\/\/www.intoscana.it\/it\/wp-json\/wp\/v2\/types\/post"}],"author":[{"embeddable":true,"href":"https:\/\/www.intoscana.it\/it\/wp-json\/wp\/v2\/users\/518"}],"replies":[{"embeddable":true,"href":"https:\/\/www.intoscana.it\/it\/wp-json\/wp\/v2\/comments?post=160004"}],"version-history":[{"count":0,"href":"https:\/\/www.intoscana.it\/it\/wp-json\/wp\/v2\/posts\/160004\/revisions"}],"wp:featuredmedia":[{"embeddable":true,"href":"https:\/\/www.intoscana.it\/it\/wp-json\/wp\/v2\/media\/160010"}],"wp:attachment":[{"href":"https:\/\/www.intoscana.it\/it\/wp-json\/wp\/v2\/media?parent=160004"}],"wp:term":[{"taxonomy":"category","embeddable":true,"href":"https:\/\/www.intoscana.it\/it\/wp-json\/wp\/v2\/categories?post=160004"},{"taxonomy":"post_tag","embeddable":true,"href":"https:\/\/www.intoscana.it\/it\/wp-json\/wp\/v2\/tags?post=160004"}],"curies":[{"name":"wp","href":"https:\/\/api.w.org\/{rel}","templated":true}]}}