{"id":160350,"date":"2020-12-02T10:25:28","date_gmt":"2020-12-02T09:25:28","guid":{"rendered":"https:\/\/www.intoscana.it\/it\/?p=160350"},"modified":"2020-12-02T12:37:52","modified_gmt":"2020-12-02T11:37:52","slug":"nuovo-dpcm-in-arrivo-restrizioni-anti-covid-per-natale","status":"publish","type":"post","link":"https:\/\/www.intoscana.it\/it\/nuovo-dpcm-in-arrivo-restrizioni-anti-covid-per-natale\/","title":{"rendered":"Nuovo Dpcm: in arrivo restrizioni anti-Covid per Natale. Vaccini gratis da gennaio"},"content":{"rendered":"<p>Limiti di orario e limitazioni della mobilit\u00e0 tra regioni. Sono questi i due punti fermi delle nuove misure anti-Covid in vista del Natale contenute nel<strong> nuovo Dpcm, che entrer\u00e0 in vigore gioved\u00ec 4 dicembre. <\/strong>Oggi il ministro della Salute Roberto Speranza illustrer\u00e0 le misure in Parlamento, quindi ci sar\u00e0 un dibattito alle Camere e un altro confronto con gli Enti locali, prima del Consiglio dei ministri alle 21.<\/p>\n<p>&#8220;<em>L&#8217;obiettivo del governo \u00e8 piegare la curva senza un lockdown generalizzato<\/em> &#8211; ha dichiarato questa mattina in Senato il ministro Speranza &#8211;<em> l&#8217;esperienza di queste settimane ci dice che la scelta di un modello su gradi di rischio appare essere in grado di appiattire la curva del contagio senza un lockdown. La situazione pero \u00e8 seria e non pu\u00f2 essere sottovalutata. <strong>Non facciamoci illusioni, se abbassiamo la guardia la <\/strong><strong>terza ondata \u00e8 dietro l&#8217;angolo.&#8221;<\/strong><\/em><\/p>\n<h3>Divieto di spostarsi tra regioni e anche tra Comuni il 25, 26 e 1 gennaio<\/h3>\n<p>Secondo quanto precisato ieri dal ministro degli Affari regionali Francesco Boccia sar\u00e0 previsto il <strong>coprifuoco alle 22 anche a Natale e a Capodanno e divieto di <\/strong><strong>spostamento pure tra zone gialle.<\/strong> Una linea del rigore per le festivit\u00e0, nonostante o proprio in virt\u00f9 del miglioramento della curva epidemica, ribadita anche dal ministro Speranza in videoconferenza con le Regioni. Alle quali oggi arriver\u00e0 una bozza del Decreto del presidente del Consiglio per un&#8217;ultima valutazione, ma che hanno visto sostanzialmente respinte le loro richieste di maggiori allentamenti.<\/p>\n<p><em>&#8220;<strong>Dobbiamo disincentivare gli <\/strong><strong>spostamenti tra regioni il 25, 26 e primo gennaio e limitare <\/strong><strong>anche gli spostamenti tra comuni<\/strong><\/em> &#8211; ha precisato questa mattina in Senato il ministro Speranza &#8211;<em> dobbiamo affrontare le feste con massima seriet\u00e0 se non vogliamo nuove chiusure a gennaio. Bisogna limitare il pi\u00f9 possibile i contatti tra persone.&#8221;<\/em><\/p>\n<h3>Speranza: da gennaio prime dosi del vaccino anti-Covid<\/h3>\n<p>Il ministro Speranza ha anche reso noto che le prime dosi di vaccino anti-Covid potranno cominciare ad essere disponibili da gennaio.<em> &#8220;L&#8217;acquisto del vaccino \u00e8 centralizzato e sar\u00e0 somministrato gratuitamente a tutti gli italiani &#8211; <\/em>ha detto in Senato Speranza <em>&#8211; \u00e8 probabile che saranno necessarie due dosi per ogni vaccinazione, <strong>l&#8217;Italia ha opzioni 202 milioni di dosi.&#8221;<\/strong><\/em><\/p>\n<p><strong>Le categorie da vaccinare con priorit\u00e0, per primi, sono gli operatori sanitari e sociosanitari, residenti e personale delle Rsa per anziani, persone in et\u00e0 avanzata<\/strong> &#8220;<em>per ottenere una maggiore copertura vaccinale e coprire persone con maggiori fattori di rischio<\/em>&#8221; ha precisato Speranza.<br \/>\nCon l&#8217;aumento delle dosi si vaccineranno anche le altre categorie, &#8220;<em>come le persone dei servizi essenziali come personale scolastico e forze dell&#8217;ordine. Nel caso poi di focolai in aree del paese, saranno destinate scorte di vaccini rispetto ai territori in difficolt\u00e0<\/em>&#8220;.<br \/>\nIl cuore della campagna vaccinale secondo le previsioni sar\u00e0 tra la prossima primavera e l&#8217;estate.<\/p>\n<p><strong>Per la distribuzione dei vaccini saranno coinvolte anche le forze armate.<\/strong> Per i vaccini che necessitano di mantenere la catena del freddo standard ci sar\u00e0 un sito nazionale di stoccaggio e siti territoriali, mentre i vaccini con catena del freddo estrema saranno consegnati dalle aziende presso 300 punti vaccinali.<\/p>\n<p>Come ha spiegato Speranza <strong>nella fase iniziale ci saranno vaccinazioni centralizzate presso gli ospedali o con unit\u00e0 mobili.<\/strong> &#8220;<em>Si stima un fabbisogno di circa 20mila persone per attuare la campagna<\/em> &#8211; ha dichiarato Speranza &#8211;\u00a0<em> si ricorrer\u00e0 a professionalit\u00e0 esistenti nel paese anche con la pubblicazione di &#8216;invito&#8217; per partecipare alla campagna di vaccinazione nonch\u00e9 a stipula di accordi con il ministero della Ricerca per contatti con le scuole di specializzazione medica<\/em>.&#8221;<\/p>\n<p>Nella seconda fase,<strong> con l&#8217;ampliarsi della campagna saranno coinvolti ambulatori vaccinali, medici di famiglia<\/strong>, sanit\u00e0 militare. <em>&#8220;Inoltre si sta predisponendo un sistema informativo efficiente con interfacce regionali e ci sar\u00e0 una sorveglianza immunologica sulla sicurezza dei vaccini monitorando eventuali eventi avversi <\/em>&#8211; ha sottolineato Speranza &#8211;<em> le attivit\u00e0 di sorveglianza saranno organizzate accuratamente e<strong> l&#8217;Aifa , oltre alla farmacovigilanza, promuover\u00e0 alcuni studi indipendenti sui vaccini Covid <\/strong>e si doter\u00e0 di un comitato scientifico per la campagna vaccinale.&#8221;<\/em><\/p>\n<h3>Misure pi\u00f9 restrittive per le festivit\u00e0<\/h3>\n<p>Si tratta in primo luogo di prorogare le misure oggi in atto, a cominciare dal sistema delle zone, e poi di <strong>prevedere specifici provvedimenti restrittivi per Natale, che potrebbero essere in vigore dal 21 dicembre al 6 gennaio.<\/strong> Non \u00e8 escluso che le date varino: potrebbero iniziare il 19 o 20 e finire qualche giorno dopo l&#8217;Epifania. Ma una decisione verr\u00e0 presa solo oggi, dopo il confronto con Camere e Regioni.<\/p>\n<p>Non solo: <strong>potrebbe esserci un apposito decreto legge sul Natale ad affiancare il prossimo Dpcm.<\/strong> Uno strumento di rango superiore, pi\u00f9 adatto &#8211; viene sottolineato &#8211; a dare copertura normativa alle restrizioni delle libert\u00e0 personali previste per le festivit\u00e0: in particolare, per le deroghe alla mobilit\u00e0 tra regioni.<\/p>\n<p>Il premier starebbe valutando l&#8217;ipotesi che <strong>gli spostamenti possano avvenire non solo per i residenti, ma anche per i\u00a0 ricongiungimenti familiari.<\/strong> Sull&#8217;ampiezza delle deroghe &#8211; e quindi del numero delle persone in viaggio &#8211; sembrano confrontarsi la linea pi\u00f9 dura di Boccia e Speranza e quella pi\u00f9 soft del premier<\/p>\n<h3>Conte vuole ampliare le lezioni in presenza<\/h3>\n<p>Altro punto importante, Giuseppe Conte vorrebbe dare un segnale positivo<strong> ampliando la percentuale di studenti in classe gi\u00e0 dal 14 dicembre:<\/strong> dunque, non una vera e propria riapertura, ma un ridimensionamento della didattica a distanza. L&#8217;ipotesi deve essere ancora sottoposta al vaglio del Comitato tecnico scientifico (Cts).<\/p>\n<p><em>&#8220;Arrivati a questo punto deve essere chiaro a tutti che anche le nostre pi\u00f9 significative abitudini devono cambiare, <\/em><strong><em>oppure passeremo rapidamente da un&#8217;ondata all&#8217;altra<\/em> &#8211; <\/strong>sottolinea il coordinatore del Cts Agostino Miozzo<strong> &#8211; <\/strong>o <em>facciamo cos\u00ec o <\/em><em>verremo travolti da uno tsunami inarrestabile che non si limiter\u00e0 al Coronavirus, ma aumenter\u00e0 il rischio di morire d&#8217;infarto o a causa di un incidente perch\u00e9 non ci saranno ambulanze, sale operatorie o terapie intensive disponibili&#8221;. <\/em><\/p>\n<p>&#8220;<em><strong>Un <\/strong><strong>Natale sobrio e tranquillo <\/strong><\/em>&#8211; prosegue Miozzo &#8211; <em><strong>\u00e8 l&#8217;unico modo perch\u00e9 <\/strong><strong>sia davvero un Natale sereno.<\/strong> Io stesso sono abituato a pranzi con 20-30 persone a tavola, quest&#8217;anno non si pu\u00f2 fare. Come non si potr\u00e0 andare alla tradizionale Messa di Natale, non a mezzanotte \u2026 sono sicuro che il buon Dio ci perdoner\u00e0&#8221;.\u00a0<\/em><\/p>\n<h3>Stop agli impianti sciistici, in sospeso le misure sugli hotel<\/h3>\n<p>Restano in sospeso anche le misure che impattano sul settore delle vacanze invernali. <strong>Pressoch\u00e9 sicuro il divieto di riaprire gli impianti sciistici, bisogner\u00e0 decidere sulla proibizione di raggiungere le seconde case o gli hotel in montagna.<\/strong> Sulla chiusura di questi ultimi lo stesso Conte avrebbe detto che presenta problemi.<br \/>\nIl nuovo dpcm potrebbe inoltre fermare le crociere nelle festivit\u00e0 natalizie, ma una decisione finale non \u00e8 ancora stata presa.<\/p>\n<p>&nbsp;<\/p>\n","protected":false},"excerpt":{"rendered":"<p>Le ipotesi del nuovo Dpcm che sar\u00e0 varato il 4 dicembre: coprifuoco alle 22 anche a Natale e Capodanno e divieto di spostamento tra regioni anche gialle<\/p>\n","protected":false},"author":525,"featured_media":159390,"comment_status":"open","ping_status":"open","sticky":false,"template":"","format":"standard","meta":{"_acf_changed":false,"footnotes":""},"categories":[494],"tags":[418,4715,409,4887,4863],"class_list":["post-160350","post","type-post","status-publish","format-standard","has-post-thumbnail","hentry","category-attualita","tag-covid-19","tag-dpcm","tag-natale","tag-zona-arancione","tag-zona-gialla"],"acf":[],"yoast_head":"<!-- This site is optimized with the Yoast SEO Premium plugin v24.2 (Yoast SEO v25.6) - https:\/\/yoast.com\/wordpress\/plugins\/seo\/ -->\n<title>Nuovo Dpcm: in arrivo restrizioni anti-Covid per Natale. Vaccini gratis da gennaio - intoscana<\/title>\n<meta name=\"description\" content=\"Coprifuoco e divieto di spostamento tra le regioni: le ipotesi del nuovo Dpcm con le misure anti-Covid in vista del Natale.\" \/>\n<meta name=\"robots\" content=\"index, follow, max-snippet:-1, max-image-preview:large, max-video-preview:-1\" \/>\n<link rel=\"canonical\" href=\"https:\/\/www.intoscana.it\/it\/nuovo-dpcm-in-arrivo-restrizioni-anti-covid-per-natale\/\" \/>\n<meta property=\"og:locale\" content=\"it_IT\" \/>\n<meta property=\"og:type\" content=\"article\" \/>\n<meta property=\"og:title\" content=\"Nuovo Dpcm: in arrivo restrizioni anti-Covid per Natale. Vaccini gratis da gennaio\" \/>\n<meta property=\"og:description\" content=\"Coprifuoco e divieto di spostamento tra le regioni: le ipotesi del nuovo Dpcm con le misure anti-Covid in vista del Natale.\" \/>\n<meta property=\"og:url\" content=\"https:\/\/www.intoscana.it\/it\/nuovo-dpcm-in-arrivo-restrizioni-anti-covid-per-natale\/\" \/>\n<meta property=\"og:site_name\" content=\"intoscana\" \/>\n<meta property=\"article:publisher\" content=\"https:\/\/www.facebook.com\/intoscana.it\" \/>\n<meta property=\"article:published_time\" content=\"2020-12-02T09:25:28+00:00\" \/>\n<meta property=\"article:modified_time\" content=\"2020-12-02T11:37:52+00:00\" \/>\n<meta property=\"og:image\" content=\"https:\/\/www.intoscana.it\/wp-content\/uploads\/Albero-di-Natale-Tim-Mossholder-Unsplash.jpg\" \/>\n\t<meta property=\"og:image:width\" content=\"1920\" \/>\n\t<meta property=\"og:image:height\" content=\"1280\" \/>\n\t<meta property=\"og:image:type\" content=\"image\/jpeg\" \/>\n<meta name=\"author\" content=\"Redazione\" \/>\n<meta name=\"twitter:card\" content=\"summary_large_image\" \/>\n<meta name=\"twitter:creator\" content=\"@intoscana\" \/>\n<meta name=\"twitter:site\" content=\"@intoscana\" \/>\n<meta name=\"twitter:label1\" content=\"Written by\" \/>\n\t<meta name=\"twitter:data1\" content=\"Redazione\" \/>\n\t<meta name=\"twitter:label2\" content=\"Est. reading time\" \/>\n\t<meta name=\"twitter:data2\" content=\"5 minuti\" \/>\n<script type=\"application\/ld+json\" class=\"yoast-schema-graph\">{\"@context\":\"https:\/\/schema.org\",\"@graph\":[{\"@type\":\"WebPage\",\"@id\":\"https:\/\/www.intoscana.it\/it\/nuovo-dpcm-in-arrivo-restrizioni-anti-covid-per-natale\/\",\"url\":\"https:\/\/www.intoscana.it\/it\/nuovo-dpcm-in-arrivo-restrizioni-anti-covid-per-natale\/\",\"name\":\"Nuovo Dpcm: in arrivo restrizioni anti-Covid per Natale. Vaccini gratis da gennaio - intoscana\",\"isPartOf\":{\"@id\":\"https:\/\/www.intoscana.it\/it\/#website\"},\"primaryImageOfPage\":{\"@id\":\"https:\/\/www.intoscana.it\/it\/nuovo-dpcm-in-arrivo-restrizioni-anti-covid-per-natale\/#primaryimage\"},\"image\":{\"@id\":\"https:\/\/www.intoscana.it\/it\/nuovo-dpcm-in-arrivo-restrizioni-anti-covid-per-natale\/#primaryimage\"},\"thumbnailUrl\":\"https:\/\/www.intoscana.it\/wp-content\/uploads\/Albero-di-Natale-Tim-Mossholder-Unsplash.jpg\",\"datePublished\":\"2020-12-02T09:25:28+00:00\",\"dateModified\":\"2020-12-02T11:37:52+00:00\",\"author\":{\"@id\":\"https:\/\/www.intoscana.it\/it\/#\/schema\/person\/9223810753230f20bd670fdd322661f8\"},\"description\":\"Coprifuoco e divieto di spostamento tra le regioni: le ipotesi del nuovo Dpcm con le misure anti-Covid in vista del Natale.\",\"breadcrumb\":{\"@id\":\"https:\/\/www.intoscana.it\/it\/nuovo-dpcm-in-arrivo-restrizioni-anti-covid-per-natale\/#breadcrumb\"},\"inLanguage\":\"it-IT\",\"potentialAction\":[{\"@type\":\"ReadAction\",\"target\":[\"https:\/\/www.intoscana.it\/it\/nuovo-dpcm-in-arrivo-restrizioni-anti-covid-per-natale\/\"]}]},{\"@type\":\"ImageObject\",\"inLanguage\":\"it-IT\",\"@id\":\"https:\/\/www.intoscana.it\/it\/nuovo-dpcm-in-arrivo-restrizioni-anti-covid-per-natale\/#primaryimage\",\"url\":\"https:\/\/www.intoscana.it\/wp-content\/uploads\/Albero-di-Natale-Tim-Mossholder-Unsplash.jpg\",\"contentUrl\":\"https:\/\/www.intoscana.it\/wp-content\/uploads\/Albero-di-Natale-Tim-Mossholder-Unsplash.jpg\",\"width\":1920,\"height\":1280,\"caption\":\"Albero di Natale\"},{\"@type\":\"BreadcrumbList\",\"@id\":\"https:\/\/www.intoscana.it\/it\/nuovo-dpcm-in-arrivo-restrizioni-anti-covid-per-natale\/#breadcrumb\",\"itemListElement\":[{\"@type\":\"ListItem\",\"position\":1,\"name\":\"Home\",\"item\":\"https:\/\/www.intoscana.it\/it\/\"},{\"@type\":\"ListItem\",\"position\":2,\"name\":\"Nuovo Dpcm: in arrivo restrizioni anti-Covid per Natale. Vaccini gratis da gennaio\"}]},{\"@type\":\"WebSite\",\"@id\":\"https:\/\/www.intoscana.it\/it\/#website\",\"url\":\"https:\/\/www.intoscana.it\/it\/\",\"name\":\"intoscana\",\"description\":\"\",\"potentialAction\":[{\"@type\":\"SearchAction\",\"target\":{\"@type\":\"EntryPoint\",\"urlTemplate\":\"https:\/\/www.intoscana.it\/it\/?s={search_term_string}\"},\"query-input\":{\"@type\":\"PropertyValueSpecification\",\"valueRequired\":true,\"valueName\":\"search_term_string\"}}],\"inLanguage\":\"it-IT\"},{\"@type\":\"Person\",\"@id\":\"https:\/\/www.intoscana.it\/it\/#\/schema\/person\/9223810753230f20bd670fdd322661f8\",\"name\":\"Redazione\",\"url\":\"https:\/\/www.intoscana.it\/it\/author\/redazione\/\"}]}<\/script>\n<!-- \/ Yoast SEO Premium plugin. -->","yoast_head_json":{"title":"Nuovo Dpcm: in arrivo restrizioni anti-Covid per Natale. Vaccini gratis da gennaio - intoscana","description":"Coprifuoco e divieto di spostamento tra le regioni: le ipotesi del nuovo Dpcm con le misure anti-Covid in vista del Natale.","robots":{"index":"index","follow":"follow","max-snippet":"max-snippet:-1","max-image-preview":"max-image-preview:large","max-video-preview":"max-video-preview:-1"},"canonical":"https:\/\/www.intoscana.it\/it\/nuovo-dpcm-in-arrivo-restrizioni-anti-covid-per-natale\/","og_locale":"it_IT","og_type":"article","og_title":"Nuovo Dpcm: in arrivo restrizioni anti-Covid per Natale. Vaccini gratis da gennaio","og_description":"Coprifuoco e divieto di spostamento tra le regioni: le ipotesi del nuovo Dpcm con le misure anti-Covid in vista del Natale.","og_url":"https:\/\/www.intoscana.it\/it\/nuovo-dpcm-in-arrivo-restrizioni-anti-covid-per-natale\/","og_site_name":"intoscana","article_publisher":"https:\/\/www.facebook.com\/intoscana.it","article_published_time":"2020-12-02T09:25:28+00:00","article_modified_time":"2020-12-02T11:37:52+00:00","og_image":[{"width":1920,"height":1280,"url":"https:\/\/www.intoscana.it\/wp-content\/uploads\/Albero-di-Natale-Tim-Mossholder-Unsplash.jpg","type":"image\/jpeg"}],"author":"Redazione","twitter_card":"summary_large_image","twitter_creator":"@intoscana","twitter_site":"@intoscana","twitter_misc":{"Written by":"Redazione","Est. reading time":"5 minuti"},"schema":{"@context":"https:\/\/schema.org","@graph":[{"@type":"WebPage","@id":"https:\/\/www.intoscana.it\/it\/nuovo-dpcm-in-arrivo-restrizioni-anti-covid-per-natale\/","url":"https:\/\/www.intoscana.it\/it\/nuovo-dpcm-in-arrivo-restrizioni-anti-covid-per-natale\/","name":"Nuovo Dpcm: in arrivo restrizioni anti-Covid per Natale. Vaccini gratis da gennaio - intoscana","isPartOf":{"@id":"https:\/\/www.intoscana.it\/it\/#website"},"primaryImageOfPage":{"@id":"https:\/\/www.intoscana.it\/it\/nuovo-dpcm-in-arrivo-restrizioni-anti-covid-per-natale\/#primaryimage"},"image":{"@id":"https:\/\/www.intoscana.it\/it\/nuovo-dpcm-in-arrivo-restrizioni-anti-covid-per-natale\/#primaryimage"},"thumbnailUrl":"https:\/\/www.intoscana.it\/wp-content\/uploads\/Albero-di-Natale-Tim-Mossholder-Unsplash.jpg","datePublished":"2020-12-02T09:25:28+00:00","dateModified":"2020-12-02T11:37:52+00:00","author":{"@id":"https:\/\/www.intoscana.it\/it\/#\/schema\/person\/9223810753230f20bd670fdd322661f8"},"description":"Coprifuoco e divieto di spostamento tra le regioni: le ipotesi del nuovo Dpcm con le misure anti-Covid in vista del Natale.","breadcrumb":{"@id":"https:\/\/www.intoscana.it\/it\/nuovo-dpcm-in-arrivo-restrizioni-anti-covid-per-natale\/#breadcrumb"},"inLanguage":"it-IT","potentialAction":[{"@type":"ReadAction","target":["https:\/\/www.intoscana.it\/it\/nuovo-dpcm-in-arrivo-restrizioni-anti-covid-per-natale\/"]}]},{"@type":"ImageObject","inLanguage":"it-IT","@id":"https:\/\/www.intoscana.it\/it\/nuovo-dpcm-in-arrivo-restrizioni-anti-covid-per-natale\/#primaryimage","url":"https:\/\/www.intoscana.it\/wp-content\/uploads\/Albero-di-Natale-Tim-Mossholder-Unsplash.jpg","contentUrl":"https:\/\/www.intoscana.it\/wp-content\/uploads\/Albero-di-Natale-Tim-Mossholder-Unsplash.jpg","width":1920,"height":1280,"caption":"Albero di Natale"},{"@type":"BreadcrumbList","@id":"https:\/\/www.intoscana.it\/it\/nuovo-dpcm-in-arrivo-restrizioni-anti-covid-per-natale\/#breadcrumb","itemListElement":[{"@type":"ListItem","position":1,"name":"Home","item":"https:\/\/www.intoscana.it\/it\/"},{"@type":"ListItem","position":2,"name":"Nuovo Dpcm: in arrivo restrizioni anti-Covid per Natale. Vaccini gratis da gennaio"}]},{"@type":"WebSite","@id":"https:\/\/www.intoscana.it\/it\/#website","url":"https:\/\/www.intoscana.it\/it\/","name":"intoscana","description":"","potentialAction":[{"@type":"SearchAction","target":{"@type":"EntryPoint","urlTemplate":"https:\/\/www.intoscana.it\/it\/?s={search_term_string}"},"query-input":{"@type":"PropertyValueSpecification","valueRequired":true,"valueName":"search_term_string"}}],"inLanguage":"it-IT"},{"@type":"Person","@id":"https:\/\/www.intoscana.it\/it\/#\/schema\/person\/9223810753230f20bd670fdd322661f8","name":"Redazione","url":"https:\/\/www.intoscana.it\/it\/author\/redazione\/"}]}},"_links":{"self":[{"href":"https:\/\/www.intoscana.it\/it\/wp-json\/wp\/v2\/posts\/160350","targetHints":{"allow":["GET"]}}],"collection":[{"href":"https:\/\/www.intoscana.it\/it\/wp-json\/wp\/v2\/posts"}],"about":[{"href":"https:\/\/www.intoscana.it\/it\/wp-json\/wp\/v2\/types\/post"}],"author":[{"embeddable":true,"href":"https:\/\/www.intoscana.it\/it\/wp-json\/wp\/v2\/users\/525"}],"replies":[{"embeddable":true,"href":"https:\/\/www.intoscana.it\/it\/wp-json\/wp\/v2\/comments?post=160350"}],"version-history":[{"count":0,"href":"https:\/\/www.intoscana.it\/it\/wp-json\/wp\/v2\/posts\/160350\/revisions"}],"wp:featuredmedia":[{"embeddable":true,"href":"https:\/\/www.intoscana.it\/it\/wp-json\/wp\/v2\/media\/159390"}],"wp:attachment":[{"href":"https:\/\/www.intoscana.it\/it\/wp-json\/wp\/v2\/media?parent=160350"}],"wp:term":[{"taxonomy":"category","embeddable":true,"href":"https:\/\/www.intoscana.it\/it\/wp-json\/wp\/v2\/categories?post=160350"},{"taxonomy":"post_tag","embeddable":true,"href":"https:\/\/www.intoscana.it\/it\/wp-json\/wp\/v2\/tags?post=160350"}],"curies":[{"name":"wp","href":"https:\/\/api.w.org\/{rel}","templated":true}]}}