{"id":160535,"date":"2020-12-03T12:54:12","date_gmt":"2020-12-03T11:54:12","guid":{"rendered":"https:\/\/www.intoscana.it\/it\/?p=160535"},"modified":"2020-12-03T14:25:38","modified_gmt":"2020-12-03T13:25:38","slug":"marinella-senatore-a-palazzo-strozzi-unarchitettura-effimera-per-riconnettere-la-comunita","status":"publish","type":"post","link":"https:\/\/www.intoscana.it\/it\/marinella-senatore-a-palazzo-strozzi-unarchitettura-effimera-per-riconnettere-la-comunita\/","title":{"rendered":"Marinella Senatore a Palazzo Strozzi: un&#8217;architettura effimera per riconnettere la comunit\u00e0"},"content":{"rendered":"<p><em><strong>&#8220;We Rise by Lifting Others&#8221;<\/strong><\/em> cio\u00e8 <em><strong>ci eleviamo sollevando gli altri<\/strong> <\/em>\u00e8 questo il titolo della grande installazione luminosa che rester\u00e0 nel cortile di <a href=\"https:\/\/www.palazzostrozzi.org\" target=\"_blank\" rel=\"noopener noreferrer\"><strong>Palazzo Strozzi dal 3 dicembre 2020 al 7 febbraio 2021.<\/strong><\/a> La grande struttura realizzata dall&#8217;<strong>artista Marinella Senatore<\/strong> \u00e8\u00a0ispirata alle <strong>luminarie della tradizione popolare dell\u2019Italia meridionale<\/strong>.\u00a0Il progetto \u00e8 inteso come<strong> una\u00a0piattaforma di collegamento tra individui, in presenza e a distanza<\/strong>. <strong>Lo spazio pubblico<\/strong> del cortile di Palazzo Strozzi <strong>e quello privato di ogni persona si uniscono<\/strong> in una riflessione sul concetto di comunit\u00e0: un\u2019opera aperta dove pi\u00f9 livelli di visione, ascolto e interazione si ampliano e si sovrappongono.<\/p>\n<p><strong>Marinella Senatore ha dichiarato<\/strong>: &#8220;La mia \u00e8 un&#8217;arte partecipativa, io lavoro con comunit\u00e0 e gruppi, <strong>ho collaborato dal 2006 con oltre 6 milioni di partecipanti in oltre 23 paesi nel mondo.<\/strong>\u00a0<strong>L&#8217;arte partecipativa pu\u00f2 essere creata in nuove\u00a0modalit\u00e0, ci interessa il grande pubblico, non solo gli addetti ai lavori.\u00a0<\/strong><br \/>\nLa mia installazione \u00e8 <strong>un monumento effimero, un attivatore di energia che si propaga.<\/strong> Si rif\u00e0 alla tradizione delle luminarie del sud ma <strong>mixa decorazioni fiorentine col barocco pugliese<\/strong>. Le frasi sono citazioni che ho raccolto negli anni, &#8220;<em><strong>We\u00a0Rise by Lifting Others<\/strong><\/em>&#8221; era scritta su una t-shirt di un manifestante a New York negli anni &#8217;70. C&#8217;\u00e8 anche una frase di Bauman e uno slogan femminista come &#8220;<em><strong>Breath you are enough<\/strong><\/em>&#8220;. Sono frasi poetiche, semplici, che si trovano in strada e che le persone condividono, una letteratura spontanea che attiva una serie di riflessioni e pensieri.<br \/>\nHo scelto le luminarie perch\u00e8 si riferiscono alla costruzione di una piazza sociale. <strong>Volevo creare un&#8217;architettura effimera che si sovrascrivesse senza imporsi,<\/strong> visibile dall&#8217;esterno. <strong>Per me \u00e8 il simbolo dell&#8217;arte che riconnette, una sospensione temporale, uno spazio che ci prendiamo per noi<\/strong> per ricordarci che possiamo essere qualcosa in questo momento diverso e alterato,<strong> siamo in comunione anche se lontani in assemblea<\/strong>. Ho usato un elemento della tradizione per rielaborarlo e superarlo, \u00e8 una celebrazione del singolo con gli altri. <strong>Siamo in un momento in cui non possiamo vivere le nostre piazze, \u00e8 pi\u00f9 importante uno spazio mentale.<\/strong> Gli workshop che realizzeremo sono l&#8217;occasione per creare legami tra persone che non si conoscono ma condividono qualcosa.&#8221;<\/p>\n<p><strong>&#8220;Vogliamo ricreare un senso di vicinanza e comunit\u00e0<\/strong> in un momento di distanziamento sociale e fisico<em>.<\/em> &#8211; ha dichiarato il <a href=\"https:\/\/www.intoscana.it\/it\/articolo\/intervista-arturo-galansino\/\" target=\"_blank\" rel=\"noopener noreferrer\"><strong>direttore della Fondazione Palazzo Strozzi Arturo Galansino<\/strong> <\/a>&#8211; Il cortile di palazzo Strozzi \u00e8 una piazza, rester\u00e0 sempre aperto e accessibile per chi potr\u00e0 passeggiare in centro nei prossimi giorni. <strong>Un po&#8217; di luce in un periodo buio per dare un segno di forza e resistenza della cultura nella nostra citt\u00e0, un nuovo inizio per Firenze<\/strong>.\u00a0Il nostro settore \u00e8 uno dei settori pi\u00f9 colpiti dalla crisi. Stiamo soffrendo sotto tanti punti di vista, noi siamo una fondazione pubblico-privata che fonda\u00a0il proprio bilancio all&#8217;80% su biglietti e sponsor privati. <strong>E&#8217; un momento molto difficile<\/strong>, ma c&#8217;\u00e8 stata una prontezza di intervento per le istituzioni pubbliche con alcuni fondi di ristoro che stanno per essere stanziati, non siamo lasciati da soli ma siamo ben lontani da i numeri del passato. Al di l\u00e0 del problema economico, <strong>quello che manca \u00e8 il pubblico, la chiusura di una istituzione come questa crea un vuoto nella nostra vita,<\/strong> nei nostri riti sociali. Sono tante le cose che perdiamo. No vogliamo dimostrare che comunque si pu\u00f2 andare avanti. <strong>L&#8217;arte \u00e8 meglio in presenza, il digitale \u00e8 un rimpiazzo, un qualcosa che deve andare in parallelo. Speriamo di poter riaprire al pi\u00f9 presto<\/strong>, proprio l&#8217;anno prossimo abbiamo due grandi e importanti mostre in programma per rilanciare Firenze come capitale culturale. <strong>Il nostro pubblico \u00e8 il 75% di non toscani.<\/strong> Siamo un attrattore di Firenze e vogliamo continuare a giocare il nostro ruolo. Noi generiamo 60 milioni di indotto economico, <strong>un turismo di qualit\u00e0 che \u00e8 sempre pi\u00f9 necessario<\/strong>. Riaprire un museo vuol dire tornare alla vita normale e riaccendere un processo economico molto importante per la nostra citt\u00e0.&#8221;<\/p>\n<h3>Workshop online<\/h3>\n<p>Parallelamente all&#8217;installazione si svolger\u00e0<strong> un\u00a0programma di workshop partecipativi, appositamente creati dall\u2019artista per la dimensione online<\/strong> e incentrati sull\u2019idea di attivazione sociale e di costruzione di comunit\u00e0 attraverso la pratica performativa.<strong> Sono stati invitati a partecipare oltre cento persone, selezionate tra gruppi, istituzioni e associazioni<\/strong> che negli anni hanno partecipato alle iniziative di Palazzo Strozzi: studenti liceali e universitari, frequentatori di centri diurni e RSA, insegnanti, educatori, volontari e artisti. L\u2019artista e un team di sue collaboratrici lavoreranno a partire dalle frasi delle luminarie per<strong> una riflessione sulla relazione tra linguaggio verbale e non verbale<\/strong>, in una sinergia tra letteratura, movimento e corpo. A conclusione di questa esperienza creativa <strong>saranno elaborati una serie di contenuti che saranno resi fruibili liberamente da tutto il pubblico attraverso i canali digitali di Palazzo Strozzi,<\/strong> creando cos\u00ec un ulteriore\u00a0spazio di connessione tra le persone.<br \/>\nPalazzo Strozzi propone anche un ricco\u00a0programma di appuntamenti online\u00a0rivolti a tutto il pubblico, con speciali attivit\u00e0 per famiglie, scuole e adulti e <strong>un\u00a0ciclo di conversazioni\u00a0che mettono in dialogo Marinella Senatore e Arturo Galansino con personalit\u00e0 internazionali del mondo dell\u2019arte<\/strong>, della cultura e della creativit\u00e0 contemporanea.<\/p>\n<h3>Chi \u00e8 Marinella Senatore?<\/h3>\n<p><strong>Tra le artiste italiane pi\u00f9 note a livello internazionale,<\/strong> Marinella Senatore porta avanti <strong>un\u2019arte partecipata e relazionale che incrocia discipline diverse, arti visive, danza e teatro<\/strong>. Nel 2013 ha fondato <strong>School of Narrative Dance<\/strong>, un progetto didattico incentrato su inclusione e crescita personale.Ha realizzato performance, dipinti, collage, installazioni, video e fotografie, coinvolgendo intere comunit\u00e0 intorno a tematiche sociali e questioni urbane, quali l\u2019emancipazione e l\u2019uguaglianza, i sistemi di aggregazione e le condizioni dei lavoratori.Le sue opere sono state esposte in diverse sedi, in Italia e in tutto il mondo, come il <strong>Centre Pompidou di Parigi e il museo MAXXI di Roma,<\/strong> e ha partecipato a molte importanti biennali internazionali, come Manifesta 12 e alle Biennali di Lione e Venezia. Marinella Senatore ha vinto la quarta edizione dell\u2019<strong>Italian Council, il Premio MAXXI, la fellowship della American Academy in Rome e il New York Prize.<\/strong><\/p>\n<h3>Le mostre di Palazzo Strozzi nel 2021<\/h3>\n<p>Il 2021 sar\u00e0 un anno di pieno programma per <strong>Palazzo Strozzi<\/strong> con una grande mostra in primavera <strong><em>&#8220;American Art 1961-2002. Da Andy Warhol a Kara Walker<\/em>&#8220;<\/strong> dal<strong> 6 marzo 2021 al 25 luglio 2021<\/strong>. In occasione del\u00a0<strong>ventennale dell\u2019attacco alle torri gemelle <\/strong>si celebra\u00a0la grande arte americana con una mostra originale che toccher\u00e0 temi di attualit\u00e0, si parler\u00e0\u00a0<strong>diritti civili<\/strong> e di <strong>razzismo<\/strong> attraverso l\u2019arte. Un\u2019altra mostra americana nell\u2019autunno quella di <strong>Jeff Koons <em>&#8220;Shine&#8221;,<\/em> la pi\u00f9 grande monografica mai fatta in Italia <\/strong>su questo artista che si terr\u00e0<strong> dal 23 settembre al 23 gennaio 2021.<\/strong> Un&#8217;esposizione che riflette sul tema della lucentezza e delle superfici specchianti, quindi sul riflesso. Una mostra che associa <strong>una riflessione filosofica a opere molto spettacolari<\/strong>.<\/p>\n<p>&nbsp;<\/p>\n","protected":false},"excerpt":{"rendered":"<p>Dal 3 dicembre 2020 al 7 febbraio 2021 Palazzo Strozzi accende un cuore luminoso simbolo delle spazio di aggregazione che manca ma che possiamo ritrovare online<\/p>\n","protected":false},"author":518,"featured_media":160539,"comment_status":"open","ping_status":"open","sticky":false,"template":"","format":"standard","meta":{"_acf_changed":false,"footnotes":""},"categories":[493],"tags":[227,4474,202,222,225],"class_list":["post-160535","post","type-post","status-publish","format-standard","has-post-thumbnail","hentry","category-cultura","tag-arte-contemporanea","tag-eventi","tag-firenze","tag-mostre","tag-palazzo-strozzi"],"acf":[],"yoast_head":"<!-- This site is optimized with the Yoast SEO Premium plugin v24.2 (Yoast SEO v25.6) - https:\/\/yoast.com\/wordpress\/plugins\/seo\/ -->\n<title>Marinella Senatore a Palazzo Strozzi: un&#039;architettura effimera per riconnettere la comunit\u00e0 - intoscana<\/title>\n<meta name=\"description\" content=\"Dal 3 dicembre 2020 al 7 febbraio 2021 Palazzo Strozzi accende un cuore luminoso simbolo delle spazio di aggregazione\" \/>\n<meta name=\"robots\" content=\"index, follow, max-snippet:-1, max-image-preview:large, max-video-preview:-1\" \/>\n<link rel=\"canonical\" href=\"https:\/\/www.intoscana.it\/it\/marinella-senatore-a-palazzo-strozzi-unarchitettura-effimera-per-riconnettere-la-comunita\/\" \/>\n<meta property=\"og:locale\" content=\"it_IT\" \/>\n<meta property=\"og:type\" content=\"article\" \/>\n<meta property=\"og:title\" content=\"Marinella Senatore a Palazzo Strozzi: un&#039;architettura effimera per riconnettere la comunit\u00e0\" \/>\n<meta property=\"og:description\" content=\"Dal 3 dicembre 2020 al 7 febbraio 2021 Palazzo Strozzi accende un cuore luminoso simbolo delle spazio di aggregazione\" \/>\n<meta property=\"og:url\" content=\"https:\/\/www.intoscana.it\/it\/marinella-senatore-a-palazzo-strozzi-unarchitettura-effimera-per-riconnettere-la-comunita\/\" \/>\n<meta property=\"og:site_name\" content=\"intoscana\" \/>\n<meta property=\"article:publisher\" content=\"https:\/\/www.facebook.com\/intoscana.it\" \/>\n<meta property=\"article:published_time\" content=\"2020-12-03T11:54:12+00:00\" \/>\n<meta property=\"article:modified_time\" content=\"2020-12-03T13:25:38+00:00\" \/>\n<meta property=\"og:image\" content=\"https:\/\/www.intoscana.it\/wp-content\/uploads\/128142160_10158733718512158_4299560353732445183_o.jpg\" \/>\n\t<meta property=\"og:image:width\" content=\"1440\" \/>\n\t<meta property=\"og:image:height\" content=\"1800\" \/>\n\t<meta property=\"og:image:type\" content=\"image\/jpeg\" \/>\n<meta name=\"author\" content=\"Costanza Baldini\" \/>\n<meta name=\"twitter:card\" content=\"summary_large_image\" \/>\n<meta name=\"twitter:creator\" content=\"@intoscana\" \/>\n<meta name=\"twitter:site\" content=\"@intoscana\" \/>\n<meta name=\"twitter:label1\" content=\"Written by\" \/>\n\t<meta name=\"twitter:data1\" content=\"Costanza Baldini\" \/>\n\t<meta name=\"twitter:label2\" content=\"Est. reading time\" \/>\n\t<meta name=\"twitter:data2\" content=\"6 minuti\" \/>\n<script type=\"application\/ld+json\" class=\"yoast-schema-graph\">{\"@context\":\"https:\/\/schema.org\",\"@graph\":[{\"@type\":\"WebPage\",\"@id\":\"https:\/\/www.intoscana.it\/it\/marinella-senatore-a-palazzo-strozzi-unarchitettura-effimera-per-riconnettere-la-comunita\/\",\"url\":\"https:\/\/www.intoscana.it\/it\/marinella-senatore-a-palazzo-strozzi-unarchitettura-effimera-per-riconnettere-la-comunita\/\",\"name\":\"Marinella Senatore a Palazzo Strozzi: un'architettura effimera per riconnettere la comunit\u00e0 - intoscana\",\"isPartOf\":{\"@id\":\"https:\/\/www.intoscana.it\/it\/#website\"},\"primaryImageOfPage\":{\"@id\":\"https:\/\/www.intoscana.it\/it\/marinella-senatore-a-palazzo-strozzi-unarchitettura-effimera-per-riconnettere-la-comunita\/#primaryimage\"},\"image\":{\"@id\":\"https:\/\/www.intoscana.it\/it\/marinella-senatore-a-palazzo-strozzi-unarchitettura-effimera-per-riconnettere-la-comunita\/#primaryimage\"},\"thumbnailUrl\":\"https:\/\/www.intoscana.it\/wp-content\/uploads\/128142160_10158733718512158_4299560353732445183_o.jpg\",\"datePublished\":\"2020-12-03T11:54:12+00:00\",\"dateModified\":\"2020-12-03T13:25:38+00:00\",\"author\":{\"@id\":\"https:\/\/www.intoscana.it\/it\/#\/schema\/person\/d469f35f09739bdf00bf5dd3f0647a82\"},\"description\":\"Dal 3 dicembre 2020 al 7 febbraio 2021 Palazzo Strozzi accende un cuore luminoso simbolo delle spazio di aggregazione\",\"breadcrumb\":{\"@id\":\"https:\/\/www.intoscana.it\/it\/marinella-senatore-a-palazzo-strozzi-unarchitettura-effimera-per-riconnettere-la-comunita\/#breadcrumb\"},\"inLanguage\":\"it-IT\",\"potentialAction\":[{\"@type\":\"ReadAction\",\"target\":[\"https:\/\/www.intoscana.it\/it\/marinella-senatore-a-palazzo-strozzi-unarchitettura-effimera-per-riconnettere-la-comunita\/\"]}]},{\"@type\":\"ImageObject\",\"inLanguage\":\"it-IT\",\"@id\":\"https:\/\/www.intoscana.it\/it\/marinella-senatore-a-palazzo-strozzi-unarchitettura-effimera-per-riconnettere-la-comunita\/#primaryimage\",\"url\":\"https:\/\/www.intoscana.it\/wp-content\/uploads\/128142160_10158733718512158_4299560353732445183_o.jpg\",\"contentUrl\":\"https:\/\/www.intoscana.it\/wp-content\/uploads\/128142160_10158733718512158_4299560353732445183_o.jpg\",\"width\":1440,\"height\":1800},{\"@type\":\"BreadcrumbList\",\"@id\":\"https:\/\/www.intoscana.it\/it\/marinella-senatore-a-palazzo-strozzi-unarchitettura-effimera-per-riconnettere-la-comunita\/#breadcrumb\",\"itemListElement\":[{\"@type\":\"ListItem\",\"position\":1,\"name\":\"Home\",\"item\":\"https:\/\/www.intoscana.it\/it\/\"},{\"@type\":\"ListItem\",\"position\":2,\"name\":\"Marinella Senatore a Palazzo Strozzi: un&#8217;architettura effimera per riconnettere la comunit\u00e0\"}]},{\"@type\":\"WebSite\",\"@id\":\"https:\/\/www.intoscana.it\/it\/#website\",\"url\":\"https:\/\/www.intoscana.it\/it\/\",\"name\":\"intoscana\",\"description\":\"\",\"potentialAction\":[{\"@type\":\"SearchAction\",\"target\":{\"@type\":\"EntryPoint\",\"urlTemplate\":\"https:\/\/www.intoscana.it\/it\/?s={search_term_string}\"},\"query-input\":{\"@type\":\"PropertyValueSpecification\",\"valueRequired\":true,\"valueName\":\"search_term_string\"}}],\"inLanguage\":\"it-IT\"},{\"@type\":\"Person\",\"@id\":\"https:\/\/www.intoscana.it\/it\/#\/schema\/person\/d469f35f09739bdf00bf5dd3f0647a82\",\"name\":\"Costanza Baldini\",\"url\":\"https:\/\/www.intoscana.it\/it\/author\/costanza-baldini\/\"}]}<\/script>\n<!-- \/ Yoast SEO Premium plugin. -->","yoast_head_json":{"title":"Marinella Senatore a Palazzo Strozzi: un'architettura effimera per riconnettere la comunit\u00e0 - intoscana","description":"Dal 3 dicembre 2020 al 7 febbraio 2021 Palazzo Strozzi accende un cuore luminoso simbolo delle spazio di aggregazione","robots":{"index":"index","follow":"follow","max-snippet":"max-snippet:-1","max-image-preview":"max-image-preview:large","max-video-preview":"max-video-preview:-1"},"canonical":"https:\/\/www.intoscana.it\/it\/marinella-senatore-a-palazzo-strozzi-unarchitettura-effimera-per-riconnettere-la-comunita\/","og_locale":"it_IT","og_type":"article","og_title":"Marinella Senatore a Palazzo Strozzi: un'architettura effimera per riconnettere la comunit\u00e0","og_description":"Dal 3 dicembre 2020 al 7 febbraio 2021 Palazzo Strozzi accende un cuore luminoso simbolo delle spazio di aggregazione","og_url":"https:\/\/www.intoscana.it\/it\/marinella-senatore-a-palazzo-strozzi-unarchitettura-effimera-per-riconnettere-la-comunita\/","og_site_name":"intoscana","article_publisher":"https:\/\/www.facebook.com\/intoscana.it","article_published_time":"2020-12-03T11:54:12+00:00","article_modified_time":"2020-12-03T13:25:38+00:00","og_image":[{"width":1440,"height":1800,"url":"https:\/\/www.intoscana.it\/wp-content\/uploads\/128142160_10158733718512158_4299560353732445183_o.jpg","type":"image\/jpeg"}],"author":"Costanza Baldini","twitter_card":"summary_large_image","twitter_creator":"@intoscana","twitter_site":"@intoscana","twitter_misc":{"Written by":"Costanza Baldini","Est. reading time":"6 minuti"},"schema":{"@context":"https:\/\/schema.org","@graph":[{"@type":"WebPage","@id":"https:\/\/www.intoscana.it\/it\/marinella-senatore-a-palazzo-strozzi-unarchitettura-effimera-per-riconnettere-la-comunita\/","url":"https:\/\/www.intoscana.it\/it\/marinella-senatore-a-palazzo-strozzi-unarchitettura-effimera-per-riconnettere-la-comunita\/","name":"Marinella Senatore a Palazzo Strozzi: un'architettura effimera per riconnettere la comunit\u00e0 - intoscana","isPartOf":{"@id":"https:\/\/www.intoscana.it\/it\/#website"},"primaryImageOfPage":{"@id":"https:\/\/www.intoscana.it\/it\/marinella-senatore-a-palazzo-strozzi-unarchitettura-effimera-per-riconnettere-la-comunita\/#primaryimage"},"image":{"@id":"https:\/\/www.intoscana.it\/it\/marinella-senatore-a-palazzo-strozzi-unarchitettura-effimera-per-riconnettere-la-comunita\/#primaryimage"},"thumbnailUrl":"https:\/\/www.intoscana.it\/wp-content\/uploads\/128142160_10158733718512158_4299560353732445183_o.jpg","datePublished":"2020-12-03T11:54:12+00:00","dateModified":"2020-12-03T13:25:38+00:00","author":{"@id":"https:\/\/www.intoscana.it\/it\/#\/schema\/person\/d469f35f09739bdf00bf5dd3f0647a82"},"description":"Dal 3 dicembre 2020 al 7 febbraio 2021 Palazzo Strozzi accende un cuore luminoso simbolo delle spazio di aggregazione","breadcrumb":{"@id":"https:\/\/www.intoscana.it\/it\/marinella-senatore-a-palazzo-strozzi-unarchitettura-effimera-per-riconnettere-la-comunita\/#breadcrumb"},"inLanguage":"it-IT","potentialAction":[{"@type":"ReadAction","target":["https:\/\/www.intoscana.it\/it\/marinella-senatore-a-palazzo-strozzi-unarchitettura-effimera-per-riconnettere-la-comunita\/"]}]},{"@type":"ImageObject","inLanguage":"it-IT","@id":"https:\/\/www.intoscana.it\/it\/marinella-senatore-a-palazzo-strozzi-unarchitettura-effimera-per-riconnettere-la-comunita\/#primaryimage","url":"https:\/\/www.intoscana.it\/wp-content\/uploads\/128142160_10158733718512158_4299560353732445183_o.jpg","contentUrl":"https:\/\/www.intoscana.it\/wp-content\/uploads\/128142160_10158733718512158_4299560353732445183_o.jpg","width":1440,"height":1800},{"@type":"BreadcrumbList","@id":"https:\/\/www.intoscana.it\/it\/marinella-senatore-a-palazzo-strozzi-unarchitettura-effimera-per-riconnettere-la-comunita\/#breadcrumb","itemListElement":[{"@type":"ListItem","position":1,"name":"Home","item":"https:\/\/www.intoscana.it\/it\/"},{"@type":"ListItem","position":2,"name":"Marinella Senatore a Palazzo Strozzi: un&#8217;architettura effimera per riconnettere la comunit\u00e0"}]},{"@type":"WebSite","@id":"https:\/\/www.intoscana.it\/it\/#website","url":"https:\/\/www.intoscana.it\/it\/","name":"intoscana","description":"","potentialAction":[{"@type":"SearchAction","target":{"@type":"EntryPoint","urlTemplate":"https:\/\/www.intoscana.it\/it\/?s={search_term_string}"},"query-input":{"@type":"PropertyValueSpecification","valueRequired":true,"valueName":"search_term_string"}}],"inLanguage":"it-IT"},{"@type":"Person","@id":"https:\/\/www.intoscana.it\/it\/#\/schema\/person\/d469f35f09739bdf00bf5dd3f0647a82","name":"Costanza Baldini","url":"https:\/\/www.intoscana.it\/it\/author\/costanza-baldini\/"}]}},"_links":{"self":[{"href":"https:\/\/www.intoscana.it\/it\/wp-json\/wp\/v2\/posts\/160535","targetHints":{"allow":["GET"]}}],"collection":[{"href":"https:\/\/www.intoscana.it\/it\/wp-json\/wp\/v2\/posts"}],"about":[{"href":"https:\/\/www.intoscana.it\/it\/wp-json\/wp\/v2\/types\/post"}],"author":[{"embeddable":true,"href":"https:\/\/www.intoscana.it\/it\/wp-json\/wp\/v2\/users\/518"}],"replies":[{"embeddable":true,"href":"https:\/\/www.intoscana.it\/it\/wp-json\/wp\/v2\/comments?post=160535"}],"version-history":[{"count":0,"href":"https:\/\/www.intoscana.it\/it\/wp-json\/wp\/v2\/posts\/160535\/revisions"}],"wp:featuredmedia":[{"embeddable":true,"href":"https:\/\/www.intoscana.it\/it\/wp-json\/wp\/v2\/media\/160539"}],"wp:attachment":[{"href":"https:\/\/www.intoscana.it\/it\/wp-json\/wp\/v2\/media?parent=160535"}],"wp:term":[{"taxonomy":"category","embeddable":true,"href":"https:\/\/www.intoscana.it\/it\/wp-json\/wp\/v2\/categories?post=160535"},{"taxonomy":"post_tag","embeddable":true,"href":"https:\/\/www.intoscana.it\/it\/wp-json\/wp\/v2\/tags?post=160535"}],"curies":[{"name":"wp","href":"https:\/\/api.w.org\/{rel}","templated":true}]}}