{"id":160560,"date":"2020-12-03T20:58:53","date_gmt":"2020-12-03T19:58:53","guid":{"rendered":"https:\/\/www.intoscana.it\/it\/?p=160560"},"modified":"2020-12-22T15:30:57","modified_gmt":"2020-12-22T14:30:57","slug":"dpcm-2-dicembre-2020-regole-natale-capodanno-spostamenti","status":"publish","type":"post","link":"https:\/\/www.intoscana.it\/it\/dpcm-2-dicembre-2020-regole-natale-capodanno-spostamenti\/","title":{"rendered":"Nuovo Dpcm dicembre: le regole. Natale vietati spostamenti tra i comuni"},"content":{"rendered":"<p>Sar\u00e0 un <strong>Natale &#8220;blindato&#8221;<\/strong> per l&#8217;emergenza da corona virus quello che si apprestano a vivere le famiglie italiane. La conferma arriva dal nuovo Dpcm (in vigore dal 4 dicembre fino al 15 gennaio), che contiene anche l&#8217;ormai dibattuto &#8216;Pacchetto&#8217; di interventi legati alle festivit\u00e0\u00a0 (norme valide dal 21 dicembre fino al 6 gennaio).<\/p>\n<p>Tante le conferme rispetto ai rumors che si sono rincorsi negli ultimi giorni: \u00e8 vietato spostarsi\u00a0 dalla propria regione dal 21 dicembre al 6 gennaio. Il 25 dicembre, il 26 dicembre e il 1 gennaio non ci potr\u00e0 spostare neppure dal proprio comune (fatti salvi i casi di lavoro, necessit\u00e0 e salute o il rientro a residenza, domicilio o abitazione). Si potranno raggiungere le seconde case solo se queste si trovino nella stessa regione, tranne che il 25 e 26 dicembre e il 1 gennaio.<\/p>\n<p>I <strong>ristoranti<\/strong> saranno aperti\u00a0 il 25 e 26 dicembre e il 1 (a pranzo e comunque non oltre le 18). Per Capodanno il <strong>coprifuoco<\/strong> sar\u00e0 in vigore dalle ore 22 fino alle 7 del mattino e stop anche ai veglioni negli hotel. Chi vorr\u00e0 festeggiare potr\u00e0 farlo ma nella propria camera d&#8217;albergo, dove potr\u00e0 consumare la cena. Riguardo ai viaggi sono sospese le crociere fino al prossimo 6 gennaio e anche gli impianti sciistici riapriranno dal 7 gennaio. Chiusi anche cinema e teatri per tutte le festivit\u00e0.<\/p>\n<p>Infine il capitolo scuola: il ritorno degli studenti delle superiori sui banchi \u00e8 previsto per il 7 gennaio (ma con la presenza al 75%).<\/p>\n<h3>Pranzo e cena di Natale: la raccomandazione del governo<\/h3>\n<p>Festeggiare in famiglia s\u00ec ma il decreto del governo &#8216;raccomanda&#8217; di passare il Natale solo con familiari conviventi.\u00a0.<\/p>\n<h3>Coprifuoco resta in vigore<\/h3>\n<p>Confermato anche il coprifuoco durante tutte le festivit\u00e0, in atto dunque il divieto di uscire senza giustificato motivo dalle 22 alle 5 del mattino seguente. Per Capodanno il divieto \u00e8 stato prolungato fino alle 7 del mattino.<\/p>\n<p><iframe loading=\"lazy\" src=\"https:\/\/www.youtube.com\/embed\/DIvuAER-a3I\" width=\"800\" height=\"560\" frameborder=\"0\" allowfullscreen=\"allowfullscreen\"><span data-mce-type=\"bookmark\" style=\"display: inline-block; width: 0px; overflow: hidden; line-height: 0;\" class=\"mce_SELRES_start\">\ufeff<\/span><\/iframe><\/p>\n<figure id=\"post-160666 media-160666\" class=\"align-none\"><img decoding=\"async\" src=\"https:\/\/www.intoscana.it\/wp-content\/uploads\/ristoranti.gif\" alt=\"\" \/><\/figure>\n<div class=\"titleimg\"><\/div>\n<h3>Natale, ristoranti aperti (ma solo a pranzo)<\/h3>\n<p>Aperti i ristoranti nei giorni di Natale, Santo Stefano, Capodanno ed Epifania, ma al tavolo non potranno sedere pi\u00f9 di quattro persone (fino alle 18). Rimangono consentite la consegna a domicilio e l&#8217;asporto fino alle 22. I bar e gli altri locali di somministrazione saranno aperti dalle 5 fino alle 18 in zona gialla.<\/p>\n<h3>Capodanno, coprifuoco dalle 22 alle 7. Veglione in hotel? S\u00ec ma solo in camera<\/h3>\n<p>Massima cautela anche per il Capodanno: nella notte tra il 31 dicembre e il 1 gennaio sono infatti\u00a0 consentiti esclusivamente gli spostamenti motivati da comprovate esigenze lavorative, da situazioni di necessit\u00e0 ovvero per motivi di salute ed \u00e8 confermato anche il coprifuoco che si &#8216;allunga&#8217; dalle 22 fino alle 7 del mattino.\u00a0 Per chi decider\u00e0 di festeggiare l&#8217;arrivo del nuovo anno in hotel potr\u00e0 brindare in camera. Resta infatti consentita senza limiti di orario la ristorazione negli alberghi e in altre strutture ricettive limitatamente ai propri clienti anche se &#8211; si precisa\u00a0 che dalle ore 18.00 del 31 dicembre 2020 e fino alle ore 7.00 del 1\u00b0 gennaio 2020, la ristorazione negli alberghi e in altre strutture ricettive \u00e8 consentita solo con servizio in camera.<\/p>\n<h3>Messa del 24 dicembre entro l&#8217;orario del coprifuoco<\/h3>\n<p>S\u00ec alla messa della vigilia di Natale ma le funzioni religiose della notte del 24 dicembre saranno svolte in orario da permettere ai fedeli di tornare a casa prima del coprifuoco. Inoltre verranno celebrate pi\u00f9 messe a Natale per diluire la presenza di fedeli ed evitare assembramenti.<\/p>\n<p>&nbsp;<\/p>\n<figure id=\"post-160654 media-160654\" class=\"align-none\"><img decoding=\"async\" src=\"https:\/\/www.intoscana.it\/wp-content\/uploads\/sci-e-crociere.gif\" alt=\"\" \/><\/figure>\n<div class=\"titleimg\">sci e crociere<\/div>\n<h3><strong>Si torna a sciare dal 7 gennaio<\/strong><\/h3>\n<p>Quello dello sci \u00e8 stato uno degli argomenti pi\u00f9 dibattuti delle ultime settimane ma su questo punto non c&#8217;\u00e8 stato dietrofront: gli impianti sciistici rimarranno chiusi durante le festivit\u00e0 e potranno riaprire allo sci amatoriale solo dal prossimo 7 gennaio.<\/p>\n<h3>Viaggi, crociere sospese fino al 6 gennaio<\/h3>\n<p>Ferme anche le crociere dal 21 dicembre fino al 6 gennaio 2021: sospesi i servizi di crociera da parte delle navi passeggeri di bandiera italiana, aventi come luoghi di partenza, di scalo ovvero di destinazione finale porti italiani.<\/p>\n<p>&nbsp;<\/p>\n<figure id=\"post-160646 media-160646\" class=\"align-none\"><img decoding=\"async\" src=\"https:\/\/www.intoscana.it\/wp-content\/uploads\/centri-commerciali.gif\" alt=\"\" \/><\/figure>\n<div class=\"titleimg\"><\/div>\n<h3>Centri commerciali chiusi nel fine settimana<\/h3>\n<p>Restano in vigore anche le chiusure per i centri commerciali nel fine settimana e durante i giorni festivi. Fino al prossimo 6 gennaio \u00e8 invece consentito l&#8217;esercizio delle attivit\u00e0 commerciali al dettaglio fino alle ore 21, cos\u00ec da <strong>evitare assembramenti<\/strong> per le festivit\u00e0.<\/p>\n<h3>Scuola, superiori in presenza dal 7 gennaio (al 75%)<\/h3>\n<p>Torna l&#8217;attivit\u00e0 didattica in presenza alle scuole superiori dal 7 gennaio garantendo il 75% delle lezioni dal vivo. Il decreto impone anche alle istituzioni scolastiche di garantire il ricorso alla didattica digitale integrata al 100% fino al 6 gennaio.<\/p>\n<div class=\"titleimg\"><\/div>\n<h3><\/h3>\n<p>&nbsp;<\/p>\n<figure id=\"post-160643 media-160643\" class=\"align-none\"><img decoding=\"async\" src=\"https:\/\/www.intoscana.it\/wp-content\/uploads\/QUARANTENA.gif\" alt=\"\" \/><\/figure>\n<div class=\"titleimg\"><\/div>\n<h3>Quarantena per chi arriva dai paesi extra-Schengen<\/h3>\n<p>Tutti coloro che arrivano in Italia dai paesi extra Schengen dovranno rimanere in quarantena per 14 giorni. Cittadini che saranno sottoposti a sorveglianza sanitaria ed all&#8217;isolamento fiduciario per un periodo di quattordici giorni presso l&#8217;abitazione o la dimora indicata.<\/p>\n<h3><strong>Sport, solo incontri di &#8220;alto livello&#8221;<\/strong><\/h3>\n<p>Rimane ancora fermo lo sport: fino al 15 gennaio si potranno disputare solo incontri e gare di &#8220;alto livello&#8221;. L&#8217;attivit\u00e0 sportiva e motoria individuale resta permessa, mantenendo la distanza.<\/p>\n<h3>Le reazioni in Toscana<\/h3>\n<h3>Consiglio Regionale, il presidente Mazzeo: &#8220;Che senso ha vietare gli spostamenti su base del singolo comune?&#8221;<\/h3>\n<p><em>&#8220;Sul nuovo Dpcm del Governo penso che ci siano da migliorare alcune prescrizioni: che senso ha vietare gli spostamenti su base del singolo comune?<\/em>. Se lo chiede il presidente del Consiglio Regionale della Toscana Antonio Mazzeo che spiega- <em>&#8220;Non \u00e8 possibile mettere sullo stesso piano un comune grande, come Roma, Milano, Firenze, con un comune piccolo come Buti o Fivizzano. Occorre limitare gli spostamenti per aree geografiche uniformi e penso che queste specificazioni non le possano fare da lontano, da Roma, ma debbano essere fatte a livello regionale. Qua in Toscana<\/em> &#8211; ha aggiunto &#8211; <em>conosciamo le caratteristiche di ogni nostro comune e borgo e possiamo disegnare &#8216;confini&#8217; agli spostamenti in maniera pi\u00f9 intelligente, nel rispetto delle regole, garantendo la sicurezza di tutti, e quindi in modo pi\u00f9 convincente per chi deve rispettarle, cio\u00e8 i cittadini. Sar\u00e0 cos\u00ec possibile vivere quei giorni con meno tensione e meno preoccupazione&#8221;.<\/em><\/p>\n<h3>Il sindaco di Firenze Nardella: &#8220;Troppi morti, il rigore deve rimanere la linea di fondo&#8221;<\/h3>\n<p>Non si nasconde dietro un dito il primo cittadino di Firenze Dario Nardella parlando del numero odierno dei morti per corona virus.<em> &#8220;Questo mi fa pensare che il rigore deve rimanere la linea di fondo<\/em> &#8211; ha detto. &#8220;<em>Io credo che quella del Natale e Capodanno sar\u00e0 l&#8217;ultima grande prova davanti a noi. E&#8217; veramente l&#8217;ultima poi a partire da gennaio-febbraio si comincer\u00e0 a distribuire il vaccino anche se una distribuzione totale avverr\u00e0 soltanto nell&#8217;estate inoltrata&#8221;.<\/em><\/p>\n<h3><strong>Giani: Toscana potrebbe tornare gialla in tempi pi\u00f9 brevi<\/strong><\/h3>\n<p>&#8220;La Toscana sar\u00e0 zona rossa fino a sabato, da domenica entriamo nell&#8217;arancione&#8221;, ha detto infine il presidente della Regione Eugenio Giani, dopo il\u00a0 confronto col Governo. <em>&#8220;Nel nuovo Dpcm rispeto al precedente c&#8217;\u00e8 una cosa positiva in pi\u00f9<\/em> &#8211; ha\u00a0 precisato -. P<em>rima per risalire le zone ci volevano 14 giorni, ora si consente anche una distanza di giorni inferiore se i dati sono buoni e il gruppo di lavoro Cts ne prende atto&#8221;<\/em>. Dunque la Toscana potrebbe diventare zona gialla il 13 dicembre se i dati dei contagi continuassero ad\u00a0 essere in calo.<\/p>\n<p>&nbsp;<\/p>\n<p>&nbsp;<\/p>\n<p>&nbsp;<\/p>\n<p>&nbsp;<\/p>\n","protected":false},"excerpt":{"rendered":"<p>Tutte le novit\u00e0 contenute nel nuovo Dpcm. Si potr\u00e0 pranzare al ristorante per le festivit\u00e0. Stop alle crociere ed allo sci, le piste riapriranno dal 7 gennaio. Dopo l&#8217;Epifania si torna anche sui banchi di scuola ma al 75% (per le superiori)<\/p>\n","protected":false},"author":525,"featured_media":143815,"comment_status":"open","ping_status":"open","sticky":false,"template":"","format":"standard","meta":{"_acf_changed":false,"footnotes":""},"categories":[494],"tags":[5096,5098,5097,5103,5100],"class_list":["post-160560","post","type-post","status-publish","format-standard","has-post-thumbnail","hentry","category-attualita","tag-dpcm-3-dicembre-2020","tag-dpcm-dicembre","tag-dpcm-natale","tag-epifania-2021","tag-regole-capodanno"],"acf":[],"yoast_head":"<!-- This site is optimized with the Yoast SEO Premium plugin v24.2 (Yoast SEO v25.6) - https:\/\/yoast.com\/wordpress\/plugins\/seo\/ -->\n<title>Nuovo Dpcm dicembre: le regole. Natale vietati spostamenti tra i comuni - intoscana<\/title>\n<meta name=\"description\" content=\"Tutte le novit\u00e0 contenute nel nuovo Dpcm in vigore dal 4 dicembre 2020: spostamenti, scuola e regole per Natale e Capodanno.\" \/>\n<meta name=\"robots\" content=\"index, follow, max-snippet:-1, max-image-preview:large, max-video-preview:-1\" \/>\n<link rel=\"canonical\" href=\"https:\/\/www.intoscana.it\/it\/dpcm-2-dicembre-2020-regole-natale-capodanno-spostamenti\/\" \/>\n<meta property=\"og:locale\" content=\"it_IT\" \/>\n<meta property=\"og:type\" content=\"article\" \/>\n<meta property=\"og:title\" content=\"Nuovo Dpcm dicembre: le regole. Natale vietati spostamenti tra i comuni\" \/>\n<meta property=\"og:description\" content=\"Tutte le novit\u00e0 contenute nel nuovo Dpcm in vigore dal 4 dicembre 2020: spostamenti, scuola e regole per Natale e Capodanno.\" \/>\n<meta property=\"og:url\" content=\"https:\/\/www.intoscana.it\/it\/dpcm-2-dicembre-2020-regole-natale-capodanno-spostamenti\/\" \/>\n<meta property=\"og:site_name\" content=\"intoscana\" \/>\n<meta property=\"article:publisher\" content=\"https:\/\/www.facebook.com\/intoscana.it\" \/>\n<meta property=\"article:published_time\" content=\"2020-12-03T19:58:53+00:00\" \/>\n<meta property=\"article:modified_time\" content=\"2020-12-22T14:30:57+00:00\" \/>\n<meta property=\"og:image\" content=\"https:\/\/www.intoscana.it\/wp-content\/uploads\/conte-3-maggio-2.png\" \/>\n\t<meta property=\"og:image:width\" content=\"1338\" \/>\n\t<meta property=\"og:image:height\" content=\"956\" \/>\n\t<meta property=\"og:image:type\" content=\"image\/png\" \/>\n<meta name=\"author\" content=\"Redazione\" \/>\n<meta name=\"twitter:card\" content=\"summary_large_image\" \/>\n<meta name=\"twitter:creator\" content=\"@intoscana\" \/>\n<meta name=\"twitter:site\" content=\"@intoscana\" \/>\n<meta name=\"twitter:label1\" content=\"Written by\" \/>\n\t<meta name=\"twitter:data1\" content=\"Redazione\" \/>\n\t<meta name=\"twitter:label2\" content=\"Est. reading time\" \/>\n\t<meta name=\"twitter:data2\" content=\"6 minuti\" \/>\n<script type=\"application\/ld+json\" class=\"yoast-schema-graph\">{\"@context\":\"https:\/\/schema.org\",\"@graph\":[{\"@type\":\"WebPage\",\"@id\":\"https:\/\/www.intoscana.it\/it\/dpcm-2-dicembre-2020-regole-natale-capodanno-spostamenti\/\",\"url\":\"https:\/\/www.intoscana.it\/it\/dpcm-2-dicembre-2020-regole-natale-capodanno-spostamenti\/\",\"name\":\"Nuovo Dpcm dicembre: le regole. Natale vietati spostamenti tra i comuni - intoscana\",\"isPartOf\":{\"@id\":\"https:\/\/www.intoscana.it\/it\/#website\"},\"primaryImageOfPage\":{\"@id\":\"https:\/\/www.intoscana.it\/it\/dpcm-2-dicembre-2020-regole-natale-capodanno-spostamenti\/#primaryimage\"},\"image\":{\"@id\":\"https:\/\/www.intoscana.it\/it\/dpcm-2-dicembre-2020-regole-natale-capodanno-spostamenti\/#primaryimage\"},\"thumbnailUrl\":\"https:\/\/www.intoscana.it\/wp-content\/uploads\/conte-3-maggio-2.png\",\"datePublished\":\"2020-12-03T19:58:53+00:00\",\"dateModified\":\"2020-12-22T14:30:57+00:00\",\"author\":{\"@id\":\"https:\/\/www.intoscana.it\/it\/#\/schema\/person\/9223810753230f20bd670fdd322661f8\"},\"description\":\"Tutte le novit\u00e0 contenute nel nuovo Dpcm in vigore dal 4 dicembre 2020: spostamenti, scuola e regole per Natale e Capodanno.\",\"breadcrumb\":{\"@id\":\"https:\/\/www.intoscana.it\/it\/dpcm-2-dicembre-2020-regole-natale-capodanno-spostamenti\/#breadcrumb\"},\"inLanguage\":\"it-IT\",\"potentialAction\":[{\"@type\":\"ReadAction\",\"target\":[\"https:\/\/www.intoscana.it\/it\/dpcm-2-dicembre-2020-regole-natale-capodanno-spostamenti\/\"]}]},{\"@type\":\"ImageObject\",\"inLanguage\":\"it-IT\",\"@id\":\"https:\/\/www.intoscana.it\/it\/dpcm-2-dicembre-2020-regole-natale-capodanno-spostamenti\/#primaryimage\",\"url\":\"https:\/\/www.intoscana.it\/wp-content\/uploads\/conte-3-maggio-2.png\",\"contentUrl\":\"https:\/\/www.intoscana.it\/wp-content\/uploads\/conte-3-maggio-2.png\",\"width\":1338,\"height\":956,\"caption\":\"Conte in conferenza stampa\"},{\"@type\":\"BreadcrumbList\",\"@id\":\"https:\/\/www.intoscana.it\/it\/dpcm-2-dicembre-2020-regole-natale-capodanno-spostamenti\/#breadcrumb\",\"itemListElement\":[{\"@type\":\"ListItem\",\"position\":1,\"name\":\"Home\",\"item\":\"https:\/\/www.intoscana.it\/it\/\"},{\"@type\":\"ListItem\",\"position\":2,\"name\":\"Nuovo Dpcm dicembre: le regole. Natale vietati spostamenti tra i comuni\"}]},{\"@type\":\"WebSite\",\"@id\":\"https:\/\/www.intoscana.it\/it\/#website\",\"url\":\"https:\/\/www.intoscana.it\/it\/\",\"name\":\"intoscana\",\"description\":\"\",\"potentialAction\":[{\"@type\":\"SearchAction\",\"target\":{\"@type\":\"EntryPoint\",\"urlTemplate\":\"https:\/\/www.intoscana.it\/it\/?s={search_term_string}\"},\"query-input\":{\"@type\":\"PropertyValueSpecification\",\"valueRequired\":true,\"valueName\":\"search_term_string\"}}],\"inLanguage\":\"it-IT\"},{\"@type\":\"Person\",\"@id\":\"https:\/\/www.intoscana.it\/it\/#\/schema\/person\/9223810753230f20bd670fdd322661f8\",\"name\":\"Redazione\",\"url\":\"https:\/\/www.intoscana.it\/it\/author\/redazione\/\"}]}<\/script>\n<!-- \/ Yoast SEO Premium plugin. -->","yoast_head_json":{"title":"Nuovo Dpcm dicembre: le regole. Natale vietati spostamenti tra i comuni - intoscana","description":"Tutte le novit\u00e0 contenute nel nuovo Dpcm in vigore dal 4 dicembre 2020: spostamenti, scuola e regole per Natale e Capodanno.","robots":{"index":"index","follow":"follow","max-snippet":"max-snippet:-1","max-image-preview":"max-image-preview:large","max-video-preview":"max-video-preview:-1"},"canonical":"https:\/\/www.intoscana.it\/it\/dpcm-2-dicembre-2020-regole-natale-capodanno-spostamenti\/","og_locale":"it_IT","og_type":"article","og_title":"Nuovo Dpcm dicembre: le regole. Natale vietati spostamenti tra i comuni","og_description":"Tutte le novit\u00e0 contenute nel nuovo Dpcm in vigore dal 4 dicembre 2020: spostamenti, scuola e regole per Natale e Capodanno.","og_url":"https:\/\/www.intoscana.it\/it\/dpcm-2-dicembre-2020-regole-natale-capodanno-spostamenti\/","og_site_name":"intoscana","article_publisher":"https:\/\/www.facebook.com\/intoscana.it","article_published_time":"2020-12-03T19:58:53+00:00","article_modified_time":"2020-12-22T14:30:57+00:00","og_image":[{"width":1338,"height":956,"url":"https:\/\/www.intoscana.it\/wp-content\/uploads\/conte-3-maggio-2.png","type":"image\/png"}],"author":"Redazione","twitter_card":"summary_large_image","twitter_creator":"@intoscana","twitter_site":"@intoscana","twitter_misc":{"Written by":"Redazione","Est. reading time":"6 minuti"},"schema":{"@context":"https:\/\/schema.org","@graph":[{"@type":"WebPage","@id":"https:\/\/www.intoscana.it\/it\/dpcm-2-dicembre-2020-regole-natale-capodanno-spostamenti\/","url":"https:\/\/www.intoscana.it\/it\/dpcm-2-dicembre-2020-regole-natale-capodanno-spostamenti\/","name":"Nuovo Dpcm dicembre: le regole. Natale vietati spostamenti tra i comuni - intoscana","isPartOf":{"@id":"https:\/\/www.intoscana.it\/it\/#website"},"primaryImageOfPage":{"@id":"https:\/\/www.intoscana.it\/it\/dpcm-2-dicembre-2020-regole-natale-capodanno-spostamenti\/#primaryimage"},"image":{"@id":"https:\/\/www.intoscana.it\/it\/dpcm-2-dicembre-2020-regole-natale-capodanno-spostamenti\/#primaryimage"},"thumbnailUrl":"https:\/\/www.intoscana.it\/wp-content\/uploads\/conte-3-maggio-2.png","datePublished":"2020-12-03T19:58:53+00:00","dateModified":"2020-12-22T14:30:57+00:00","author":{"@id":"https:\/\/www.intoscana.it\/it\/#\/schema\/person\/9223810753230f20bd670fdd322661f8"},"description":"Tutte le novit\u00e0 contenute nel nuovo Dpcm in vigore dal 4 dicembre 2020: spostamenti, scuola e regole per Natale e Capodanno.","breadcrumb":{"@id":"https:\/\/www.intoscana.it\/it\/dpcm-2-dicembre-2020-regole-natale-capodanno-spostamenti\/#breadcrumb"},"inLanguage":"it-IT","potentialAction":[{"@type":"ReadAction","target":["https:\/\/www.intoscana.it\/it\/dpcm-2-dicembre-2020-regole-natale-capodanno-spostamenti\/"]}]},{"@type":"ImageObject","inLanguage":"it-IT","@id":"https:\/\/www.intoscana.it\/it\/dpcm-2-dicembre-2020-regole-natale-capodanno-spostamenti\/#primaryimage","url":"https:\/\/www.intoscana.it\/wp-content\/uploads\/conte-3-maggio-2.png","contentUrl":"https:\/\/www.intoscana.it\/wp-content\/uploads\/conte-3-maggio-2.png","width":1338,"height":956,"caption":"Conte in conferenza stampa"},{"@type":"BreadcrumbList","@id":"https:\/\/www.intoscana.it\/it\/dpcm-2-dicembre-2020-regole-natale-capodanno-spostamenti\/#breadcrumb","itemListElement":[{"@type":"ListItem","position":1,"name":"Home","item":"https:\/\/www.intoscana.it\/it\/"},{"@type":"ListItem","position":2,"name":"Nuovo Dpcm dicembre: le regole. Natale vietati spostamenti tra i comuni"}]},{"@type":"WebSite","@id":"https:\/\/www.intoscana.it\/it\/#website","url":"https:\/\/www.intoscana.it\/it\/","name":"intoscana","description":"","potentialAction":[{"@type":"SearchAction","target":{"@type":"EntryPoint","urlTemplate":"https:\/\/www.intoscana.it\/it\/?s={search_term_string}"},"query-input":{"@type":"PropertyValueSpecification","valueRequired":true,"valueName":"search_term_string"}}],"inLanguage":"it-IT"},{"@type":"Person","@id":"https:\/\/www.intoscana.it\/it\/#\/schema\/person\/9223810753230f20bd670fdd322661f8","name":"Redazione","url":"https:\/\/www.intoscana.it\/it\/author\/redazione\/"}]}},"_links":{"self":[{"href":"https:\/\/www.intoscana.it\/it\/wp-json\/wp\/v2\/posts\/160560","targetHints":{"allow":["GET"]}}],"collection":[{"href":"https:\/\/www.intoscana.it\/it\/wp-json\/wp\/v2\/posts"}],"about":[{"href":"https:\/\/www.intoscana.it\/it\/wp-json\/wp\/v2\/types\/post"}],"author":[{"embeddable":true,"href":"https:\/\/www.intoscana.it\/it\/wp-json\/wp\/v2\/users\/525"}],"replies":[{"embeddable":true,"href":"https:\/\/www.intoscana.it\/it\/wp-json\/wp\/v2\/comments?post=160560"}],"version-history":[{"count":0,"href":"https:\/\/www.intoscana.it\/it\/wp-json\/wp\/v2\/posts\/160560\/revisions"}],"wp:featuredmedia":[{"embeddable":true,"href":"https:\/\/www.intoscana.it\/it\/wp-json\/wp\/v2\/media\/143815"}],"wp:attachment":[{"href":"https:\/\/www.intoscana.it\/it\/wp-json\/wp\/v2\/media?parent=160560"}],"wp:term":[{"taxonomy":"category","embeddable":true,"href":"https:\/\/www.intoscana.it\/it\/wp-json\/wp\/v2\/categories?post=160560"},{"taxonomy":"post_tag","embeddable":true,"href":"https:\/\/www.intoscana.it\/it\/wp-json\/wp\/v2\/tags?post=160560"}],"curies":[{"name":"wp","href":"https:\/\/api.w.org\/{rel}","templated":true}]}}