{"id":160732,"date":"2020-12-04T10:52:36","date_gmt":"2020-12-04T09:52:36","guid":{"rendered":"https:\/\/www.intoscana.it\/it\/?p=160732"},"modified":"2020-12-04T13:20:56","modified_gmt":"2020-12-04T12:20:56","slug":"leggere-forte-piu-libri-da-leggere-in-scuole-toscane","status":"publish","type":"post","link":"https:\/\/www.intoscana.it\/it\/leggere-forte-piu-libri-da-leggere-in-scuole-toscane\/","title":{"rendered":"&#8220;Leggere: Forte!&#8221;, pi\u00f9 libri da leggere ad alta voce nelle scuole toscane"},"content":{"rendered":"<p>Tanti libri in pi\u00f9 per proseguire le attivit\u00e0 di <em>\u201cLeggere: Forte! Ad alta voce fa crescere l\u2019intelligenza\u201d<\/em>. La Regione Toscana ha stanziato poco meno di <strong>80 mila euro<\/strong> per aumentare la dotazione libraria (a cura delle Conferenze zonali per l\u2019educazione e l\u2019istruzione) a favore delle biblioteche dei nidi e delle scuole che aderiscono all\u2019azione &#8220;Leggere: Forte!&#8221; per l\u2019anno 2020-2021.<\/p>\n<h3>Un progetto unico<\/h3>\n<p>Unico a livello nazionale, il progetto \u201cLeggere: Forte!\u201d ha permesso alla Regione Toscana di <mark>aprire una pagina tutta nuova sulla valorizzazione della lettura ad alta voce, con l\u2019obiettivo di inserirla come pratica sistematica dal nido fino alla scuola di secondo grado<\/mark>, con lo scopo di favorire il successo nei percorsi scolastici e di vita delle bambine, dei bambini, delle ragazze e dei ragazzi proprio grazie all\u2019<strong>ascolto della lettura ad alta voce<\/strong> da parte loro.<\/p>\n<p><span class=\"citazione\">&#8220;La lettura ad alta voce riesce a colmare gli svantaggi e permette di esprimere le proprie potenzialit\u00e0, a scuola e nella vita&#8221;<\/span><\/p>\n<h3>Aumenta la dotazione<\/h3>\n<p><em>\u201cAnche grazie alla ricerca elaborata l\u2019anno scorso dal gruppo di ricerca di &#8216;Leggere: Forte!&#8217; \u00e8 stato dimostrato che la lettura ad alta voce, se praticata con costanza, riesce a colmare gli svantaggi e permette di esprimere le proprie potenzialit\u00e0 non solo a scuola ma anche nella vita&#8221;<\/em> dice l\u2019assessora a istruzione e formazione <strong>Alessandra Nardini<\/strong>. <em>&#8220;Considero dunque questo progetto e i suoi effetti una pratica di democrazia cognitiva rivolto a tutte le bambine e i bambini e a tutte le ragazze e ragazzi. Le risorse che la Regione ha destinato alla realizzazione di &#8216;Leggere: Forte!&#8217; con la delibera approvata nell&#8217;ultima Giunta serviranno per incrementare la dotazione libraria dei nidi e delle scuole impegnati nel progetto e resteranno poi nella disponibilit\u00e0 di queste strutture&#8221;.<\/em><\/p>\n<h3>I promotori<\/h3>\n<p><a href=\"http:\/\/www.regione.toscana.it\/leggereforte\" target=\"_blank\" rel=\"noopener noreferrer\">\u201cLeggere: Forte!\u201d<\/a> \u00e8 un intervento promosso dalla Regione Toscana e realizzato con il coordinamento scientifico dell\u2019Universit\u00e0 degli Studi di Perugia, in collaborazione con l\u2019Ufficio Scolastico Regionale per la Toscana, INDIRE (Istituto Nazionale Documentazione Innovazione Ricerca Educativa) e il Cepell (Centro per il libro e la lettura del Ministero dei Beni e delle Attivit\u00e0 Culturali).<\/p>\n","protected":false},"excerpt":{"rendered":"<p>Nuove risorse per aumentare la dotazione di libri per le biblioteche dei nidi e delle scuole toscane che aderiscono al progetto. Leggere ad alta voce pu\u00f2 colmare gli svantaggi<\/p>\n","protected":false},"author":525,"featured_media":160736,"comment_status":"open","ping_status":"open","sticky":false,"template":"","format":"standard","meta":{"_acf_changed":false,"footnotes":""},"categories":[494],"tags":[444,263,4672,220,212],"class_list":["post-160732","post","type-post","status-publish","format-standard","has-post-thumbnail","hentry","category-attualita","tag-biblioteche","tag-leggere","tag-leggere-forte","tag-letteratura","tag-scuola"],"acf":[],"yoast_head":"<!-- This site is optimized with the Yoast SEO Premium plugin v24.2 (Yoast SEO v25.6) - https:\/\/yoast.com\/wordpress\/plugins\/seo\/ -->\n<title>&quot;Leggere: Forte!&quot;, pi\u00f9 libri da leggere ad alta voce nelle scuole toscane - intoscana<\/title>\n<meta name=\"description\" content=\"Nuove risorse per aumentare la dotazione di libri per le biblioteche dei nidi e delle scuole toscane che aderiscono al progetto. Leggere ad alta voce pu\u00f2 colmare gli svantaggi\" \/>\n<meta name=\"robots\" content=\"index, follow, max-snippet:-1, max-image-preview:large, max-video-preview:-1\" \/>\n<link rel=\"canonical\" href=\"https:\/\/www.intoscana.it\/it\/leggere-forte-piu-libri-da-leggere-in-scuole-toscane\/\" \/>\n<meta property=\"og:locale\" content=\"it_IT\" \/>\n<meta property=\"og:type\" content=\"article\" \/>\n<meta property=\"og:title\" content=\"&quot;Leggere: Forte!&quot;, pi\u00f9 libri da leggere ad alta voce nelle scuole toscane\" \/>\n<meta property=\"og:description\" content=\"Nuove risorse per aumentare la dotazione di libri per le biblioteche dei nidi e delle scuole toscane che aderiscono al progetto. Leggere ad alta voce pu\u00f2 colmare gli svantaggi\" \/>\n<meta property=\"og:url\" content=\"https:\/\/www.intoscana.it\/it\/leggere-forte-piu-libri-da-leggere-in-scuole-toscane\/\" \/>\n<meta property=\"og:site_name\" content=\"intoscana\" \/>\n<meta property=\"article:publisher\" content=\"https:\/\/www.facebook.com\/intoscana.it\" \/>\n<meta property=\"article:published_time\" content=\"2020-12-04T09:52:36+00:00\" \/>\n<meta property=\"article:modified_time\" content=\"2020-12-04T12:20:56+00:00\" \/>\n<meta property=\"og:image\" content=\"https:\/\/www.intoscana.it\/wp-content\/uploads\/Bambino-che-legge-Ben-White-Unsplash.jpg\" \/>\n\t<meta property=\"og:image:width\" content=\"1920\" \/>\n\t<meta property=\"og:image:height\" content=\"1282\" \/>\n\t<meta property=\"og:image:type\" content=\"image\/jpeg\" \/>\n<meta name=\"author\" content=\"Redazione\" \/>\n<meta name=\"twitter:card\" content=\"summary_large_image\" \/>\n<meta name=\"twitter:creator\" content=\"@intoscana\" \/>\n<meta name=\"twitter:site\" content=\"@intoscana\" \/>\n<meta name=\"twitter:label1\" content=\"Written by\" \/>\n\t<meta name=\"twitter:data1\" content=\"Redazione\" \/>\n\t<meta name=\"twitter:label2\" content=\"Est. reading time\" \/>\n\t<meta name=\"twitter:data2\" content=\"2 minuti\" \/>\n<script type=\"application\/ld+json\" class=\"yoast-schema-graph\">{\"@context\":\"https:\/\/schema.org\",\"@graph\":[{\"@type\":\"WebPage\",\"@id\":\"https:\/\/www.intoscana.it\/it\/leggere-forte-piu-libri-da-leggere-in-scuole-toscane\/\",\"url\":\"https:\/\/www.intoscana.it\/it\/leggere-forte-piu-libri-da-leggere-in-scuole-toscane\/\",\"name\":\"\\\"Leggere: Forte!\\\", pi\u00f9 libri da leggere ad alta voce nelle scuole toscane - intoscana\",\"isPartOf\":{\"@id\":\"https:\/\/www.intoscana.it\/it\/#website\"},\"primaryImageOfPage\":{\"@id\":\"https:\/\/www.intoscana.it\/it\/leggere-forte-piu-libri-da-leggere-in-scuole-toscane\/#primaryimage\"},\"image\":{\"@id\":\"https:\/\/www.intoscana.it\/it\/leggere-forte-piu-libri-da-leggere-in-scuole-toscane\/#primaryimage\"},\"thumbnailUrl\":\"https:\/\/www.intoscana.it\/wp-content\/uploads\/Bambino-che-legge-Ben-White-Unsplash.jpg\",\"datePublished\":\"2020-12-04T09:52:36+00:00\",\"dateModified\":\"2020-12-04T12:20:56+00:00\",\"author\":{\"@id\":\"https:\/\/www.intoscana.it\/it\/#\/schema\/person\/9223810753230f20bd670fdd322661f8\"},\"description\":\"Nuove risorse per aumentare la dotazione di libri per le biblioteche dei nidi e delle scuole toscane che aderiscono al progetto. Leggere ad alta voce pu\u00f2 colmare gli svantaggi\",\"breadcrumb\":{\"@id\":\"https:\/\/www.intoscana.it\/it\/leggere-forte-piu-libri-da-leggere-in-scuole-toscane\/#breadcrumb\"},\"inLanguage\":\"it-IT\",\"potentialAction\":[{\"@type\":\"ReadAction\",\"target\":[\"https:\/\/www.intoscana.it\/it\/leggere-forte-piu-libri-da-leggere-in-scuole-toscane\/\"]}]},{\"@type\":\"ImageObject\",\"inLanguage\":\"it-IT\",\"@id\":\"https:\/\/www.intoscana.it\/it\/leggere-forte-piu-libri-da-leggere-in-scuole-toscane\/#primaryimage\",\"url\":\"https:\/\/www.intoscana.it\/wp-content\/uploads\/Bambino-che-legge-Ben-White-Unsplash.jpg\",\"contentUrl\":\"https:\/\/www.intoscana.it\/wp-content\/uploads\/Bambino-che-legge-Ben-White-Unsplash.jpg\",\"width\":1920,\"height\":1282,\"caption\":\"Bambino che legge\"},{\"@type\":\"BreadcrumbList\",\"@id\":\"https:\/\/www.intoscana.it\/it\/leggere-forte-piu-libri-da-leggere-in-scuole-toscane\/#breadcrumb\",\"itemListElement\":[{\"@type\":\"ListItem\",\"position\":1,\"name\":\"Home\",\"item\":\"https:\/\/www.intoscana.it\/it\/\"},{\"@type\":\"ListItem\",\"position\":2,\"name\":\"&#8220;Leggere: Forte!&#8221;, pi\u00f9 libri da leggere ad alta voce nelle scuole toscane\"}]},{\"@type\":\"WebSite\",\"@id\":\"https:\/\/www.intoscana.it\/it\/#website\",\"url\":\"https:\/\/www.intoscana.it\/it\/\",\"name\":\"intoscana\",\"description\":\"\",\"potentialAction\":[{\"@type\":\"SearchAction\",\"target\":{\"@type\":\"EntryPoint\",\"urlTemplate\":\"https:\/\/www.intoscana.it\/it\/?s={search_term_string}\"},\"query-input\":{\"@type\":\"PropertyValueSpecification\",\"valueRequired\":true,\"valueName\":\"search_term_string\"}}],\"inLanguage\":\"it-IT\"},{\"@type\":\"Person\",\"@id\":\"https:\/\/www.intoscana.it\/it\/#\/schema\/person\/9223810753230f20bd670fdd322661f8\",\"name\":\"Redazione\",\"url\":\"https:\/\/www.intoscana.it\/it\/author\/redazione\/\"}]}<\/script>\n<!-- \/ Yoast SEO Premium plugin. -->","yoast_head_json":{"title":"\"Leggere: Forte!\", pi\u00f9 libri da leggere ad alta voce nelle scuole toscane - intoscana","description":"Nuove risorse per aumentare la dotazione di libri per le biblioteche dei nidi e delle scuole toscane che aderiscono al progetto. Leggere ad alta voce pu\u00f2 colmare gli svantaggi","robots":{"index":"index","follow":"follow","max-snippet":"max-snippet:-1","max-image-preview":"max-image-preview:large","max-video-preview":"max-video-preview:-1"},"canonical":"https:\/\/www.intoscana.it\/it\/leggere-forte-piu-libri-da-leggere-in-scuole-toscane\/","og_locale":"it_IT","og_type":"article","og_title":"\"Leggere: Forte!\", pi\u00f9 libri da leggere ad alta voce nelle scuole toscane","og_description":"Nuove risorse per aumentare la dotazione di libri per le biblioteche dei nidi e delle scuole toscane che aderiscono al progetto. Leggere ad alta voce pu\u00f2 colmare gli svantaggi","og_url":"https:\/\/www.intoscana.it\/it\/leggere-forte-piu-libri-da-leggere-in-scuole-toscane\/","og_site_name":"intoscana","article_publisher":"https:\/\/www.facebook.com\/intoscana.it","article_published_time":"2020-12-04T09:52:36+00:00","article_modified_time":"2020-12-04T12:20:56+00:00","og_image":[{"width":1920,"height":1282,"url":"https:\/\/www.intoscana.it\/wp-content\/uploads\/Bambino-che-legge-Ben-White-Unsplash.jpg","type":"image\/jpeg"}],"author":"Redazione","twitter_card":"summary_large_image","twitter_creator":"@intoscana","twitter_site":"@intoscana","twitter_misc":{"Written by":"Redazione","Est. reading time":"2 minuti"},"schema":{"@context":"https:\/\/schema.org","@graph":[{"@type":"WebPage","@id":"https:\/\/www.intoscana.it\/it\/leggere-forte-piu-libri-da-leggere-in-scuole-toscane\/","url":"https:\/\/www.intoscana.it\/it\/leggere-forte-piu-libri-da-leggere-in-scuole-toscane\/","name":"\"Leggere: Forte!\", pi\u00f9 libri da leggere ad alta voce nelle scuole toscane - intoscana","isPartOf":{"@id":"https:\/\/www.intoscana.it\/it\/#website"},"primaryImageOfPage":{"@id":"https:\/\/www.intoscana.it\/it\/leggere-forte-piu-libri-da-leggere-in-scuole-toscane\/#primaryimage"},"image":{"@id":"https:\/\/www.intoscana.it\/it\/leggere-forte-piu-libri-da-leggere-in-scuole-toscane\/#primaryimage"},"thumbnailUrl":"https:\/\/www.intoscana.it\/wp-content\/uploads\/Bambino-che-legge-Ben-White-Unsplash.jpg","datePublished":"2020-12-04T09:52:36+00:00","dateModified":"2020-12-04T12:20:56+00:00","author":{"@id":"https:\/\/www.intoscana.it\/it\/#\/schema\/person\/9223810753230f20bd670fdd322661f8"},"description":"Nuove risorse per aumentare la dotazione di libri per le biblioteche dei nidi e delle scuole toscane che aderiscono al progetto. Leggere ad alta voce pu\u00f2 colmare gli svantaggi","breadcrumb":{"@id":"https:\/\/www.intoscana.it\/it\/leggere-forte-piu-libri-da-leggere-in-scuole-toscane\/#breadcrumb"},"inLanguage":"it-IT","potentialAction":[{"@type":"ReadAction","target":["https:\/\/www.intoscana.it\/it\/leggere-forte-piu-libri-da-leggere-in-scuole-toscane\/"]}]},{"@type":"ImageObject","inLanguage":"it-IT","@id":"https:\/\/www.intoscana.it\/it\/leggere-forte-piu-libri-da-leggere-in-scuole-toscane\/#primaryimage","url":"https:\/\/www.intoscana.it\/wp-content\/uploads\/Bambino-che-legge-Ben-White-Unsplash.jpg","contentUrl":"https:\/\/www.intoscana.it\/wp-content\/uploads\/Bambino-che-legge-Ben-White-Unsplash.jpg","width":1920,"height":1282,"caption":"Bambino che legge"},{"@type":"BreadcrumbList","@id":"https:\/\/www.intoscana.it\/it\/leggere-forte-piu-libri-da-leggere-in-scuole-toscane\/#breadcrumb","itemListElement":[{"@type":"ListItem","position":1,"name":"Home","item":"https:\/\/www.intoscana.it\/it\/"},{"@type":"ListItem","position":2,"name":"&#8220;Leggere: Forte!&#8221;, pi\u00f9 libri da leggere ad alta voce nelle scuole toscane"}]},{"@type":"WebSite","@id":"https:\/\/www.intoscana.it\/it\/#website","url":"https:\/\/www.intoscana.it\/it\/","name":"intoscana","description":"","potentialAction":[{"@type":"SearchAction","target":{"@type":"EntryPoint","urlTemplate":"https:\/\/www.intoscana.it\/it\/?s={search_term_string}"},"query-input":{"@type":"PropertyValueSpecification","valueRequired":true,"valueName":"search_term_string"}}],"inLanguage":"it-IT"},{"@type":"Person","@id":"https:\/\/www.intoscana.it\/it\/#\/schema\/person\/9223810753230f20bd670fdd322661f8","name":"Redazione","url":"https:\/\/www.intoscana.it\/it\/author\/redazione\/"}]}},"_links":{"self":[{"href":"https:\/\/www.intoscana.it\/it\/wp-json\/wp\/v2\/posts\/160732","targetHints":{"allow":["GET"]}}],"collection":[{"href":"https:\/\/www.intoscana.it\/it\/wp-json\/wp\/v2\/posts"}],"about":[{"href":"https:\/\/www.intoscana.it\/it\/wp-json\/wp\/v2\/types\/post"}],"author":[{"embeddable":true,"href":"https:\/\/www.intoscana.it\/it\/wp-json\/wp\/v2\/users\/525"}],"replies":[{"embeddable":true,"href":"https:\/\/www.intoscana.it\/it\/wp-json\/wp\/v2\/comments?post=160732"}],"version-history":[{"count":0,"href":"https:\/\/www.intoscana.it\/it\/wp-json\/wp\/v2\/posts\/160732\/revisions"}],"wp:featuredmedia":[{"embeddable":true,"href":"https:\/\/www.intoscana.it\/it\/wp-json\/wp\/v2\/media\/160736"}],"wp:attachment":[{"href":"https:\/\/www.intoscana.it\/it\/wp-json\/wp\/v2\/media?parent=160732"}],"wp:term":[{"taxonomy":"category","embeddable":true,"href":"https:\/\/www.intoscana.it\/it\/wp-json\/wp\/v2\/categories?post=160732"},{"taxonomy":"post_tag","embeddable":true,"href":"https:\/\/www.intoscana.it\/it\/wp-json\/wp\/v2\/tags?post=160732"}],"curies":[{"name":"wp","href":"https:\/\/api.w.org\/{rel}","templated":true}]}}