{"id":160745,"date":"2020-12-04T11:14:57","date_gmt":"2020-12-04T10:14:57","guid":{"rendered":"https:\/\/www.intoscana.it\/it\/?p=160745"},"modified":"2020-12-04T11:14:57","modified_gmt":"2020-12-04T10:14:57","slug":"giani-porta-a-porta-natale-spostamenti","status":"publish","type":"post","link":"https:\/\/www.intoscana.it\/it\/giani-porta-a-porta-natale-spostamenti\/","title":{"rendered":"Giani ospite di Porta a Porta: &#8220;Il Natale? Era meglio spostarsi in provincia&#8221;"},"content":{"rendered":"<p>Nella sera in cui il premier <strong>Giuseppe Conte<\/strong> ha anticipato i contenuti del nuovo Dpcm, il presidente della Regione Toscana <strong>Eugenio Giani<\/strong>, ospite di &#8220;Porta a Porta&#8221; su Rai 1, intervistato da <strong>Bruno Vespa<\/strong> <mark>ha detto che avrebbe<em> &#8220;avuto l&#8217;accorgimento che pi\u00f9 che nel comune, la limitazione dello spostamento l&#8217;avrei prevista nella provincia&#8221;<\/mark><\/em>. \u00c8 cos\u00ec che Giani ha valutato le misure di limitazione agli spostamenti decise dal governi per i giorni di Natale, Santo Stefano e primo gennaio. <em>&#8220;Sappiamo benissimo che vi sono situazioni tra comune e comune in cui magari i genitori stanno a un chilometro dal figlio, ma in un comune diverso. Quindi un <strong>territorio un po&#8217; pi\u00f9 vasto<\/strong>, probabilmente avrebbe potuto mantenere l&#8217;equilibrio tra la salvaguardia delle misure che consentono di non abbassare la guardia&#8221;<\/em> essendo al tempo stesso <em>&#8220;pi\u00f9 vicine a quel sentimento di festa che in quel momento si pu\u00f2 vivere&#8221;.<\/em><\/p>\n<p><span class=\"citazione\">&#8220;Occorre limitare gli spostamenti per aree geografiche uniformi. Queste specificazioni devono essere fatte a livello regionale&#8221;<\/span><\/p>\n<h3>Verso la definizione di aree omogenee<\/h3>\n<p>Una posizione condivisa anche dal presidente del consiglio regionale <strong>Antonio Mazzeo<\/strong>. <em>&#8220;Sul nuovo Dpcm del Governo penso che ci siano da migliorare alcune prescrizioni: che senso ha vietare gli spostamenti su base del singolo comune? Non \u00e8 possibile mettere sullo stesso piano un comune grande, come Roma, Milano, Firenze, con un comune piccolo come Buti o Fivizzano&#8221;<\/em> ha detto. <em>&#8220;Occorre limitare gli spostamenti per aree geografiche uniformi e penso che queste specificazioni non le possano fare da lontano, da Roma, ma debbano essere fatte a livello regionale. Vogliamo farci carico nel confronto con Regioni e Governo&#8221;<\/em> ha sottolineato Mazzeo. <em>&#8220;<mark>Porteremo la nostra proposta: ci venga data la possibilit\u00e0 di individuare aree omogenee nelle quali poterci muovere<\/mark>. Qua in Toscana conosciamo le caratteristiche di ogni nostro comune e borgo e possiamo disegnare &#8216;confini&#8217; agli spostamenti <strong>in maniera pi\u00f9 intelligente<\/strong>, nel rispetto delle regole, garantendo la sicurezza di tutti, e quindi in modo pi\u00f9 convincente per chi deve rispettarle, cio\u00e8 i cittadini. Sar\u00e0 cos\u00ec possibile vivere quei giorni con meno tensione e meno preoccupazione&#8221;.<\/em><\/p>\n<div class=\"focuson\"><a href=\"https:\/\/www.intoscana.it\/it\/articolo\/dpcm-2-dicembre-2020-regole-natale-capodanno-spostamenti\/\"><img decoding=\"async\" class=\"lazy\" src=\"https:\/\/www.intoscana.it\/wp-content\/uploads\/Il-Presidente-del-Consiglio-Giuseppe-Conte-illustra-il-nuovo-Dpcm-con-le-misure-contro-lemergenza-Covid-19-Roma-25-Ottobre-2020.-ANSAUFFICIO-STAMPAFILIPPO-ATTILI-scaled.jpg\" style=\"\">\n                <div class=\"cat\">Nuovo Dpcm dicembre: le regole<\/div>\n                <h4>Natale vietati spostamenti tra i comuni. Coprifuoco \u201clungo\u201d a Capodanno<\/h4><\/a>\n              <\/div>\n<h3>L&#8217;ultima prova, poi il vaccino<\/h3>\n<p>Pi\u00f9 cauto il sindaco di Firenze <strong>Dario Nardella<\/strong>. <em>&#8220;Io credo che quella del Natale e Capodanno <strong>sar\u00e0 l&#8217;ultima grande prova<\/strong> davanti a noi. \u00c8 veramente l&#8217;ultima poi a partire da gennaio-febbraio si comincer\u00e0 a distribuire il vaccino anche se una distribuzione totale avverr\u00e0 soltanto nell&#8217;estate inoltrata&#8221;<\/em> ha detto in collegamento con Radio Bruno. <em>&#8220;<mark>Dobbiamo affrontare queste vacanze con grande senso responsabilit\u00e0 e equilibrio<\/mark><\/em> &#8211; ha aggiunto &#8211; <em>e poi dobbiamo avere un occhio attento sull&#8217;<strong>economia<\/strong>, dove serve un piano che dia alle imprese una prospettiva di medio-lungo periodo. Dobbiamo lavorare con tutti gli strumenti a disposizione, anche accettando un ulteriore indebitamento del nostro Paese ma nel quadro di un indebitamento europeo&#8221;.<\/em> Nardella ha ricordato la <em>&#8220;battaglia&#8221;<\/em> di Firenze <em>&#8220;sul tema degli affitti commerciali&#8221;<\/em> affermando che <em>&#8220;c&#8217;\u00e8 una percentuale di imprese, intorno al 20-30% che sono riuscite ad avere un accordo con i proprietari, ma tutte le altre no. C&#8217;\u00e8 anche l&#8217;aspetto che gli enti locali non si possono indebitare: noi non abbiamo la capacit\u00e0 di indebitamento che ha lo Stato&#8221;.<\/em><\/p>\n","protected":false},"excerpt":{"rendered":"<p>Commentando il nuovo Dpcm, il Presidente della Toscana avrebbe preferito confini pi\u00f9 estesi per gli spostamenti. Sar\u00e0 proposta l&#8217;individuazione di aree omogenee nelle quali muoversi<\/p>\n","protected":false},"author":525,"featured_media":160746,"comment_status":"open","ping_status":"open","sticky":false,"template":"","format":"standard","meta":{"_acf_changed":false,"footnotes":""},"categories":[494],"tags":[418,4715,158,409],"class_list":["post-160745","post","type-post","status-publish","format-standard","has-post-thumbnail","hentry","category-attualita","tag-covid-19","tag-dpcm","tag-eugenio-giani","tag-natale"],"acf":[],"yoast_head":"<!-- This site is optimized with the Yoast SEO Premium plugin v24.2 (Yoast SEO v25.6) - https:\/\/yoast.com\/wordpress\/plugins\/seo\/ -->\n<title>Giani ospite di Porta a Porta: &quot;Il Natale? Era meglio spostarsi in provincia&quot; - intoscana<\/title>\n<meta name=\"description\" content=\"Commentando il nuovo Dpcm, il Presidente della Toscana avrebbe preferito confini pi\u00f9 estesi per gli spostamenti. Sar\u00e0 proposta l&#039;individuazione di aree omogenee nelle quali muoversi\" \/>\n<meta name=\"robots\" content=\"index, follow, max-snippet:-1, max-image-preview:large, max-video-preview:-1\" \/>\n<link rel=\"canonical\" href=\"https:\/\/www.intoscana.it\/it\/giani-porta-a-porta-natale-spostamenti\/\" \/>\n<meta property=\"og:locale\" content=\"it_IT\" \/>\n<meta property=\"og:type\" content=\"article\" \/>\n<meta property=\"og:title\" content=\"Giani ospite di Porta a Porta: &quot;Il Natale? Era meglio spostarsi in provincia&quot;\" \/>\n<meta property=\"og:description\" content=\"Commentando il nuovo Dpcm, il Presidente della Toscana avrebbe preferito confini pi\u00f9 estesi per gli spostamenti. Sar\u00e0 proposta l&#039;individuazione di aree omogenee nelle quali muoversi\" \/>\n<meta property=\"og:url\" content=\"https:\/\/www.intoscana.it\/it\/giani-porta-a-porta-natale-spostamenti\/\" \/>\n<meta property=\"og:site_name\" content=\"intoscana\" \/>\n<meta property=\"article:publisher\" content=\"https:\/\/www.facebook.com\/intoscana.it\" \/>\n<meta property=\"article:published_time\" content=\"2020-12-04T10:14:57+00:00\" \/>\n<meta property=\"og:image\" content=\"https:\/\/www.intoscana.it\/wp-content\/uploads\/Eugio-Giani-Porta-a-Porta.png\" \/>\n\t<meta property=\"og:image:width\" content=\"1800\" \/>\n\t<meta property=\"og:image:height\" content=\"907\" \/>\n\t<meta property=\"og:image:type\" content=\"image\/png\" \/>\n<meta name=\"author\" content=\"Redazione\" \/>\n<meta name=\"twitter:card\" content=\"summary_large_image\" \/>\n<meta name=\"twitter:creator\" content=\"@intoscana\" \/>\n<meta name=\"twitter:site\" content=\"@intoscana\" \/>\n<meta name=\"twitter:label1\" content=\"Written by\" \/>\n\t<meta name=\"twitter:data1\" content=\"Redazione\" \/>\n\t<meta name=\"twitter:label2\" content=\"Est. reading time\" \/>\n\t<meta name=\"twitter:data2\" content=\"3 minuti\" \/>\n<script type=\"application\/ld+json\" class=\"yoast-schema-graph\">{\"@context\":\"https:\/\/schema.org\",\"@graph\":[{\"@type\":\"WebPage\",\"@id\":\"https:\/\/www.intoscana.it\/it\/giani-porta-a-porta-natale-spostamenti\/\",\"url\":\"https:\/\/www.intoscana.it\/it\/giani-porta-a-porta-natale-spostamenti\/\",\"name\":\"Giani ospite di Porta a Porta: \\\"Il Natale? Era meglio spostarsi in provincia\\\" - intoscana\",\"isPartOf\":{\"@id\":\"https:\/\/www.intoscana.it\/it\/#website\"},\"primaryImageOfPage\":{\"@id\":\"https:\/\/www.intoscana.it\/it\/giani-porta-a-porta-natale-spostamenti\/#primaryimage\"},\"image\":{\"@id\":\"https:\/\/www.intoscana.it\/it\/giani-porta-a-porta-natale-spostamenti\/#primaryimage\"},\"thumbnailUrl\":\"https:\/\/www.intoscana.it\/wp-content\/uploads\/Eugio-Giani-Porta-a-Porta.png\",\"datePublished\":\"2020-12-04T10:14:57+00:00\",\"author\":{\"@id\":\"https:\/\/www.intoscana.it\/it\/#\/schema\/person\/9223810753230f20bd670fdd322661f8\"},\"description\":\"Commentando il nuovo Dpcm, il Presidente della Toscana avrebbe preferito confini pi\u00f9 estesi per gli spostamenti. Sar\u00e0 proposta l'individuazione di aree omogenee nelle quali muoversi\",\"breadcrumb\":{\"@id\":\"https:\/\/www.intoscana.it\/it\/giani-porta-a-porta-natale-spostamenti\/#breadcrumb\"},\"inLanguage\":\"it-IT\",\"potentialAction\":[{\"@type\":\"ReadAction\",\"target\":[\"https:\/\/www.intoscana.it\/it\/giani-porta-a-porta-natale-spostamenti\/\"]}]},{\"@type\":\"ImageObject\",\"inLanguage\":\"it-IT\",\"@id\":\"https:\/\/www.intoscana.it\/it\/giani-porta-a-porta-natale-spostamenti\/#primaryimage\",\"url\":\"https:\/\/www.intoscana.it\/wp-content\/uploads\/Eugio-Giani-Porta-a-Porta.png\",\"contentUrl\":\"https:\/\/www.intoscana.it\/wp-content\/uploads\/Eugio-Giani-Porta-a-Porta.png\",\"width\":1800,\"height\":907,\"caption\":\"Eugio Giani ospite di Porta a Porta\"},{\"@type\":\"BreadcrumbList\",\"@id\":\"https:\/\/www.intoscana.it\/it\/giani-porta-a-porta-natale-spostamenti\/#breadcrumb\",\"itemListElement\":[{\"@type\":\"ListItem\",\"position\":1,\"name\":\"Home\",\"item\":\"https:\/\/www.intoscana.it\/it\/\"},{\"@type\":\"ListItem\",\"position\":2,\"name\":\"Giani ospite di Porta a Porta: &#8220;Il Natale? Era meglio spostarsi in provincia&#8221;\"}]},{\"@type\":\"WebSite\",\"@id\":\"https:\/\/www.intoscana.it\/it\/#website\",\"url\":\"https:\/\/www.intoscana.it\/it\/\",\"name\":\"intoscana\",\"description\":\"\",\"potentialAction\":[{\"@type\":\"SearchAction\",\"target\":{\"@type\":\"EntryPoint\",\"urlTemplate\":\"https:\/\/www.intoscana.it\/it\/?s={search_term_string}\"},\"query-input\":{\"@type\":\"PropertyValueSpecification\",\"valueRequired\":true,\"valueName\":\"search_term_string\"}}],\"inLanguage\":\"it-IT\"},{\"@type\":\"Person\",\"@id\":\"https:\/\/www.intoscana.it\/it\/#\/schema\/person\/9223810753230f20bd670fdd322661f8\",\"name\":\"Redazione\",\"url\":\"https:\/\/www.intoscana.it\/it\/author\/redazione\/\"}]}<\/script>\n<!-- \/ Yoast SEO Premium plugin. -->","yoast_head_json":{"title":"Giani ospite di Porta a Porta: \"Il Natale? Era meglio spostarsi in provincia\" - intoscana","description":"Commentando il nuovo Dpcm, il Presidente della Toscana avrebbe preferito confini pi\u00f9 estesi per gli spostamenti. Sar\u00e0 proposta l'individuazione di aree omogenee nelle quali muoversi","robots":{"index":"index","follow":"follow","max-snippet":"max-snippet:-1","max-image-preview":"max-image-preview:large","max-video-preview":"max-video-preview:-1"},"canonical":"https:\/\/www.intoscana.it\/it\/giani-porta-a-porta-natale-spostamenti\/","og_locale":"it_IT","og_type":"article","og_title":"Giani ospite di Porta a Porta: \"Il Natale? Era meglio spostarsi in provincia\"","og_description":"Commentando il nuovo Dpcm, il Presidente della Toscana avrebbe preferito confini pi\u00f9 estesi per gli spostamenti. Sar\u00e0 proposta l'individuazione di aree omogenee nelle quali muoversi","og_url":"https:\/\/www.intoscana.it\/it\/giani-porta-a-porta-natale-spostamenti\/","og_site_name":"intoscana","article_publisher":"https:\/\/www.facebook.com\/intoscana.it","article_published_time":"2020-12-04T10:14:57+00:00","og_image":[{"width":1800,"height":907,"url":"https:\/\/www.intoscana.it\/wp-content\/uploads\/Eugio-Giani-Porta-a-Porta.png","type":"image\/png"}],"author":"Redazione","twitter_card":"summary_large_image","twitter_creator":"@intoscana","twitter_site":"@intoscana","twitter_misc":{"Written by":"Redazione","Est. reading time":"3 minuti"},"schema":{"@context":"https:\/\/schema.org","@graph":[{"@type":"WebPage","@id":"https:\/\/www.intoscana.it\/it\/giani-porta-a-porta-natale-spostamenti\/","url":"https:\/\/www.intoscana.it\/it\/giani-porta-a-porta-natale-spostamenti\/","name":"Giani ospite di Porta a Porta: \"Il Natale? Era meglio spostarsi in provincia\" - intoscana","isPartOf":{"@id":"https:\/\/www.intoscana.it\/it\/#website"},"primaryImageOfPage":{"@id":"https:\/\/www.intoscana.it\/it\/giani-porta-a-porta-natale-spostamenti\/#primaryimage"},"image":{"@id":"https:\/\/www.intoscana.it\/it\/giani-porta-a-porta-natale-spostamenti\/#primaryimage"},"thumbnailUrl":"https:\/\/www.intoscana.it\/wp-content\/uploads\/Eugio-Giani-Porta-a-Porta.png","datePublished":"2020-12-04T10:14:57+00:00","author":{"@id":"https:\/\/www.intoscana.it\/it\/#\/schema\/person\/9223810753230f20bd670fdd322661f8"},"description":"Commentando il nuovo Dpcm, il Presidente della Toscana avrebbe preferito confini pi\u00f9 estesi per gli spostamenti. Sar\u00e0 proposta l'individuazione di aree omogenee nelle quali muoversi","breadcrumb":{"@id":"https:\/\/www.intoscana.it\/it\/giani-porta-a-porta-natale-spostamenti\/#breadcrumb"},"inLanguage":"it-IT","potentialAction":[{"@type":"ReadAction","target":["https:\/\/www.intoscana.it\/it\/giani-porta-a-porta-natale-spostamenti\/"]}]},{"@type":"ImageObject","inLanguage":"it-IT","@id":"https:\/\/www.intoscana.it\/it\/giani-porta-a-porta-natale-spostamenti\/#primaryimage","url":"https:\/\/www.intoscana.it\/wp-content\/uploads\/Eugio-Giani-Porta-a-Porta.png","contentUrl":"https:\/\/www.intoscana.it\/wp-content\/uploads\/Eugio-Giani-Porta-a-Porta.png","width":1800,"height":907,"caption":"Eugio Giani ospite di Porta a Porta"},{"@type":"BreadcrumbList","@id":"https:\/\/www.intoscana.it\/it\/giani-porta-a-porta-natale-spostamenti\/#breadcrumb","itemListElement":[{"@type":"ListItem","position":1,"name":"Home","item":"https:\/\/www.intoscana.it\/it\/"},{"@type":"ListItem","position":2,"name":"Giani ospite di Porta a Porta: &#8220;Il Natale? Era meglio spostarsi in provincia&#8221;"}]},{"@type":"WebSite","@id":"https:\/\/www.intoscana.it\/it\/#website","url":"https:\/\/www.intoscana.it\/it\/","name":"intoscana","description":"","potentialAction":[{"@type":"SearchAction","target":{"@type":"EntryPoint","urlTemplate":"https:\/\/www.intoscana.it\/it\/?s={search_term_string}"},"query-input":{"@type":"PropertyValueSpecification","valueRequired":true,"valueName":"search_term_string"}}],"inLanguage":"it-IT"},{"@type":"Person","@id":"https:\/\/www.intoscana.it\/it\/#\/schema\/person\/9223810753230f20bd670fdd322661f8","name":"Redazione","url":"https:\/\/www.intoscana.it\/it\/author\/redazione\/"}]}},"_links":{"self":[{"href":"https:\/\/www.intoscana.it\/it\/wp-json\/wp\/v2\/posts\/160745","targetHints":{"allow":["GET"]}}],"collection":[{"href":"https:\/\/www.intoscana.it\/it\/wp-json\/wp\/v2\/posts"}],"about":[{"href":"https:\/\/www.intoscana.it\/it\/wp-json\/wp\/v2\/types\/post"}],"author":[{"embeddable":true,"href":"https:\/\/www.intoscana.it\/it\/wp-json\/wp\/v2\/users\/525"}],"replies":[{"embeddable":true,"href":"https:\/\/www.intoscana.it\/it\/wp-json\/wp\/v2\/comments?post=160745"}],"version-history":[{"count":0,"href":"https:\/\/www.intoscana.it\/it\/wp-json\/wp\/v2\/posts\/160745\/revisions"}],"wp:featuredmedia":[{"embeddable":true,"href":"https:\/\/www.intoscana.it\/it\/wp-json\/wp\/v2\/media\/160746"}],"wp:attachment":[{"href":"https:\/\/www.intoscana.it\/it\/wp-json\/wp\/v2\/media?parent=160745"}],"wp:term":[{"taxonomy":"category","embeddable":true,"href":"https:\/\/www.intoscana.it\/it\/wp-json\/wp\/v2\/categories?post=160745"},{"taxonomy":"post_tag","embeddable":true,"href":"https:\/\/www.intoscana.it\/it\/wp-json\/wp\/v2\/tags?post=160745"}],"curies":[{"name":"wp","href":"https:\/\/api.w.org\/{rel}","templated":true}]}}