{"id":160920,"date":"2020-12-05T11:17:07","date_gmt":"2020-12-05T10:17:07","guid":{"rendered":"https:\/\/www.intoscana.it\/it\/?p=160920"},"modified":"2020-12-06T11:26:56","modified_gmt":"2020-12-06T10:26:56","slug":"zona-arancione-da-domenica-via-allo-shopping-ma-firenze-e-sorvegliata-speciale","status":"publish","type":"post","link":"https:\/\/www.intoscana.it\/it\/zona-arancione-da-domenica-via-allo-shopping-ma-firenze-e-sorvegliata-speciale\/","title":{"rendered":"Zona arancione: da domenica via allo shopping ma Firenze \u00e8 &#8220;sorvegliata speciale&#8221;"},"content":{"rendered":"<p>Ormai \u00e8 ufficiale <a href=\"https:\/\/www.intoscana.it\/it\/articolo\/toscana-zona-arancione-domenica-ufficiale\/\" target=\"_blank\" rel=\"noopener noreferrer\"><strong>da domenica 6 dicembre la Toscana torna zona arancione<\/strong><\/a> e pu\u00f2 prendere il via lo shopping natalizio. C&#8217;\u00e8 per\u00f2 chi frena l&#8217;entusiasmo e corre ai ripari, ieri sera<strong> dalla sua pagina Facebook il sindaco di Firenze Dario Nardella<\/strong> ha fatto sapere che le principali vie del capoluogo toscano saranno sorvegliate per evitare assembramenti.<\/p>\n<p>&#8220;Abbiamo individuato <strong>cinque aree di massima allerta nella citt\u00e0 che sono le aree dove c&#8217;\u00e8 pi\u00f9 concentrazione di attivit\u00e0 commerciali, artigianali, dove si concentrer\u00e0 lo shopping natalizio<\/strong>. In queste aree noi potenzieremo i controlli in chiave assembramenti. <strong>I controlli saranno attivati dal 6 dicembre fino al giorno di Natale nei fine settimana, nelle giornate dell&#8217;8 e del 24 dicembre<\/strong> con particolare attenzione nella <strong>fascia oraria 13-19<\/strong> quando c&#8217;\u00e8 un maggiore afflusso di persone. Ci saranno giorni e fasce orarie da <strong>bollino rosso&#8221;.\u00a0<\/strong><\/p>\n<h3>I luoghi a rischio<\/h3>\n<p>Saranno sorvegliati speciali in particolare <strong>via Calzaiuoli, via Pietrapiana-Borgo La Croce, via Gioberti, viale Europa e San Donato a Novoli.<\/strong><\/p>\n<p><iframe loading=\"lazy\" style=\"border: none; overflow: hidden;\" src=\"https:\/\/www.facebook.com\/plugins\/video.php?height=476&amp;href=https%3A%2F%2Fwww.facebook.com%2Fdarionardella%2Fvideos%2F333392611421946%2F&amp;show_text=false&amp;width=267\" width=\"267\" height=\"476\" frameborder=\"0\" scrolling=\"no\" allowfullscreen=\"allowfullscreen\"><\/iframe><\/p>\n","protected":false},"excerpt":{"rendered":"<p>Cinque le aree a rischio che saranno controllate dalle forze dell&#8217;ordine sotto massima allerta. L&#8217;appello del sindaco Dario Nardella alla massima attenzione<\/p>\n","protected":false},"author":525,"featured_media":160921,"comment_status":"open","ping_status":"open","sticky":false,"template":"","format":"standard","meta":{"_acf_changed":false,"footnotes":""},"categories":[494],"tags":[418,202,4887],"class_list":["post-160920","post","type-post","status-publish","format-standard","has-post-thumbnail","hentry","category-attualita","tag-covid-19","tag-firenze","tag-zona-arancione"],"acf":[],"yoast_head":"<!-- This site is optimized with the Yoast SEO Premium plugin v24.2 (Yoast SEO v25.6) - https:\/\/yoast.com\/wordpress\/plugins\/seo\/ -->\n<title>Zona arancione: da domenica via allo shopping ma Firenze \u00e8 &quot;sorvegliata speciale&quot; - intoscana<\/title>\n<meta name=\"description\" content=\"Cinque le aree a rischio del capoluogo fiorentino che saranno controllate dalle forze dell&#039;ordine sotto massima allerta\u00a0\" \/>\n<meta name=\"robots\" content=\"index, follow, max-snippet:-1, max-image-preview:large, max-video-preview:-1\" \/>\n<link rel=\"canonical\" href=\"https:\/\/www.intoscana.it\/it\/zona-arancione-da-domenica-via-allo-shopping-ma-firenze-e-sorvegliata-speciale\/\" \/>\n<meta property=\"og:locale\" content=\"it_IT\" \/>\n<meta property=\"og:type\" content=\"article\" \/>\n<meta property=\"og:title\" content=\"Zona arancione: da domenica via allo shopping ma Firenze \u00e8 &quot;sorvegliata speciale&quot;\" \/>\n<meta property=\"og:description\" content=\"Cinque le aree a rischio del capoluogo fiorentino che saranno controllate dalle forze dell&#039;ordine sotto massima allerta\u00a0\" \/>\n<meta property=\"og:url\" content=\"https:\/\/www.intoscana.it\/it\/zona-arancione-da-domenica-via-allo-shopping-ma-firenze-e-sorvegliata-speciale\/\" \/>\n<meta property=\"og:site_name\" content=\"intoscana\" \/>\n<meta property=\"article:publisher\" content=\"https:\/\/www.facebook.com\/intoscana.it\" \/>\n<meta property=\"article:published_time\" content=\"2020-12-05T10:17:07+00:00\" \/>\n<meta property=\"article:modified_time\" content=\"2020-12-06T10:26:56+00:00\" \/>\n<meta property=\"og:image\" content=\"https:\/\/www.intoscana.it\/wp-content\/uploads\/Firenze-a-Natale-scaled.jpg\" \/>\n\t<meta property=\"og:image:width\" content=\"2048\" \/>\n\t<meta property=\"og:image:height\" content=\"1366\" \/>\n\t<meta property=\"og:image:type\" content=\"image\/jpeg\" \/>\n<meta name=\"author\" content=\"Redazione\" \/>\n<meta name=\"twitter:card\" content=\"summary_large_image\" \/>\n<meta name=\"twitter:creator\" content=\"@intoscana\" \/>\n<meta name=\"twitter:site\" content=\"@intoscana\" \/>\n<meta name=\"twitter:label1\" content=\"Written by\" \/>\n\t<meta name=\"twitter:data1\" content=\"Redazione\" \/>\n\t<meta name=\"twitter:label2\" content=\"Est. reading time\" \/>\n\t<meta name=\"twitter:data2\" content=\"1 minuto\" \/>\n<script type=\"application\/ld+json\" class=\"yoast-schema-graph\">{\"@context\":\"https:\/\/schema.org\",\"@graph\":[{\"@type\":\"WebPage\",\"@id\":\"https:\/\/www.intoscana.it\/it\/zona-arancione-da-domenica-via-allo-shopping-ma-firenze-e-sorvegliata-speciale\/\",\"url\":\"https:\/\/www.intoscana.it\/it\/zona-arancione-da-domenica-via-allo-shopping-ma-firenze-e-sorvegliata-speciale\/\",\"name\":\"Zona arancione: da domenica via allo shopping ma Firenze \u00e8 \\\"sorvegliata speciale\\\" - intoscana\",\"isPartOf\":{\"@id\":\"https:\/\/www.intoscana.it\/it\/#website\"},\"primaryImageOfPage\":{\"@id\":\"https:\/\/www.intoscana.it\/it\/zona-arancione-da-domenica-via-allo-shopping-ma-firenze-e-sorvegliata-speciale\/#primaryimage\"},\"image\":{\"@id\":\"https:\/\/www.intoscana.it\/it\/zona-arancione-da-domenica-via-allo-shopping-ma-firenze-e-sorvegliata-speciale\/#primaryimage\"},\"thumbnailUrl\":\"https:\/\/www.intoscana.it\/wp-content\/uploads\/Firenze-a-Natale-scaled.jpg\",\"datePublished\":\"2020-12-05T10:17:07+00:00\",\"dateModified\":\"2020-12-06T10:26:56+00:00\",\"author\":{\"@id\":\"https:\/\/www.intoscana.it\/it\/#\/schema\/person\/9223810753230f20bd670fdd322661f8\"},\"description\":\"Cinque le aree a rischio del capoluogo fiorentino che saranno controllate dalle forze dell'ordine sotto massima allerta\u00a0\",\"breadcrumb\":{\"@id\":\"https:\/\/www.intoscana.it\/it\/zona-arancione-da-domenica-via-allo-shopping-ma-firenze-e-sorvegliata-speciale\/#breadcrumb\"},\"inLanguage\":\"it-IT\",\"potentialAction\":[{\"@type\":\"ReadAction\",\"target\":[\"https:\/\/www.intoscana.it\/it\/zona-arancione-da-domenica-via-allo-shopping-ma-firenze-e-sorvegliata-speciale\/\"]}]},{\"@type\":\"ImageObject\",\"inLanguage\":\"it-IT\",\"@id\":\"https:\/\/www.intoscana.it\/it\/zona-arancione-da-domenica-via-allo-shopping-ma-firenze-e-sorvegliata-speciale\/#primaryimage\",\"url\":\"https:\/\/www.intoscana.it\/wp-content\/uploads\/Firenze-a-Natale-scaled.jpg\",\"contentUrl\":\"https:\/\/www.intoscana.it\/wp-content\/uploads\/Firenze-a-Natale-scaled.jpg\",\"width\":2048,\"height\":1366},{\"@type\":\"BreadcrumbList\",\"@id\":\"https:\/\/www.intoscana.it\/it\/zona-arancione-da-domenica-via-allo-shopping-ma-firenze-e-sorvegliata-speciale\/#breadcrumb\",\"itemListElement\":[{\"@type\":\"ListItem\",\"position\":1,\"name\":\"Home\",\"item\":\"https:\/\/www.intoscana.it\/it\/\"},{\"@type\":\"ListItem\",\"position\":2,\"name\":\"Zona arancione: da domenica via allo shopping ma Firenze \u00e8 &#8220;sorvegliata speciale&#8221;\"}]},{\"@type\":\"WebSite\",\"@id\":\"https:\/\/www.intoscana.it\/it\/#website\",\"url\":\"https:\/\/www.intoscana.it\/it\/\",\"name\":\"intoscana\",\"description\":\"\",\"potentialAction\":[{\"@type\":\"SearchAction\",\"target\":{\"@type\":\"EntryPoint\",\"urlTemplate\":\"https:\/\/www.intoscana.it\/it\/?s={search_term_string}\"},\"query-input\":{\"@type\":\"PropertyValueSpecification\",\"valueRequired\":true,\"valueName\":\"search_term_string\"}}],\"inLanguage\":\"it-IT\"},{\"@type\":\"Person\",\"@id\":\"https:\/\/www.intoscana.it\/it\/#\/schema\/person\/9223810753230f20bd670fdd322661f8\",\"name\":\"Redazione\",\"url\":\"https:\/\/www.intoscana.it\/it\/author\/redazione\/\"}]}<\/script>\n<!-- \/ Yoast SEO Premium plugin. -->","yoast_head_json":{"title":"Zona arancione: da domenica via allo shopping ma Firenze \u00e8 \"sorvegliata speciale\" - intoscana","description":"Cinque le aree a rischio del capoluogo fiorentino che saranno controllate dalle forze dell'ordine sotto massima allerta\u00a0","robots":{"index":"index","follow":"follow","max-snippet":"max-snippet:-1","max-image-preview":"max-image-preview:large","max-video-preview":"max-video-preview:-1"},"canonical":"https:\/\/www.intoscana.it\/it\/zona-arancione-da-domenica-via-allo-shopping-ma-firenze-e-sorvegliata-speciale\/","og_locale":"it_IT","og_type":"article","og_title":"Zona arancione: da domenica via allo shopping ma Firenze \u00e8 \"sorvegliata speciale\"","og_description":"Cinque le aree a rischio del capoluogo fiorentino che saranno controllate dalle forze dell'ordine sotto massima allerta\u00a0","og_url":"https:\/\/www.intoscana.it\/it\/zona-arancione-da-domenica-via-allo-shopping-ma-firenze-e-sorvegliata-speciale\/","og_site_name":"intoscana","article_publisher":"https:\/\/www.facebook.com\/intoscana.it","article_published_time":"2020-12-05T10:17:07+00:00","article_modified_time":"2020-12-06T10:26:56+00:00","og_image":[{"width":2048,"height":1366,"url":"https:\/\/www.intoscana.it\/wp-content\/uploads\/Firenze-a-Natale-scaled.jpg","type":"image\/jpeg"}],"author":"Redazione","twitter_card":"summary_large_image","twitter_creator":"@intoscana","twitter_site":"@intoscana","twitter_misc":{"Written by":"Redazione","Est. reading time":"1 minuto"},"schema":{"@context":"https:\/\/schema.org","@graph":[{"@type":"WebPage","@id":"https:\/\/www.intoscana.it\/it\/zona-arancione-da-domenica-via-allo-shopping-ma-firenze-e-sorvegliata-speciale\/","url":"https:\/\/www.intoscana.it\/it\/zona-arancione-da-domenica-via-allo-shopping-ma-firenze-e-sorvegliata-speciale\/","name":"Zona arancione: da domenica via allo shopping ma Firenze \u00e8 \"sorvegliata speciale\" - intoscana","isPartOf":{"@id":"https:\/\/www.intoscana.it\/it\/#website"},"primaryImageOfPage":{"@id":"https:\/\/www.intoscana.it\/it\/zona-arancione-da-domenica-via-allo-shopping-ma-firenze-e-sorvegliata-speciale\/#primaryimage"},"image":{"@id":"https:\/\/www.intoscana.it\/it\/zona-arancione-da-domenica-via-allo-shopping-ma-firenze-e-sorvegliata-speciale\/#primaryimage"},"thumbnailUrl":"https:\/\/www.intoscana.it\/wp-content\/uploads\/Firenze-a-Natale-scaled.jpg","datePublished":"2020-12-05T10:17:07+00:00","dateModified":"2020-12-06T10:26:56+00:00","author":{"@id":"https:\/\/www.intoscana.it\/it\/#\/schema\/person\/9223810753230f20bd670fdd322661f8"},"description":"Cinque le aree a rischio del capoluogo fiorentino che saranno controllate dalle forze dell'ordine sotto massima allerta\u00a0","breadcrumb":{"@id":"https:\/\/www.intoscana.it\/it\/zona-arancione-da-domenica-via-allo-shopping-ma-firenze-e-sorvegliata-speciale\/#breadcrumb"},"inLanguage":"it-IT","potentialAction":[{"@type":"ReadAction","target":["https:\/\/www.intoscana.it\/it\/zona-arancione-da-domenica-via-allo-shopping-ma-firenze-e-sorvegliata-speciale\/"]}]},{"@type":"ImageObject","inLanguage":"it-IT","@id":"https:\/\/www.intoscana.it\/it\/zona-arancione-da-domenica-via-allo-shopping-ma-firenze-e-sorvegliata-speciale\/#primaryimage","url":"https:\/\/www.intoscana.it\/wp-content\/uploads\/Firenze-a-Natale-scaled.jpg","contentUrl":"https:\/\/www.intoscana.it\/wp-content\/uploads\/Firenze-a-Natale-scaled.jpg","width":2048,"height":1366},{"@type":"BreadcrumbList","@id":"https:\/\/www.intoscana.it\/it\/zona-arancione-da-domenica-via-allo-shopping-ma-firenze-e-sorvegliata-speciale\/#breadcrumb","itemListElement":[{"@type":"ListItem","position":1,"name":"Home","item":"https:\/\/www.intoscana.it\/it\/"},{"@type":"ListItem","position":2,"name":"Zona arancione: da domenica via allo shopping ma Firenze \u00e8 &#8220;sorvegliata speciale&#8221;"}]},{"@type":"WebSite","@id":"https:\/\/www.intoscana.it\/it\/#website","url":"https:\/\/www.intoscana.it\/it\/","name":"intoscana","description":"","potentialAction":[{"@type":"SearchAction","target":{"@type":"EntryPoint","urlTemplate":"https:\/\/www.intoscana.it\/it\/?s={search_term_string}"},"query-input":{"@type":"PropertyValueSpecification","valueRequired":true,"valueName":"search_term_string"}}],"inLanguage":"it-IT"},{"@type":"Person","@id":"https:\/\/www.intoscana.it\/it\/#\/schema\/person\/9223810753230f20bd670fdd322661f8","name":"Redazione","url":"https:\/\/www.intoscana.it\/it\/author\/redazione\/"}]}},"_links":{"self":[{"href":"https:\/\/www.intoscana.it\/it\/wp-json\/wp\/v2\/posts\/160920","targetHints":{"allow":["GET"]}}],"collection":[{"href":"https:\/\/www.intoscana.it\/it\/wp-json\/wp\/v2\/posts"}],"about":[{"href":"https:\/\/www.intoscana.it\/it\/wp-json\/wp\/v2\/types\/post"}],"author":[{"embeddable":true,"href":"https:\/\/www.intoscana.it\/it\/wp-json\/wp\/v2\/users\/525"}],"replies":[{"embeddable":true,"href":"https:\/\/www.intoscana.it\/it\/wp-json\/wp\/v2\/comments?post=160920"}],"version-history":[{"count":0,"href":"https:\/\/www.intoscana.it\/it\/wp-json\/wp\/v2\/posts\/160920\/revisions"}],"wp:featuredmedia":[{"embeddable":true,"href":"https:\/\/www.intoscana.it\/it\/wp-json\/wp\/v2\/media\/160921"}],"wp:attachment":[{"href":"https:\/\/www.intoscana.it\/it\/wp-json\/wp\/v2\/media?parent=160920"}],"wp:term":[{"taxonomy":"category","embeddable":true,"href":"https:\/\/www.intoscana.it\/it\/wp-json\/wp\/v2\/categories?post=160920"},{"taxonomy":"post_tag","embeddable":true,"href":"https:\/\/www.intoscana.it\/it\/wp-json\/wp\/v2\/tags?post=160920"}],"curies":[{"name":"wp","href":"https:\/\/api.w.org\/{rel}","templated":true}]}}