{"id":160929,"date":"2020-12-05T14:55:48","date_gmt":"2020-12-05T13:55:48","guid":{"rendered":"https:\/\/www.intoscana.it\/it\/?p=160929"},"modified":"2020-12-29T09:41:30","modified_gmt":"2020-12-29T08:41:30","slug":"eugenio-giani-106-mila-dosi-di-vaccino-a-meta-gennaio-in-toscana","status":"publish","type":"post","link":"https:\/\/www.intoscana.it\/it\/eugenio-giani-106-mila-dosi-di-vaccino-a-meta-gennaio-in-toscana\/","title":{"rendered":"Eugenio Giani: &#8220;106 mila dosi di vaccino a met\u00e0 gennaio in Toscana&#8221;"},"content":{"rendered":"<p>&#8220;<strong>Ci stiamo organizzando in Toscana per la pi\u00f9 grande campagna di vaccinazione della storia<\/strong> per raggiungere l&#8217;immunit\u00e0 di gregge. &#8211; ha dichiarato <strong>il presidente della Regione Toscana Eugenio Giani<\/strong> in una diretta sulla sua pagina Facebook. &#8211; \u00a0<strong>Stiamo attrezzando 12 ospedali, a met\u00e0 gennaio avremo 106 mila dosi di vaccino<\/strong> che dovranno avere un richiamo il mese dopo. <strong>Stiamo stilando con un software specifico la graduatoria sulle categorie che per prime avranno accesso al vaccino.<\/strong> Prima chi lavora sul fronte sanitario <strong>come medici e infermieri, poi gli anziani e chi opera al pubblico come chi lavora nei trasporti, maestre, insegnanti e forze dell&#8217;ordine,<\/strong> le persone pi\u00f9 esposte. Ma non ci fermeremo certo qui, <strong>3 milioni e 700 mila abitanti della Toscana dovranno essere vaccinati<\/strong>.&#8221;<\/p>\n<h3>Il piano anti-Covid<\/h3>\n<p><strong>Il piano anti Covid che abbiamo messo in campo<\/strong> &#8211; ha proseguito il <strong>governatore della Toscana<\/strong> &#8211; <strong>vuole evitare che nei 20 giorni che ci separano dal Natale si crei una terza ondata<\/strong>.\u00a0Le tre &#8220;T&#8221; continuano a essere il nostro impegno: <strong>testare, tracciare, trattare<\/strong>.<br \/>\n<strong>Testare vuol dire fornire ogni giorno 20 mila dosi di test molecolari<\/strong>, rapidi e io voglio continuare con questo ritmo, \u00e8 uno degli obiettivi del nostro sistema sanitario con l&#8217;appoggio dei laboratori e del medici di base.<br \/>\n<strong>Tracciare<\/strong> cio\u00e8 isolare subito la persona contagiata \u00e8 fondamentale per circoscrivere i contagi e siamo<strong> la prima regione in Italia che ha assunto 500 persone<\/strong>\u00a0ad Arezzo, Carrara\u00a0e Firenze per farlo. <strong>Trattare vuol dire reperire gli spazi per i pazienti<\/strong>. L&#8217;8 dicembre a Prato inaugureremo il <strong>Centro Toscana Covid che ospiter\u00e0\u00a0191 persone<\/strong>. Poi arriveranno nuovi posti letto a Lucca e a Prato. \u00a0L&#8217;obiettivo \u00e8 <strong>evitare che il Covid\u00a0vada a gravare sugli altri reparti degli ospedali toscani.<\/strong><\/p>\n<h3>Toscana zona arancione: le nuove regole<\/h3>\n<p><strong>Il ritorno alla zona arancione<\/strong> &#8211; ha dichiarato Giani &#8211; porta la possibilit\u00e0 di <a href=\"https:\/\/www.intoscana.it\/it\/articolo\/zona-arancione-da-domenica-via-allo-shopping-ma-firenze-e-sorvegliata-speciale\/\" target=\"_blank\" rel=\"noopener noreferrer\"><strong>riaprire i negozi<\/strong> e <strong>una maggiore possibilit\u00e0 di movimento per il singolo cittadino<\/strong> <\/a>che pu\u00f2 circolare <strong>senza certificazione all&#8217;interno del proprio comune.<\/strong> I ristoranti, come saprete, ancora non riaprono. Ma io voglio che vi sia consapevolezza che\u00a0il nemico \u00e8 sempre davanti a noi, il Covid \u00e8 sempre presente anche se i dati sono buoni. <strong>769 contagiati sono sempre un bel numero. <\/strong>Abbiamo<strong>\u00a0oltre 250 persone in terapia intensiva a fronte di 550 postazioni disponibili.<\/strong><\/p>\n<div class=\"o9v6fnle cxmmr5t8 oygrvhab hcukyx3x c1et5uql ii04i59q\">\n<div dir=\"auto\"><strong>Sono consentiti gli spostamenti in un comune diverso da quello di residenza, domicilio o abitazione:<\/strong><\/div>\n<div dir=\"auto\">In comuni limitrofi per prodotti necessari alle proprie esigenze o per maggiore convenienza economica, anche per accedere ai ristoranti con asporto;<\/div>\n<div dir=\"auto\">In comuni limitrofi per usufruire, in caso di rapporto fiduciario consolidato, di attivit\u00e0 e servizi alla persona (ad esempio parrucchieri, estetisti, carrozzieri)<\/div>\n<div dir=\"auto\">Per andare a trovare, anche in comuni di aree differenti, i figli presso l\u2019altro genitore;<\/div>\n<div dir=\"auto\">Per la cura dei terreni e l\u2019attivit\u00e0 diretta alla produzione per autoconsumo;<\/div>\n<div dir=\"auto\">Per raggiungere seconde case, camper o roulotte, imbarcazioni di propriet\u00e0 per manutenzione e riparazione necessarie e urgenti in tutta la Regione;<\/div>\n<div dir=\"auto\">Per attivit\u00e0 di raccolti tartufi e funghi a titolo professionale;<\/div>\n<div dir=\"auto\">\n<p>Per accudire gli animali allevati.<\/p>\n<\/div>\n<\/div>\n<div class=\"o9v6fnle cxmmr5t8 oygrvhab hcukyx3x c1et5uql ii04i59q\">\n<div dir=\"auto\"><strong>\u00c8 consentito svolgere:<\/strong><\/div>\n<div dir=\"auto\">Attivit\u00e0 dei centri estetici;<\/div>\n<div dir=\"auto\">Attivit\u00e0 da parte degli esercizi di toelettatura degli animali;<\/div>\n<div dir=\"auto\">Attivit\u00e0 di controllo faunistico ai sensi dell\u2019art 37 della LR 3\/1994 e nel rispetto delle condizioni previste;<\/div>\n<div dir=\"auto\">Attivit\u00e0 venatoria nel comune di residenza, domicilio o abitazione, nell\u2019ATC di residenza venatoria e negli appostamenti fissi autorizzati dalla Regione;<\/div>\n<div dir=\"auto\">Attivit\u00e0 di pesca sportiva e dilettantistica nella propria provincia di residenza, domicilio o abitazione in forma individuale.<\/div>\n<\/div>\n<h3>I congiunti<\/h3>\n<p>Un argomento che non ho potuto affrontare con il ministro Speranza \u00e8 quello dei congiunti, <strong>so che il rapporto affettivo non \u00e8 creato da un vincolo istituzionale, spesso \u00e8 al di l\u00e0 del matrimonio<\/strong>. Persone che vivono rapporti che non sono ancora &#8220;istituzionali&#8221; si trovano a vivere con drammaticit\u00e0 questa situazione,<strong> ma sono convinto che prima torneremo in zona gialla, prima risolveremo questa situazione.<\/strong> Per quanto riguarda la zona gialla, non servono pi\u00f9 14 giorni, il potere \u00e8 al<strong> Comitato tecnico scientifico<\/strong> e quindi sar\u00e0 la sua valutazione a decidere tutto.<\/p>\n<p><strong>Il Covid \u00e8 pericoloso, &#8211;<\/strong> ha concluso Eugenio Giani &#8211; ciascuno di noi deve responsabilizzarsi e fronteggiare la terribile diffusione del contagio. Cominciamo a vedere la luce, perch\u00e8\u00a0i dati stanno migliorando, poi <strong><a href=\"https:\/\/www.intoscana.it\/it\/articolo\/la-cura-al-covid-da-toscana-life-sciences-a-marzo-pronto-il-farmaco-con-gli-anticorpi-monoclonali\/\" target=\"_blank\" rel=\"noopener noreferrer\">a marzo arriver\u00e0 anche la medicina &#8220;Made in Tuscany&#8221; della Toscana Life Science<\/a>,<\/strong> un farmaco che <strong>grazie agli anticorpi monoclonali potr\u00e0 prevenire e curare il virus.<\/strong><\/p>\n<h3>La diretta Facebook del presidente<\/h3>\n<p><iframe loading=\"lazy\" style=\"border: none; overflow: hidden;\" src=\"https:\/\/www.facebook.com\/plugins\/video.php?height=314&amp;href=https%3A%2F%2Fwww.facebook.com%2FEugenioGianiUfficiale%2Fvideos%2F419291629205736%2F&amp;show_text=false&amp;width=560\" width=\"560\" height=\"314\" frameborder=\"0\" scrolling=\"no\" allowfullscreen=\"allowfullscreen\"><\/iframe><\/p>\n","protected":false},"excerpt":{"rendered":"<p>Prosegue il piano anti-Covid della Regione Toscana che si basa sulle tre &#8220;T&#8221;: testare, tracciare, trattare<\/p>\n","protected":false},"author":518,"featured_media":160931,"comment_status":"open","ping_status":"open","sticky":false,"template":"","format":"standard","meta":{"_acf_changed":false,"footnotes":""},"categories":[494],"tags":[418,158,151,4698,5225],"class_list":["post-160929","post","type-post","status-publish","format-standard","has-post-thumbnail","hentry","category-attualita","tag-covid-19","tag-eugenio-giani","tag-regione-toscana","tag-vaccino","tag-vaccino-covid"],"acf":[],"yoast_head":"<!-- This site is optimized with the Yoast SEO Premium plugin v24.2 (Yoast SEO v25.6) - https:\/\/yoast.com\/wordpress\/plugins\/seo\/ -->\n<title>Eugenio Giani: &quot;106 mila dosi di vaccino a met\u00e0 gennaio in Toscana&quot; - intoscana<\/title>\n<meta name=\"description\" content=\"Prosegue il piano anti-Covid della Regione Toscana messo in campo da Eugenio Giani che si basa sulle tre &quot;T&quot;: testare, tracciare, trattare\" \/>\n<meta name=\"robots\" content=\"index, follow, max-snippet:-1, max-image-preview:large, max-video-preview:-1\" \/>\n<link rel=\"canonical\" href=\"https:\/\/www.intoscana.it\/it\/eugenio-giani-106-mila-dosi-di-vaccino-a-meta-gennaio-in-toscana\/\" \/>\n<meta property=\"og:locale\" content=\"it_IT\" \/>\n<meta property=\"og:type\" content=\"article\" \/>\n<meta property=\"og:title\" content=\"Eugenio Giani: &quot;106 mila dosi di vaccino a met\u00e0 gennaio in Toscana&quot;\" \/>\n<meta property=\"og:description\" content=\"Prosegue il piano anti-Covid della Regione Toscana messo in campo da Eugenio Giani che si basa sulle tre &quot;T&quot;: testare, tracciare, trattare\" \/>\n<meta property=\"og:url\" content=\"https:\/\/www.intoscana.it\/it\/eugenio-giani-106-mila-dosi-di-vaccino-a-meta-gennaio-in-toscana\/\" \/>\n<meta property=\"og:site_name\" content=\"intoscana\" \/>\n<meta property=\"article:publisher\" content=\"https:\/\/www.facebook.com\/intoscana.it\" \/>\n<meta property=\"article:published_time\" content=\"2020-12-05T13:55:48+00:00\" \/>\n<meta property=\"article:modified_time\" content=\"2020-12-29T08:41:30+00:00\" \/>\n<meta property=\"og:image\" content=\"https:\/\/www.intoscana.it\/wp-content\/uploads\/Eugenio-Giani.jpeg\" \/>\n\t<meta property=\"og:image:width\" content=\"1835\" \/>\n\t<meta property=\"og:image:height\" content=\"1086\" \/>\n\t<meta property=\"og:image:type\" content=\"image\/jpeg\" \/>\n<meta name=\"author\" content=\"Costanza Baldini\" \/>\n<meta name=\"twitter:card\" content=\"summary_large_image\" \/>\n<meta name=\"twitter:creator\" content=\"@intoscana\" \/>\n<meta name=\"twitter:site\" content=\"@intoscana\" \/>\n<meta name=\"twitter:label1\" content=\"Written by\" \/>\n\t<meta name=\"twitter:data1\" content=\"Costanza Baldini\" \/>\n\t<meta name=\"twitter:label2\" content=\"Est. reading time\" \/>\n\t<meta name=\"twitter:data2\" content=\"4 minuti\" \/>\n<script type=\"application\/ld+json\" class=\"yoast-schema-graph\">{\"@context\":\"https:\/\/schema.org\",\"@graph\":[{\"@type\":\"WebPage\",\"@id\":\"https:\/\/www.intoscana.it\/it\/eugenio-giani-106-mila-dosi-di-vaccino-a-meta-gennaio-in-toscana\/\",\"url\":\"https:\/\/www.intoscana.it\/it\/eugenio-giani-106-mila-dosi-di-vaccino-a-meta-gennaio-in-toscana\/\",\"name\":\"Eugenio Giani: \\\"106 mila dosi di vaccino a met\u00e0 gennaio in Toscana\\\" - intoscana\",\"isPartOf\":{\"@id\":\"https:\/\/www.intoscana.it\/it\/#website\"},\"primaryImageOfPage\":{\"@id\":\"https:\/\/www.intoscana.it\/it\/eugenio-giani-106-mila-dosi-di-vaccino-a-meta-gennaio-in-toscana\/#primaryimage\"},\"image\":{\"@id\":\"https:\/\/www.intoscana.it\/it\/eugenio-giani-106-mila-dosi-di-vaccino-a-meta-gennaio-in-toscana\/#primaryimage\"},\"thumbnailUrl\":\"https:\/\/www.intoscana.it\/wp-content\/uploads\/Eugenio-Giani.jpeg\",\"datePublished\":\"2020-12-05T13:55:48+00:00\",\"dateModified\":\"2020-12-29T08:41:30+00:00\",\"author\":{\"@id\":\"https:\/\/www.intoscana.it\/it\/#\/schema\/person\/d469f35f09739bdf00bf5dd3f0647a82\"},\"description\":\"Prosegue il piano anti-Covid della Regione Toscana messo in campo da Eugenio Giani che si basa sulle tre \\\"T\\\": testare, tracciare, trattare\",\"breadcrumb\":{\"@id\":\"https:\/\/www.intoscana.it\/it\/eugenio-giani-106-mila-dosi-di-vaccino-a-meta-gennaio-in-toscana\/#breadcrumb\"},\"inLanguage\":\"it-IT\",\"potentialAction\":[{\"@type\":\"ReadAction\",\"target\":[\"https:\/\/www.intoscana.it\/it\/eugenio-giani-106-mila-dosi-di-vaccino-a-meta-gennaio-in-toscana\/\"]}]},{\"@type\":\"ImageObject\",\"inLanguage\":\"it-IT\",\"@id\":\"https:\/\/www.intoscana.it\/it\/eugenio-giani-106-mila-dosi-di-vaccino-a-meta-gennaio-in-toscana\/#primaryimage\",\"url\":\"https:\/\/www.intoscana.it\/wp-content\/uploads\/Eugenio-Giani.jpeg\",\"contentUrl\":\"https:\/\/www.intoscana.it\/wp-content\/uploads\/Eugenio-Giani.jpeg\",\"width\":1835,\"height\":1086},{\"@type\":\"BreadcrumbList\",\"@id\":\"https:\/\/www.intoscana.it\/it\/eugenio-giani-106-mila-dosi-di-vaccino-a-meta-gennaio-in-toscana\/#breadcrumb\",\"itemListElement\":[{\"@type\":\"ListItem\",\"position\":1,\"name\":\"Home\",\"item\":\"https:\/\/www.intoscana.it\/it\/\"},{\"@type\":\"ListItem\",\"position\":2,\"name\":\"Eugenio Giani: &#8220;106 mila dosi di vaccino a met\u00e0 gennaio in Toscana&#8221;\"}]},{\"@type\":\"WebSite\",\"@id\":\"https:\/\/www.intoscana.it\/it\/#website\",\"url\":\"https:\/\/www.intoscana.it\/it\/\",\"name\":\"intoscana\",\"description\":\"\",\"potentialAction\":[{\"@type\":\"SearchAction\",\"target\":{\"@type\":\"EntryPoint\",\"urlTemplate\":\"https:\/\/www.intoscana.it\/it\/?s={search_term_string}\"},\"query-input\":{\"@type\":\"PropertyValueSpecification\",\"valueRequired\":true,\"valueName\":\"search_term_string\"}}],\"inLanguage\":\"it-IT\"},{\"@type\":\"Person\",\"@id\":\"https:\/\/www.intoscana.it\/it\/#\/schema\/person\/d469f35f09739bdf00bf5dd3f0647a82\",\"name\":\"Costanza Baldini\",\"url\":\"https:\/\/www.intoscana.it\/it\/author\/costanza-baldini\/\"}]}<\/script>\n<!-- \/ Yoast SEO Premium plugin. -->","yoast_head_json":{"title":"Eugenio Giani: \"106 mila dosi di vaccino a met\u00e0 gennaio in Toscana\" - intoscana","description":"Prosegue il piano anti-Covid della Regione Toscana messo in campo da Eugenio Giani che si basa sulle tre \"T\": testare, tracciare, trattare","robots":{"index":"index","follow":"follow","max-snippet":"max-snippet:-1","max-image-preview":"max-image-preview:large","max-video-preview":"max-video-preview:-1"},"canonical":"https:\/\/www.intoscana.it\/it\/eugenio-giani-106-mila-dosi-di-vaccino-a-meta-gennaio-in-toscana\/","og_locale":"it_IT","og_type":"article","og_title":"Eugenio Giani: \"106 mila dosi di vaccino a met\u00e0 gennaio in Toscana\"","og_description":"Prosegue il piano anti-Covid della Regione Toscana messo in campo da Eugenio Giani che si basa sulle tre \"T\": testare, tracciare, trattare","og_url":"https:\/\/www.intoscana.it\/it\/eugenio-giani-106-mila-dosi-di-vaccino-a-meta-gennaio-in-toscana\/","og_site_name":"intoscana","article_publisher":"https:\/\/www.facebook.com\/intoscana.it","article_published_time":"2020-12-05T13:55:48+00:00","article_modified_time":"2020-12-29T08:41:30+00:00","og_image":[{"width":1835,"height":1086,"url":"https:\/\/www.intoscana.it\/wp-content\/uploads\/Eugenio-Giani.jpeg","type":"image\/jpeg"}],"author":"Costanza Baldini","twitter_card":"summary_large_image","twitter_creator":"@intoscana","twitter_site":"@intoscana","twitter_misc":{"Written by":"Costanza Baldini","Est. reading time":"4 minuti"},"schema":{"@context":"https:\/\/schema.org","@graph":[{"@type":"WebPage","@id":"https:\/\/www.intoscana.it\/it\/eugenio-giani-106-mila-dosi-di-vaccino-a-meta-gennaio-in-toscana\/","url":"https:\/\/www.intoscana.it\/it\/eugenio-giani-106-mila-dosi-di-vaccino-a-meta-gennaio-in-toscana\/","name":"Eugenio Giani: \"106 mila dosi di vaccino a met\u00e0 gennaio in Toscana\" - intoscana","isPartOf":{"@id":"https:\/\/www.intoscana.it\/it\/#website"},"primaryImageOfPage":{"@id":"https:\/\/www.intoscana.it\/it\/eugenio-giani-106-mila-dosi-di-vaccino-a-meta-gennaio-in-toscana\/#primaryimage"},"image":{"@id":"https:\/\/www.intoscana.it\/it\/eugenio-giani-106-mila-dosi-di-vaccino-a-meta-gennaio-in-toscana\/#primaryimage"},"thumbnailUrl":"https:\/\/www.intoscana.it\/wp-content\/uploads\/Eugenio-Giani.jpeg","datePublished":"2020-12-05T13:55:48+00:00","dateModified":"2020-12-29T08:41:30+00:00","author":{"@id":"https:\/\/www.intoscana.it\/it\/#\/schema\/person\/d469f35f09739bdf00bf5dd3f0647a82"},"description":"Prosegue il piano anti-Covid della Regione Toscana messo in campo da Eugenio Giani che si basa sulle tre \"T\": testare, tracciare, trattare","breadcrumb":{"@id":"https:\/\/www.intoscana.it\/it\/eugenio-giani-106-mila-dosi-di-vaccino-a-meta-gennaio-in-toscana\/#breadcrumb"},"inLanguage":"it-IT","potentialAction":[{"@type":"ReadAction","target":["https:\/\/www.intoscana.it\/it\/eugenio-giani-106-mila-dosi-di-vaccino-a-meta-gennaio-in-toscana\/"]}]},{"@type":"ImageObject","inLanguage":"it-IT","@id":"https:\/\/www.intoscana.it\/it\/eugenio-giani-106-mila-dosi-di-vaccino-a-meta-gennaio-in-toscana\/#primaryimage","url":"https:\/\/www.intoscana.it\/wp-content\/uploads\/Eugenio-Giani.jpeg","contentUrl":"https:\/\/www.intoscana.it\/wp-content\/uploads\/Eugenio-Giani.jpeg","width":1835,"height":1086},{"@type":"BreadcrumbList","@id":"https:\/\/www.intoscana.it\/it\/eugenio-giani-106-mila-dosi-di-vaccino-a-meta-gennaio-in-toscana\/#breadcrumb","itemListElement":[{"@type":"ListItem","position":1,"name":"Home","item":"https:\/\/www.intoscana.it\/it\/"},{"@type":"ListItem","position":2,"name":"Eugenio Giani: &#8220;106 mila dosi di vaccino a met\u00e0 gennaio in Toscana&#8221;"}]},{"@type":"WebSite","@id":"https:\/\/www.intoscana.it\/it\/#website","url":"https:\/\/www.intoscana.it\/it\/","name":"intoscana","description":"","potentialAction":[{"@type":"SearchAction","target":{"@type":"EntryPoint","urlTemplate":"https:\/\/www.intoscana.it\/it\/?s={search_term_string}"},"query-input":{"@type":"PropertyValueSpecification","valueRequired":true,"valueName":"search_term_string"}}],"inLanguage":"it-IT"},{"@type":"Person","@id":"https:\/\/www.intoscana.it\/it\/#\/schema\/person\/d469f35f09739bdf00bf5dd3f0647a82","name":"Costanza Baldini","url":"https:\/\/www.intoscana.it\/it\/author\/costanza-baldini\/"}]}},"_links":{"self":[{"href":"https:\/\/www.intoscana.it\/it\/wp-json\/wp\/v2\/posts\/160929","targetHints":{"allow":["GET"]}}],"collection":[{"href":"https:\/\/www.intoscana.it\/it\/wp-json\/wp\/v2\/posts"}],"about":[{"href":"https:\/\/www.intoscana.it\/it\/wp-json\/wp\/v2\/types\/post"}],"author":[{"embeddable":true,"href":"https:\/\/www.intoscana.it\/it\/wp-json\/wp\/v2\/users\/518"}],"replies":[{"embeddable":true,"href":"https:\/\/www.intoscana.it\/it\/wp-json\/wp\/v2\/comments?post=160929"}],"version-history":[{"count":0,"href":"https:\/\/www.intoscana.it\/it\/wp-json\/wp\/v2\/posts\/160929\/revisions"}],"wp:featuredmedia":[{"embeddable":true,"href":"https:\/\/www.intoscana.it\/it\/wp-json\/wp\/v2\/media\/160931"}],"wp:attachment":[{"href":"https:\/\/www.intoscana.it\/it\/wp-json\/wp\/v2\/media?parent=160929"}],"wp:term":[{"taxonomy":"category","embeddable":true,"href":"https:\/\/www.intoscana.it\/it\/wp-json\/wp\/v2\/categories?post=160929"},{"taxonomy":"post_tag","embeddable":true,"href":"https:\/\/www.intoscana.it\/it\/wp-json\/wp\/v2\/tags?post=160929"}],"curies":[{"name":"wp","href":"https:\/\/api.w.org\/{rel}","templated":true}]}}