{"id":160994,"date":"2020-12-07T10:55:15","date_gmt":"2020-12-07T09:55:15","guid":{"rendered":"https:\/\/www.intoscana.it\/it\/?p=160994"},"modified":"2020-12-07T10:57:22","modified_gmt":"2020-12-07T09:57:22","slug":"maltempo-toscana-lucca-calamita-allerta","status":"publish","type":"post","link":"https:\/\/www.intoscana.it\/it\/maltempo-toscana-lucca-calamita-allerta\/","title":{"rendered":"Maltempo, frane e allegamenti in Toscana. Lucca chiede lo stato di calamit\u00e0"},"content":{"rendered":"<p>Anche sulla Toscana prosegue l&#8217;ondata di <strong>maltempo<\/strong>. Previsto tempo instabile anche per i prossimi giorni. Intanto la sala operativa della protezione civile regionale ha esteso il <strong>codice giallo<\/strong> per tutta la giornata di oggi, luned\u00ec 7 dicembre. A essere coinvolto \u00e8 ancora l&#8217;intero territorio regionale. Le piogge stanno proseguendo, in particolare sulla costa e nel nord-ovest della Toscana. Nel fine settimana sono state registrate <strong>criticit\u00e0<\/strong> un po&#8217; in tutta la regione.<\/p>\n<h3>Fiumi in piena (ma sotto controllo)<\/h3>\n<p>I fiumi toscani, in piena, sono restati nell&#8217;alveo e stanno sfogando la loro portata verso il mare senza particolari problemi. <strong>Serchio e Arno<\/strong> per fortuna sono tornati sotto il livello di guardia. <em>&#8220;Il livello dell&#8217;Arno \u00e8 aumentato velocemente nelle ultime ore, rimanendo comunque sotto il primo livello di guardia (3,5 m) e cos\u00ec dovrebbe restare&#8221;<\/em> aveva spiegato in serata il sindaco di Pisa, <strong>Michele Conti<\/strong>. <em>&#8220;Insieme alla Protezione civile, sempre operativa, monitoriamo la situazione, che al momento non desta particolare preoccupazione&#8221;<\/em>. Tra gli affluenti, anche la <strong>Sieve<\/strong>, che raccoglie le acque dell&#8217;Appennino nel Mugello, \u00e8 sotto il primo livello di guardia.<\/p>\n<p><iframe loading=\"lazy\" style=\"border: none; overflow: hidden;\" src=\"https:\/\/www.facebook.com\/plugins\/video.php?height=314&amp;href=https%3A%2F%2Fwww.facebook.com%2Fintoscana.it%2Fvideos%2F1664278957075574%2F&amp;show_text=false&amp;width=560\" width=\"560\" height=\"314\" frameborder=\"0\" scrolling=\"no\" allowfullscreen=\"allowfullscreen\"><\/iframe><\/p>\n<h3>Criticit\u00e0 in Lucchesia<\/h3>\n<p>Anche la piena del Serchio \u00e8 passata senza creare disagi nel Pisano, senza provocare allagamenti. Ma la situazione, nel fine settimana, <strong>in Lucchesia e in Versilia \u00e8 stata critica<\/strong>. Molti gli alberi caduti. Si sono inoltre registrati <strong>frane<\/strong> e <strong>allagamenti<\/strong>. Forte vento e intense piogge hanno messo a dura prova il territorio provinciale. Restano ancora aperte alcune situazioni critiche sulla viabilit\u00e0 della Mediavalle e della Garfagnana. <mark>Per questo il Presidente della Provincia di Lucca, <strong>Luca Menesini<\/strong>, pur ribadendo che il <em>&#8220;sistema ha retto&#8221;<\/em>, ha annunciato che chieder\u00e0 lo stato di calamit\u00e0 alla Regione Toscana<\/mark>.<\/p>\n<h3>Il terremoto<\/h3>\n<p>Come se non bastasse, una scossa di <strong>magnitudo 3.2<\/strong> \u00e8 stata registrata dall&#8217;Istituto Nazionale di Geofisica e Vulcanologia. Il sisma, a una profondit\u00e0 di 6 chilometri, \u00e8 stato avvertito alle 5 e 55 di stamani. I comuni pi\u00f9 vicini all&#8217;epicentro sono Casola in Lunigiana (Massa), Minucciano (Lucca) e Piazza al Serchio (Lucca). Fortunatamente al momento non si registrano danni o feriti.<\/p>\n<p>Dettagli e consigli sui comportamenti da adottare in caso di maltempo si trovano all&#8217;interno della sezione <strong>&#8220;Allerta meteo&#8221;<\/strong> del sito della Regione Toscana, all&#8217;indirizzo <a href=\"http:\/\/www.regione.toscana.it\/allertameteo\" target=\"_blank\" rel=\"noopener noreferrer\">www.regione.toscana.it\/allertameteo<\/a>.<\/p>\n","protected":false},"excerpt":{"rendered":"<p>Criticit\u00e0 a causa del maltempo in Toscana. Alberi caduti, smottamenti e allagamenti su tutto il territorio, soprattutto in Lucchesia. Fiumi sotto il livello di guardia. Stamani terremoto di magnitudo 3.2<\/p>\n","protected":false},"author":525,"featured_media":160998,"comment_status":"open","ping_status":"open","sticky":false,"template":"","format":"standard","meta":{"_acf_changed":false,"footnotes":""},"categories":[494],"tags":[4387,245,348,5126,4508],"class_list":["post-160994","post","type-post","status-publish","format-standard","has-post-thumbnail","hentry","category-attualita","tag-allerta-meteo","tag-arno","tag-maltempo","tag-serchio","tag-terremoto"],"acf":[],"yoast_head":"<!-- This site is optimized with the Yoast SEO Premium plugin v24.2 (Yoast SEO v25.6) - https:\/\/yoast.com\/wordpress\/plugins\/seo\/ -->\n<title>Maltempo, frane e allegamenti in Toscana. Lucca chiede lo stato di calamit\u00e0 - intoscana<\/title>\n<meta name=\"description\" content=\"Criticit\u00e0 a causa del maltempo in Toscana. Alberi caduti, smottamenti e allagamenti su tutto il territorio, soprattutto in Lucchesia. Fiumi sotto il livello di guardia. Stamani terremoto di magnitudo 3.2\" \/>\n<meta name=\"robots\" content=\"index, follow, max-snippet:-1, max-image-preview:large, max-video-preview:-1\" \/>\n<link rel=\"canonical\" href=\"https:\/\/www.intoscana.it\/it\/maltempo-toscana-lucca-calamita-allerta\/\" \/>\n<meta property=\"og:locale\" content=\"it_IT\" \/>\n<meta property=\"og:type\" content=\"article\" \/>\n<meta property=\"og:title\" content=\"Maltempo, frane e allegamenti in Toscana. Lucca chiede lo stato di calamit\u00e0\" \/>\n<meta property=\"og:description\" content=\"Criticit\u00e0 a causa del maltempo in Toscana. Alberi caduti, smottamenti e allagamenti su tutto il territorio, soprattutto in Lucchesia. Fiumi sotto il livello di guardia. Stamani terremoto di magnitudo 3.2\" \/>\n<meta property=\"og:url\" content=\"https:\/\/www.intoscana.it\/it\/maltempo-toscana-lucca-calamita-allerta\/\" \/>\n<meta property=\"og:site_name\" content=\"intoscana\" \/>\n<meta property=\"article:publisher\" content=\"https:\/\/www.facebook.com\/intoscana.it\" \/>\n<meta property=\"article:published_time\" content=\"2020-12-07T09:55:15+00:00\" \/>\n<meta property=\"article:modified_time\" content=\"2020-12-07T09:57:22+00:00\" \/>\n<meta property=\"og:image\" content=\"https:\/\/www.intoscana.it\/wp-content\/uploads\/Fiume-Arno-a-Firenze.jpg\" \/>\n\t<meta property=\"og:image:width\" content=\"2048\" \/>\n\t<meta property=\"og:image:height\" content=\"1536\" \/>\n\t<meta property=\"og:image:type\" content=\"image\/jpeg\" \/>\n<meta name=\"author\" content=\"Redazione\" \/>\n<meta name=\"twitter:card\" content=\"summary_large_image\" \/>\n<meta name=\"twitter:creator\" content=\"@intoscana\" \/>\n<meta name=\"twitter:site\" content=\"@intoscana\" \/>\n<meta name=\"twitter:label1\" content=\"Written by\" \/>\n\t<meta name=\"twitter:data1\" content=\"Redazione\" \/>\n\t<meta name=\"twitter:label2\" content=\"Est. reading time\" \/>\n\t<meta name=\"twitter:data2\" content=\"2 minuti\" \/>\n<script type=\"application\/ld+json\" class=\"yoast-schema-graph\">{\"@context\":\"https:\/\/schema.org\",\"@graph\":[{\"@type\":\"WebPage\",\"@id\":\"https:\/\/www.intoscana.it\/it\/maltempo-toscana-lucca-calamita-allerta\/\",\"url\":\"https:\/\/www.intoscana.it\/it\/maltempo-toscana-lucca-calamita-allerta\/\",\"name\":\"Maltempo, frane e allegamenti in Toscana. Lucca chiede lo stato di calamit\u00e0 - intoscana\",\"isPartOf\":{\"@id\":\"https:\/\/www.intoscana.it\/it\/#website\"},\"primaryImageOfPage\":{\"@id\":\"https:\/\/www.intoscana.it\/it\/maltempo-toscana-lucca-calamita-allerta\/#primaryimage\"},\"image\":{\"@id\":\"https:\/\/www.intoscana.it\/it\/maltempo-toscana-lucca-calamita-allerta\/#primaryimage\"},\"thumbnailUrl\":\"https:\/\/www.intoscana.it\/wp-content\/uploads\/Fiume-Arno-a-Firenze.jpg\",\"datePublished\":\"2020-12-07T09:55:15+00:00\",\"dateModified\":\"2020-12-07T09:57:22+00:00\",\"author\":{\"@id\":\"https:\/\/www.intoscana.it\/it\/#\/schema\/person\/9223810753230f20bd670fdd322661f8\"},\"description\":\"Criticit\u00e0 a causa del maltempo in Toscana. Alberi caduti, smottamenti e allagamenti su tutto il territorio, soprattutto in Lucchesia. Fiumi sotto il livello di guardia. Stamani terremoto di magnitudo 3.2\",\"breadcrumb\":{\"@id\":\"https:\/\/www.intoscana.it\/it\/maltempo-toscana-lucca-calamita-allerta\/#breadcrumb\"},\"inLanguage\":\"it-IT\",\"potentialAction\":[{\"@type\":\"ReadAction\",\"target\":[\"https:\/\/www.intoscana.it\/it\/maltempo-toscana-lucca-calamita-allerta\/\"]}]},{\"@type\":\"ImageObject\",\"inLanguage\":\"it-IT\",\"@id\":\"https:\/\/www.intoscana.it\/it\/maltempo-toscana-lucca-calamita-allerta\/#primaryimage\",\"url\":\"https:\/\/www.intoscana.it\/wp-content\/uploads\/Fiume-Arno-a-Firenze.jpg\",\"contentUrl\":\"https:\/\/www.intoscana.it\/wp-content\/uploads\/Fiume-Arno-a-Firenze.jpg\",\"width\":2048,\"height\":1536,\"caption\":\"Fiume Arno a Firenze\"},{\"@type\":\"BreadcrumbList\",\"@id\":\"https:\/\/www.intoscana.it\/it\/maltempo-toscana-lucca-calamita-allerta\/#breadcrumb\",\"itemListElement\":[{\"@type\":\"ListItem\",\"position\":1,\"name\":\"Home\",\"item\":\"https:\/\/www.intoscana.it\/it\/\"},{\"@type\":\"ListItem\",\"position\":2,\"name\":\"Maltempo, frane e allegamenti in Toscana. Lucca chiede lo stato di calamit\u00e0\"}]},{\"@type\":\"WebSite\",\"@id\":\"https:\/\/www.intoscana.it\/it\/#website\",\"url\":\"https:\/\/www.intoscana.it\/it\/\",\"name\":\"intoscana\",\"description\":\"\",\"potentialAction\":[{\"@type\":\"SearchAction\",\"target\":{\"@type\":\"EntryPoint\",\"urlTemplate\":\"https:\/\/www.intoscana.it\/it\/?s={search_term_string}\"},\"query-input\":{\"@type\":\"PropertyValueSpecification\",\"valueRequired\":true,\"valueName\":\"search_term_string\"}}],\"inLanguage\":\"it-IT\"},{\"@type\":\"Person\",\"@id\":\"https:\/\/www.intoscana.it\/it\/#\/schema\/person\/9223810753230f20bd670fdd322661f8\",\"name\":\"Redazione\",\"url\":\"https:\/\/www.intoscana.it\/it\/author\/redazione\/\"}]}<\/script>\n<!-- \/ Yoast SEO Premium plugin. -->","yoast_head_json":{"title":"Maltempo, frane e allegamenti in Toscana. Lucca chiede lo stato di calamit\u00e0 - intoscana","description":"Criticit\u00e0 a causa del maltempo in Toscana. Alberi caduti, smottamenti e allagamenti su tutto il territorio, soprattutto in Lucchesia. Fiumi sotto il livello di guardia. Stamani terremoto di magnitudo 3.2","robots":{"index":"index","follow":"follow","max-snippet":"max-snippet:-1","max-image-preview":"max-image-preview:large","max-video-preview":"max-video-preview:-1"},"canonical":"https:\/\/www.intoscana.it\/it\/maltempo-toscana-lucca-calamita-allerta\/","og_locale":"it_IT","og_type":"article","og_title":"Maltempo, frane e allegamenti in Toscana. Lucca chiede lo stato di calamit\u00e0","og_description":"Criticit\u00e0 a causa del maltempo in Toscana. Alberi caduti, smottamenti e allagamenti su tutto il territorio, soprattutto in Lucchesia. Fiumi sotto il livello di guardia. Stamani terremoto di magnitudo 3.2","og_url":"https:\/\/www.intoscana.it\/it\/maltempo-toscana-lucca-calamita-allerta\/","og_site_name":"intoscana","article_publisher":"https:\/\/www.facebook.com\/intoscana.it","article_published_time":"2020-12-07T09:55:15+00:00","article_modified_time":"2020-12-07T09:57:22+00:00","og_image":[{"width":2048,"height":1536,"url":"https:\/\/www.intoscana.it\/wp-content\/uploads\/Fiume-Arno-a-Firenze.jpg","type":"image\/jpeg"}],"author":"Redazione","twitter_card":"summary_large_image","twitter_creator":"@intoscana","twitter_site":"@intoscana","twitter_misc":{"Written by":"Redazione","Est. reading time":"2 minuti"},"schema":{"@context":"https:\/\/schema.org","@graph":[{"@type":"WebPage","@id":"https:\/\/www.intoscana.it\/it\/maltempo-toscana-lucca-calamita-allerta\/","url":"https:\/\/www.intoscana.it\/it\/maltempo-toscana-lucca-calamita-allerta\/","name":"Maltempo, frane e allegamenti in Toscana. Lucca chiede lo stato di calamit\u00e0 - intoscana","isPartOf":{"@id":"https:\/\/www.intoscana.it\/it\/#website"},"primaryImageOfPage":{"@id":"https:\/\/www.intoscana.it\/it\/maltempo-toscana-lucca-calamita-allerta\/#primaryimage"},"image":{"@id":"https:\/\/www.intoscana.it\/it\/maltempo-toscana-lucca-calamita-allerta\/#primaryimage"},"thumbnailUrl":"https:\/\/www.intoscana.it\/wp-content\/uploads\/Fiume-Arno-a-Firenze.jpg","datePublished":"2020-12-07T09:55:15+00:00","dateModified":"2020-12-07T09:57:22+00:00","author":{"@id":"https:\/\/www.intoscana.it\/it\/#\/schema\/person\/9223810753230f20bd670fdd322661f8"},"description":"Criticit\u00e0 a causa del maltempo in Toscana. Alberi caduti, smottamenti e allagamenti su tutto il territorio, soprattutto in Lucchesia. Fiumi sotto il livello di guardia. Stamani terremoto di magnitudo 3.2","breadcrumb":{"@id":"https:\/\/www.intoscana.it\/it\/maltempo-toscana-lucca-calamita-allerta\/#breadcrumb"},"inLanguage":"it-IT","potentialAction":[{"@type":"ReadAction","target":["https:\/\/www.intoscana.it\/it\/maltempo-toscana-lucca-calamita-allerta\/"]}]},{"@type":"ImageObject","inLanguage":"it-IT","@id":"https:\/\/www.intoscana.it\/it\/maltempo-toscana-lucca-calamita-allerta\/#primaryimage","url":"https:\/\/www.intoscana.it\/wp-content\/uploads\/Fiume-Arno-a-Firenze.jpg","contentUrl":"https:\/\/www.intoscana.it\/wp-content\/uploads\/Fiume-Arno-a-Firenze.jpg","width":2048,"height":1536,"caption":"Fiume Arno a Firenze"},{"@type":"BreadcrumbList","@id":"https:\/\/www.intoscana.it\/it\/maltempo-toscana-lucca-calamita-allerta\/#breadcrumb","itemListElement":[{"@type":"ListItem","position":1,"name":"Home","item":"https:\/\/www.intoscana.it\/it\/"},{"@type":"ListItem","position":2,"name":"Maltempo, frane e allegamenti in Toscana. Lucca chiede lo stato di calamit\u00e0"}]},{"@type":"WebSite","@id":"https:\/\/www.intoscana.it\/it\/#website","url":"https:\/\/www.intoscana.it\/it\/","name":"intoscana","description":"","potentialAction":[{"@type":"SearchAction","target":{"@type":"EntryPoint","urlTemplate":"https:\/\/www.intoscana.it\/it\/?s={search_term_string}"},"query-input":{"@type":"PropertyValueSpecification","valueRequired":true,"valueName":"search_term_string"}}],"inLanguage":"it-IT"},{"@type":"Person","@id":"https:\/\/www.intoscana.it\/it\/#\/schema\/person\/9223810753230f20bd670fdd322661f8","name":"Redazione","url":"https:\/\/www.intoscana.it\/it\/author\/redazione\/"}]}},"_links":{"self":[{"href":"https:\/\/www.intoscana.it\/it\/wp-json\/wp\/v2\/posts\/160994","targetHints":{"allow":["GET"]}}],"collection":[{"href":"https:\/\/www.intoscana.it\/it\/wp-json\/wp\/v2\/posts"}],"about":[{"href":"https:\/\/www.intoscana.it\/it\/wp-json\/wp\/v2\/types\/post"}],"author":[{"embeddable":true,"href":"https:\/\/www.intoscana.it\/it\/wp-json\/wp\/v2\/users\/525"}],"replies":[{"embeddable":true,"href":"https:\/\/www.intoscana.it\/it\/wp-json\/wp\/v2\/comments?post=160994"}],"version-history":[{"count":0,"href":"https:\/\/www.intoscana.it\/it\/wp-json\/wp\/v2\/posts\/160994\/revisions"}],"wp:featuredmedia":[{"embeddable":true,"href":"https:\/\/www.intoscana.it\/it\/wp-json\/wp\/v2\/media\/160998"}],"wp:attachment":[{"href":"https:\/\/www.intoscana.it\/it\/wp-json\/wp\/v2\/media?parent=160994"}],"wp:term":[{"taxonomy":"category","embeddable":true,"href":"https:\/\/www.intoscana.it\/it\/wp-json\/wp\/v2\/categories?post=160994"},{"taxonomy":"post_tag","embeddable":true,"href":"https:\/\/www.intoscana.it\/it\/wp-json\/wp\/v2\/tags?post=160994"}],"curies":[{"name":"wp","href":"https:\/\/api.w.org\/{rel}","templated":true}]}}