{"id":161169,"date":"2020-12-09T10:12:38","date_gmt":"2020-12-09T09:12:38","guid":{"rendered":"https:\/\/www.intoscana.it\/it\/?p=161169"},"modified":"2020-12-09T10:14:30","modified_gmt":"2020-12-09T09:14:30","slug":"livorno-ricordo-ciampi-100-anni","status":"publish","type":"post","link":"https:\/\/www.intoscana.it\/it\/livorno-ricordo-ciampi-100-anni\/","title":{"rendered":"Livorno e la Toscana ricordano Ciampi a 100 anni dalla nascita"},"content":{"rendered":"<p><strong>Carlo Azeglio Ciampi, presidente emerito della Repubblica, avrebbe compiuto 100 anni proprio oggi<\/strong> e Livorno, citt\u00e0 dove \u00e8 nato nel 1920 e con la quale ha sempre mantenuto uno stretto legame, lo ricorder\u00e0 con una serie di iniziative tenute in modalit\u00e0 Covid.<br \/>\nA <strong>Ciampi, che fu presidente della Repubblica dal 18 maggio 1999 al 15 maggio 2006 <\/strong>e che \u00e8 scomparso nel 2016, sono dedicati un <strong>convegno in diretta streaming<\/strong>, la proiezione di un documentario e l&#8217;emissione di un francobollo commemorativo.<\/p>\n<h3>A Livorno un francobollo e un convegno per Ciampi<\/h3>\n<p>Nell&#8217;ambito delle celebrazioni nazionali l&#8217;emissione di <strong>un francobollo commemorativo alle Poste Centrali di via Cairoli,<\/strong> dalle ore 9 alle ore 15 del 9 dicembre, sar\u00e0 presente il servizio filatelico &#8220;primo giorno di emissione&#8221; e, nel rispetto delle regole per l&#8217;emergenza sanitaria, i cittadini potranno chiedere l&#8217;annullo filatelico. Sempre all&#8217;interno dell&#8217;ufficio alle ore 12.30, si svolger\u00e0 una breve cerimonia con il sindaco Luca Salvetti e alcuni familiari dell&#8217;emerito presidente.<\/p>\n<p>Nello stesso giorno anche al Quirinale a Roma si svolger\u00e0 un servizio filatelico per il primo giorno di emissione. <strong>Il <\/strong><strong>francobollo raffigura un ritratto di Carlo Azeglio Ciampi, <\/strong>decimo Presidente della Repubblica Italiana, affiancato, in basso a sinistra, dalla bandiera italiana. Completano il francobollo le leggende &#8220;CARLO AZEGLIO CIAMPI&#8221; e &#8220;1920 &#8211; 2016&#8221;, la scritta &#8220;ITALIA&#8221; e l&#8217;indicazione tariffaria &#8220;B&#8221;.<\/p>\n<p>Mercoled\u00ec 9 dicembre a partire dalle ore 10 <a href=\"https:\/\/www.spi.cgil.it\/blog\/ciampi-il-lavoro-leuropa-livorno-due-convegni-e-un-docufilm-per-ricordare-lo-statista-nel-centenario-della-nascita\" target=\"_blank\" rel=\"noopener noreferrer\">in diretta streaming<\/a> sul sito web dello Spi Cgil nazionale e di quello della Toscana e sulle rispettive pagine Facebook si potr\u00e0 seguire il <strong>convegno dal titolo &#8220;A cento anni dalla nascita di Carlo Azeglio Ciampi&#8221;. <\/strong>Saluti del sindaco Salvetti e del segretario generale Spi Cgil Livorno Giuseppe Bartoletti poi tavola rotonda con Dacia Maraini, Irene Tinagli, Maurizio Landini e Ivan Pedretti.<\/p>\n<p>Il docufilm va in onda alle 17.30 in diretta streaming sul sito web dello Spi Cgil nazionale e della Toscana e si intitola &#8220;Ciampi.<br \/>\nBella la mi&#8217; Livorno&#8221; firmato da Marco Guelfi. Nel film, la figura di Ciampi \u00e8 raccontata attraverso le voci di chi lo conobbe da vicino. Ci sono <strong>le interviste al figlio Claudio, al direttore del Vernacoliere Mario Cardinali, ai sindaci.<\/strong><\/p>\n<h3>La seduta solenne Consiglio della Toscana per Ciampi<\/h3>\n<p>Oggi, a partire dalle ore 11 si terr\u00e0 anche una seduta solenne del Consiglio regionale della Toscana per celebrare i 100 anni dalla nascita di Carlo Azeglio Ciampi,<br \/>\nInterverranno <strong>Antonio Mazzeo, presidente del Consiglio regionale della Toscana, Eugenio Giani,<\/strong> presidente della Regione, Emanuele Rossi, costituzionalista della Scuola superiore Sant&#8217;Anna di Pisa, e Luigi Ambrosio, direttore della Scuola Normale superiore di Pisa.<\/p>\n<p>Allievo del filosofo Guido Caloge, nel 1941 a Pisa, <strong>Ciampi consegu\u00ec la laurea in lettere presso l&#8217;Universit\u00e0 e il diploma della Scuola <\/strong><strong>Normale.<\/strong> Nel 1946 si laure\u00f2 anche in giurisprudenza all&#8217;Universit\u00e0 di Pisa e fu assunto nello stesso anno dalla Banca d&#8217;Italia, della quale divenne poi capo del servizio studi, segretario generale, direttore generale e poi fu nominato governatore.<br \/>\nNel 1993 Ciampi inizia il suo impegno di governo, prima come presidente del Consiglio dei ministri e poi come ministro del Tesoro, bilancio e programmazione economica nei governi Prodi e D&#8217;Alema.<\/p>\n","protected":false},"excerpt":{"rendered":"<p>Il presidente emerito della Repubblica, scomparso nel 2016, era nato il 9 dicembre 1920 a Livorno: oggi tanti eventi in suo onore<\/p>\n","protected":false},"author":525,"featured_media":105117,"comment_status":"open","ping_status":"open","sticky":false,"template":"","format":"standard","meta":{"_acf_changed":false,"footnotes":""},"categories":[494],"tags":[4753,273],"class_list":["post-161169","post","type-post","status-publish","format-standard","has-post-thumbnail","hentry","category-attualita","tag-consiglio-regionale-della-toscana","tag-livorno"],"acf":[],"yoast_head":"<!-- This site is optimized with the Yoast SEO Premium plugin v24.2 (Yoast SEO v25.6) - https:\/\/yoast.com\/wordpress\/plugins\/seo\/ -->\n<title>Livorno e la Toscana ricordano Ciampi a 100 anni dalla nascita - intoscana<\/title>\n<meta name=\"description\" content=\"Oggi ricorrono i 100 anni dalla nascita di Carlo Azeglio Ciampi: Livorno e la Toscana ricordano l&#039;ex presidente della Repubblica.\" \/>\n<meta name=\"robots\" content=\"index, follow, max-snippet:-1, max-image-preview:large, max-video-preview:-1\" \/>\n<link rel=\"canonical\" href=\"https:\/\/www.intoscana.it\/it\/livorno-ricordo-ciampi-100-anni\/\" \/>\n<meta property=\"og:locale\" content=\"it_IT\" \/>\n<meta property=\"og:type\" content=\"article\" \/>\n<meta property=\"og:title\" content=\"Livorno e la Toscana ricordano Ciampi a 100 anni dalla nascita\" \/>\n<meta property=\"og:description\" content=\"Oggi ricorrono i 100 anni dalla nascita di Carlo Azeglio Ciampi: Livorno e la Toscana ricordano l&#039;ex presidente della Repubblica.\" \/>\n<meta property=\"og:url\" content=\"https:\/\/www.intoscana.it\/it\/livorno-ricordo-ciampi-100-anni\/\" \/>\n<meta property=\"og:site_name\" content=\"intoscana\" \/>\n<meta property=\"article:publisher\" content=\"https:\/\/www.facebook.com\/intoscana.it\" \/>\n<meta property=\"article:published_time\" content=\"2020-12-09T09:12:38+00:00\" \/>\n<meta property=\"article:modified_time\" content=\"2020-12-09T09:14:30+00:00\" \/>\n<meta property=\"og:image\" content=\"https:\/\/www.intoscana.it\/wp-content\/uploads\/fc64055787552c10393cbe5a81327be6.jpg\" \/>\n\t<meta property=\"og:image:width\" content=\"1000\" \/>\n\t<meta property=\"og:image:height\" content=\"1714\" \/>\n\t<meta property=\"og:image:type\" content=\"image\/jpeg\" \/>\n<meta name=\"author\" content=\"Redazione\" \/>\n<meta name=\"twitter:card\" content=\"summary_large_image\" \/>\n<meta name=\"twitter:creator\" content=\"@intoscana\" \/>\n<meta name=\"twitter:site\" content=\"@intoscana\" \/>\n<meta name=\"twitter:label1\" content=\"Written by\" \/>\n\t<meta name=\"twitter:data1\" content=\"Redazione\" \/>\n\t<meta name=\"twitter:label2\" content=\"Est. reading time\" \/>\n\t<meta name=\"twitter:data2\" content=\"2 minuti\" \/>\n<script type=\"application\/ld+json\" class=\"yoast-schema-graph\">{\"@context\":\"https:\/\/schema.org\",\"@graph\":[{\"@type\":\"WebPage\",\"@id\":\"https:\/\/www.intoscana.it\/it\/livorno-ricordo-ciampi-100-anni\/\",\"url\":\"https:\/\/www.intoscana.it\/it\/livorno-ricordo-ciampi-100-anni\/\",\"name\":\"Livorno e la Toscana ricordano Ciampi a 100 anni dalla nascita - intoscana\",\"isPartOf\":{\"@id\":\"https:\/\/www.intoscana.it\/it\/#website\"},\"primaryImageOfPage\":{\"@id\":\"https:\/\/www.intoscana.it\/it\/livorno-ricordo-ciampi-100-anni\/#primaryimage\"},\"image\":{\"@id\":\"https:\/\/www.intoscana.it\/it\/livorno-ricordo-ciampi-100-anni\/#primaryimage\"},\"thumbnailUrl\":\"https:\/\/www.intoscana.it\/wp-content\/uploads\/fc64055787552c10393cbe5a81327be6.jpg\",\"datePublished\":\"2020-12-09T09:12:38+00:00\",\"dateModified\":\"2020-12-09T09:14:30+00:00\",\"author\":{\"@id\":\"https:\/\/www.intoscana.it\/it\/#\/schema\/person\/9223810753230f20bd670fdd322661f8\"},\"description\":\"Oggi ricorrono i 100 anni dalla nascita di Carlo Azeglio Ciampi: Livorno e la Toscana ricordano l'ex presidente della Repubblica.\",\"breadcrumb\":{\"@id\":\"https:\/\/www.intoscana.it\/it\/livorno-ricordo-ciampi-100-anni\/#breadcrumb\"},\"inLanguage\":\"it-IT\",\"potentialAction\":[{\"@type\":\"ReadAction\",\"target\":[\"https:\/\/www.intoscana.it\/it\/livorno-ricordo-ciampi-100-anni\/\"]}]},{\"@type\":\"ImageObject\",\"inLanguage\":\"it-IT\",\"@id\":\"https:\/\/www.intoscana.it\/it\/livorno-ricordo-ciampi-100-anni\/#primaryimage\",\"url\":\"https:\/\/www.intoscana.it\/wp-content\/uploads\/fc64055787552c10393cbe5a81327be6.jpg\",\"contentUrl\":\"https:\/\/www.intoscana.it\/wp-content\/uploads\/fc64055787552c10393cbe5a81327be6.jpg\",\"width\":1000,\"height\":1714,\"caption\":\"Carlo Azeglio Ciampi\"},{\"@type\":\"BreadcrumbList\",\"@id\":\"https:\/\/www.intoscana.it\/it\/livorno-ricordo-ciampi-100-anni\/#breadcrumb\",\"itemListElement\":[{\"@type\":\"ListItem\",\"position\":1,\"name\":\"Home\",\"item\":\"https:\/\/www.intoscana.it\/it\/\"},{\"@type\":\"ListItem\",\"position\":2,\"name\":\"Livorno e la Toscana ricordano Ciampi a 100 anni dalla nascita\"}]},{\"@type\":\"WebSite\",\"@id\":\"https:\/\/www.intoscana.it\/it\/#website\",\"url\":\"https:\/\/www.intoscana.it\/it\/\",\"name\":\"intoscana\",\"description\":\"\",\"potentialAction\":[{\"@type\":\"SearchAction\",\"target\":{\"@type\":\"EntryPoint\",\"urlTemplate\":\"https:\/\/www.intoscana.it\/it\/?s={search_term_string}\"},\"query-input\":{\"@type\":\"PropertyValueSpecification\",\"valueRequired\":true,\"valueName\":\"search_term_string\"}}],\"inLanguage\":\"it-IT\"},{\"@type\":\"Person\",\"@id\":\"https:\/\/www.intoscana.it\/it\/#\/schema\/person\/9223810753230f20bd670fdd322661f8\",\"name\":\"Redazione\",\"url\":\"https:\/\/www.intoscana.it\/it\/author\/redazione\/\"}]}<\/script>\n<!-- \/ Yoast SEO Premium plugin. -->","yoast_head_json":{"title":"Livorno e la Toscana ricordano Ciampi a 100 anni dalla nascita - intoscana","description":"Oggi ricorrono i 100 anni dalla nascita di Carlo Azeglio Ciampi: Livorno e la Toscana ricordano l'ex presidente della Repubblica.","robots":{"index":"index","follow":"follow","max-snippet":"max-snippet:-1","max-image-preview":"max-image-preview:large","max-video-preview":"max-video-preview:-1"},"canonical":"https:\/\/www.intoscana.it\/it\/livorno-ricordo-ciampi-100-anni\/","og_locale":"it_IT","og_type":"article","og_title":"Livorno e la Toscana ricordano Ciampi a 100 anni dalla nascita","og_description":"Oggi ricorrono i 100 anni dalla nascita di Carlo Azeglio Ciampi: Livorno e la Toscana ricordano l'ex presidente della Repubblica.","og_url":"https:\/\/www.intoscana.it\/it\/livorno-ricordo-ciampi-100-anni\/","og_site_name":"intoscana","article_publisher":"https:\/\/www.facebook.com\/intoscana.it","article_published_time":"2020-12-09T09:12:38+00:00","article_modified_time":"2020-12-09T09:14:30+00:00","og_image":[{"width":1000,"height":1714,"url":"https:\/\/www.intoscana.it\/wp-content\/uploads\/fc64055787552c10393cbe5a81327be6.jpg","type":"image\/jpeg"}],"author":"Redazione","twitter_card":"summary_large_image","twitter_creator":"@intoscana","twitter_site":"@intoscana","twitter_misc":{"Written by":"Redazione","Est. reading time":"2 minuti"},"schema":{"@context":"https:\/\/schema.org","@graph":[{"@type":"WebPage","@id":"https:\/\/www.intoscana.it\/it\/livorno-ricordo-ciampi-100-anni\/","url":"https:\/\/www.intoscana.it\/it\/livorno-ricordo-ciampi-100-anni\/","name":"Livorno e la Toscana ricordano Ciampi a 100 anni dalla nascita - intoscana","isPartOf":{"@id":"https:\/\/www.intoscana.it\/it\/#website"},"primaryImageOfPage":{"@id":"https:\/\/www.intoscana.it\/it\/livorno-ricordo-ciampi-100-anni\/#primaryimage"},"image":{"@id":"https:\/\/www.intoscana.it\/it\/livorno-ricordo-ciampi-100-anni\/#primaryimage"},"thumbnailUrl":"https:\/\/www.intoscana.it\/wp-content\/uploads\/fc64055787552c10393cbe5a81327be6.jpg","datePublished":"2020-12-09T09:12:38+00:00","dateModified":"2020-12-09T09:14:30+00:00","author":{"@id":"https:\/\/www.intoscana.it\/it\/#\/schema\/person\/9223810753230f20bd670fdd322661f8"},"description":"Oggi ricorrono i 100 anni dalla nascita di Carlo Azeglio Ciampi: Livorno e la Toscana ricordano l'ex presidente della Repubblica.","breadcrumb":{"@id":"https:\/\/www.intoscana.it\/it\/livorno-ricordo-ciampi-100-anni\/#breadcrumb"},"inLanguage":"it-IT","potentialAction":[{"@type":"ReadAction","target":["https:\/\/www.intoscana.it\/it\/livorno-ricordo-ciampi-100-anni\/"]}]},{"@type":"ImageObject","inLanguage":"it-IT","@id":"https:\/\/www.intoscana.it\/it\/livorno-ricordo-ciampi-100-anni\/#primaryimage","url":"https:\/\/www.intoscana.it\/wp-content\/uploads\/fc64055787552c10393cbe5a81327be6.jpg","contentUrl":"https:\/\/www.intoscana.it\/wp-content\/uploads\/fc64055787552c10393cbe5a81327be6.jpg","width":1000,"height":1714,"caption":"Carlo Azeglio Ciampi"},{"@type":"BreadcrumbList","@id":"https:\/\/www.intoscana.it\/it\/livorno-ricordo-ciampi-100-anni\/#breadcrumb","itemListElement":[{"@type":"ListItem","position":1,"name":"Home","item":"https:\/\/www.intoscana.it\/it\/"},{"@type":"ListItem","position":2,"name":"Livorno e la Toscana ricordano Ciampi a 100 anni dalla nascita"}]},{"@type":"WebSite","@id":"https:\/\/www.intoscana.it\/it\/#website","url":"https:\/\/www.intoscana.it\/it\/","name":"intoscana","description":"","potentialAction":[{"@type":"SearchAction","target":{"@type":"EntryPoint","urlTemplate":"https:\/\/www.intoscana.it\/it\/?s={search_term_string}"},"query-input":{"@type":"PropertyValueSpecification","valueRequired":true,"valueName":"search_term_string"}}],"inLanguage":"it-IT"},{"@type":"Person","@id":"https:\/\/www.intoscana.it\/it\/#\/schema\/person\/9223810753230f20bd670fdd322661f8","name":"Redazione","url":"https:\/\/www.intoscana.it\/it\/author\/redazione\/"}]}},"_links":{"self":[{"href":"https:\/\/www.intoscana.it\/it\/wp-json\/wp\/v2\/posts\/161169","targetHints":{"allow":["GET"]}}],"collection":[{"href":"https:\/\/www.intoscana.it\/it\/wp-json\/wp\/v2\/posts"}],"about":[{"href":"https:\/\/www.intoscana.it\/it\/wp-json\/wp\/v2\/types\/post"}],"author":[{"embeddable":true,"href":"https:\/\/www.intoscana.it\/it\/wp-json\/wp\/v2\/users\/525"}],"replies":[{"embeddable":true,"href":"https:\/\/www.intoscana.it\/it\/wp-json\/wp\/v2\/comments?post=161169"}],"version-history":[{"count":0,"href":"https:\/\/www.intoscana.it\/it\/wp-json\/wp\/v2\/posts\/161169\/revisions"}],"wp:featuredmedia":[{"embeddable":true,"href":"https:\/\/www.intoscana.it\/it\/wp-json\/wp\/v2\/media\/105117"}],"wp:attachment":[{"href":"https:\/\/www.intoscana.it\/it\/wp-json\/wp\/v2\/media?parent=161169"}],"wp:term":[{"taxonomy":"category","embeddable":true,"href":"https:\/\/www.intoscana.it\/it\/wp-json\/wp\/v2\/categories?post=161169"},{"taxonomy":"post_tag","embeddable":true,"href":"https:\/\/www.intoscana.it\/it\/wp-json\/wp\/v2\/tags?post=161169"}],"curies":[{"name":"wp","href":"https:\/\/api.w.org\/{rel}","templated":true}]}}