{"id":161184,"date":"2020-12-09T11:44:35","date_gmt":"2020-12-09T10:44:35","guid":{"rendered":"https:\/\/www.intoscana.it\/it\/?p=161184"},"modified":"2020-12-10T17:41:51","modified_gmt":"2020-12-10T16:41:51","slug":"covid-19-anticipo-dei-dati-oggi-505-nuovi-positivi-su-9-878-tamponi","status":"publish","type":"post","link":"https:\/\/www.intoscana.it\/it\/covid-19-anticipo-dei-dati-oggi-505-nuovi-positivi-su-9-878-tamponi\/","title":{"rendered":"Covid-19: oggi 505 nuovi positivi su 9.878 tamponi"},"content":{"rendered":"<p>I <strong>nuovi casi positivi al Covid-19 registrati nelle ultime 24 ore in Toscana sono 505 su 9.878 tamponi molecolari<\/strong> e 451 test rapidi effettuati. Lo ha reso noto sulla sua pagina Facebook il presidente della Regione Eugenio Giani, ringraziando il personale della protezione civile regionale, anch&#8217;esso impegnato assiduamente sul fronte Covid.<br \/>\nRispetto a ieri sale il numero dei nuovi positivi (erano 428) come quello dei tamponi (erano 8.110).<\/p>\n<h3>I numeri di oggi<\/h3>\n<div class=\"rt-page__content rt-page-content--left\">\n<div class=\"rt-page__content-text\">\n<p><strong>Sono appunto 505 i positivi in pi\u00f9 rispetto a ieri<\/strong>, lo 0,5% in pi\u00f9 rispetto al totale del giorno precedente, con una et\u00e0 media di 48 anni circa (il 13% ha meno di 20 anni, il 22% tra 20 e 39 anni, il 34% tra 40 e 59 anni, il 19% tra 60 e 79 anni, il 12% ha 80 anni o pi\u00f9).<\/p>\n<p><strong>I guariti crescono del 2,4% <\/strong>e raggiungono quota 82.361 (74,9% dei casi totali). I <strong>tamponi eseguiti<\/strong> hanno raggiunto quota 1.671.272, <strong>9.878 in pi\u00f9 rispetto a ieri<\/strong>, di cui il 5,1% positivo. Sono, invece, 2.798 i soggetti testati oggi (escludendo i tamponi di controllo), di cui il 18% \u00e8 risultato positivo. A questi si aggiungono i 451 tamponi antigenici rapidi eseguiti oggi. Gli attualmente positivi sono oggi 24.605, -5,5% rispetto a ieri. I ricoverati sono 1.600 (12 in pi\u00f9 rispetto a ieri), di cui <strong>253 in terapia intensiva<\/strong> (stabili).<\/p>\n<p><strong>Oggi si registrano 24 nuovi decessi: 8 uomini e 16 donne con un&#8217;et\u00e0 media di 84,4 anni<\/strong>. Relativamente alla provincia di residenza, le persone decedute sono: 8 a Firenze, 1 a Prato, 4 a Pistoia, 6 a Pisa, 2 a Arezzo, 1 a Siena, 2 a Grosseto.<\/p>\n<h3>I casi di positivit\u00e0 divisi per provincia<\/h3>\n<p><strong>Di seguito i casi di positivit\u00e0 sul territorio<\/strong> con la variazione rispetto a ieri. Sono 30.731 i casi complessivi ad oggi a Firenze (156 in pi\u00f9 rispetto a ieri), 9.687 a Prato (33 in pi\u00f9), 9.710 a Pistoia (56 in pi\u00f9), 7.000 a Massa (48 in pi\u00f9), 11.130 a Lucca (58 in pi\u00f9), 15.287 a Pisa (54 in pi\u00f9), 7.694 a Livorno (35 in pi\u00f9), 9.852 ad Arezzo (26 in pi\u00f9), 4.449 a Siena (24 in pi\u00f9), 3.828 a Grosseto (15 in pi\u00f9). Sono 555 i casi positivi notificati in Toscana, ma residenti in altre regioni. Sono 257 i casi riscontrati oggi nell&#8217;Asl Centro, 183 nella Nord Ovest, 65 nella Sud est.<\/p>\n<p><strong>La Toscana si trova al 10\u00b0 posto in Italia come numerosit\u00e0 di casi<\/strong> (comprensivi di residenti e non residenti), con circa 2.947 casi per 100.000 abitanti (media italiana circa 2.912 x100.000, dato di ieri). Le province di notifica con il tasso pi\u00f9 alto sono Prato con 3.759 casi x100.000 abitanti, Pisa con 3.648, Massa Carrara con 3.592, la pi\u00f9 bassa Siena con 1.665.<\/p>\n<h3>Oltre 23mila persone in isolamento, 1900 i guariti in pi\u00f9<\/h3>\n<p>Complessivamente, <strong>23.005 persone sono in isolamento a casa<\/strong>, poich\u00e9 presentano sintomi lievi che non richiedono cure ospedaliere o risultano prive di sintomi (1.431 in meno rispetto a ieri, meno 5,9%). Sono <strong>30.094<\/strong> (1.231 in meno rispetto a ieri, meno 3,9%) le persone, anche loro isolate, <strong>in sorveglianza attiva<\/strong>, perch\u00e9 hanno avuto contatti con persone contagiate (Asl Centro 9.636, Nord Ovest 15.055, Sud Est 5.403).<\/p>\n<p><strong>Le persone ricoverate nei posti letto dedicati ai pazienti Covid oggi sono complessivamente 1.600<\/strong> (12 in pi\u00f9 rispetto a ieri, pi\u00f9 0,8%), 253 in terapia intensiva (stabili rispetto a ieri).<\/p>\n<p>Le <strong>persone<\/strong> complessivamente <strong>guarite<\/strong> sono 82.361 (<strong>1.900 in pi\u00f9 rispetto a ieri<\/strong>, pi\u00f9 2,4%): 438 persone clinicamente guarite (4 in pi\u00f9 rispetto a ieri, pi\u00f9 0,9%), divenute cio\u00e8 asintomatiche dopo aver presentato manifestazioni cliniche associate all&#8217;infezione e 81.923 (1.896 in pi\u00f9 rispetto a ieri, pi\u00f9 2,4%) dichiarate guarite a tutti gli effetti, le cosiddette guarigioni virali, con tampone negativo.<\/p>\n<p>Sono <strong>2.957 i deceduti dall&#8217;inizio dell&#8217;epidemia<\/strong> cosi ripartiti: 1.057 a Firenze, 210 a Prato, 229 a Pistoia, 331 a Massa Carrara, 270 a Lucca, 318 a Pisa, 220 a Livorno, 141 ad Arezzo, 89 a Siena, 67 a Grosseto, 25 persone sono decedute sul suolo toscano ma erano residenti fuori regione.<\/p>\n<\/div>\n<\/div>\n<h3>A Prato il Centro Covid Pegaso da 190 posti letto<\/h3>\n<p>Intanto ieri \u00e8 stato inaugurato il nuovo<a href=\"https:\/\/www.intoscana.it\/it\/articolo\/centro-covid-pegaso-prato-190-posti-letto\/\" target=\"_blank\" rel=\"noopener noreferrer\"> <strong>Centro Covid Pegaso a Prato,<\/strong><\/a>\u00a0allestito in un mese all\u2019interno dell\u2019ex stabilimento Creaf in via Galcianese, che al momento dispone di\u00a0<strong>190 posti letto<\/strong> e potr\u00e0 cos\u00ec alleggerire la pressione sugli ospedali dell\u2019area Firenze, Prato Pistoia.<br \/>\nI primi pazienti saranno ricoverati luned\u00ec 14 dicembre nella nuova struttura di<strong> propriet\u00e0 della Regione Toscana,<\/strong>\u00a0composta di\u00a0<strong>due piani di complessivi 1.700 metri quadrati.<\/strong><\/p>\n<p><strong>Il costo del Centro Covid Pegaso,\u00a0<\/strong><strong>interamente finanziato dal bilancio regionale, \u00e8 stato di circa\u00a0<\/strong><strong>5 milioni di euro,<\/strong>\u00a0comprensivo degli arredi e degli apparecchi medicali, ma \u00e8 relativo a due edifici, ovvero anche<strong> all\u2019edificio gemello di quello inaugurato stamani, che una volta ultimato potr\u00e0 ospitare altri 160 posti letto per i pazienti Covid.<\/strong><em>dalle\u00a0<\/em><em>Rsa\u201d.\u00a0<\/em><\/p>\n","protected":false},"excerpt":{"rendered":"<p>Si registrano anche 24 nuovi decessi, mentre i guariti sono 1900 in pi\u00f9 rispetto a ieri. In leggero aumento i ricoverati.<\/p>\n","protected":false},"author":525,"featured_media":154560,"comment_status":"open","ping_status":"open","sticky":false,"template":"","format":"standard","meta":{"_acf_changed":false,"footnotes":""},"categories":[494],"tags":[4868,418,4408],"class_list":["post-161184","post","type-post","status-publish","format-standard","has-post-thumbnail","hentry","category-attualita","tag-bollettino-covid-toscana","tag-covid-19","tag-tamponi"],"acf":[],"yoast_head":"<!-- This site is optimized with the Yoast SEO Premium plugin v24.2 (Yoast SEO v25.6) - https:\/\/yoast.com\/wordpress\/plugins\/seo\/ -->\n<title>Covid-19: oggi 505 nuovi positivi su 9.878 tamponi - intoscana<\/title>\n<meta name=\"robots\" content=\"index, follow, max-snippet:-1, max-image-preview:large, max-video-preview:-1\" \/>\n<link rel=\"canonical\" href=\"https:\/\/www.intoscana.it\/it\/covid-19-anticipo-dei-dati-oggi-505-nuovi-positivi-su-9-878-tamponi\/\" \/>\n<meta property=\"og:locale\" content=\"it_IT\" \/>\n<meta property=\"og:type\" content=\"article\" \/>\n<meta property=\"og:title\" content=\"Covid-19: oggi 505 nuovi positivi su 9.878 tamponi\" \/>\n<meta property=\"og:description\" content=\"Si registrano anche 24 nuovi decessi, mentre i guariti sono 1900 in pi\u00f9 rispetto a ieri. In leggero aumento i ricoverati.\" \/>\n<meta property=\"og:url\" content=\"https:\/\/www.intoscana.it\/it\/covid-19-anticipo-dei-dati-oggi-505-nuovi-positivi-su-9-878-tamponi\/\" \/>\n<meta property=\"og:site_name\" content=\"intoscana\" \/>\n<meta property=\"article:publisher\" content=\"https:\/\/www.facebook.com\/intoscana.it\" \/>\n<meta property=\"article:published_time\" content=\"2020-12-09T10:44:35+00:00\" \/>\n<meta property=\"article:modified_time\" content=\"2020-12-10T16:41:51+00:00\" \/>\n<meta property=\"og:image\" content=\"https:\/\/www.intoscana.it\/wp-content\/uploads\/Tampone-JC-Gellidon-Unsplash.jpg\" \/>\n\t<meta property=\"og:image:width\" content=\"1920\" \/>\n\t<meta property=\"og:image:height\" content=\"1280\" \/>\n\t<meta property=\"og:image:type\" content=\"image\/jpeg\" \/>\n<meta name=\"author\" content=\"Redazione\" \/>\n<meta name=\"twitter:card\" content=\"summary_large_image\" \/>\n<meta name=\"twitter:creator\" content=\"@intoscana\" \/>\n<meta name=\"twitter:site\" content=\"@intoscana\" \/>\n<meta name=\"twitter:label1\" content=\"Written by\" \/>\n\t<meta name=\"twitter:data1\" content=\"Redazione\" \/>\n\t<meta name=\"twitter:label2\" content=\"Est. reading time\" \/>\n\t<meta name=\"twitter:data2\" content=\"3 minuti\" \/>\n<script type=\"application\/ld+json\" class=\"yoast-schema-graph\">{\"@context\":\"https:\/\/schema.org\",\"@graph\":[{\"@type\":\"WebPage\",\"@id\":\"https:\/\/www.intoscana.it\/it\/covid-19-anticipo-dei-dati-oggi-505-nuovi-positivi-su-9-878-tamponi\/\",\"url\":\"https:\/\/www.intoscana.it\/it\/covid-19-anticipo-dei-dati-oggi-505-nuovi-positivi-su-9-878-tamponi\/\",\"name\":\"Covid-19: oggi 505 nuovi positivi su 9.878 tamponi - intoscana\",\"isPartOf\":{\"@id\":\"https:\/\/www.intoscana.it\/it\/#website\"},\"primaryImageOfPage\":{\"@id\":\"https:\/\/www.intoscana.it\/it\/covid-19-anticipo-dei-dati-oggi-505-nuovi-positivi-su-9-878-tamponi\/#primaryimage\"},\"image\":{\"@id\":\"https:\/\/www.intoscana.it\/it\/covid-19-anticipo-dei-dati-oggi-505-nuovi-positivi-su-9-878-tamponi\/#primaryimage\"},\"thumbnailUrl\":\"https:\/\/www.intoscana.it\/wp-content\/uploads\/Tampone-JC-Gellidon-Unsplash.jpg\",\"datePublished\":\"2020-12-09T10:44:35+00:00\",\"dateModified\":\"2020-12-10T16:41:51+00:00\",\"author\":{\"@id\":\"https:\/\/www.intoscana.it\/it\/#\/schema\/person\/9223810753230f20bd670fdd322661f8\"},\"breadcrumb\":{\"@id\":\"https:\/\/www.intoscana.it\/it\/covid-19-anticipo-dei-dati-oggi-505-nuovi-positivi-su-9-878-tamponi\/#breadcrumb\"},\"inLanguage\":\"it-IT\",\"potentialAction\":[{\"@type\":\"ReadAction\",\"target\":[\"https:\/\/www.intoscana.it\/it\/covid-19-anticipo-dei-dati-oggi-505-nuovi-positivi-su-9-878-tamponi\/\"]}]},{\"@type\":\"ImageObject\",\"inLanguage\":\"it-IT\",\"@id\":\"https:\/\/www.intoscana.it\/it\/covid-19-anticipo-dei-dati-oggi-505-nuovi-positivi-su-9-878-tamponi\/#primaryimage\",\"url\":\"https:\/\/www.intoscana.it\/wp-content\/uploads\/Tampone-JC-Gellidon-Unsplash.jpg\",\"contentUrl\":\"https:\/\/www.intoscana.it\/wp-content\/uploads\/Tampone-JC-Gellidon-Unsplash.jpg\",\"width\":1920,\"height\":1280,\"caption\":\"Tamponi per individuare il Covid-19\"},{\"@type\":\"BreadcrumbList\",\"@id\":\"https:\/\/www.intoscana.it\/it\/covid-19-anticipo-dei-dati-oggi-505-nuovi-positivi-su-9-878-tamponi\/#breadcrumb\",\"itemListElement\":[{\"@type\":\"ListItem\",\"position\":1,\"name\":\"Home\",\"item\":\"https:\/\/www.intoscana.it\/it\/\"},{\"@type\":\"ListItem\",\"position\":2,\"name\":\"Covid-19: oggi 505 nuovi positivi su 9.878 tamponi\"}]},{\"@type\":\"WebSite\",\"@id\":\"https:\/\/www.intoscana.it\/it\/#website\",\"url\":\"https:\/\/www.intoscana.it\/it\/\",\"name\":\"intoscana\",\"description\":\"\",\"potentialAction\":[{\"@type\":\"SearchAction\",\"target\":{\"@type\":\"EntryPoint\",\"urlTemplate\":\"https:\/\/www.intoscana.it\/it\/?s={search_term_string}\"},\"query-input\":{\"@type\":\"PropertyValueSpecification\",\"valueRequired\":true,\"valueName\":\"search_term_string\"}}],\"inLanguage\":\"it-IT\"},{\"@type\":\"Person\",\"@id\":\"https:\/\/www.intoscana.it\/it\/#\/schema\/person\/9223810753230f20bd670fdd322661f8\",\"name\":\"Redazione\",\"url\":\"https:\/\/www.intoscana.it\/it\/author\/redazione\/\"}]}<\/script>\n<!-- \/ Yoast SEO Premium plugin. -->","yoast_head_json":{"title":"Covid-19: oggi 505 nuovi positivi su 9.878 tamponi - intoscana","robots":{"index":"index","follow":"follow","max-snippet":"max-snippet:-1","max-image-preview":"max-image-preview:large","max-video-preview":"max-video-preview:-1"},"canonical":"https:\/\/www.intoscana.it\/it\/covid-19-anticipo-dei-dati-oggi-505-nuovi-positivi-su-9-878-tamponi\/","og_locale":"it_IT","og_type":"article","og_title":"Covid-19: oggi 505 nuovi positivi su 9.878 tamponi","og_description":"Si registrano anche 24 nuovi decessi, mentre i guariti sono 1900 in pi\u00f9 rispetto a ieri. In leggero aumento i ricoverati.","og_url":"https:\/\/www.intoscana.it\/it\/covid-19-anticipo-dei-dati-oggi-505-nuovi-positivi-su-9-878-tamponi\/","og_site_name":"intoscana","article_publisher":"https:\/\/www.facebook.com\/intoscana.it","article_published_time":"2020-12-09T10:44:35+00:00","article_modified_time":"2020-12-10T16:41:51+00:00","og_image":[{"width":1920,"height":1280,"url":"https:\/\/www.intoscana.it\/wp-content\/uploads\/Tampone-JC-Gellidon-Unsplash.jpg","type":"image\/jpeg"}],"author":"Redazione","twitter_card":"summary_large_image","twitter_creator":"@intoscana","twitter_site":"@intoscana","twitter_misc":{"Written by":"Redazione","Est. reading time":"3 minuti"},"schema":{"@context":"https:\/\/schema.org","@graph":[{"@type":"WebPage","@id":"https:\/\/www.intoscana.it\/it\/covid-19-anticipo-dei-dati-oggi-505-nuovi-positivi-su-9-878-tamponi\/","url":"https:\/\/www.intoscana.it\/it\/covid-19-anticipo-dei-dati-oggi-505-nuovi-positivi-su-9-878-tamponi\/","name":"Covid-19: oggi 505 nuovi positivi su 9.878 tamponi - intoscana","isPartOf":{"@id":"https:\/\/www.intoscana.it\/it\/#website"},"primaryImageOfPage":{"@id":"https:\/\/www.intoscana.it\/it\/covid-19-anticipo-dei-dati-oggi-505-nuovi-positivi-su-9-878-tamponi\/#primaryimage"},"image":{"@id":"https:\/\/www.intoscana.it\/it\/covid-19-anticipo-dei-dati-oggi-505-nuovi-positivi-su-9-878-tamponi\/#primaryimage"},"thumbnailUrl":"https:\/\/www.intoscana.it\/wp-content\/uploads\/Tampone-JC-Gellidon-Unsplash.jpg","datePublished":"2020-12-09T10:44:35+00:00","dateModified":"2020-12-10T16:41:51+00:00","author":{"@id":"https:\/\/www.intoscana.it\/it\/#\/schema\/person\/9223810753230f20bd670fdd322661f8"},"breadcrumb":{"@id":"https:\/\/www.intoscana.it\/it\/covid-19-anticipo-dei-dati-oggi-505-nuovi-positivi-su-9-878-tamponi\/#breadcrumb"},"inLanguage":"it-IT","potentialAction":[{"@type":"ReadAction","target":["https:\/\/www.intoscana.it\/it\/covid-19-anticipo-dei-dati-oggi-505-nuovi-positivi-su-9-878-tamponi\/"]}]},{"@type":"ImageObject","inLanguage":"it-IT","@id":"https:\/\/www.intoscana.it\/it\/covid-19-anticipo-dei-dati-oggi-505-nuovi-positivi-su-9-878-tamponi\/#primaryimage","url":"https:\/\/www.intoscana.it\/wp-content\/uploads\/Tampone-JC-Gellidon-Unsplash.jpg","contentUrl":"https:\/\/www.intoscana.it\/wp-content\/uploads\/Tampone-JC-Gellidon-Unsplash.jpg","width":1920,"height":1280,"caption":"Tamponi per individuare il Covid-19"},{"@type":"BreadcrumbList","@id":"https:\/\/www.intoscana.it\/it\/covid-19-anticipo-dei-dati-oggi-505-nuovi-positivi-su-9-878-tamponi\/#breadcrumb","itemListElement":[{"@type":"ListItem","position":1,"name":"Home","item":"https:\/\/www.intoscana.it\/it\/"},{"@type":"ListItem","position":2,"name":"Covid-19: oggi 505 nuovi positivi su 9.878 tamponi"}]},{"@type":"WebSite","@id":"https:\/\/www.intoscana.it\/it\/#website","url":"https:\/\/www.intoscana.it\/it\/","name":"intoscana","description":"","potentialAction":[{"@type":"SearchAction","target":{"@type":"EntryPoint","urlTemplate":"https:\/\/www.intoscana.it\/it\/?s={search_term_string}"},"query-input":{"@type":"PropertyValueSpecification","valueRequired":true,"valueName":"search_term_string"}}],"inLanguage":"it-IT"},{"@type":"Person","@id":"https:\/\/www.intoscana.it\/it\/#\/schema\/person\/9223810753230f20bd670fdd322661f8","name":"Redazione","url":"https:\/\/www.intoscana.it\/it\/author\/redazione\/"}]}},"_links":{"self":[{"href":"https:\/\/www.intoscana.it\/it\/wp-json\/wp\/v2\/posts\/161184","targetHints":{"allow":["GET"]}}],"collection":[{"href":"https:\/\/www.intoscana.it\/it\/wp-json\/wp\/v2\/posts"}],"about":[{"href":"https:\/\/www.intoscana.it\/it\/wp-json\/wp\/v2\/types\/post"}],"author":[{"embeddable":true,"href":"https:\/\/www.intoscana.it\/it\/wp-json\/wp\/v2\/users\/525"}],"replies":[{"embeddable":true,"href":"https:\/\/www.intoscana.it\/it\/wp-json\/wp\/v2\/comments?post=161184"}],"version-history":[{"count":0,"href":"https:\/\/www.intoscana.it\/it\/wp-json\/wp\/v2\/posts\/161184\/revisions"}],"wp:featuredmedia":[{"embeddable":true,"href":"https:\/\/www.intoscana.it\/it\/wp-json\/wp\/v2\/media\/154560"}],"wp:attachment":[{"href":"https:\/\/www.intoscana.it\/it\/wp-json\/wp\/v2\/media?parent=161184"}],"wp:term":[{"taxonomy":"category","embeddable":true,"href":"https:\/\/www.intoscana.it\/it\/wp-json\/wp\/v2\/categories?post=161184"},{"taxonomy":"post_tag","embeddable":true,"href":"https:\/\/www.intoscana.it\/it\/wp-json\/wp\/v2\/tags?post=161184"}],"curies":[{"name":"wp","href":"https:\/\/api.w.org\/{rel}","templated":true}]}}