{"id":161259,"date":"2020-12-10T09:29:11","date_gmt":"2020-12-10T08:29:11","guid":{"rendered":"https:\/\/www.intoscana.it\/it\/?p=161259"},"modified":"2020-12-10T09:31:15","modified_gmt":"2020-12-10T08:31:15","slug":"terremoto-mugello-ricostruzione","status":"publish","type":"post","link":"https:\/\/www.intoscana.it\/it\/terremoto-mugello-ricostruzione\/","title":{"rendered":"Ad un anno dal terremoto del Mugello: avanti la ricostruzione e i risarcimenti"},"content":{"rendered":"<p>Ad un anno dal <strong>terremoto<\/strong>, il presidente Eugenio Giani e l\u2019assessore alla protezione civile Monia Monni insieme a Natale Mazzei della Protezione civile nazionale, sono tornati nel <strong>Mugello<\/strong> per effettuare un sopralluogo e fare il punto sugli interventi fatti e quelli ancora da concludere. Presenti anche il delegato alla Protezione civile della Citt\u00e0 Metropolitana di Firenze Massimo Fratini, il prefetto di Firenze Alessandra Guidi, il comandante provinciale VVFF Gennaro Tornatore, il presidente dell\u2019Unione montana dei Comuni del Mugello Gian Piero Philip Moschetti, il sindaco del Comune di Barberino di Mugello Giampiero Mongatti e quello del Comune di Scarperia e San Piero Federico Ignesti.<\/p>\n<p>In questa occasione \u00e8 stato presentato un <strong>primo bilancio sulle richieste di risarcimento<\/strong>. Ad oggi per il ripristino del patrimonio edilizio privato sono <strong>necessari 3,925 mln di euro<\/strong>, in parte gi\u00e0 coperti e in fase di copertura con risorse provenienti dal Dipartimento della Protezione civile nazionale. Confermato l\u2019inserimento nella platea dei beneficiari anche delle seconde case funzionali al ritorno all\u2019agibilit\u00e0 delle prime case. Risultano invece gi\u00e0 autorizzate le richieste di contributo per le unit\u00e0 immobiliari danneggiate destinate ad uso commerciale, produttivo od ufficio, sempre funzionali all\u2019intero recupero dell\u2019unit\u00e0 strutturale.<\/p>\n<p>Ricordiamo che per questi interventi, l\u2019iniziale contributo statale di 25mila euro per il pronto ripristino del patrimonio edilizio privato danneggiato \u00e8 stato raddoppiato dalla Regione portandolo cos\u00ec a 50 mila euro, grazie ad un ulteriore stanziamento di circa 1 milione di euro.<\/p>\n<p>Oltre a questo, grazie <strong>4,6 milioni di euro<\/strong> di fondi nazionali, saranno finanziati tutti quegli Interventi per la <strong>riduzione del rischio residuo<\/strong>. Nel dettaglio, si lavorer\u00e0 al ripristino dell\u2019agibilit\u00e0 del Palazzo Comunale di Barberino di Mugello (1,360 mln) ed al miglioramento e l\u2019adeguamento sismico della scuola media \u2018Lorenzo de\u2019 Medici\u2019 sempre a Barberino (3,1 mln). A questi due interventi si aggiungono il consolidamento di 6 cimiteri posti nel Comune di Scarperia San Piero che presentano lesioni ai muri perimetrali (174 mila euro) e l\u2019intervento per il ripristino dell\u2019agibilit\u00e0 di un alloggio di edilizia popolare del Comune di Scarperia San Piero (25 mila euro).<\/p>\n<p>Altri <strong>13,3 mln di euro<\/strong> saranno necessari per intervenire sulla elementare di Barberino di Mugello e per i <strong>danni subiti al patrimonio privato<\/strong>, ed in particolare 1,545 mln per gli edifici di interesse storico-culturale e 2,24 per quelli privati. In tal caso il Dipartimento della Protezione civile nazionale sta valutando la modalit\u00e0 per effettuare il finanziamento (delibera o inserimento in finanziaria).<\/p>\n<figure id=\"post-161263 media-161263\" class=\"align-center\"><img decoding=\"async\" src=\"https:\/\/www.intoscana.it\/wp-content\/uploads\/giani-monni-sopralluogo-barberino-mugello.jpeg\" alt=\"\" \/><\/figure>\n<div class=\"titleimg\">Sopralluogo nel Mugello del Presidente Eugenio Giani e dell\u2019assessore Monia Monni<\/div>\n<p>\u201cSi chiuder\u00e0 molto presto il capitolo dei risarcimenti \u2013 ha detto <strong>Giani<\/strong> \u2013 come ci ha garantito la Protezione civile nazionale. La visita di oggi mi ha fatto tornare ad un anno fa quando ci riunimmo per valutare i primi danni, temendo che la situazione fosse molto pi\u00f9 drammatica. Ci rendemmo subito conto che in realt\u00e0 i danni maggiori si erano concentrati nella parte alta della Sieve, tra Scarperia e Barberino. Fu impressionante proprio a Barberino, vedere il distacco totale della facciata della chiesa di San Silvestro. Ma allo stesso tempo vedere anche all&#8217;opera immediatamente i Vigili del Fuoco ed il personale della Protezione civile, ma anche il volontariato, semplici cittadini\u201d. <mark> \u201cVedere a un anno di distanza \u2013 ha aggiunto il presidente &#8211; molte facciate nuove, dalla piazza al corso, nei luoghi pi\u00f9 significativi e colpiti, la sensazione \u00e8 quella di un lavoro concreto reso frutto della sinergia tra pubblico e privato. E se, anche malgrado l&#8217;emergenza sanitaria ancora in corso, alcuni passaggi procedurali in merito ai ristori non sono stati ancora completati, va dato atto della grande reazione di questo territorio e della laboriosit\u00e0 della propria gente a questa grande disgrazia\u201d. <\/mark><\/p>\n<p>\u201cAd un anno da quel terribile momento \u2013 hanno detto i sindaci di Barberino Giampiero Mongatti e quello di Scarperia e San Piero Federico Ignesti &#8211; sentiamo il dovere ancora una volta di ringraziare tutti i protagonisti della gestione dell\u2019emergenza che, come purtroppo viviamo tutti i giorni sulla nostra pelle uscendo di casa, ancora non \u00e8 cessata. L\u2019occasione di stamani, unita alle attese risposte arrivate oggi dalla Protezione Civile Nazionale, ci danno la giusta motivazione per affrontare i prossimi mesi, che saranno s\u00ec impegnativi, ma che vedranno i nostri paesi tornare a piccoli passi verso la loro normalit\u00e0. <mark> Un ennesimo plauso \u2013 hanno concluso &#8211; va ai nostri cittadini, che ogni giorno ci dimostrano la loro grande operosit\u00e0, il loro senso di appartenenza, la loro voglia di non arrendersi. Una cosa di cui andiamo particolarmente fieri\u201d.<\/mark><\/p>\n","protected":false},"excerpt":{"rendered":"<p>In occasione del sopralluogo il Presidente Eugenio Giani ha confermato che \u201cSi chiuder\u00e0 molto presto il capitolo dei risarcimenti&#8221;<\/p>\n","protected":false},"author":525,"featured_media":102343,"comment_status":"open","ping_status":"open","sticky":false,"template":"","format":"standard","meta":{"_acf_changed":false,"footnotes":""},"categories":[494],"tags":[158,375,3471,4508],"class_list":["post-161259","post","type-post","status-publish","format-standard","has-post-thumbnail","hentry","category-attualita","tag-eugenio-giani","tag-mugello","tag-protezione-civile","tag-terremoto"],"acf":[],"yoast_head":"<!-- This site is optimized with the Yoast SEO Premium plugin v24.2 (Yoast SEO v25.6) - https:\/\/yoast.com\/wordpress\/plugins\/seo\/ -->\n<title>Ad un anno dal terremoto del Mugello: avanti la ricostruzione e i risarcimenti - intoscana<\/title>\n<meta name=\"description\" content=\"Ad un anno dal terremoto del Mugello, Regione Toscana e Dipartimento della protezione civile fanno il punto sugli interventi realizzati\" \/>\n<meta name=\"robots\" content=\"index, follow, max-snippet:-1, max-image-preview:large, max-video-preview:-1\" \/>\n<link rel=\"canonical\" href=\"https:\/\/www.intoscana.it\/it\/terremoto-mugello-ricostruzione\/\" \/>\n<meta property=\"og:locale\" content=\"it_IT\" \/>\n<meta property=\"og:type\" content=\"article\" \/>\n<meta property=\"og:title\" content=\"Ad un anno dal terremoto del Mugello: avanti la ricostruzione e i risarcimenti\" \/>\n<meta property=\"og:description\" content=\"Ad un anno dal terremoto del Mugello, Regione Toscana e Dipartimento della protezione civile fanno il punto sugli interventi realizzati\" \/>\n<meta property=\"og:url\" content=\"https:\/\/www.intoscana.it\/it\/terremoto-mugello-ricostruzione\/\" \/>\n<meta property=\"og:site_name\" content=\"intoscana\" \/>\n<meta property=\"article:publisher\" content=\"https:\/\/www.facebook.com\/intoscana.it\" \/>\n<meta property=\"article:published_time\" content=\"2020-12-10T08:29:11+00:00\" \/>\n<meta property=\"article:modified_time\" content=\"2020-12-10T08:31:15+00:00\" \/>\n<meta property=\"og:image\" content=\"https:\/\/www.intoscana.it\/wp-content\/uploads\/terremoto-barberino-mugello-perizie.jpg\" \/>\n\t<meta property=\"og:image:width\" content=\"630\" \/>\n\t<meta property=\"og:image:height\" content=\"419\" \/>\n\t<meta property=\"og:image:type\" content=\"image\/jpeg\" \/>\n<meta name=\"author\" content=\"Redazione\" \/>\n<meta name=\"twitter:card\" content=\"summary_large_image\" \/>\n<meta name=\"twitter:creator\" content=\"@intoscana\" \/>\n<meta name=\"twitter:site\" content=\"@intoscana\" \/>\n<meta name=\"twitter:label1\" content=\"Written by\" \/>\n\t<meta name=\"twitter:data1\" content=\"Redazione\" \/>\n\t<meta name=\"twitter:label2\" content=\"Est. reading time\" \/>\n\t<meta name=\"twitter:data2\" content=\"4 minuti\" \/>\n<script type=\"application\/ld+json\" class=\"yoast-schema-graph\">{\"@context\":\"https:\/\/schema.org\",\"@graph\":[{\"@type\":\"WebPage\",\"@id\":\"https:\/\/www.intoscana.it\/it\/terremoto-mugello-ricostruzione\/\",\"url\":\"https:\/\/www.intoscana.it\/it\/terremoto-mugello-ricostruzione\/\",\"name\":\"Ad un anno dal terremoto del Mugello: avanti la ricostruzione e i risarcimenti - intoscana\",\"isPartOf\":{\"@id\":\"https:\/\/www.intoscana.it\/it\/#website\"},\"primaryImageOfPage\":{\"@id\":\"https:\/\/www.intoscana.it\/it\/terremoto-mugello-ricostruzione\/#primaryimage\"},\"image\":{\"@id\":\"https:\/\/www.intoscana.it\/it\/terremoto-mugello-ricostruzione\/#primaryimage\"},\"thumbnailUrl\":\"https:\/\/www.intoscana.it\/wp-content\/uploads\/terremoto-barberino-mugello-perizie.jpg\",\"datePublished\":\"2020-12-10T08:29:11+00:00\",\"dateModified\":\"2020-12-10T08:31:15+00:00\",\"author\":{\"@id\":\"https:\/\/www.intoscana.it\/it\/#\/schema\/person\/9223810753230f20bd670fdd322661f8\"},\"description\":\"Ad un anno dal terremoto del Mugello, Regione Toscana e Dipartimento della protezione civile fanno il punto sugli interventi realizzati\",\"breadcrumb\":{\"@id\":\"https:\/\/www.intoscana.it\/it\/terremoto-mugello-ricostruzione\/#breadcrumb\"},\"inLanguage\":\"it-IT\",\"potentialAction\":[{\"@type\":\"ReadAction\",\"target\":[\"https:\/\/www.intoscana.it\/it\/terremoto-mugello-ricostruzione\/\"]}]},{\"@type\":\"ImageObject\",\"inLanguage\":\"it-IT\",\"@id\":\"https:\/\/www.intoscana.it\/it\/terremoto-mugello-ricostruzione\/#primaryimage\",\"url\":\"https:\/\/www.intoscana.it\/wp-content\/uploads\/terremoto-barberino-mugello-perizie.jpg\",\"contentUrl\":\"https:\/\/www.intoscana.it\/wp-content\/uploads\/terremoto-barberino-mugello-perizie.jpg\",\"width\":630,\"height\":419,\"caption\":\"Terremoto nel Mugello\"},{\"@type\":\"BreadcrumbList\",\"@id\":\"https:\/\/www.intoscana.it\/it\/terremoto-mugello-ricostruzione\/#breadcrumb\",\"itemListElement\":[{\"@type\":\"ListItem\",\"position\":1,\"name\":\"Home\",\"item\":\"https:\/\/www.intoscana.it\/it\/\"},{\"@type\":\"ListItem\",\"position\":2,\"name\":\"Ad un anno dal terremoto del Mugello: avanti la ricostruzione e i risarcimenti\"}]},{\"@type\":\"WebSite\",\"@id\":\"https:\/\/www.intoscana.it\/it\/#website\",\"url\":\"https:\/\/www.intoscana.it\/it\/\",\"name\":\"intoscana\",\"description\":\"\",\"potentialAction\":[{\"@type\":\"SearchAction\",\"target\":{\"@type\":\"EntryPoint\",\"urlTemplate\":\"https:\/\/www.intoscana.it\/it\/?s={search_term_string}\"},\"query-input\":{\"@type\":\"PropertyValueSpecification\",\"valueRequired\":true,\"valueName\":\"search_term_string\"}}],\"inLanguage\":\"it-IT\"},{\"@type\":\"Person\",\"@id\":\"https:\/\/www.intoscana.it\/it\/#\/schema\/person\/9223810753230f20bd670fdd322661f8\",\"name\":\"Redazione\",\"url\":\"https:\/\/www.intoscana.it\/it\/author\/redazione\/\"}]}<\/script>\n<!-- \/ Yoast SEO Premium plugin. -->","yoast_head_json":{"title":"Ad un anno dal terremoto del Mugello: avanti la ricostruzione e i risarcimenti - intoscana","description":"Ad un anno dal terremoto del Mugello, Regione Toscana e Dipartimento della protezione civile fanno il punto sugli interventi realizzati","robots":{"index":"index","follow":"follow","max-snippet":"max-snippet:-1","max-image-preview":"max-image-preview:large","max-video-preview":"max-video-preview:-1"},"canonical":"https:\/\/www.intoscana.it\/it\/terremoto-mugello-ricostruzione\/","og_locale":"it_IT","og_type":"article","og_title":"Ad un anno dal terremoto del Mugello: avanti la ricostruzione e i risarcimenti","og_description":"Ad un anno dal terremoto del Mugello, Regione Toscana e Dipartimento della protezione civile fanno il punto sugli interventi realizzati","og_url":"https:\/\/www.intoscana.it\/it\/terremoto-mugello-ricostruzione\/","og_site_name":"intoscana","article_publisher":"https:\/\/www.facebook.com\/intoscana.it","article_published_time":"2020-12-10T08:29:11+00:00","article_modified_time":"2020-12-10T08:31:15+00:00","og_image":[{"width":630,"height":419,"url":"https:\/\/www.intoscana.it\/wp-content\/uploads\/terremoto-barberino-mugello-perizie.jpg","type":"image\/jpeg"}],"author":"Redazione","twitter_card":"summary_large_image","twitter_creator":"@intoscana","twitter_site":"@intoscana","twitter_misc":{"Written by":"Redazione","Est. reading time":"4 minuti"},"schema":{"@context":"https:\/\/schema.org","@graph":[{"@type":"WebPage","@id":"https:\/\/www.intoscana.it\/it\/terremoto-mugello-ricostruzione\/","url":"https:\/\/www.intoscana.it\/it\/terremoto-mugello-ricostruzione\/","name":"Ad un anno dal terremoto del Mugello: avanti la ricostruzione e i risarcimenti - intoscana","isPartOf":{"@id":"https:\/\/www.intoscana.it\/it\/#website"},"primaryImageOfPage":{"@id":"https:\/\/www.intoscana.it\/it\/terremoto-mugello-ricostruzione\/#primaryimage"},"image":{"@id":"https:\/\/www.intoscana.it\/it\/terremoto-mugello-ricostruzione\/#primaryimage"},"thumbnailUrl":"https:\/\/www.intoscana.it\/wp-content\/uploads\/terremoto-barberino-mugello-perizie.jpg","datePublished":"2020-12-10T08:29:11+00:00","dateModified":"2020-12-10T08:31:15+00:00","author":{"@id":"https:\/\/www.intoscana.it\/it\/#\/schema\/person\/9223810753230f20bd670fdd322661f8"},"description":"Ad un anno dal terremoto del Mugello, Regione Toscana e Dipartimento della protezione civile fanno il punto sugli interventi realizzati","breadcrumb":{"@id":"https:\/\/www.intoscana.it\/it\/terremoto-mugello-ricostruzione\/#breadcrumb"},"inLanguage":"it-IT","potentialAction":[{"@type":"ReadAction","target":["https:\/\/www.intoscana.it\/it\/terremoto-mugello-ricostruzione\/"]}]},{"@type":"ImageObject","inLanguage":"it-IT","@id":"https:\/\/www.intoscana.it\/it\/terremoto-mugello-ricostruzione\/#primaryimage","url":"https:\/\/www.intoscana.it\/wp-content\/uploads\/terremoto-barberino-mugello-perizie.jpg","contentUrl":"https:\/\/www.intoscana.it\/wp-content\/uploads\/terremoto-barberino-mugello-perizie.jpg","width":630,"height":419,"caption":"Terremoto nel Mugello"},{"@type":"BreadcrumbList","@id":"https:\/\/www.intoscana.it\/it\/terremoto-mugello-ricostruzione\/#breadcrumb","itemListElement":[{"@type":"ListItem","position":1,"name":"Home","item":"https:\/\/www.intoscana.it\/it\/"},{"@type":"ListItem","position":2,"name":"Ad un anno dal terremoto del Mugello: avanti la ricostruzione e i risarcimenti"}]},{"@type":"WebSite","@id":"https:\/\/www.intoscana.it\/it\/#website","url":"https:\/\/www.intoscana.it\/it\/","name":"intoscana","description":"","potentialAction":[{"@type":"SearchAction","target":{"@type":"EntryPoint","urlTemplate":"https:\/\/www.intoscana.it\/it\/?s={search_term_string}"},"query-input":{"@type":"PropertyValueSpecification","valueRequired":true,"valueName":"search_term_string"}}],"inLanguage":"it-IT"},{"@type":"Person","@id":"https:\/\/www.intoscana.it\/it\/#\/schema\/person\/9223810753230f20bd670fdd322661f8","name":"Redazione","url":"https:\/\/www.intoscana.it\/it\/author\/redazione\/"}]}},"_links":{"self":[{"href":"https:\/\/www.intoscana.it\/it\/wp-json\/wp\/v2\/posts\/161259","targetHints":{"allow":["GET"]}}],"collection":[{"href":"https:\/\/www.intoscana.it\/it\/wp-json\/wp\/v2\/posts"}],"about":[{"href":"https:\/\/www.intoscana.it\/it\/wp-json\/wp\/v2\/types\/post"}],"author":[{"embeddable":true,"href":"https:\/\/www.intoscana.it\/it\/wp-json\/wp\/v2\/users\/525"}],"replies":[{"embeddable":true,"href":"https:\/\/www.intoscana.it\/it\/wp-json\/wp\/v2\/comments?post=161259"}],"version-history":[{"count":0,"href":"https:\/\/www.intoscana.it\/it\/wp-json\/wp\/v2\/posts\/161259\/revisions"}],"wp:featuredmedia":[{"embeddable":true,"href":"https:\/\/www.intoscana.it\/it\/wp-json\/wp\/v2\/media\/102343"}],"wp:attachment":[{"href":"https:\/\/www.intoscana.it\/it\/wp-json\/wp\/v2\/media?parent=161259"}],"wp:term":[{"taxonomy":"category","embeddable":true,"href":"https:\/\/www.intoscana.it\/it\/wp-json\/wp\/v2\/categories?post=161259"},{"taxonomy":"post_tag","embeddable":true,"href":"https:\/\/www.intoscana.it\/it\/wp-json\/wp\/v2\/tags?post=161259"}],"curies":[{"name":"wp","href":"https:\/\/api.w.org\/{rel}","templated":true}]}}