{"id":161313,"date":"2020-12-10T12:33:45","date_gmt":"2020-12-10T11:33:45","guid":{"rendered":"https:\/\/www.intoscana.it\/it\/?p=161313"},"modified":"2020-12-10T18:08:41","modified_gmt":"2020-12-10T17:08:41","slug":"nuvole-di-parole-sul-tema-della-legalita-il-covid-non-ferma-il-meeting-sui-diritti-umani","status":"publish","type":"post","link":"https:\/\/www.intoscana.it\/it\/nuvole-di-parole-sul-tema-della-legalita-il-covid-non-ferma-il-meeting-sui-diritti-umani\/","title":{"rendered":"Nuvole di parole sulla legalit\u00e0. Il covid non ferma il Meeting sui diritti umani"},"content":{"rendered":"<p>Vedere il Mandela Forum svuotato dagli studenti fa un certo effetto. Ma non poteva andare diversamente. Quel che conta \u00e8 che anche in questo 2020, nonostante la pandemia, a Firenze si possa esser tornati a parlare di diritti umani. <mark>Ventitr\u00e9 edizioni alle spalle e <strong>dodicimila studenti<\/strong> di pi\u00f9 di centodieci scuole toscane, medie e superiori, pronte alla vigilia a collegarsi da remoto da buona parte della Toscana<\/mark>. Con questi numeri si \u00e8 aperta l\u2019edizione 2020 del <a href=\"https:\/\/www.regione.toscana.it\/web\/guest\/-\/meeting-diritti-umani-2020\" target=\"_blank\" rel=\"noopener noreferrer\"><strong>Meeting dei diritti umani<\/strong><\/a> della Regione Toscana, evento annuale al quale il presidente della Toscana <strong>Eugenio Giani<\/strong> non ha voluto rinunciare nonostante le restrizioni imposte dall\u2019emergenza sanitaria in atto.<em> &#8220;Io rispetto&#8221;<\/em> \u00e8 il titolo di questa ventiquattresima edizione collegata al tema <em>\u201cPace, giustizia e istituzioni solide\u201d<\/em> fissato dall\u2019obiettivo numero 16 di sviluppo sostenibile dell&#8217;<a href=\"https:\/\/unric.org\/it\/agenda-2030\/\" target=\"_blank\" rel=\"noopener noreferrer\">Agenda Onu 2030<\/a>. Il Meeting rientra nell&#8217;ambito di <a href=\"https:\/\/giovanisi.it\/\" target=\"_blank\" rel=\"noopener noreferrer\">Giovanis\u00ec<\/a>, il progetto della Regione Toscana per l&#8217;autonomia dei giovani, ed usando linguaggi non convenzionali vuole parlare agli studenti delle scuole per sottolineare l\u2019importanza e l\u2019attualit\u00e0, ancora oggi, dei valori alla base della Dichiarazione universale dei diritti dell\u2019uomo adottata nel 1948, proprio il 10 dicembre. Fu l\u2019Onu a chiedere di farla leggere e commentare nelle scuole.<\/p>\n<p><iframe loading=\"lazy\" style=\"border: none; overflow: hidden;\" src=\"https:\/\/www.facebook.com\/plugins\/video.php?height=314&amp;href=https%3A%2F%2Fwww.facebook.com%2Fintoscana.it%2Fvideos%2F424397618738838%2F&amp;show_text=false&amp;width=560\" width=\"560\" height=\"314\" frameborder=\"0\" scrolling=\"no\" allowfullscreen=\"allowfullscreen\"><\/iframe><\/p>\n<h3>Un&#8217;edizione digitale (ma non troppo)<\/h3>\n<p>Quest\u2019anno le centinaia e centinaia di ragazze, ragazzi e insegnanti che ogni dicembre solitamente invadevano il catino del Mandela Forum di Firenze provenendo da tutta la Toscana sono stati presenti non fisicamente ma virtualmente, collegati via streaming da classi o abitazioni e rappresentati dai loro elaborati condivisi on-line grazie alla tecnologia. <mark>Il palco, invece, si \u00e8 popolato e raddoppiato, dato che una parte significativa del Meeting \u00e8 uscita dal Mandela ed \u00e8 approdata al Parco comunale di San Donato, nel quartiere fiorentino di Novoli, da dove si sono collegati vari ospiti e dove il writer <strong>Andrea Casc\u00ecu<\/strong>, street artist e direttore artistico dell&#8217;associazione \u201cPennelli Ribelli\u201d<\/mark>, ha dipinto un murales appositamente ideato per l&#8217;evento e terminato proprio stamani. Con lui <strong>Matteo Bidini<\/strong>, curatore e produttore culturale di interventi di arte pubblica.<\/p>\n<div class=\"focuson\"><a href=\"https:\/\/www.intoscana.it\/it\/articolo\/bowland-street-artist-narrazione-meeting-diritti-umani-streaming\/\"><img decoding=\"async\" class=\"lazy\" src=\"https:\/\/www.intoscana.it\/wp-content\/uploads\/Una-delle-passate-edizioni-del-Meeting-dei-diritti-umani-al-Mandela-Forum.jpg\" style=\"\">\n                <div class=\"cat\">Meeting diritti umani, prima volta in streaming<\/div>\n                <h4>Tanti ospiti, tra arte e musica: BowLand, street artist e testimonianze<\/h4><\/a>\n              <\/div>\n<h3>Il valore della legalit\u00e0<\/h3>\n<p><em>\u201cLegalit\u00e0 e rispetto sono due concetti intrecciati in modo strettissimo&#8221;<\/em> ha detto l\u2019assessore regionale con delega alla promozione dei diritti umani, <strong>Alessandra Nardini<\/strong>, nel suo intervento introduttivo. <em>&#8220;La legalit\u00e0 passa dal rispetto delle leggi, ma scegliere la legalit\u00e0 significa anche rispettare tutti gli esseri umani, a partire da chi \u00e8 pi\u00f9 fragile, i beni comuni, l&#8217;ambiente. Le societ\u00e0 con maggiore illegalit\u00e0 sono anche le societ\u00e0 pi\u00f9 ingiuste, con maggiori disuguaglianze. <mark>L&#8217;uguaglianza \u00e8 la base necessaria affinch\u00e9 i diritti umani siano garantiti<\/mark>. Anche se certi diritti sembrano scontati, non lo sono affatto in molte parti del mondo, in alcuni Paesi si stanno compiendo addirittura passi indietro. Questa pandemia<\/em> &#8211; ha aggiunto-<em> sta aumentando povert\u00e0, disuguaglianze e difficolt\u00e0. Le criticit\u00e0 che si evidenziano non le ha create il Covid, c\u2019erano anche prima ma adesso sono pi\u00f9 evidenti e purtroppo si stanno acutizzando. Per questo non dobbiamo dire che rivogliamo il mondo che avevamo prima del Covid, ma dobbiamo impegnarci per costruirne uno migliore, pi\u00f9 giusto, pi\u00f9 inclusivo e equo, basato sull&#8217;uguaglianza e sul pari accesso alle opportunit\u00e0, pi\u00f9 sostenibile. Per farlo dovremo farci guidare da principi e dai valori come quelli contenuti nella Dichiarazione universale dei diritti umani. Solo cos\u00ec costruiremo davvero una societ\u00e0 del rispetto e della legalit\u00e0, dei diritti e dell\u2019uguaglianza\u201d.<\/em><\/p>\n<p><iframe loading=\"lazy\" style=\"border: none; overflow: hidden;\" src=\"https:\/\/www.facebook.com\/plugins\/video.php?height=314&amp;href=https%3A%2F%2Fwww.facebook.com%2Fintoscana.it%2Fvideos%2F2860827364150800%2F&amp;show_text=false&amp;width=560\" width=\"560\" height=\"314\" frameborder=\"0\" scrolling=\"no\" allowfullscreen=\"allowfullscreen\"><\/iframe><\/p>\n<h3>Nulla \u00e8 scontato<\/h3>\n<p>&#8220;<p><span class=\"citazione\">&#8220;Non c&#8217;\u00e8 legge che possa sostituirsi alla coscienze consapevoli del proprio diritto-dovere di cittadinanza&#8221;<\/span><\/p><\/p>\n<p><em>Viviamo oggi in una generazione di pace e di benessere&#8221;<\/em> ha sottolineato <strong>Stefano Ciuoffo<\/strong>, assessore regionale con delega alla cultura della legalit\u00e0. <em>&#8220;Una condizione che diamo troppo per scontata pensando che sia per sempre. Ma non \u00e8 cos\u00ec. <mark>Sar\u00e0 per sempre solo se resta saldo in noi il riconoscimento del valore della persona, della legalit\u00e0, dei diritti e dei doveri che a ciascuno competono nel momento in cui vive in una comunit\u00e0 strutturata<\/mark>. \u00c8 questo il messaggio che la Regione Toscana ha voluto ribadire con questa ventiquattresima edizione del meeting, perch\u00e9 non c&#8217;\u00e8 polizia e non c&#8217;\u00e8 controllo, non c&#8217;\u00e8 legge che possano sostituirsi alla coscienze consapevoli del proprio diritto-dovere di cittadinanza&#8221;.<\/em><\/p>\n<h3>La bellezza dell&#8217;interazione<\/h3>\n<p>Il sindaco di Firenze Dario Nardella \u00e8 intervenuto subito dopo. I ragazzi da casa interagiscono attraverso Zoom, Instagram e le piattaforma <a href=\"https:\/\/www.menti.com\/\" target=\"_blank\" rel=\"noopener noreferrer\">menti.com<\/a>. Scrivono i loro nomi, le citt\u00e0 da dove si stanno collegano, l\u2019et\u00e0 e il tutto si trasforma in diretta in una nuvola di parole sullo schermo. <strong>Migliaia di risposte in pochissimi secondi<\/strong>. Presentano i loro lavori: un istituto di Vinci, un liceo di Collevaldelsa, un\u2019altra scuola da Chiusi. Poi quiz sull\u2019agenda 2030 e l\u2019obiettivo 16 di sviluppo sostenibile, sulla Dichiarazioni universale dei diritti dell\u2019uomo, sulle storie di servitori dello Stato, di donne e uomini che hanno sfidato il silenzio e l\u2019omert\u00e0 al prezzo della propria vita, di ragazzi poco pi\u00f9 grandi di loro come <strong>Robert Zacky<\/strong>, difensore dei diritti umani rinchiuso nelle carceri egiziane dal febbraio scorso, torturato. Sul palco si alternano <strong>Carletto Dj<\/strong> e il giornalista <strong>Saverio Tommasi<\/strong>. E il meeting prosegue.<\/p>\n<p><iframe loading=\"lazy\" src=\"https:\/\/www.youtube.com\/embed\/5qRLLggoVKs\" width=\"800\" height=\"470\" frameborder=\"0\" allowfullscreen=\"allowfullscreen\"><span style=\"display: inline-block; width: 0px; overflow: hidden; line-height: 0;\" data-mce-type=\"bookmark\" class=\"mce_SELRES_start\">\ufeff<\/span><\/iframe><\/p>\n<h3>Contro il silenzio<\/h3>\n<p><span class=\"citazione\">&#8220;Parlarne \u00e8 il modo migliore per far emergere quello che \u00e8 sotto il pelo dell&#8217;acqua&#8221;<\/span><\/p>\n<p><em>&#8220;\u00c8 molto importante che la politica e le istituzioni, oltre ai tribunali, si occupino del contrasto alla mafia, perch\u00e9 \u00e8 una questione che non riguarda soltanto le forze dell&#8217;ordine e la magistratura. La commissione antimafia ha lavorato nei suoi anni migliori per fare in modo tale che ci sia un dibattito sulla mafia <mark>perch\u00e9 il primo alleato della mafia, oltre alla paura, \u00e8 il silenzio anche di chi non ha paura, il minimizzare, il negazionismo, lo sminuire<\/mark>. Parlarne \u00e8 il modo migliore per far emergere quello che \u00e8 sotto il pelo dell&#8217;acqua. Il dibattito che va in questa direzione, la lotta contro il negazionismo \u00e8 quello che credo si debba fare e che pu\u00f2 fare ciascuno<\/em>&#8220;. Cos\u00ec il vicesegretario del Pd, l&#8217;onorevole <strong>Andrea Orlando<\/strong>, membro della Commissione parlamentare antimafia, \u00e8 intervenuto al Meeting dei diritti umani. <em>&#8220;La mafia, la &#8216;ndrangheta, la camorra, la Sacra corona unita<\/em> &#8211; ha aggiunto Orlando &#8211; <em>sono organizzazioni criminali molto potenti e pericolose ma si distinguono dalle altre organizzazioni criminali che esistono nel mondo per alcune specificit\u00e0: la prima \u00e8 quella di costruire le condizione di un consenso sociale, non solo fanno delitti, ma cercano di controllare il territorio e lo fanno anche costruendo le condizioni di un loro radicamento, investendo il denaro frutto di illeciti nell&#8217;economia reale, costruendo un sistema clientelare che cerca di risolvere i piccoli problemi del territorio. In alcune realt\u00e0<\/em> &#8211; ha continuato &#8211; <em>hanno costruito delle forme di stato sociale parallelo rispetto a quello dello stato quando quello dello Stato non funziona. <mark>Non si tratta di questioni di cui si devono occupare la polizia o i magistrati, si tratta di questioni di cui ci dobbiamo occupare tutti<\/mark>. La commissione antimafia fa questo&#8221;.<\/em><\/p>\n<h3>Ciotti invoca la &#8220;rivoluzione&#8221; del pensiero<\/h3>\n<p><span class=\"citazione\">&#8220;Serve un cambiamento radicale, non un semplice adattamento. Serve una rinascita, una rigenerazione&#8221;<\/span><\/p>\n<p><em>&#8220;In questo drammatico tempo segnato dalla pandemia \u00e8 a rischio il diritto che sta alla base di tutti gli altri, il diritto fondamentale: quello alla salute, cio\u00e8 alla vita. Guardiamo quella che sembra essere la principale preoccupazione dei governi nazionali e mondiali, trovare un punto di equilibrio fra la tutela della salute e la riduzione del danno economico, fra la protezione delle vite e l&#8217;esigenza che la protezione non intralci il sistema produttivo. Ma ragionare solo in questi termini significa gi\u00e0 considerare il valore della vita subordinato a quello del profitto&#8221;<\/em>. Lo ha detto <strong>don Luigi Ciotti<\/strong>, presidente dell&#8217;associazione Libera, in un videomessaggio inviato in occasione del Meeting. <em>&#8220;Per riparlare credibilmente di diritti umani<\/em> &#8211; ha aggiunto &#8211; <em>non bastano allora correttivi politici o economici, serve una rivoluzione culturale di pensiero, serve un cambiamento radicale, non un semplice adattamento. Serve una rinascita, una rigenerazione&#8221;.<\/em> Don Luigi Ciotti ha poi aggiunto che<em> &#8220;il Covid-19 non ha fermato il mercato delle armi e business delle guerre. Non ha impedito a monopolisti gi\u00e0 ricchissimi di diventare ancora pi\u00f9 ricchi. Ci sono multinazionali oggi, soprattutto nel commercio e nella sanit\u00e0 che hanno fatturati spaventosi, potendo agire in un mercato senza regole, fatto proprio a loro misura. <mark>E allora la malattia del virus e quello del potere vanno a braccetto troppo spesso, sembrano fatte l&#8217;uno per l&#8217;altro<\/mark>. Lo stesso<\/em> &#8211; ha concluso &#8211; <em>si pu\u00f2 dire della corruzione e delle mafie, virus anche loro radicati e secolari, che nel virus stanno trovando nuove opportunit\u00e0 di espansione&#8221;.<\/em><\/p>\n<h3>Giovani protagonisti<\/h3>\n<p><span class=\"citazione\">&#8220;Quella dei millennias \u00e8 una generazione che esprime un desiderio molto concreto per cambiare le cose&#8221;<\/span><\/p>\n<p><em>&#8220;Viviamo in questo momento una fase in cui i giovani possono esprimersi da protagonisti. Noi sconfiggeremo la pandemia attraverso le misure che stiamo assumendo, attraverso l&#8217;arrivo di un vaccino, di un farmaco, ma a quel punto ci troveremo di fronte un mondo di relazioni da ricostruire. E saranno protagonisti i giovani con quel sentimento che \u00e8 il sentimento della passione, perch\u00e9 la vita \u00e8 davanti a loro e va costruita, sia in termini di modo di vivere i valori nella comunit\u00e0 sia per il loro futuro&#8221;.<\/em> Lo ha detto il presidente della Regione Toscana <strong>Eugenio Giani<\/strong>, intervento in videoconferenza al Meeting. <em>&#8220;Ritengo che questa sia una generazione animata da grande concretezza<\/em> &#8211; ha aggiunto Giani &#8211; <em>perch\u00e9 vedo che nella dimensione dei cosiddetti millennias si colgono gli elementi perch\u00e9 questa sia una generazione che, attraverso gli strumenti tecnologici, esprime un desiderio molto concreto per cambiare le cose, con una dimensione per il rispetto dell&#8217;ambiente che in altri fasi storiche non abbiamo avuto&#8221;.<\/em> Giani ha poi detto che <em>&#8220;<mark>il concetto dello sviluppo sostenibile mai come ora \u00e8 diventato centrale nelle condizioni di prospettiva e di orizzonte verso il futuro<\/mark>&#8220;<\/em> e <em>&#8220;nello sviluppo sostenibile un ruolo fondamentale lo hanno i diritti cio\u00e8 l&#8217;identit\u00e0 della persona che deve avere le possibilit\u00e0 per potersi esprimere, per poter esprimere il proprio talento e creativit\u00e0&#8221;.<\/em><\/p>\n","protected":false},"excerpt":{"rendered":"<p>Gli studenti di pi\u00f9 di 110 scuole toscane hanno interagito col Mandela Forum per il 23esimo Meeting sui diritti umani. La parola chiave? &#8220;Io rispetto&#8221;. L&#8217;Agenda Onu 2030 non \u00e8 mai stata cos\u00ec vicina<\/p>\n","protected":false},"author":525,"featured_media":161316,"comment_status":"open","ping_status":"open","sticky":false,"template":"","format":"standard","meta":{"_acf_changed":false,"footnotes":""},"categories":[494],"tags":[221,3620,1627,212],"class_list":["post-161313","post","type-post","status-publish","format-standard","has-post-thumbnail","hentry","category-attualita","tag-giovani","tag-legalita","tag-meeting-diritti-umani","tag-scuola"],"acf":[],"yoast_head":"<!-- This site is optimized with the Yoast SEO Premium plugin v24.2 (Yoast SEO v25.6) - https:\/\/yoast.com\/wordpress\/plugins\/seo\/ -->\n<title>Nuvole di parole sulla legalit\u00e0. Il covid non ferma il Meeting sui diritti umani - intoscana<\/title>\n<meta name=\"description\" content=\"Gli studenti di pi\u00f9 di 110 scuole toscane hanno interagito col Mandela Forum per il 23esimo Meeting sui diritti umani. La parola chiave? &quot;Io rispetto&quot;. L&#039;Agenda Onu 2030 non \u00e8 mai stata cos\u00ec vicina\" \/>\n<meta name=\"robots\" content=\"index, follow, max-snippet:-1, max-image-preview:large, max-video-preview:-1\" \/>\n<link rel=\"canonical\" href=\"https:\/\/www.intoscana.it\/it\/nuvole-di-parole-sul-tema-della-legalita-il-covid-non-ferma-il-meeting-sui-diritti-umani\/\" \/>\n<meta property=\"og:locale\" content=\"it_IT\" \/>\n<meta property=\"og:type\" content=\"article\" \/>\n<meta property=\"og:title\" content=\"Nuvole di parole sulla legalit\u00e0. Il covid non ferma il Meeting sui diritti umani\" \/>\n<meta property=\"og:description\" content=\"Gli studenti di pi\u00f9 di 110 scuole toscane hanno interagito col Mandela Forum per il 23esimo Meeting sui diritti umani. La parola chiave? &quot;Io rispetto&quot;. L&#039;Agenda Onu 2030 non \u00e8 mai stata cos\u00ec vicina\" \/>\n<meta property=\"og:url\" content=\"https:\/\/www.intoscana.it\/it\/nuvole-di-parole-sul-tema-della-legalita-il-covid-non-ferma-il-meeting-sui-diritti-umani\/\" \/>\n<meta property=\"og:site_name\" content=\"intoscana\" \/>\n<meta property=\"article:publisher\" content=\"https:\/\/www.facebook.com\/intoscana.it\" \/>\n<meta property=\"article:published_time\" content=\"2020-12-10T11:33:45+00:00\" \/>\n<meta property=\"article:modified_time\" content=\"2020-12-10T17:08:41+00:00\" \/>\n<meta property=\"og:image\" content=\"https:\/\/www.intoscana.it\/wp-content\/uploads\/Meeting-diritti-2020-Io-rispetto.jpg\" \/>\n\t<meta property=\"og:image:width\" content=\"2048\" \/>\n\t<meta property=\"og:image:height\" content=\"1536\" \/>\n\t<meta property=\"og:image:type\" content=\"image\/jpeg\" \/>\n<meta name=\"author\" content=\"Redazione\" \/>\n<meta name=\"twitter:card\" content=\"summary_large_image\" \/>\n<meta name=\"twitter:creator\" content=\"@intoscana\" \/>\n<meta name=\"twitter:site\" content=\"@intoscana\" \/>\n<meta name=\"twitter:label1\" content=\"Written by\" \/>\n\t<meta name=\"twitter:data1\" content=\"Redazione\" \/>\n\t<meta name=\"twitter:label2\" content=\"Est. reading time\" \/>\n\t<meta name=\"twitter:data2\" content=\"8 minuti\" \/>\n<script type=\"application\/ld+json\" class=\"yoast-schema-graph\">{\"@context\":\"https:\/\/schema.org\",\"@graph\":[{\"@type\":\"WebPage\",\"@id\":\"https:\/\/www.intoscana.it\/it\/nuvole-di-parole-sul-tema-della-legalita-il-covid-non-ferma-il-meeting-sui-diritti-umani\/\",\"url\":\"https:\/\/www.intoscana.it\/it\/nuvole-di-parole-sul-tema-della-legalita-il-covid-non-ferma-il-meeting-sui-diritti-umani\/\",\"name\":\"Nuvole di parole sulla legalit\u00e0. Il covid non ferma il Meeting sui diritti umani - intoscana\",\"isPartOf\":{\"@id\":\"https:\/\/www.intoscana.it\/it\/#website\"},\"primaryImageOfPage\":{\"@id\":\"https:\/\/www.intoscana.it\/it\/nuvole-di-parole-sul-tema-della-legalita-il-covid-non-ferma-il-meeting-sui-diritti-umani\/#primaryimage\"},\"image\":{\"@id\":\"https:\/\/www.intoscana.it\/it\/nuvole-di-parole-sul-tema-della-legalita-il-covid-non-ferma-il-meeting-sui-diritti-umani\/#primaryimage\"},\"thumbnailUrl\":\"https:\/\/www.intoscana.it\/wp-content\/uploads\/Meeting-diritti-2020-Io-rispetto.jpg\",\"datePublished\":\"2020-12-10T11:33:45+00:00\",\"dateModified\":\"2020-12-10T17:08:41+00:00\",\"author\":{\"@id\":\"https:\/\/www.intoscana.it\/it\/#\/schema\/person\/9223810753230f20bd670fdd322661f8\"},\"description\":\"Gli studenti di pi\u00f9 di 110 scuole toscane hanno interagito col Mandela Forum per il 23esimo Meeting sui diritti umani. La parola chiave? \\\"Io rispetto\\\". L'Agenda Onu 2030 non \u00e8 mai stata cos\u00ec vicina\",\"breadcrumb\":{\"@id\":\"https:\/\/www.intoscana.it\/it\/nuvole-di-parole-sul-tema-della-legalita-il-covid-non-ferma-il-meeting-sui-diritti-umani\/#breadcrumb\"},\"inLanguage\":\"it-IT\",\"potentialAction\":[{\"@type\":\"ReadAction\",\"target\":[\"https:\/\/www.intoscana.it\/it\/nuvole-di-parole-sul-tema-della-legalita-il-covid-non-ferma-il-meeting-sui-diritti-umani\/\"]}]},{\"@type\":\"ImageObject\",\"inLanguage\":\"it-IT\",\"@id\":\"https:\/\/www.intoscana.it\/it\/nuvole-di-parole-sul-tema-della-legalita-il-covid-non-ferma-il-meeting-sui-diritti-umani\/#primaryimage\",\"url\":\"https:\/\/www.intoscana.it\/wp-content\/uploads\/Meeting-diritti-2020-Io-rispetto.jpg\",\"contentUrl\":\"https:\/\/www.intoscana.it\/wp-content\/uploads\/Meeting-diritti-2020-Io-rispetto.jpg\",\"width\":2048,\"height\":1536,\"caption\":\"Mandela Forum, Meeting diritti umani 2020\"},{\"@type\":\"BreadcrumbList\",\"@id\":\"https:\/\/www.intoscana.it\/it\/nuvole-di-parole-sul-tema-della-legalita-il-covid-non-ferma-il-meeting-sui-diritti-umani\/#breadcrumb\",\"itemListElement\":[{\"@type\":\"ListItem\",\"position\":1,\"name\":\"Home\",\"item\":\"https:\/\/www.intoscana.it\/it\/\"},{\"@type\":\"ListItem\",\"position\":2,\"name\":\"Nuvole di parole sulla legalit\u00e0. Il covid non ferma il Meeting sui diritti umani\"}]},{\"@type\":\"WebSite\",\"@id\":\"https:\/\/www.intoscana.it\/it\/#website\",\"url\":\"https:\/\/www.intoscana.it\/it\/\",\"name\":\"intoscana\",\"description\":\"\",\"potentialAction\":[{\"@type\":\"SearchAction\",\"target\":{\"@type\":\"EntryPoint\",\"urlTemplate\":\"https:\/\/www.intoscana.it\/it\/?s={search_term_string}\"},\"query-input\":{\"@type\":\"PropertyValueSpecification\",\"valueRequired\":true,\"valueName\":\"search_term_string\"}}],\"inLanguage\":\"it-IT\"},{\"@type\":\"Person\",\"@id\":\"https:\/\/www.intoscana.it\/it\/#\/schema\/person\/9223810753230f20bd670fdd322661f8\",\"name\":\"Redazione\",\"url\":\"https:\/\/www.intoscana.it\/it\/author\/redazione\/\"}]}<\/script>\n<!-- \/ Yoast SEO Premium plugin. -->","yoast_head_json":{"title":"Nuvole di parole sulla legalit\u00e0. Il covid non ferma il Meeting sui diritti umani - intoscana","description":"Gli studenti di pi\u00f9 di 110 scuole toscane hanno interagito col Mandela Forum per il 23esimo Meeting sui diritti umani. La parola chiave? \"Io rispetto\". L'Agenda Onu 2030 non \u00e8 mai stata cos\u00ec vicina","robots":{"index":"index","follow":"follow","max-snippet":"max-snippet:-1","max-image-preview":"max-image-preview:large","max-video-preview":"max-video-preview:-1"},"canonical":"https:\/\/www.intoscana.it\/it\/nuvole-di-parole-sul-tema-della-legalita-il-covid-non-ferma-il-meeting-sui-diritti-umani\/","og_locale":"it_IT","og_type":"article","og_title":"Nuvole di parole sulla legalit\u00e0. Il covid non ferma il Meeting sui diritti umani","og_description":"Gli studenti di pi\u00f9 di 110 scuole toscane hanno interagito col Mandela Forum per il 23esimo Meeting sui diritti umani. La parola chiave? \"Io rispetto\". L'Agenda Onu 2030 non \u00e8 mai stata cos\u00ec vicina","og_url":"https:\/\/www.intoscana.it\/it\/nuvole-di-parole-sul-tema-della-legalita-il-covid-non-ferma-il-meeting-sui-diritti-umani\/","og_site_name":"intoscana","article_publisher":"https:\/\/www.facebook.com\/intoscana.it","article_published_time":"2020-12-10T11:33:45+00:00","article_modified_time":"2020-12-10T17:08:41+00:00","og_image":[{"width":2048,"height":1536,"url":"https:\/\/www.intoscana.it\/wp-content\/uploads\/Meeting-diritti-2020-Io-rispetto.jpg","type":"image\/jpeg"}],"author":"Redazione","twitter_card":"summary_large_image","twitter_creator":"@intoscana","twitter_site":"@intoscana","twitter_misc":{"Written by":"Redazione","Est. reading time":"8 minuti"},"schema":{"@context":"https:\/\/schema.org","@graph":[{"@type":"WebPage","@id":"https:\/\/www.intoscana.it\/it\/nuvole-di-parole-sul-tema-della-legalita-il-covid-non-ferma-il-meeting-sui-diritti-umani\/","url":"https:\/\/www.intoscana.it\/it\/nuvole-di-parole-sul-tema-della-legalita-il-covid-non-ferma-il-meeting-sui-diritti-umani\/","name":"Nuvole di parole sulla legalit\u00e0. Il covid non ferma il Meeting sui diritti umani - intoscana","isPartOf":{"@id":"https:\/\/www.intoscana.it\/it\/#website"},"primaryImageOfPage":{"@id":"https:\/\/www.intoscana.it\/it\/nuvole-di-parole-sul-tema-della-legalita-il-covid-non-ferma-il-meeting-sui-diritti-umani\/#primaryimage"},"image":{"@id":"https:\/\/www.intoscana.it\/it\/nuvole-di-parole-sul-tema-della-legalita-il-covid-non-ferma-il-meeting-sui-diritti-umani\/#primaryimage"},"thumbnailUrl":"https:\/\/www.intoscana.it\/wp-content\/uploads\/Meeting-diritti-2020-Io-rispetto.jpg","datePublished":"2020-12-10T11:33:45+00:00","dateModified":"2020-12-10T17:08:41+00:00","author":{"@id":"https:\/\/www.intoscana.it\/it\/#\/schema\/person\/9223810753230f20bd670fdd322661f8"},"description":"Gli studenti di pi\u00f9 di 110 scuole toscane hanno interagito col Mandela Forum per il 23esimo Meeting sui diritti umani. La parola chiave? \"Io rispetto\". L'Agenda Onu 2030 non \u00e8 mai stata cos\u00ec vicina","breadcrumb":{"@id":"https:\/\/www.intoscana.it\/it\/nuvole-di-parole-sul-tema-della-legalita-il-covid-non-ferma-il-meeting-sui-diritti-umani\/#breadcrumb"},"inLanguage":"it-IT","potentialAction":[{"@type":"ReadAction","target":["https:\/\/www.intoscana.it\/it\/nuvole-di-parole-sul-tema-della-legalita-il-covid-non-ferma-il-meeting-sui-diritti-umani\/"]}]},{"@type":"ImageObject","inLanguage":"it-IT","@id":"https:\/\/www.intoscana.it\/it\/nuvole-di-parole-sul-tema-della-legalita-il-covid-non-ferma-il-meeting-sui-diritti-umani\/#primaryimage","url":"https:\/\/www.intoscana.it\/wp-content\/uploads\/Meeting-diritti-2020-Io-rispetto.jpg","contentUrl":"https:\/\/www.intoscana.it\/wp-content\/uploads\/Meeting-diritti-2020-Io-rispetto.jpg","width":2048,"height":1536,"caption":"Mandela Forum, Meeting diritti umani 2020"},{"@type":"BreadcrumbList","@id":"https:\/\/www.intoscana.it\/it\/nuvole-di-parole-sul-tema-della-legalita-il-covid-non-ferma-il-meeting-sui-diritti-umani\/#breadcrumb","itemListElement":[{"@type":"ListItem","position":1,"name":"Home","item":"https:\/\/www.intoscana.it\/it\/"},{"@type":"ListItem","position":2,"name":"Nuvole di parole sulla legalit\u00e0. Il covid non ferma il Meeting sui diritti umani"}]},{"@type":"WebSite","@id":"https:\/\/www.intoscana.it\/it\/#website","url":"https:\/\/www.intoscana.it\/it\/","name":"intoscana","description":"","potentialAction":[{"@type":"SearchAction","target":{"@type":"EntryPoint","urlTemplate":"https:\/\/www.intoscana.it\/it\/?s={search_term_string}"},"query-input":{"@type":"PropertyValueSpecification","valueRequired":true,"valueName":"search_term_string"}}],"inLanguage":"it-IT"},{"@type":"Person","@id":"https:\/\/www.intoscana.it\/it\/#\/schema\/person\/9223810753230f20bd670fdd322661f8","name":"Redazione","url":"https:\/\/www.intoscana.it\/it\/author\/redazione\/"}]}},"_links":{"self":[{"href":"https:\/\/www.intoscana.it\/it\/wp-json\/wp\/v2\/posts\/161313","targetHints":{"allow":["GET"]}}],"collection":[{"href":"https:\/\/www.intoscana.it\/it\/wp-json\/wp\/v2\/posts"}],"about":[{"href":"https:\/\/www.intoscana.it\/it\/wp-json\/wp\/v2\/types\/post"}],"author":[{"embeddable":true,"href":"https:\/\/www.intoscana.it\/it\/wp-json\/wp\/v2\/users\/525"}],"replies":[{"embeddable":true,"href":"https:\/\/www.intoscana.it\/it\/wp-json\/wp\/v2\/comments?post=161313"}],"version-history":[{"count":0,"href":"https:\/\/www.intoscana.it\/it\/wp-json\/wp\/v2\/posts\/161313\/revisions"}],"wp:featuredmedia":[{"embeddable":true,"href":"https:\/\/www.intoscana.it\/it\/wp-json\/wp\/v2\/media\/161316"}],"wp:attachment":[{"href":"https:\/\/www.intoscana.it\/it\/wp-json\/wp\/v2\/media?parent=161313"}],"wp:term":[{"taxonomy":"category","embeddable":true,"href":"https:\/\/www.intoscana.it\/it\/wp-json\/wp\/v2\/categories?post=161313"},{"taxonomy":"post_tag","embeddable":true,"href":"https:\/\/www.intoscana.it\/it\/wp-json\/wp\/v2\/tags?post=161313"}],"curies":[{"name":"wp","href":"https:\/\/api.w.org\/{rel}","templated":true}]}}