{"id":161527,"date":"2020-12-12T10:26:18","date_gmt":"2020-12-12T09:26:18","guid":{"rendered":"https:\/\/www.intoscana.it\/it\/?p=161527"},"modified":"2020-12-12T13:39:09","modified_gmt":"2020-12-12T12:39:09","slug":"la-toscana-resta-in-zona-arancione-almeno-per-unaltra-settimana","status":"publish","type":"post","link":"https:\/\/www.intoscana.it\/it\/la-toscana-resta-in-zona-arancione-almeno-per-unaltra-settimana\/","title":{"rendered":"La Toscana resta in zona arancione per un&#8217;altra settimana"},"content":{"rendered":"<p><strong>La Toscana resta in zona arancione per la prossima settimana.<\/strong> Lo ha deciso il <strong>Ministro della Salute, Roberto Speranza<\/strong>, che oggi firmer\u00e0 sulla base dei dati della Cabina di Regia riunitasi ieri, una nuova ordinanza con cui si dispone il passaggio all\u2019area gialla per le regioni Basilicata, Calabria, Lombardia e Piemonte e all\u2019area arancione per la regione Abruzzo. L\u2019ordinanza sar\u00e0 in vigore dal 13 dicembre.<br \/>\nLa Toscana per passare in zona gialla dovr\u00e0 quindi aspettare il prossimo monitoraggio di venerd\u00ec 18 dicembre: <strong>se i dati continuassero ad andare bene diventerebbe gialla da domenica 20 dicembre.\u00a0<\/strong><\/p>\n<h3>Affollamento delle terapie intensive e focolai nelle Rsa<\/h3>\n<p>La decisione \u00e8 stata presa a causa dell&#8217;affollamento delle terapie intensive e dei focolai nelle Rsa. Infatti <strong>la Toscana \u00e8 tra le 16 regioni dove l\u2019Iss ha evidenziato un &#8220;impatto alto&#8221; sui servizi sanitari per sovraccarico di terapie intensive e area medica,<\/strong> per evidenza di nuovi focolai (in Rsa, case di riposo, ospedali o luoghi con popolazione vulnerabile) e per nuovi casi segnalati.<\/p>\n<p>Questo sebbene il valore dell&#8217;indice di trasmissibilit\u00e0 <strong>Rt in Toscana sia sceso notevolmente e ora sia a 0.81<\/strong>, secondo quanto risulta dall&#8217;aggiornamento dei Report settimanale del ministero della Salute e dell&#8217;Iss con i dati relativi alla settimana 30 novembre 6 dicembre, aggiornati al 9 dicembre. Tutte le regioni italiane sono scese sotto l\u20191, tranne Molise e Veneto.<\/p>\n<h3>Giani: \u00e8 una decisione ingiusta e immotivata<\/h3>\n<p><em>&#8220;La Toscana rimane in zona arancione fino alla settimana prossima e voglio dire che ritengo questa decisione ingiusta ed immotivata &#8211;<\/em> ha commentato il <strong>presidente della Regione Eugenio Giani<\/strong> in una diretta su Facebook &#8211;<em> e non rende merito al lavoro fatto soprattutto dai toscani con i loro comportamenti, dalle istituzioni e dai dati che abbiamo: <strong>da luned\u00ec ad oggi la media \u00e8 sempre stata questa, circa 500 persone contagiate al giorno&#8221;.\u00a0<\/strong><\/em><\/p>\n<p><em><strong>&#8220;Ho deciso di fare un appello al ministro della Sanit\u00e0 e al presidente del Consiglio<\/strong> perch\u00e9 la cabina di regia si possa riunire non una volta alla settimana, ma nella prossima settimana possa riunirsi anche nei suoi primi giorni, in luned\u00ec o il marted\u00ec<\/em>&#8221; ha aggiunto Giani. &#8220;<em>Lo dice il Dpcm: &#8216;Almeno una volta a settimana&#8217;. &#8216;Almeno&#8217; significa che non vieta di riunirsi due volte, all&#8217;inizio e poi il venerd\u00ec come \u00e8 avvenuto ieri<\/em> &#8211; ha specificato Giani &#8211; <em>questo potrebbe consentire il rientro in zona <\/em><em>gialla&#8221; <\/em>per la Toscana<em> &#8220;anche nella met\u00e0 della settimana <\/em><em>prossima, senza aspettare la domenica. \u00c8 l&#8217;atto formale che mi <\/em><em>sento di fare perch\u00e9 sento nella mia amarezza anche la voglia di <\/em><em>lottare rispetto ad una ingiustizia che io avverto&#8221;.\u00a0<\/em><\/p>\n<p><em>&#8220;La Toscana ha sicuramente uno dei li<\/em><em>velli minori di contagio in questo momento, e quindi <strong>si viene <\/strong><\/em><em><strong>a creare una disparit\u00e0 di trattamento tra Regioni.<\/strong> Una delle <\/em><em>regioni in zona gialla \u00e8 arrivata ad avere negli ultimi giorni <\/em><em>una media che si avvicina ai 4mila contagi giornalieri e noi che <\/em><em>da una settimana siamo a 500 rimaniamo e in zona arancione&#8221; <\/em>ha concluso Giani.<\/p>\n<h3>L&#8217;Rt scende in tutta Italia ma l&#8217;allerta resta alta<\/h3>\n<p><strong>In tutta Italia continua a scendere l&#8217;Rt, che ha toccato lo 0,82 a livello nazionale,<\/strong> cos\u00ec come si conferma il trend di diminuzione della pressione sulle terapie intensive ed i reparti ospedalieri. Tutti segnali che confermano l&#8217;efficacia delle misure di restrizione adottate finora per frenare l&#8217;epidemia, ma che ancora non consentono di aprire all&#8217;ottimismo: <strong>l&#8217;incidenza dei nuovi casi, sia pure anch&#8217;essa in calo, resta infatti ancora molto elevata<\/strong> e la curva relativa ai decessi evidenzia una discesa particolarmente lenta.<\/p>\n<p>La fotografia dell&#8217;epidemia in Italia che emerge dall&#8217;ultimo monitoraggio settimanale del ministero della Salute-Istituto superiore di sanit\u00e0 infatti evidenzia come l&#8217;allerta nel paese resti alta, invitando a non allentare le misure ed i comportamenti prematuramente. Infatti, sebbene si osservi una diminuzione significativa dell&#8217;incidenza dei casi a livello nazionale negli ultimi 14 giorni, il valore \u00e8 ancora molto elevato.<br \/>\n<strong>L&#8217;incidenza rimane cio\u00e8 ancora &#8220;<em>troppo elevata per permettere <\/em><\/strong><strong><em>una gestione sostenibile<\/em>&#8220;,<\/strong> si afferma nel monitoraggio. Secondo le valutazioni della cabina di regia inoltre attualmente 5 regioni sono classificate ancora a rischio Alto (Puglia, Sardegna, Veneto, Emilia Romagna e provincia autonoma di Trento), 14 Moderato e 2 Basso.<\/p>\n<h3>Possibili deroghe agli spostamenti per Natale<\/h3>\n<p>Il <strong>governo intanto ieri ha aperto a possibili modifiche al Dpcm di Natale per consentire la mobilit\u00e0 tra comuni confinanti sotto i 5mila abitanti.<\/strong> Ma deve essere il Parlamento ad assumersi la responsabilit\u00e0 di derogare ai divieti a Natale e Capodanno, perch\u00e9 avverte il governo &#8220;aprire tutto sarebbe da irresponsabili&#8221;.<\/p>\n<p>Non saranno quindi le Faq di Palazzo Chigi a sciogliere i nodi &#8211; anche perch\u00e9 non sarebbe possibile aggirare una norma con una risposta ad un quesito &#8211; n\u00e9 un nuovo decreto, come era stato ipotizzato in un primo momento: la via &#8220;pi\u00f9 percorribile&#8221;, dice una fonte di governo, \u00e8 un emendamento al decreto Natale. \u00c8 molto probabile che gi\u00e0 a inizio della prossima settimana si metta mano al provvedimento e <strong>si possa arrivare ad una soluzione entro mercoled\u00ec 16.<\/strong><\/p>\n","protected":false},"excerpt":{"rendered":"<p>Se i dati saranno positivi potr\u00e0 diventare gialla dal 20 dicembre. Il presidente della Regione Giani: &#8220;Decisione immotivata, far\u00f2 un appello al Presidente del Consiglio&#8221;<\/p>\n","protected":false},"author":525,"featured_media":160921,"comment_status":"open","ping_status":"open","sticky":false,"template":"","format":"standard","meta":{"_acf_changed":false,"footnotes":""},"categories":[494],"tags":[418,409,4887,4863],"class_list":["post-161527","post","type-post","status-publish","format-standard","has-post-thumbnail","hentry","category-attualita","tag-covid-19","tag-natale","tag-zona-arancione","tag-zona-gialla"],"acf":[],"yoast_head":"<!-- This site is optimized with the Yoast SEO Premium plugin v24.2 (Yoast SEO v25.6) - https:\/\/yoast.com\/wordpress\/plugins\/seo\/ -->\n<title>La Toscana resta in zona arancione per un&#039;altra settimana - intoscana<\/title>\n<meta name=\"description\" content=\"La Toscana resta in zona arancione per almeno un&#039;altra settimana: potr\u00e0 diventare gialla se i dati lo consentono dal 20 dicembre.\" \/>\n<meta name=\"robots\" content=\"index, follow, max-snippet:-1, max-image-preview:large, max-video-preview:-1\" \/>\n<link rel=\"canonical\" href=\"https:\/\/www.intoscana.it\/it\/la-toscana-resta-in-zona-arancione-almeno-per-unaltra-settimana\/\" \/>\n<meta property=\"og:locale\" content=\"it_IT\" \/>\n<meta property=\"og:type\" content=\"article\" \/>\n<meta property=\"og:title\" content=\"La Toscana resta in zona arancione per un&#039;altra settimana\" \/>\n<meta property=\"og:description\" content=\"La Toscana resta in zona arancione per almeno un&#039;altra settimana: potr\u00e0 diventare gialla se i dati lo consentono dal 20 dicembre.\" \/>\n<meta property=\"og:url\" content=\"https:\/\/www.intoscana.it\/it\/la-toscana-resta-in-zona-arancione-almeno-per-unaltra-settimana\/\" \/>\n<meta property=\"og:site_name\" content=\"intoscana\" \/>\n<meta property=\"article:publisher\" content=\"https:\/\/www.facebook.com\/intoscana.it\" \/>\n<meta property=\"article:published_time\" content=\"2020-12-12T09:26:18+00:00\" \/>\n<meta property=\"article:modified_time\" content=\"2020-12-12T12:39:09+00:00\" \/>\n<meta property=\"og:image\" content=\"https:\/\/www.intoscana.it\/wp-content\/uploads\/Firenze-a-Natale-scaled.jpg\" \/>\n\t<meta property=\"og:image:width\" content=\"2048\" \/>\n\t<meta property=\"og:image:height\" content=\"1366\" \/>\n\t<meta property=\"og:image:type\" content=\"image\/jpeg\" \/>\n<meta name=\"author\" content=\"Redazione\" \/>\n<meta name=\"twitter:card\" content=\"summary_large_image\" \/>\n<meta name=\"twitter:creator\" content=\"@intoscana\" \/>\n<meta name=\"twitter:site\" content=\"@intoscana\" \/>\n<meta name=\"twitter:label1\" content=\"Written by\" \/>\n\t<meta name=\"twitter:data1\" content=\"Redazione\" \/>\n\t<meta name=\"twitter:label2\" content=\"Est. reading time\" \/>\n\t<meta name=\"twitter:data2\" content=\"4 minuti\" \/>\n<script type=\"application\/ld+json\" class=\"yoast-schema-graph\">{\"@context\":\"https:\/\/schema.org\",\"@graph\":[{\"@type\":\"WebPage\",\"@id\":\"https:\/\/www.intoscana.it\/it\/la-toscana-resta-in-zona-arancione-almeno-per-unaltra-settimana\/\",\"url\":\"https:\/\/www.intoscana.it\/it\/la-toscana-resta-in-zona-arancione-almeno-per-unaltra-settimana\/\",\"name\":\"La Toscana resta in zona arancione per un'altra settimana - intoscana\",\"isPartOf\":{\"@id\":\"https:\/\/www.intoscana.it\/it\/#website\"},\"primaryImageOfPage\":{\"@id\":\"https:\/\/www.intoscana.it\/it\/la-toscana-resta-in-zona-arancione-almeno-per-unaltra-settimana\/#primaryimage\"},\"image\":{\"@id\":\"https:\/\/www.intoscana.it\/it\/la-toscana-resta-in-zona-arancione-almeno-per-unaltra-settimana\/#primaryimage\"},\"thumbnailUrl\":\"https:\/\/www.intoscana.it\/wp-content\/uploads\/Firenze-a-Natale-scaled.jpg\",\"datePublished\":\"2020-12-12T09:26:18+00:00\",\"dateModified\":\"2020-12-12T12:39:09+00:00\",\"author\":{\"@id\":\"https:\/\/www.intoscana.it\/it\/#\/schema\/person\/9223810753230f20bd670fdd322661f8\"},\"description\":\"La Toscana resta in zona arancione per almeno un'altra settimana: potr\u00e0 diventare gialla se i dati lo consentono dal 20 dicembre.\",\"breadcrumb\":{\"@id\":\"https:\/\/www.intoscana.it\/it\/la-toscana-resta-in-zona-arancione-almeno-per-unaltra-settimana\/#breadcrumb\"},\"inLanguage\":\"it-IT\",\"potentialAction\":[{\"@type\":\"ReadAction\",\"target\":[\"https:\/\/www.intoscana.it\/it\/la-toscana-resta-in-zona-arancione-almeno-per-unaltra-settimana\/\"]}]},{\"@type\":\"ImageObject\",\"inLanguage\":\"it-IT\",\"@id\":\"https:\/\/www.intoscana.it\/it\/la-toscana-resta-in-zona-arancione-almeno-per-unaltra-settimana\/#primaryimage\",\"url\":\"https:\/\/www.intoscana.it\/wp-content\/uploads\/Firenze-a-Natale-scaled.jpg\",\"contentUrl\":\"https:\/\/www.intoscana.it\/wp-content\/uploads\/Firenze-a-Natale-scaled.jpg\",\"width\":2048,\"height\":1366},{\"@type\":\"BreadcrumbList\",\"@id\":\"https:\/\/www.intoscana.it\/it\/la-toscana-resta-in-zona-arancione-almeno-per-unaltra-settimana\/#breadcrumb\",\"itemListElement\":[{\"@type\":\"ListItem\",\"position\":1,\"name\":\"Home\",\"item\":\"https:\/\/www.intoscana.it\/it\/\"},{\"@type\":\"ListItem\",\"position\":2,\"name\":\"La Toscana resta in zona arancione per un&#8217;altra settimana\"}]},{\"@type\":\"WebSite\",\"@id\":\"https:\/\/www.intoscana.it\/it\/#website\",\"url\":\"https:\/\/www.intoscana.it\/it\/\",\"name\":\"intoscana\",\"description\":\"\",\"potentialAction\":[{\"@type\":\"SearchAction\",\"target\":{\"@type\":\"EntryPoint\",\"urlTemplate\":\"https:\/\/www.intoscana.it\/it\/?s={search_term_string}\"},\"query-input\":{\"@type\":\"PropertyValueSpecification\",\"valueRequired\":true,\"valueName\":\"search_term_string\"}}],\"inLanguage\":\"it-IT\"},{\"@type\":\"Person\",\"@id\":\"https:\/\/www.intoscana.it\/it\/#\/schema\/person\/9223810753230f20bd670fdd322661f8\",\"name\":\"Redazione\",\"url\":\"https:\/\/www.intoscana.it\/it\/author\/redazione\/\"}]}<\/script>\n<!-- \/ Yoast SEO Premium plugin. -->","yoast_head_json":{"title":"La Toscana resta in zona arancione per un'altra settimana - intoscana","description":"La Toscana resta in zona arancione per almeno un'altra settimana: potr\u00e0 diventare gialla se i dati lo consentono dal 20 dicembre.","robots":{"index":"index","follow":"follow","max-snippet":"max-snippet:-1","max-image-preview":"max-image-preview:large","max-video-preview":"max-video-preview:-1"},"canonical":"https:\/\/www.intoscana.it\/it\/la-toscana-resta-in-zona-arancione-almeno-per-unaltra-settimana\/","og_locale":"it_IT","og_type":"article","og_title":"La Toscana resta in zona arancione per un'altra settimana","og_description":"La Toscana resta in zona arancione per almeno un'altra settimana: potr\u00e0 diventare gialla se i dati lo consentono dal 20 dicembre.","og_url":"https:\/\/www.intoscana.it\/it\/la-toscana-resta-in-zona-arancione-almeno-per-unaltra-settimana\/","og_site_name":"intoscana","article_publisher":"https:\/\/www.facebook.com\/intoscana.it","article_published_time":"2020-12-12T09:26:18+00:00","article_modified_time":"2020-12-12T12:39:09+00:00","og_image":[{"width":2048,"height":1366,"url":"https:\/\/www.intoscana.it\/wp-content\/uploads\/Firenze-a-Natale-scaled.jpg","type":"image\/jpeg"}],"author":"Redazione","twitter_card":"summary_large_image","twitter_creator":"@intoscana","twitter_site":"@intoscana","twitter_misc":{"Written by":"Redazione","Est. reading time":"4 minuti"},"schema":{"@context":"https:\/\/schema.org","@graph":[{"@type":"WebPage","@id":"https:\/\/www.intoscana.it\/it\/la-toscana-resta-in-zona-arancione-almeno-per-unaltra-settimana\/","url":"https:\/\/www.intoscana.it\/it\/la-toscana-resta-in-zona-arancione-almeno-per-unaltra-settimana\/","name":"La Toscana resta in zona arancione per un'altra settimana - intoscana","isPartOf":{"@id":"https:\/\/www.intoscana.it\/it\/#website"},"primaryImageOfPage":{"@id":"https:\/\/www.intoscana.it\/it\/la-toscana-resta-in-zona-arancione-almeno-per-unaltra-settimana\/#primaryimage"},"image":{"@id":"https:\/\/www.intoscana.it\/it\/la-toscana-resta-in-zona-arancione-almeno-per-unaltra-settimana\/#primaryimage"},"thumbnailUrl":"https:\/\/www.intoscana.it\/wp-content\/uploads\/Firenze-a-Natale-scaled.jpg","datePublished":"2020-12-12T09:26:18+00:00","dateModified":"2020-12-12T12:39:09+00:00","author":{"@id":"https:\/\/www.intoscana.it\/it\/#\/schema\/person\/9223810753230f20bd670fdd322661f8"},"description":"La Toscana resta in zona arancione per almeno un'altra settimana: potr\u00e0 diventare gialla se i dati lo consentono dal 20 dicembre.","breadcrumb":{"@id":"https:\/\/www.intoscana.it\/it\/la-toscana-resta-in-zona-arancione-almeno-per-unaltra-settimana\/#breadcrumb"},"inLanguage":"it-IT","potentialAction":[{"@type":"ReadAction","target":["https:\/\/www.intoscana.it\/it\/la-toscana-resta-in-zona-arancione-almeno-per-unaltra-settimana\/"]}]},{"@type":"ImageObject","inLanguage":"it-IT","@id":"https:\/\/www.intoscana.it\/it\/la-toscana-resta-in-zona-arancione-almeno-per-unaltra-settimana\/#primaryimage","url":"https:\/\/www.intoscana.it\/wp-content\/uploads\/Firenze-a-Natale-scaled.jpg","contentUrl":"https:\/\/www.intoscana.it\/wp-content\/uploads\/Firenze-a-Natale-scaled.jpg","width":2048,"height":1366},{"@type":"BreadcrumbList","@id":"https:\/\/www.intoscana.it\/it\/la-toscana-resta-in-zona-arancione-almeno-per-unaltra-settimana\/#breadcrumb","itemListElement":[{"@type":"ListItem","position":1,"name":"Home","item":"https:\/\/www.intoscana.it\/it\/"},{"@type":"ListItem","position":2,"name":"La Toscana resta in zona arancione per un&#8217;altra settimana"}]},{"@type":"WebSite","@id":"https:\/\/www.intoscana.it\/it\/#website","url":"https:\/\/www.intoscana.it\/it\/","name":"intoscana","description":"","potentialAction":[{"@type":"SearchAction","target":{"@type":"EntryPoint","urlTemplate":"https:\/\/www.intoscana.it\/it\/?s={search_term_string}"},"query-input":{"@type":"PropertyValueSpecification","valueRequired":true,"valueName":"search_term_string"}}],"inLanguage":"it-IT"},{"@type":"Person","@id":"https:\/\/www.intoscana.it\/it\/#\/schema\/person\/9223810753230f20bd670fdd322661f8","name":"Redazione","url":"https:\/\/www.intoscana.it\/it\/author\/redazione\/"}]}},"_links":{"self":[{"href":"https:\/\/www.intoscana.it\/it\/wp-json\/wp\/v2\/posts\/161527","targetHints":{"allow":["GET"]}}],"collection":[{"href":"https:\/\/www.intoscana.it\/it\/wp-json\/wp\/v2\/posts"}],"about":[{"href":"https:\/\/www.intoscana.it\/it\/wp-json\/wp\/v2\/types\/post"}],"author":[{"embeddable":true,"href":"https:\/\/www.intoscana.it\/it\/wp-json\/wp\/v2\/users\/525"}],"replies":[{"embeddable":true,"href":"https:\/\/www.intoscana.it\/it\/wp-json\/wp\/v2\/comments?post=161527"}],"version-history":[{"count":0,"href":"https:\/\/www.intoscana.it\/it\/wp-json\/wp\/v2\/posts\/161527\/revisions"}],"wp:featuredmedia":[{"embeddable":true,"href":"https:\/\/www.intoscana.it\/it\/wp-json\/wp\/v2\/media\/160921"}],"wp:attachment":[{"href":"https:\/\/www.intoscana.it\/it\/wp-json\/wp\/v2\/media?parent=161527"}],"wp:term":[{"taxonomy":"category","embeddable":true,"href":"https:\/\/www.intoscana.it\/it\/wp-json\/wp\/v2\/categories?post=161527"},{"taxonomy":"post_tag","embeddable":true,"href":"https:\/\/www.intoscana.it\/it\/wp-json\/wp\/v2\/tags?post=161527"}],"curies":[{"name":"wp","href":"https:\/\/api.w.org\/{rel}","templated":true}]}}