{"id":161571,"date":"2020-12-12T13:49:09","date_gmt":"2020-12-12T12:49:09","guid":{"rendered":"https:\/\/www.intoscana.it\/it\/?p=161571"},"modified":"2020-12-14T10:21:18","modified_gmt":"2020-12-14T09:21:18","slug":"coronavirus-dati-12-dicembre","status":"publish","type":"post","link":"https:\/\/www.intoscana.it\/it\/coronavirus-dati-12-dicembre\/","title":{"rendered":"Covid-19: 574 i nuovi casi oggi in Toscana su 12.967 tamponi"},"content":{"rendered":"<p>I nuovi casi positivi al Covid-19 registrati nelle ultime 24 ore in Toscana <strong>sono 574, su 12.697 <\/strong><strong>tamponi molecolari<\/strong> e 3.875 test rapidi effettuati. Lo ha annunciato il presidente della Regione, <strong>Eugenio Giani<\/strong> in un post su Facebook, anticipando cos\u00ec il bollettino ufficiale dei dati di oggi.<br \/>\n<a href=\"https:\/\/www.intoscana.it\/it\/articolo\/covid-19-in-toscana-657-nuovi-casi-eta-media-51-anni-50-decessi\/\" target=\"_blank\" rel=\"noopener noreferrer\">Un dato in calo rispetto a ieri,<\/a> quando si sono registrati 657 positivi in pi\u00f9 su 12.197 tamponi eseguiti.<\/p>\n<h3>I dati di oggi<\/h3>\n<p>In Toscana quindi sono <strong>574 in pi\u00f9 rispetto a ieri i positivi al Coronavirus, <\/strong>lo 0,5% in pi\u00f9 rispetto al totale del giorno precedente, con un&#8217;et\u00e0 media di 49 anni circa (il 12% ha meno di 20 anni, il 23% tra 20 e 39 anni, il 32% tra 40 e 59 anni, il 22% tra 60 e 79 anni, l\u201911% ha 80 anni o pi\u00f9).<\/p>\n<p>I <strong>guariti<\/strong> <strong>crescono<\/strong> del 2,6% e raggiungono quota 89.462 (80,1% dei casi totali). I <strong>ricoverati <\/strong>sono 1.449 (60 <strong>in meno <\/strong>rispetto a ieri), di cui 228 in terapia intensiva (13 in meno).<br \/>\nPurtroppo, oggi si registrano <strong>35 decessi<\/strong>: 22 uomini e 13 donne con un&#8217;et\u00e0 media di 78,5 anni.<\/p>\n<p>I <strong>tamponi eseguiti <\/strong>hanno raggiunto quota 1.705.743, 12.697 in pi\u00f9 rispetto a ieri, di cui il 4,5% positivo. Sono invece 4.008 i soggetti testati oggi (escludendo i tamponi di controllo), di cui il 14,3% \u00e8 risultato positivo. A questi si aggiungono i 3.875 tamponi antigenici rapidi eseguiti oggi. Gli attualmente positivi sono oggi 19.092, -8,3% rispetto a ieri.<\/p>\n<h3>I nuovi casi divisi per provincia<\/h3>\n<p>Di seguito i casi di positivit\u00e0 sul territorio con la variazione rispetto a ieri. Sono 31.177 i casi complessivi ad oggi a Firenze (147 in pi\u00f9 rispetto a ieri), 9.814 a Prato (32 in pi\u00f9), 9.894 a Pistoia (59 in pi\u00f9), 7.138 a Massa (30 in pi\u00f9), 11.349 a Lucca (64 in pi\u00f9), 15.586 a Pisa (80 in pi\u00f9), 7.795 a Livorno (34 in pi\u00f9), 9.978 ad Arezzo (69 in pi\u00f9), 4.521 a Siena (41 in pi\u00f9), 3.864 a Grosseto (18 in pi\u00f9). Sono 555 i casi positivi notificati in Toscana, ma residenti in altre regioni.<\/p>\n<p>Sono 259 i casi riscontrati oggi nell&#8217;Asl Centro, 187 nella Nord Ovest, 128 nella Sud est.<\/p>\n<p><strong>La Toscana si trova al 10\u00b0 posto in Italia come numerosit\u00e0 di casi<\/strong> (comprensivi di residenti e non residenti), con circa 2.994 casi per 100.000 abitanti (media italiana circa 2.992 x100.000, dato di ieri). Le province di notifica con il tasso pi\u00f9 alto sono Prato con 3.808 casi x100.000 abitanti, Pisa con 3.719, Massa Carrara con 3.663, la pi\u00f9 bassa Siena con 1.692.<\/p>\n<h3>Diminuiscono i ricoveri, 2.271 i nuovi guariti<\/h3>\n<p>Le persone ricoverate nei posti letto dedicati ai pazienti Covid oggi sono complessivamente <strong>1.449 (60 in meno rispetto a ieri, meno 4%), 228 in terapia intensiva (13 in meno rispetto a ieri,<\/strong> meno 5,4%).<br \/>\nLe persone complessivamente guarite sono 89.462 (2.271 in pi\u00f9 rispetto a ieri, pi\u00f9 2,6%): 415 persone clinicamente guarite (stabili rispetto a ieri), divenute cio\u00e8 asintomatiche dopo aver presentato manifestazioni cliniche associate all&#8217;infezione e 89.047 (2.271 in pi\u00f9 rispetto a ieri, pi\u00f9 2,6%) dichiarate guarite a tutti gli effetti, le cosiddette guarigioni virali, con tampone negativo.<\/p>\n<p>Complessivamente,<strong> 17.643 persone sono in isolamento a casa,<\/strong> poich\u00e9 presentano sintomi lievi che non richiedono cure ospedaliere, o risultano prive di sintomi (1.672 in meno rispetto a ieri, meno 8,7%).<br \/>\nSono 28.652 (539 in meno rispetto a ieri, meno 1,8%) le persone, anch&#8217;esse isolate, in sorveglianza attiva perch\u00e9 hanno avuto contatti con persone contagiate (ASL Centro 9.318, Nord Ovest 14.376, Sud Est 4.958).<\/p>\n<h3>35 nuovi decessi con et\u00e0 media di 78,5 anni<\/h3>\n<p>Purtroppo, oggi si registrano 35 nuovi decessi: <strong>22 uomini e 13 donne con un&#8217;et\u00e0 media di 78,5 anni.<\/strong><br \/>\nRelativamente alla provincia di residenza, le persone decedute sono: 3 a Firenze, 3 a Prato, 3 a Pistoia, 6 a Massa Carrara, 2 a Lucca, 10 a Pisa, 2 a Arezzo, 3 a Siena, 3 a Grosseto.<\/p>\n<p>Sono 3.117 i deceduti dall&#8217;inizio dell&#8217;epidemia cosi ripartiti: 1.087 a Firenze, 217 a Prato, 241 a Pistoia, 346 a Massa Carrara, 281 a Lucca, 346 a Pisa, 228 a Livorno, 173 ad Arezzo, 97 a Siena, 72 a Grosseto, 29 persone sono decedute sul suolo toscano ma erano residenti fuori regione.<\/p>\n<h3>Toscana ancora in zona arancione<\/h3>\n<p><strong>Intanto \u00e8 ufficiale che <a href=\"https:\/\/www.intoscana.it\/it\/articolo\/la-toscana-resta-in-zona-arancione-almeno-per-unaltra-settimana\/\" target=\"_blank\" rel=\"noopener noreferrer\">la Toscana rester\u00e0 in zona arancione<\/a> per la prossima settimana.<\/strong>\u00a0Lo ha deciso il\u00a0<strong>Ministro della Salute, Roberto Speranza<\/strong>, che oggi firmer\u00e0 sulla base dei dati della Cabina di Regia riunitasi ieri, una nuova ordinanza con cui si dispone il passaggio all\u2019area gialla per le regioni Basilicata, Calabria, Lombardia e Piemonte e all\u2019area arancione per la regione Abruzzo. L\u2019ordinanza sar\u00e0 in vigore dal 13 dicembre.<br \/>\nLa Toscana per passare in zona gialla dovr\u00e0 quindi aspettare il prossimo monitoraggio di venerd\u00ec 18 dicembre e potrebbe diventare <strong>gialla da domenica 20 dicembre.\u00a0<\/strong><\/p>\n<p>Una decisione &#8220;ingiusta e immotivata&#8221;\u00a0ha commentato il\u00a0<strong>presidente Giani<\/strong> in una diretta su Facebook che &#8220;<em>non rende merito al lavoro fatto soprattutto dai toscani con i loro comportamenti, dalle istituzioni e dai dati che abbiamo:\u00a0<strong>da luned\u00ec ad oggi la media \u00e8 sempre stata questa, circa 500 persone contagiate al giorno\u201d.\u00a0<\/strong><\/em><\/p>\n","protected":false},"excerpt":{"rendered":"<p>Il presidente Giani ha anticipato i dati di oggi, che vedono i nuovi positivi in diminuzione rispetto a ieri. Purtroppo si registrano 35 decessi<\/p>\n","protected":false},"author":525,"featured_media":152634,"comment_status":"open","ping_status":"open","sticky":false,"template":"","format":"standard","meta":{"_acf_changed":false,"footnotes":""},"categories":[494],"tags":[418,4408,4887],"class_list":["post-161571","post","type-post","status-publish","format-standard","has-post-thumbnail","hentry","category-attualita","tag-covid-19","tag-tamponi","tag-zona-arancione"],"acf":[],"yoast_head":"<!-- This site is optimized with the Yoast SEO Premium plugin v24.2 (Yoast SEO v25.6) - https:\/\/yoast.com\/wordpress\/plugins\/seo\/ -->\n<title>Covid-19: 574 i nuovi casi oggi in Toscana su 12.967 tamponi - intoscana<\/title>\n<meta name=\"robots\" content=\"index, follow, max-snippet:-1, max-image-preview:large, max-video-preview:-1\" \/>\n<link rel=\"canonical\" href=\"https:\/\/www.intoscana.it\/it\/coronavirus-dati-12-dicembre\/\" \/>\n<meta property=\"og:locale\" content=\"it_IT\" \/>\n<meta property=\"og:type\" content=\"article\" \/>\n<meta property=\"og:title\" content=\"Covid-19: 574 i nuovi casi oggi in Toscana su 12.967 tamponi\" \/>\n<meta property=\"og:description\" content=\"Il presidente Giani ha anticipato i dati di oggi, che vedono i nuovi positivi in diminuzione rispetto a ieri. Purtroppo si registrano 35 decessi\" \/>\n<meta property=\"og:url\" content=\"https:\/\/www.intoscana.it\/it\/coronavirus-dati-12-dicembre\/\" \/>\n<meta property=\"og:site_name\" content=\"intoscana\" \/>\n<meta property=\"article:publisher\" content=\"https:\/\/www.facebook.com\/intoscana.it\" \/>\n<meta property=\"article:published_time\" content=\"2020-12-12T12:49:09+00:00\" \/>\n<meta property=\"article:modified_time\" content=\"2020-12-14T09:21:18+00:00\" \/>\n<meta property=\"og:image\" content=\"https:\/\/www.intoscana.it\/wp-content\/uploads\/covid-mascherina-engin-akyurt-Unsplash.jpg\" \/>\n\t<meta property=\"og:image:width\" content=\"1920\" \/>\n\t<meta property=\"og:image:height\" content=\"1280\" \/>\n\t<meta property=\"og:image:type\" content=\"image\/jpeg\" \/>\n<meta name=\"author\" content=\"Redazione\" \/>\n<meta name=\"twitter:card\" content=\"summary_large_image\" \/>\n<meta name=\"twitter:creator\" content=\"@intoscana\" \/>\n<meta name=\"twitter:site\" content=\"@intoscana\" \/>\n<meta name=\"twitter:label1\" content=\"Written by\" \/>\n\t<meta name=\"twitter:data1\" content=\"Redazione\" \/>\n\t<meta name=\"twitter:label2\" content=\"Est. reading time\" \/>\n\t<meta name=\"twitter:data2\" content=\"4 minuti\" \/>\n<script type=\"application\/ld+json\" class=\"yoast-schema-graph\">{\"@context\":\"https:\/\/schema.org\",\"@graph\":[{\"@type\":\"WebPage\",\"@id\":\"https:\/\/www.intoscana.it\/it\/coronavirus-dati-12-dicembre\/\",\"url\":\"https:\/\/www.intoscana.it\/it\/coronavirus-dati-12-dicembre\/\",\"name\":\"Covid-19: 574 i nuovi casi oggi in Toscana su 12.967 tamponi - intoscana\",\"isPartOf\":{\"@id\":\"https:\/\/www.intoscana.it\/it\/#website\"},\"primaryImageOfPage\":{\"@id\":\"https:\/\/www.intoscana.it\/it\/coronavirus-dati-12-dicembre\/#primaryimage\"},\"image\":{\"@id\":\"https:\/\/www.intoscana.it\/it\/coronavirus-dati-12-dicembre\/#primaryimage\"},\"thumbnailUrl\":\"https:\/\/www.intoscana.it\/wp-content\/uploads\/covid-mascherina-engin-akyurt-Unsplash.jpg\",\"datePublished\":\"2020-12-12T12:49:09+00:00\",\"dateModified\":\"2020-12-14T09:21:18+00:00\",\"author\":{\"@id\":\"https:\/\/www.intoscana.it\/it\/#\/schema\/person\/9223810753230f20bd670fdd322661f8\"},\"breadcrumb\":{\"@id\":\"https:\/\/www.intoscana.it\/it\/coronavirus-dati-12-dicembre\/#breadcrumb\"},\"inLanguage\":\"it-IT\",\"potentialAction\":[{\"@type\":\"ReadAction\",\"target\":[\"https:\/\/www.intoscana.it\/it\/coronavirus-dati-12-dicembre\/\"]}]},{\"@type\":\"ImageObject\",\"inLanguage\":\"it-IT\",\"@id\":\"https:\/\/www.intoscana.it\/it\/coronavirus-dati-12-dicembre\/#primaryimage\",\"url\":\"https:\/\/www.intoscana.it\/wp-content\/uploads\/covid-mascherina-engin-akyurt-Unsplash.jpg\",\"contentUrl\":\"https:\/\/www.intoscana.it\/wp-content\/uploads\/covid-mascherina-engin-akyurt-Unsplash.jpg\",\"width\":1920,\"height\":1280,\"caption\":\"Ragazza con la mascherina\"},{\"@type\":\"BreadcrumbList\",\"@id\":\"https:\/\/www.intoscana.it\/it\/coronavirus-dati-12-dicembre\/#breadcrumb\",\"itemListElement\":[{\"@type\":\"ListItem\",\"position\":1,\"name\":\"Home\",\"item\":\"https:\/\/www.intoscana.it\/it\/\"},{\"@type\":\"ListItem\",\"position\":2,\"name\":\"Covid-19: 574 i nuovi casi oggi in Toscana su 12.967 tamponi\"}]},{\"@type\":\"WebSite\",\"@id\":\"https:\/\/www.intoscana.it\/it\/#website\",\"url\":\"https:\/\/www.intoscana.it\/it\/\",\"name\":\"intoscana\",\"description\":\"\",\"potentialAction\":[{\"@type\":\"SearchAction\",\"target\":{\"@type\":\"EntryPoint\",\"urlTemplate\":\"https:\/\/www.intoscana.it\/it\/?s={search_term_string}\"},\"query-input\":{\"@type\":\"PropertyValueSpecification\",\"valueRequired\":true,\"valueName\":\"search_term_string\"}}],\"inLanguage\":\"it-IT\"},{\"@type\":\"Person\",\"@id\":\"https:\/\/www.intoscana.it\/it\/#\/schema\/person\/9223810753230f20bd670fdd322661f8\",\"name\":\"Redazione\",\"url\":\"https:\/\/www.intoscana.it\/it\/author\/redazione\/\"}]}<\/script>\n<!-- \/ Yoast SEO Premium plugin. -->","yoast_head_json":{"title":"Covid-19: 574 i nuovi casi oggi in Toscana su 12.967 tamponi - intoscana","robots":{"index":"index","follow":"follow","max-snippet":"max-snippet:-1","max-image-preview":"max-image-preview:large","max-video-preview":"max-video-preview:-1"},"canonical":"https:\/\/www.intoscana.it\/it\/coronavirus-dati-12-dicembre\/","og_locale":"it_IT","og_type":"article","og_title":"Covid-19: 574 i nuovi casi oggi in Toscana su 12.967 tamponi","og_description":"Il presidente Giani ha anticipato i dati di oggi, che vedono i nuovi positivi in diminuzione rispetto a ieri. Purtroppo si registrano 35 decessi","og_url":"https:\/\/www.intoscana.it\/it\/coronavirus-dati-12-dicembre\/","og_site_name":"intoscana","article_publisher":"https:\/\/www.facebook.com\/intoscana.it","article_published_time":"2020-12-12T12:49:09+00:00","article_modified_time":"2020-12-14T09:21:18+00:00","og_image":[{"width":1920,"height":1280,"url":"https:\/\/www.intoscana.it\/wp-content\/uploads\/covid-mascherina-engin-akyurt-Unsplash.jpg","type":"image\/jpeg"}],"author":"Redazione","twitter_card":"summary_large_image","twitter_creator":"@intoscana","twitter_site":"@intoscana","twitter_misc":{"Written by":"Redazione","Est. reading time":"4 minuti"},"schema":{"@context":"https:\/\/schema.org","@graph":[{"@type":"WebPage","@id":"https:\/\/www.intoscana.it\/it\/coronavirus-dati-12-dicembre\/","url":"https:\/\/www.intoscana.it\/it\/coronavirus-dati-12-dicembre\/","name":"Covid-19: 574 i nuovi casi oggi in Toscana su 12.967 tamponi - intoscana","isPartOf":{"@id":"https:\/\/www.intoscana.it\/it\/#website"},"primaryImageOfPage":{"@id":"https:\/\/www.intoscana.it\/it\/coronavirus-dati-12-dicembre\/#primaryimage"},"image":{"@id":"https:\/\/www.intoscana.it\/it\/coronavirus-dati-12-dicembre\/#primaryimage"},"thumbnailUrl":"https:\/\/www.intoscana.it\/wp-content\/uploads\/covid-mascherina-engin-akyurt-Unsplash.jpg","datePublished":"2020-12-12T12:49:09+00:00","dateModified":"2020-12-14T09:21:18+00:00","author":{"@id":"https:\/\/www.intoscana.it\/it\/#\/schema\/person\/9223810753230f20bd670fdd322661f8"},"breadcrumb":{"@id":"https:\/\/www.intoscana.it\/it\/coronavirus-dati-12-dicembre\/#breadcrumb"},"inLanguage":"it-IT","potentialAction":[{"@type":"ReadAction","target":["https:\/\/www.intoscana.it\/it\/coronavirus-dati-12-dicembre\/"]}]},{"@type":"ImageObject","inLanguage":"it-IT","@id":"https:\/\/www.intoscana.it\/it\/coronavirus-dati-12-dicembre\/#primaryimage","url":"https:\/\/www.intoscana.it\/wp-content\/uploads\/covid-mascherina-engin-akyurt-Unsplash.jpg","contentUrl":"https:\/\/www.intoscana.it\/wp-content\/uploads\/covid-mascherina-engin-akyurt-Unsplash.jpg","width":1920,"height":1280,"caption":"Ragazza con la mascherina"},{"@type":"BreadcrumbList","@id":"https:\/\/www.intoscana.it\/it\/coronavirus-dati-12-dicembre\/#breadcrumb","itemListElement":[{"@type":"ListItem","position":1,"name":"Home","item":"https:\/\/www.intoscana.it\/it\/"},{"@type":"ListItem","position":2,"name":"Covid-19: 574 i nuovi casi oggi in Toscana su 12.967 tamponi"}]},{"@type":"WebSite","@id":"https:\/\/www.intoscana.it\/it\/#website","url":"https:\/\/www.intoscana.it\/it\/","name":"intoscana","description":"","potentialAction":[{"@type":"SearchAction","target":{"@type":"EntryPoint","urlTemplate":"https:\/\/www.intoscana.it\/it\/?s={search_term_string}"},"query-input":{"@type":"PropertyValueSpecification","valueRequired":true,"valueName":"search_term_string"}}],"inLanguage":"it-IT"},{"@type":"Person","@id":"https:\/\/www.intoscana.it\/it\/#\/schema\/person\/9223810753230f20bd670fdd322661f8","name":"Redazione","url":"https:\/\/www.intoscana.it\/it\/author\/redazione\/"}]}},"_links":{"self":[{"href":"https:\/\/www.intoscana.it\/it\/wp-json\/wp\/v2\/posts\/161571","targetHints":{"allow":["GET"]}}],"collection":[{"href":"https:\/\/www.intoscana.it\/it\/wp-json\/wp\/v2\/posts"}],"about":[{"href":"https:\/\/www.intoscana.it\/it\/wp-json\/wp\/v2\/types\/post"}],"author":[{"embeddable":true,"href":"https:\/\/www.intoscana.it\/it\/wp-json\/wp\/v2\/users\/525"}],"replies":[{"embeddable":true,"href":"https:\/\/www.intoscana.it\/it\/wp-json\/wp\/v2\/comments?post=161571"}],"version-history":[{"count":0,"href":"https:\/\/www.intoscana.it\/it\/wp-json\/wp\/v2\/posts\/161571\/revisions"}],"wp:featuredmedia":[{"embeddable":true,"href":"https:\/\/www.intoscana.it\/it\/wp-json\/wp\/v2\/media\/152634"}],"wp:attachment":[{"href":"https:\/\/www.intoscana.it\/it\/wp-json\/wp\/v2\/media?parent=161571"}],"wp:term":[{"taxonomy":"category","embeddable":true,"href":"https:\/\/www.intoscana.it\/it\/wp-json\/wp\/v2\/categories?post=161571"},{"taxonomy":"post_tag","embeddable":true,"href":"https:\/\/www.intoscana.it\/it\/wp-json\/wp\/v2\/tags?post=161571"}],"curies":[{"name":"wp","href":"https:\/\/api.w.org\/{rel}","templated":true}]}}