{"id":161582,"date":"2020-12-12T15:23:56","date_gmt":"2020-12-12T14:23:56","guid":{"rendered":"https:\/\/www.intoscana.it\/it\/?p=161582"},"modified":"2020-12-14T11:05:25","modified_gmt":"2020-12-14T10:05:25","slug":"toscana-arancione-giani-lancia-un-appello-a-conte-e-speranza","status":"publish","type":"post","link":"https:\/\/www.intoscana.it\/it\/toscana-arancione-giani-lancia-un-appello-a-conte-e-speranza\/","title":{"rendered":"Toscana arancione, Giani lancia un appello a Conte e Speranza"},"content":{"rendered":"<p><a href=\"https:\/\/www.intoscana.it\/it\/articolo\/la-toscana-resta-in-zona-arancione-almeno-per-unaltra-settimana\/\" target=\"_blank\" rel=\"noopener noreferrer\">La <strong>Toscana \u00e8 ancora in zona arancion<\/strong><\/a><strong>e<\/strong> e ci rimarr\u00e0 almeno fino a domenica prossima, il 20 dicembre. Il<strong> presidente della Regione Eugenio Giani si oppone alla decisione presa ieri dal Ministro della Salute,<\/strong> Roberto Speranza, sulla base dei dati della Cabina di Regia. Una decisione che ha sottolineato Giani in una diretta su Facebook \u00e8<strong> &#8220;<em>ingiusta ed immotivata<\/em><\/strong><em><strong>\u00a0<\/strong>e non rende merito al lavoro fatto soprattutto dai toscani con i loro comportamenti, dalle istituzioni e dai dati che abbiamo: da luned\u00ec ad oggi la media \u00e8 sempre stata questa, circa 500 persone contagiate al giorno&#8221;.\u00a0<\/em><\/p>\n<h3>La richiesta di Giani: rivedere prima i dati<\/h3>\n<p>Il presidente Giani quindi ha annunciato che\u00a0<em><strong>far\u00e0 un appello al ministro Speranza e al presidente del Consiglio<\/strong> Giuseppe Conte &#8220;perch\u00e9 la cabina di regia si possa riunire nei primi giorni della settimana, luned\u00ec o marted\u00ec<\/em>&#8220;. &#8220;<strong>Q<em>uesto potrebbe consentire il rientro in zona <\/em><em>gialla&#8221; <\/em>per la Toscana<em> &#8220;anche nella met\u00e0 della settimana <\/em><\/strong><em><strong>prossima, senza aspettare la domenica<\/strong>. \u00c8 l&#8217;atto formale che mi <\/em><em>sento di fare perch\u00e9 sento nella mia amarezza anche la voglia di <\/em><em>lottare rispetto ad una ingiustizia che io avverto&#8221;.\u00a0<\/em><\/p>\n<p><em>&#8220;La Toscana ha sicuramente uno dei li<\/em><em>velli minori di contagio in questo momento &#8211; <\/em>ha sottolineato Giani <em>&#8211; e quindi <strong>si viene <\/strong><\/em><em><strong>a creare una disparit\u00e0 di trattamento tra Regioni.<\/strong> Una delle <\/em><em>regioni in zona gialla \u00e8 arrivata ad avere negli ultimi giorni <\/em><em>una media che si avvicina ai 4mila contagi giornalieri e noi che <\/em><em>da una settimana siamo a 500 rimaniamo e in zona arancione&#8221; <\/em>ha concluso Giani.<\/p>\n<h3>Oggi un confronto tra i tecnici della Toscana e l&#8217;Iss<\/h3>\n<p>Quella della Toscana &#8220;<em>\u00e8 una situazione che rispetto alle altre Regioni che ci circondano vede dei dati tutti superiori, dalla Liguria, all&#8217;Emilia Romagna, Umbria, Lazio <\/em>&#8211; ha spiegato Giani &#8211;<em> allora perch\u00e9 la Toscana \u00e8 in zona arancione? <\/em><em>Mi \u00e8 stato risposto che il motivo \u00e8 perch\u00e9 <strong>si \u00e8 voluto essere rigidi sul principio formale che chi va in zona rossa deve starci tre settimane, e poi 14 giorni in zona arancione prima di tornare in zona gialla.<\/strong> Ma in realt\u00e0 il modello che \u00e8 stato messo in campo io lo vedevo funzionale non al rispetto formale delle tre settimane e della due settimane<\/em>&#8220;, perch\u00e9 &#8220;<em>se i dati migliorano e se le situazioni sono oggettivamente di buona qualit\u00e0 nel contenimento del contagio, perch\u00e9 dover aspettare questi periodi<\/em>&#8220;. Giani ha poi evidenziato che il Dpcm del 3 dicembre &#8220;<em>all&#8217;articolo 2 terzo comma consente di poter entrare anche prima dei 14 giorni nella zona di pi\u00f9 elevato modello di mobilit\u00e0, la zona gialla. E allora perch\u00e9 non usare questa opportunit\u00e0<\/em>&#8220;.<\/p>\n<p>Giani inoltre ha reso noto che oggi si terr\u00e0 un <strong>incontro con il direttore dell&#8217;Istituto superiore di sanit\u00e0 Brusaferro e i tecnici della Regione,<\/strong> affinch\u00e9\u00a0&#8220;<em>questa cabina di regia <\/em><em>ci motivi il perch\u00e9, visto che i dati che leggo sui giornali, <\/em><em>che diamo e riportiamo all&#8217;Istituto superiore di sanit\u00e0, sono <\/em><em>tutti dati che ormai da tre settimane sono di zona gialla<\/em>&#8220;.<\/p>\n<h3>Nardella: il Ministero spieghi perch\u00e9 la Toscana \u00e8 arancione<\/h3>\n<p>Chiede chiarezza sulla scelta di mantenere la Toscana arancione anche <strong>il sindaco di Firenze, Dario Nardella.<\/strong> &#8220;<em>Quello che conta non \u00e8 tanto la condivisione o non condivisione di queste fasce di colori, ma visto che si tratta di un meccanismo automatico la chiarezza, la trasparenza con cui vengono applicati questi criteri &#8211;<\/em> ha dichiarato oggi Nardella<em> &#8211; questa \u00e8 <\/em><em>la cosa pi\u00f9 importante in modo che i cittadini siano tranquilli <\/em><em>e sappiano perch\u00e9 si trovano in questa condizione. <strong>\u00c8 <\/strong><\/em><strong><em>l&#8217;incertezza che genera polemica, quindi se il ministero della <\/em><em>Sanit\u00e0 ci spiega con chiarezza perch\u00e9 la Toscana \u00e8 ancora <\/em><\/strong><em><strong>arancione<\/strong> io sono il primo ad accettarlo e a impegnarmi con i <\/em><em>miei cittadini per farlo rispettare&#8221;.<\/em><\/p>\n<p><strong>&#8220;<em>In questo caso<\/em><\/strong> &#8211; ha aggiunto Nardella <em>&#8211;<\/em><strong><em> dal punto di vista scientifico e tecnico non ho capito<\/em>&#8221; perch\u00e9 siamo rimasti <\/strong><strong>arancioni.<\/strong> &#8220;<em>So che sono rimasti i 21 parametri, so che i 21 <\/em><em>parametri sono stati condivisi dalle Regioni con il Ministero <\/em><em>della Sanit\u00e0, so che \u00e8 necessario che per due settimane <\/em><em>consecutive si mantengano queste linee, sarei interessato a <\/em><em>capire bene anche io. Ed \u00e8 l&#8217;appello <\/em>&#8211; ha concluso &#8211; <em>che torno a <\/em><em>lanciare al ministro Speranza&#8221;.<\/em><\/p>\n","protected":false},"excerpt":{"rendered":"<p>Il presidente della Regione chiede che la cabina di regia si riunisca prima di venerd\u00ec prossimo e possa cos\u00ec rivedere la situazione toscana. Anche il sindaco Nardella chiede chiarezza.<\/p>\n","protected":false},"author":525,"featured_media":156481,"comment_status":"open","ping_status":"open","sticky":false,"template":"","format":"standard","meta":{"_acf_changed":false,"footnotes":""},"categories":[494],"tags":[418,157,158,4887,4863],"class_list":["post-161582","post","type-post","status-publish","format-standard","has-post-thumbnail","hentry","category-attualita","tag-covid-19","tag-dario-nardella","tag-eugenio-giani","tag-zona-arancione","tag-zona-gialla"],"acf":[],"yoast_head":"<!-- This site is optimized with the Yoast SEO Premium plugin v24.2 (Yoast SEO v25.6) - https:\/\/yoast.com\/wordpress\/plugins\/seo\/ -->\n<title>Toscana arancione, Giani lancia un appello a Conte e Speranza - intoscana<\/title>\n<meta name=\"robots\" content=\"index, follow, max-snippet:-1, max-image-preview:large, max-video-preview:-1\" \/>\n<link rel=\"canonical\" href=\"https:\/\/www.intoscana.it\/it\/toscana-arancione-giani-lancia-un-appello-a-conte-e-speranza\/\" \/>\n<meta property=\"og:locale\" content=\"it_IT\" \/>\n<meta property=\"og:type\" content=\"article\" \/>\n<meta property=\"og:title\" content=\"Toscana arancione, Giani lancia un appello a Conte e Speranza\" \/>\n<meta property=\"og:description\" content=\"Il presidente della Regione chiede che la cabina di regia si riunisca prima di venerd\u00ec prossimo e possa cos\u00ec rivedere la situazione toscana. Anche il sindaco Nardella chiede chiarezza.\" \/>\n<meta property=\"og:url\" content=\"https:\/\/www.intoscana.it\/it\/toscana-arancione-giani-lancia-un-appello-a-conte-e-speranza\/\" \/>\n<meta property=\"og:site_name\" content=\"intoscana\" \/>\n<meta property=\"article:publisher\" content=\"https:\/\/www.facebook.com\/intoscana.it\" \/>\n<meta property=\"article:published_time\" content=\"2020-12-12T14:23:56+00:00\" \/>\n<meta property=\"article:modified_time\" content=\"2020-12-14T10:05:25+00:00\" \/>\n<meta property=\"og:image\" content=\"https:\/\/www.intoscana.it\/wp-content\/uploads\/shutterstock_1841794108-scaled.jpg\" \/>\n\t<meta property=\"og:image:width\" content=\"2048\" \/>\n\t<meta property=\"og:image:height\" content=\"1366\" \/>\n\t<meta property=\"og:image:type\" content=\"image\/jpeg\" \/>\n<meta name=\"author\" content=\"Redazione\" \/>\n<meta name=\"twitter:card\" content=\"summary_large_image\" \/>\n<meta name=\"twitter:creator\" content=\"@intoscana\" \/>\n<meta name=\"twitter:site\" content=\"@intoscana\" \/>\n<meta name=\"twitter:label1\" content=\"Written by\" \/>\n\t<meta name=\"twitter:data1\" content=\"Redazione\" \/>\n\t<meta name=\"twitter:label2\" content=\"Est. reading time\" \/>\n\t<meta name=\"twitter:data2\" content=\"3 minuti\" \/>\n<script type=\"application\/ld+json\" class=\"yoast-schema-graph\">{\"@context\":\"https:\/\/schema.org\",\"@graph\":[{\"@type\":\"WebPage\",\"@id\":\"https:\/\/www.intoscana.it\/it\/toscana-arancione-giani-lancia-un-appello-a-conte-e-speranza\/\",\"url\":\"https:\/\/www.intoscana.it\/it\/toscana-arancione-giani-lancia-un-appello-a-conte-e-speranza\/\",\"name\":\"Toscana arancione, Giani lancia un appello a Conte e Speranza - intoscana\",\"isPartOf\":{\"@id\":\"https:\/\/www.intoscana.it\/it\/#website\"},\"primaryImageOfPage\":{\"@id\":\"https:\/\/www.intoscana.it\/it\/toscana-arancione-giani-lancia-un-appello-a-conte-e-speranza\/#primaryimage\"},\"image\":{\"@id\":\"https:\/\/www.intoscana.it\/it\/toscana-arancione-giani-lancia-un-appello-a-conte-e-speranza\/#primaryimage\"},\"thumbnailUrl\":\"https:\/\/www.intoscana.it\/wp-content\/uploads\/shutterstock_1841794108-scaled.jpg\",\"datePublished\":\"2020-12-12T14:23:56+00:00\",\"dateModified\":\"2020-12-14T10:05:25+00:00\",\"author\":{\"@id\":\"https:\/\/www.intoscana.it\/it\/#\/schema\/person\/9223810753230f20bd670fdd322661f8\"},\"breadcrumb\":{\"@id\":\"https:\/\/www.intoscana.it\/it\/toscana-arancione-giani-lancia-un-appello-a-conte-e-speranza\/#breadcrumb\"},\"inLanguage\":\"it-IT\",\"potentialAction\":[{\"@type\":\"ReadAction\",\"target\":[\"https:\/\/www.intoscana.it\/it\/toscana-arancione-giani-lancia-un-appello-a-conte-e-speranza\/\"]}]},{\"@type\":\"ImageObject\",\"inLanguage\":\"it-IT\",\"@id\":\"https:\/\/www.intoscana.it\/it\/toscana-arancione-giani-lancia-un-appello-a-conte-e-speranza\/#primaryimage\",\"url\":\"https:\/\/www.intoscana.it\/wp-content\/uploads\/shutterstock_1841794108-scaled.jpg\",\"contentUrl\":\"https:\/\/www.intoscana.it\/wp-content\/uploads\/shutterstock_1841794108-scaled.jpg\",\"width\":2048,\"height\":1366,\"caption\":\"Screening con tamponi e tracciamento fondamentali per arginare la diffusione del Covid-19\"},{\"@type\":\"BreadcrumbList\",\"@id\":\"https:\/\/www.intoscana.it\/it\/toscana-arancione-giani-lancia-un-appello-a-conte-e-speranza\/#breadcrumb\",\"itemListElement\":[{\"@type\":\"ListItem\",\"position\":1,\"name\":\"Home\",\"item\":\"https:\/\/www.intoscana.it\/it\/\"},{\"@type\":\"ListItem\",\"position\":2,\"name\":\"Toscana arancione, Giani lancia un appello a Conte e Speranza\"}]},{\"@type\":\"WebSite\",\"@id\":\"https:\/\/www.intoscana.it\/it\/#website\",\"url\":\"https:\/\/www.intoscana.it\/it\/\",\"name\":\"intoscana\",\"description\":\"\",\"potentialAction\":[{\"@type\":\"SearchAction\",\"target\":{\"@type\":\"EntryPoint\",\"urlTemplate\":\"https:\/\/www.intoscana.it\/it\/?s={search_term_string}\"},\"query-input\":{\"@type\":\"PropertyValueSpecification\",\"valueRequired\":true,\"valueName\":\"search_term_string\"}}],\"inLanguage\":\"it-IT\"},{\"@type\":\"Person\",\"@id\":\"https:\/\/www.intoscana.it\/it\/#\/schema\/person\/9223810753230f20bd670fdd322661f8\",\"name\":\"Redazione\",\"url\":\"https:\/\/www.intoscana.it\/it\/author\/redazione\/\"}]}<\/script>\n<!-- \/ Yoast SEO Premium plugin. -->","yoast_head_json":{"title":"Toscana arancione, Giani lancia un appello a Conte e Speranza - intoscana","robots":{"index":"index","follow":"follow","max-snippet":"max-snippet:-1","max-image-preview":"max-image-preview:large","max-video-preview":"max-video-preview:-1"},"canonical":"https:\/\/www.intoscana.it\/it\/toscana-arancione-giani-lancia-un-appello-a-conte-e-speranza\/","og_locale":"it_IT","og_type":"article","og_title":"Toscana arancione, Giani lancia un appello a Conte e Speranza","og_description":"Il presidente della Regione chiede che la cabina di regia si riunisca prima di venerd\u00ec prossimo e possa cos\u00ec rivedere la situazione toscana. Anche il sindaco Nardella chiede chiarezza.","og_url":"https:\/\/www.intoscana.it\/it\/toscana-arancione-giani-lancia-un-appello-a-conte-e-speranza\/","og_site_name":"intoscana","article_publisher":"https:\/\/www.facebook.com\/intoscana.it","article_published_time":"2020-12-12T14:23:56+00:00","article_modified_time":"2020-12-14T10:05:25+00:00","og_image":[{"width":2048,"height":1366,"url":"https:\/\/www.intoscana.it\/wp-content\/uploads\/shutterstock_1841794108-scaled.jpg","type":"image\/jpeg"}],"author":"Redazione","twitter_card":"summary_large_image","twitter_creator":"@intoscana","twitter_site":"@intoscana","twitter_misc":{"Written by":"Redazione","Est. reading time":"3 minuti"},"schema":{"@context":"https:\/\/schema.org","@graph":[{"@type":"WebPage","@id":"https:\/\/www.intoscana.it\/it\/toscana-arancione-giani-lancia-un-appello-a-conte-e-speranza\/","url":"https:\/\/www.intoscana.it\/it\/toscana-arancione-giani-lancia-un-appello-a-conte-e-speranza\/","name":"Toscana arancione, Giani lancia un appello a Conte e Speranza - intoscana","isPartOf":{"@id":"https:\/\/www.intoscana.it\/it\/#website"},"primaryImageOfPage":{"@id":"https:\/\/www.intoscana.it\/it\/toscana-arancione-giani-lancia-un-appello-a-conte-e-speranza\/#primaryimage"},"image":{"@id":"https:\/\/www.intoscana.it\/it\/toscana-arancione-giani-lancia-un-appello-a-conte-e-speranza\/#primaryimage"},"thumbnailUrl":"https:\/\/www.intoscana.it\/wp-content\/uploads\/shutterstock_1841794108-scaled.jpg","datePublished":"2020-12-12T14:23:56+00:00","dateModified":"2020-12-14T10:05:25+00:00","author":{"@id":"https:\/\/www.intoscana.it\/it\/#\/schema\/person\/9223810753230f20bd670fdd322661f8"},"breadcrumb":{"@id":"https:\/\/www.intoscana.it\/it\/toscana-arancione-giani-lancia-un-appello-a-conte-e-speranza\/#breadcrumb"},"inLanguage":"it-IT","potentialAction":[{"@type":"ReadAction","target":["https:\/\/www.intoscana.it\/it\/toscana-arancione-giani-lancia-un-appello-a-conte-e-speranza\/"]}]},{"@type":"ImageObject","inLanguage":"it-IT","@id":"https:\/\/www.intoscana.it\/it\/toscana-arancione-giani-lancia-un-appello-a-conte-e-speranza\/#primaryimage","url":"https:\/\/www.intoscana.it\/wp-content\/uploads\/shutterstock_1841794108-scaled.jpg","contentUrl":"https:\/\/www.intoscana.it\/wp-content\/uploads\/shutterstock_1841794108-scaled.jpg","width":2048,"height":1366,"caption":"Screening con tamponi e tracciamento fondamentali per arginare la diffusione del Covid-19"},{"@type":"BreadcrumbList","@id":"https:\/\/www.intoscana.it\/it\/toscana-arancione-giani-lancia-un-appello-a-conte-e-speranza\/#breadcrumb","itemListElement":[{"@type":"ListItem","position":1,"name":"Home","item":"https:\/\/www.intoscana.it\/it\/"},{"@type":"ListItem","position":2,"name":"Toscana arancione, Giani lancia un appello a Conte e Speranza"}]},{"@type":"WebSite","@id":"https:\/\/www.intoscana.it\/it\/#website","url":"https:\/\/www.intoscana.it\/it\/","name":"intoscana","description":"","potentialAction":[{"@type":"SearchAction","target":{"@type":"EntryPoint","urlTemplate":"https:\/\/www.intoscana.it\/it\/?s={search_term_string}"},"query-input":{"@type":"PropertyValueSpecification","valueRequired":true,"valueName":"search_term_string"}}],"inLanguage":"it-IT"},{"@type":"Person","@id":"https:\/\/www.intoscana.it\/it\/#\/schema\/person\/9223810753230f20bd670fdd322661f8","name":"Redazione","url":"https:\/\/www.intoscana.it\/it\/author\/redazione\/"}]}},"_links":{"self":[{"href":"https:\/\/www.intoscana.it\/it\/wp-json\/wp\/v2\/posts\/161582","targetHints":{"allow":["GET"]}}],"collection":[{"href":"https:\/\/www.intoscana.it\/it\/wp-json\/wp\/v2\/posts"}],"about":[{"href":"https:\/\/www.intoscana.it\/it\/wp-json\/wp\/v2\/types\/post"}],"author":[{"embeddable":true,"href":"https:\/\/www.intoscana.it\/it\/wp-json\/wp\/v2\/users\/525"}],"replies":[{"embeddable":true,"href":"https:\/\/www.intoscana.it\/it\/wp-json\/wp\/v2\/comments?post=161582"}],"version-history":[{"count":0,"href":"https:\/\/www.intoscana.it\/it\/wp-json\/wp\/v2\/posts\/161582\/revisions"}],"wp:featuredmedia":[{"embeddable":true,"href":"https:\/\/www.intoscana.it\/it\/wp-json\/wp\/v2\/media\/156481"}],"wp:attachment":[{"href":"https:\/\/www.intoscana.it\/it\/wp-json\/wp\/v2\/media?parent=161582"}],"wp:term":[{"taxonomy":"category","embeddable":true,"href":"https:\/\/www.intoscana.it\/it\/wp-json\/wp\/v2\/categories?post=161582"},{"taxonomy":"post_tag","embeddable":true,"href":"https:\/\/www.intoscana.it\/it\/wp-json\/wp\/v2\/tags?post=161582"}],"curies":[{"name":"wp","href":"https:\/\/api.w.org\/{rel}","templated":true}]}}