{"id":161769,"date":"2020-12-15T18:34:22","date_gmt":"2020-12-15T17:34:22","guid":{"rendered":"https:\/\/www.intoscana.it\/it\/?p=161769"},"modified":"2020-12-15T19:09:00","modified_gmt":"2020-12-15T18:09:00","slug":"lassessore-stefano-ciuoffo-dai-cittadini-la-prima-barriera-contro-lillegalita","status":"publish","type":"post","link":"https:\/\/www.intoscana.it\/it\/lassessore-stefano-ciuoffo-dai-cittadini-la-prima-barriera-contro-lillegalita\/","title":{"rendered":"L\u2019assessore Stefano Ciuoffo: \u201cDai cittadini la prima barriera contro l\u2019illegalit\u00e0\u201d"},"content":{"rendered":"<p class=\"p1\">Le mafie si combattono anche tra i banchi, nelle scuole, \u201c\u00e8 la prima difesa alla cultura dell\u2019illegalit\u00e0\u201d. L\u2019assessore regionale alla Legalit\u00e0, Stefano Ciuffo, vuole rivolgersi soprattutto ai giovani per creare attraverso la cultura e l\u2019insegnamento la prima barriera contro la criminalit\u00e0 e le sue infiltrazioni in contesti difficili e resi pi\u00f9 fragili dalla pandemia.<\/p>\n<p class=\"p1\"><b>Assessore, come si promuove questa cultura alla legalit\u00e0?<\/b><\/p>\n<p class=\"p1\">Con Avviso Pubblico, Libera, Fondazione Caponnetto,\u00a0Associazione tra i Familiari delle Vittime della Strage di Via dei Georgofili\u00a0e altre\u00a0realt\u00e0, oltre che con i rappresentanti delle forze dell\u2019ordine, abbiamo da tempo istituito in Regione un tavolo sulla legalit\u00e0 dove confrontarci e coordinare le attivit\u00e0. Principalmente ci vogliamo rivolgere ai ragazzi affinch\u00e9 non si dimentichi cosa sono stati gli anni\u00a0delle stragi mafiose. Per questo ci interessa la presenza nelle scuole, per raggiungere chi non ha vissuto\u00a0direttamente e in prima persona\u00a0quegli anni: dai\u00a0cittadini consapevoli nasce la prima difesa e il primo argine all\u2019illegalit\u00e0.<\/p>\n<p class=\"p1\"><b>La crisi e le tensioni sociali sono terreno fertile per le mafie. Come state monitorando questo fenomeno?<\/b><\/p>\n<p class=\"p1\">Con strumenti come il Rapporto redatto dalla Scuola Normale Superiore. Con altre iniziative sul territorio teniamo alta la guardia coinvolgendo gli studenti. Le mafie si combattono innanzitutto con la cultura e l\u2019insegnamento.<\/p>\n<p class=\"p1\"><b>La corruzione nel pubblico \u00e8 un fenomeno criminale molto diffuso. Con l\u2019arrivo dei fondi europei, saranno a disposizione ingenti somme che fanno gola alle organizzazioni mafiose: come agire per evitarlo?<\/b><\/p>\n<p class=\"p1\">In Toscana non si pu\u00f2 parlare della corruzione come fenomeno diffuso: ci sono certamente dei casi che si sono verificati, ma non certo ai livelli di altre regioni. La Regione ha dotato di un sistema di alert le procedure degli appalti che segnala anomalie nelle gare. Abbiamo investito molto sulla formazione del personale, perch\u00e9 avere funzionari e dipendenti che sanno capire che in una gara qualcosa non va, e che lo segnalano, \u00e8 il primo passo per fermare fenomeni di corruzione.<\/p>\n<p class=\"p1\"><b>I beni confiscati alle mafie sono un patrimonio fondamentale per le comunit\u00e0. Come valorizzarli?<\/b><\/p>\n<p>Numerosi sono stati i beni confiscati negli anni anche in Toscana: il pi\u00f9 importante, divenuto simbolo di riscatto, \u00e8 la tenuta di <a href=\"https:\/\/www.intoscana.it\/it\/articolo\/arci-suvignano-campo-legalita\/\">Suvignano<\/a>, situata nei comuni di Monteroni d\u2019Arbia e Murlo nel senese.<\/p>\n<div class=\"focuson\"><a href=\"https:\/\/www.intoscana.it\/it\/articolo\/centro-delle-competenze-suvignano\/\"><img decoding=\"async\" class=\"lazy\" src=\"https:\/\/www.intoscana.it\/wp-content\/uploads\/8suvignano-tenuta-aperta-2020.jpg\" style=\"\">\n                <div class=\"cat\"><\/div>\n                <h4>Suvignano  - La tenuta confiscata alla mafia<\/h4><\/a>\n              <\/div>\n<p class=\"p1\">E proprio per discutere della gestione di tali beni in Toscana ho avuto un primo confronto con il direttore dell\u2019Agenzia nazionale dei beni confiscati alla criminalit\u00e0 organizzata, il prefetto Bruno Corda. Vorremmo che tali immobili fossero simboli della legalit\u00e0, affidando loro una funzione sociale ed educativa. Stiamo discutendo insieme per scegliere le progettualit\u00e0 migliori e pi\u00f9 confacenti per tale scopo.<\/p>\n","protected":false},"excerpt":{"rendered":"<p class=\"p1\">Un lavoro congiunto tra Regione Toscana,<span class=\"Apple-converted-space\">\u00a0A<\/span>vviso Pubblico, Libera, Fondazione Caporetto<span class=\"Apple-converted-space\">\u00a0 <\/span>e altre realt\u00e0 per coinvolgere le scuole<\/p>\n","protected":false},"author":545,"featured_media":36286,"comment_status":"open","ping_status":"open","sticky":false,"template":"","format":"standard","meta":{"_acf_changed":false,"footnotes":""},"categories":[494],"tags":[3620,212,4438],"class_list":["post-161769","post","type-post","status-publish","format-standard","has-post-thumbnail","hentry","category-attualita","tag-legalita","tag-scuola","tag-scuola-normale-di-pisa"],"acf":[],"yoast_head":"<!-- This site is optimized with the Yoast SEO Premium plugin v24.2 (Yoast SEO v25.6) - https:\/\/yoast.com\/wordpress\/plugins\/seo\/ -->\n<title>L\u2019assessore Stefano Ciuoffo: \u201cDai cittadini la prima barriera contro l\u2019illegalit\u00e0\u201d - intoscana<\/title>\n<meta name=\"description\" content=\"Un lavoro congiunto tra Regione Toscana,\u00a0Avviso Pubblico, Libera, Fondazione Caporetto\u00a0 e altre realt\u00e0 per coinvolgere le scuole\" \/>\n<meta name=\"robots\" content=\"index, follow, max-snippet:-1, max-image-preview:large, max-video-preview:-1\" \/>\n<link rel=\"canonical\" href=\"https:\/\/www.intoscana.it\/it\/lassessore-stefano-ciuoffo-dai-cittadini-la-prima-barriera-contro-lillegalita\/\" \/>\n<meta property=\"og:locale\" content=\"it_IT\" \/>\n<meta property=\"og:type\" content=\"article\" \/>\n<meta property=\"og:title\" content=\"L\u2019assessore Stefano Ciuoffo: \u201cDai cittadini la prima barriera contro l\u2019illegalit\u00e0\u201d\" \/>\n<meta property=\"og:description\" content=\"Un lavoro congiunto tra Regione Toscana,\u00a0Avviso Pubblico, Libera, Fondazione Caporetto\u00a0 e altre realt\u00e0 per coinvolgere le scuole\" \/>\n<meta property=\"og:url\" content=\"https:\/\/www.intoscana.it\/it\/lassessore-stefano-ciuoffo-dai-cittadini-la-prima-barriera-contro-lillegalita\/\" \/>\n<meta property=\"og:site_name\" content=\"intoscana\" \/>\n<meta property=\"article:publisher\" content=\"https:\/\/www.facebook.com\/intoscana.it\" \/>\n<meta property=\"article:published_time\" content=\"2020-12-15T17:34:22+00:00\" \/>\n<meta property=\"article:modified_time\" content=\"2020-12-15T18:09:00+00:00\" \/>\n<meta property=\"og:image\" content=\"https:\/\/www.intoscana.it\/wp-content\/uploads\/stefano-ciuoffo.jpg\" \/>\n\t<meta property=\"og:image:width\" content=\"660\" \/>\n\t<meta property=\"og:image:height\" content=\"280\" \/>\n\t<meta property=\"og:image:type\" content=\"image\/jpeg\" \/>\n<meta name=\"author\" content=\"Clara D&#039;Acunto\" \/>\n<meta name=\"twitter:card\" content=\"summary_large_image\" \/>\n<meta name=\"twitter:creator\" content=\"@intoscana\" \/>\n<meta name=\"twitter:site\" content=\"@intoscana\" \/>\n<meta name=\"twitter:label1\" content=\"Written by\" \/>\n\t<meta name=\"twitter:data1\" content=\"Clara D&#039;Acunto\" \/>\n\t<meta name=\"twitter:label2\" content=\"Est. reading time\" \/>\n\t<meta name=\"twitter:data2\" content=\"2 minuti\" \/>\n<script type=\"application\/ld+json\" class=\"yoast-schema-graph\">{\"@context\":\"https:\/\/schema.org\",\"@graph\":[{\"@type\":\"WebPage\",\"@id\":\"https:\/\/www.intoscana.it\/it\/lassessore-stefano-ciuoffo-dai-cittadini-la-prima-barriera-contro-lillegalita\/\",\"url\":\"https:\/\/www.intoscana.it\/it\/lassessore-stefano-ciuoffo-dai-cittadini-la-prima-barriera-contro-lillegalita\/\",\"name\":\"L\u2019assessore Stefano Ciuoffo: \u201cDai cittadini la prima barriera contro l\u2019illegalit\u00e0\u201d - intoscana\",\"isPartOf\":{\"@id\":\"https:\/\/www.intoscana.it\/it\/#website\"},\"primaryImageOfPage\":{\"@id\":\"https:\/\/www.intoscana.it\/it\/lassessore-stefano-ciuoffo-dai-cittadini-la-prima-barriera-contro-lillegalita\/#primaryimage\"},\"image\":{\"@id\":\"https:\/\/www.intoscana.it\/it\/lassessore-stefano-ciuoffo-dai-cittadini-la-prima-barriera-contro-lillegalita\/#primaryimage\"},\"thumbnailUrl\":\"https:\/\/www.intoscana.it\/wp-content\/uploads\/stefano-ciuoffo.jpg\",\"datePublished\":\"2020-12-15T17:34:22+00:00\",\"dateModified\":\"2020-12-15T18:09:00+00:00\",\"author\":{\"@id\":\"https:\/\/www.intoscana.it\/it\/#\/schema\/person\/137419af9ef5d385bde52864a841e6ce\"},\"description\":\"Un lavoro congiunto tra Regione Toscana,\u00a0Avviso Pubblico, Libera, Fondazione Caporetto\u00a0 e altre realt\u00e0 per coinvolgere le scuole\",\"breadcrumb\":{\"@id\":\"https:\/\/www.intoscana.it\/it\/lassessore-stefano-ciuoffo-dai-cittadini-la-prima-barriera-contro-lillegalita\/#breadcrumb\"},\"inLanguage\":\"it-IT\",\"potentialAction\":[{\"@type\":\"ReadAction\",\"target\":[\"https:\/\/www.intoscana.it\/it\/lassessore-stefano-ciuoffo-dai-cittadini-la-prima-barriera-contro-lillegalita\/\"]}]},{\"@type\":\"ImageObject\",\"inLanguage\":\"it-IT\",\"@id\":\"https:\/\/www.intoscana.it\/it\/lassessore-stefano-ciuoffo-dai-cittadini-la-prima-barriera-contro-lillegalita\/#primaryimage\",\"url\":\"https:\/\/www.intoscana.it\/wp-content\/uploads\/stefano-ciuoffo.jpg\",\"contentUrl\":\"https:\/\/www.intoscana.it\/wp-content\/uploads\/stefano-ciuoffo.jpg\",\"width\":660,\"height\":280,\"caption\":\"Stefano Ciuoffo\"},{\"@type\":\"BreadcrumbList\",\"@id\":\"https:\/\/www.intoscana.it\/it\/lassessore-stefano-ciuoffo-dai-cittadini-la-prima-barriera-contro-lillegalita\/#breadcrumb\",\"itemListElement\":[{\"@type\":\"ListItem\",\"position\":1,\"name\":\"Home\",\"item\":\"https:\/\/www.intoscana.it\/it\/\"},{\"@type\":\"ListItem\",\"position\":2,\"name\":\"L\u2019assessore Stefano Ciuoffo: \u201cDai cittadini la prima barriera contro l\u2019illegalit\u00e0\u201d\"}]},{\"@type\":\"WebSite\",\"@id\":\"https:\/\/www.intoscana.it\/it\/#website\",\"url\":\"https:\/\/www.intoscana.it\/it\/\",\"name\":\"intoscana\",\"description\":\"\",\"potentialAction\":[{\"@type\":\"SearchAction\",\"target\":{\"@type\":\"EntryPoint\",\"urlTemplate\":\"https:\/\/www.intoscana.it\/it\/?s={search_term_string}\"},\"query-input\":{\"@type\":\"PropertyValueSpecification\",\"valueRequired\":true,\"valueName\":\"search_term_string\"}}],\"inLanguage\":\"it-IT\"},{\"@type\":\"Person\",\"@id\":\"https:\/\/www.intoscana.it\/it\/#\/schema\/person\/137419af9ef5d385bde52864a841e6ce\",\"name\":\"Clara D'Acunto\",\"url\":\"https:\/\/www.intoscana.it\/it\/author\/clara-d_acunto\/\"}]}<\/script>\n<!-- \/ Yoast SEO Premium plugin. -->","yoast_head_json":{"title":"L\u2019assessore Stefano Ciuoffo: \u201cDai cittadini la prima barriera contro l\u2019illegalit\u00e0\u201d - intoscana","description":"Un lavoro congiunto tra Regione Toscana,\u00a0Avviso Pubblico, Libera, Fondazione Caporetto\u00a0 e altre realt\u00e0 per coinvolgere le scuole","robots":{"index":"index","follow":"follow","max-snippet":"max-snippet:-1","max-image-preview":"max-image-preview:large","max-video-preview":"max-video-preview:-1"},"canonical":"https:\/\/www.intoscana.it\/it\/lassessore-stefano-ciuoffo-dai-cittadini-la-prima-barriera-contro-lillegalita\/","og_locale":"it_IT","og_type":"article","og_title":"L\u2019assessore Stefano Ciuoffo: \u201cDai cittadini la prima barriera contro l\u2019illegalit\u00e0\u201d","og_description":"Un lavoro congiunto tra Regione Toscana,\u00a0Avviso Pubblico, Libera, Fondazione Caporetto\u00a0 e altre realt\u00e0 per coinvolgere le scuole","og_url":"https:\/\/www.intoscana.it\/it\/lassessore-stefano-ciuoffo-dai-cittadini-la-prima-barriera-contro-lillegalita\/","og_site_name":"intoscana","article_publisher":"https:\/\/www.facebook.com\/intoscana.it","article_published_time":"2020-12-15T17:34:22+00:00","article_modified_time":"2020-12-15T18:09:00+00:00","og_image":[{"width":660,"height":280,"url":"https:\/\/www.intoscana.it\/wp-content\/uploads\/stefano-ciuoffo.jpg","type":"image\/jpeg"}],"author":"Clara D'Acunto","twitter_card":"summary_large_image","twitter_creator":"@intoscana","twitter_site":"@intoscana","twitter_misc":{"Written by":"Clara D'Acunto","Est. reading time":"2 minuti"},"schema":{"@context":"https:\/\/schema.org","@graph":[{"@type":"WebPage","@id":"https:\/\/www.intoscana.it\/it\/lassessore-stefano-ciuoffo-dai-cittadini-la-prima-barriera-contro-lillegalita\/","url":"https:\/\/www.intoscana.it\/it\/lassessore-stefano-ciuoffo-dai-cittadini-la-prima-barriera-contro-lillegalita\/","name":"L\u2019assessore Stefano Ciuoffo: \u201cDai cittadini la prima barriera contro l\u2019illegalit\u00e0\u201d - intoscana","isPartOf":{"@id":"https:\/\/www.intoscana.it\/it\/#website"},"primaryImageOfPage":{"@id":"https:\/\/www.intoscana.it\/it\/lassessore-stefano-ciuoffo-dai-cittadini-la-prima-barriera-contro-lillegalita\/#primaryimage"},"image":{"@id":"https:\/\/www.intoscana.it\/it\/lassessore-stefano-ciuoffo-dai-cittadini-la-prima-barriera-contro-lillegalita\/#primaryimage"},"thumbnailUrl":"https:\/\/www.intoscana.it\/wp-content\/uploads\/stefano-ciuoffo.jpg","datePublished":"2020-12-15T17:34:22+00:00","dateModified":"2020-12-15T18:09:00+00:00","author":{"@id":"https:\/\/www.intoscana.it\/it\/#\/schema\/person\/137419af9ef5d385bde52864a841e6ce"},"description":"Un lavoro congiunto tra Regione Toscana,\u00a0Avviso Pubblico, Libera, Fondazione Caporetto\u00a0 e altre realt\u00e0 per coinvolgere le scuole","breadcrumb":{"@id":"https:\/\/www.intoscana.it\/it\/lassessore-stefano-ciuoffo-dai-cittadini-la-prima-barriera-contro-lillegalita\/#breadcrumb"},"inLanguage":"it-IT","potentialAction":[{"@type":"ReadAction","target":["https:\/\/www.intoscana.it\/it\/lassessore-stefano-ciuoffo-dai-cittadini-la-prima-barriera-contro-lillegalita\/"]}]},{"@type":"ImageObject","inLanguage":"it-IT","@id":"https:\/\/www.intoscana.it\/it\/lassessore-stefano-ciuoffo-dai-cittadini-la-prima-barriera-contro-lillegalita\/#primaryimage","url":"https:\/\/www.intoscana.it\/wp-content\/uploads\/stefano-ciuoffo.jpg","contentUrl":"https:\/\/www.intoscana.it\/wp-content\/uploads\/stefano-ciuoffo.jpg","width":660,"height":280,"caption":"Stefano Ciuoffo"},{"@type":"BreadcrumbList","@id":"https:\/\/www.intoscana.it\/it\/lassessore-stefano-ciuoffo-dai-cittadini-la-prima-barriera-contro-lillegalita\/#breadcrumb","itemListElement":[{"@type":"ListItem","position":1,"name":"Home","item":"https:\/\/www.intoscana.it\/it\/"},{"@type":"ListItem","position":2,"name":"L\u2019assessore Stefano Ciuoffo: \u201cDai cittadini la prima barriera contro l\u2019illegalit\u00e0\u201d"}]},{"@type":"WebSite","@id":"https:\/\/www.intoscana.it\/it\/#website","url":"https:\/\/www.intoscana.it\/it\/","name":"intoscana","description":"","potentialAction":[{"@type":"SearchAction","target":{"@type":"EntryPoint","urlTemplate":"https:\/\/www.intoscana.it\/it\/?s={search_term_string}"},"query-input":{"@type":"PropertyValueSpecification","valueRequired":true,"valueName":"search_term_string"}}],"inLanguage":"it-IT"},{"@type":"Person","@id":"https:\/\/www.intoscana.it\/it\/#\/schema\/person\/137419af9ef5d385bde52864a841e6ce","name":"Clara D'Acunto","url":"https:\/\/www.intoscana.it\/it\/author\/clara-d_acunto\/"}]}},"_links":{"self":[{"href":"https:\/\/www.intoscana.it\/it\/wp-json\/wp\/v2\/posts\/161769","targetHints":{"allow":["GET"]}}],"collection":[{"href":"https:\/\/www.intoscana.it\/it\/wp-json\/wp\/v2\/posts"}],"about":[{"href":"https:\/\/www.intoscana.it\/it\/wp-json\/wp\/v2\/types\/post"}],"author":[{"embeddable":true,"href":"https:\/\/www.intoscana.it\/it\/wp-json\/wp\/v2\/users\/545"}],"replies":[{"embeddable":true,"href":"https:\/\/www.intoscana.it\/it\/wp-json\/wp\/v2\/comments?post=161769"}],"version-history":[{"count":0,"href":"https:\/\/www.intoscana.it\/it\/wp-json\/wp\/v2\/posts\/161769\/revisions"}],"wp:featuredmedia":[{"embeddable":true,"href":"https:\/\/www.intoscana.it\/it\/wp-json\/wp\/v2\/media\/36286"}],"wp:attachment":[{"href":"https:\/\/www.intoscana.it\/it\/wp-json\/wp\/v2\/media?parent=161769"}],"wp:term":[{"taxonomy":"category","embeddable":true,"href":"https:\/\/www.intoscana.it\/it\/wp-json\/wp\/v2\/categories?post=161769"},{"taxonomy":"post_tag","embeddable":true,"href":"https:\/\/www.intoscana.it\/it\/wp-json\/wp\/v2\/tags?post=161769"}],"curies":[{"name":"wp","href":"https:\/\/api.w.org\/{rel}","templated":true}]}}