{"id":161784,"date":"2020-12-15T18:31:24","date_gmt":"2020-12-15T17:31:24","guid":{"rendered":"https:\/\/www.intoscana.it\/it\/?p=161784"},"modified":"2020-12-15T18:31:24","modified_gmt":"2020-12-15T17:31:24","slug":"il-prefetto-di-firenze-una-frattura-nella-coesione-sociale-le-mafie-rischiano-di-entrare-anche-qui","status":"publish","type":"post","link":"https:\/\/www.intoscana.it\/it\/il-prefetto-di-firenze-una-frattura-nella-coesione-sociale-le-mafie-rischiano-di-entrare-anche-qui\/","title":{"rendered":"Il Prefetto di Firenze: \u201cUna frattura nella coesione sociale, le mafie rischiano di entrare anche qui\u201d"},"content":{"rendered":"<p class=\"p1\">Il livello di attenzione \u00e8 massimo perch\u00e9 basta poco e tutto si sgretola. La crisi sanitaria, economica e sociale sono le conseguenze dirette di una pandemia che ha paralizzato le relazioni, i viaggi e il lavoro di milioni di persone. <a href=\"https:\/\/www.intoscana.it\/it\/articolo\/alessandra-guidi-nuovo-prefetto-firenze-laura-lega-capo-dipartimento-vigili-del-fuoco\/\"><strong>Il nuovo Prefetto di Firenze, Alessandra Guidi<\/strong><\/a>, insediata da meno di un mese, ha trovato sul tavolo molte questioni aperte e il lavoro \u00e8 a flusso continuo per superare questa palude. <mark>\u201cE\u2019 come se la catena economico-sociale si fosse spezzata &#8211; spiega &#8211; rischiando di provocare una frattura nella coesione sociale foriera di tensioni, che pone drammaticamente in risalto il tema occupazionale soprattutto nei settori collegati al turismo. La Citt\u00e0 Metropolitana di Firenze racchiude un territorio finora ricco e prospero, nel quale rischiano di esplodere tensioni sociali legate proprio allo stress cui \u00e8 sottoposta l\u2019economia del territorio\u201d.<\/mark><\/p>\n<p class=\"p1\"><strong>Con il contesto sociale che diventa pi\u00f9 fragile, c\u2019\u00e8 il rischio di infiltrazioni mafiose anche sul nostro territorio?<\/strong><\/p>\n<p class=\"p1\">Non c\u2019\u00e8 in Toscana e a Firenze un reale fenomeno di radicamento, direi pi\u00f9 che altro tentativi \u201ca macchia di leopardo\u201d. Qui manca di fatto il consenso sociale alle organizzazioni criminali e alle mafie e, anzi, esistono tra cittadini e istituzioni una sostanziale identit\u00e0 antimafiosa e una sensibilit\u00e0 ai valori della legalit\u00e0 e della giustizia sociale. Ma questo non deve far sottovalutare il fenomeno perch\u00e9 la situazione attuale porta con s\u00e9 opportunit\u00e0 per le compagini criminali ed i tentativi di infiltrazione sono \u2013 come ha dimostrato l\u2019attivit\u00e0 svolta sino ad ora da Magistratura, Forze di Polizia e Prefettura \u2013 pi\u00f9 subdoli e insidiosi.<\/p>\n<p class=\"p1\"><strong>Che tipo di opportunit\u00e0?<\/strong><\/p>\n<p class=\"p1\">Avendo fatto del turismo e delle relazioni commerciali internazionali l\u2019ossatura della nostra economia, rischiamo oggi di vivere una crisi strutturale che, se non adeguatamente affrontata, potrebbe far emergere nuove marginalit\u00e0 o generare tensioni sociali. La crisi di liquidit\u00e0 e l\u2019incertezza per numerose attivit\u00e0 aumentano il rischio di infiltrazioni di gruppi esterni con la diffusione di un\u2019economia opaca, speculativa e contraddistinta da fenomeni usurai cos\u00ec come da riciclaggio di denaro sporco.<\/p>\n<p><span class=\"citazione\">La pandemia ha creato nuove povert\u00e0, specie tra commercianti, lavoratori autonomi e nel turismo<\/span><\/p>\n<p class=\"p1\"><strong>Avete registrato un aumento dei casi di usura e estorsione?<\/strong><\/p>\n<p class=\"p1\">Al momento no. Nel periodo gennaio\u2013settembre 2019-2020, i dati (non ancora consolidati e quindi da esaminare con la dovuta cautela), mostrano una sostanziale invarianza delle denunce per usura, sempre in numero assai contenuto, e un netto calo delle denunce per estorsione (-27%). Detto questo, non dobbiamo assolutamente abbassare la guardia, lo scenario \u00e8 in evoluzione. Il Comitato Provinciale per l\u2019Ordine e la Sicurezza Pubblica e l\u2019Osservatorio Antiusura istituito in Prefettura nell\u2019aprile 2019 servono proprio per intercettare \u201catteggiamenti cravattari\u201d o tentativi infiltrativi di soggetti che potrebbero proporre di sostenere e in qualche modo aiutare imprese che, a causa della crisi, non hanno oggi pi\u00f9 la forza di continuare.<\/p>\n<p class=\"p1\"><strong>Gli appalti, soprattutto in ambito sanitario sono l\u2019altra calamita per le organizzazioni criminali.\u00a0<\/strong><\/p>\n<p class=\"p1\">Stiamo lavorando a un protocollo antimafia tra tutte le Prefetture toscane e la Regione Toscana, le Aziende Sanitarie e le organizzazioni sindacali per rendere pi\u00f9 incisive le verifiche nel settore degli appalti regionali, con la creazione di una banca dati dei cantieri che possa permettere un rigoroso controllo anche nella fase successiva all\u2019aggiudicazione. Una misura che si unisce al costante monitoraggio degli altri settori economici con le Forze di Polizia, la Procura Distrettuale Antimafia e la Direzione Investigativa Antimafia, insieme alle organizzazioni sindacali e le Camere di Commercio, al fine di intercettare subito i cambi societari o le compagini aziendali sospette. Anche grazie a questa importante azione, da aprile a dicembre di quest\u2019anno, sono state adottate 9 interdittive antimafia. Abbiamo coinvolto anche l\u2019Universit\u00e0 di Firenze e la Galleria degli Uffizi, per implementare le verifiche sugli appalti e abbassare la soglia di applicazione dei controlli antimafia.<\/p>\n<p class=\"p1\"><strong>Il rapporto con il territorio, le sue realt\u00e0 e le istituzioni resta fondamentale. Che azioni avete messo in campo?<\/strong><\/p>\n<p class=\"p1\">Siamo sempre in contatto con i Sindaci, con un costante scambio del flusso di informazioni. La crisi \u00e8 grave e rischia di generare e accelerare i processi infiltrativi. La pandemia ha creato nuovi profili di marginalit\u00e0 e povert\u00e0, specie tra commercianti, lavoratori autonomi e soggetti impiegati nel turismo e nella ristorazione. Siamo attivi sul tavolo dell\u2019emergenza abitativa, dell\u2019accesso al credito per le famiglie e le imprese e per il rilancio dell\u2019economia e della competitivit\u00e0 del territorio, alleggerendo gli aspetti burocratici a carico delle imprese. I livelli pre-pandemia sono lontani, ci vorr\u00e0 tempo, e l\u2019attenzione deve restare massima e costante\u201d.<\/p>\n","protected":false},"excerpt":{"rendered":"<p class=\"p1\">Massima attenzione sugli appalti, soprattutto nella sanit\u00e0. \u201cAccordo con Regione e Asl per aumentare i controlli\u201d<\/p>\n","protected":false},"author":545,"featured_media":161807,"comment_status":"open","ping_status":"open","sticky":false,"template":"","format":"standard","meta":{"_acf_changed":false,"footnotes":""},"categories":[494],"tags":[3620,3622,4986],"class_list":["post-161784","post","type-post","status-publish","format-standard","has-post-thumbnail","hentry","category-attualita","tag-legalita","tag-mafia","tag-prefetto-firenze"],"acf":[],"yoast_head":"<!-- This site is optimized with the Yoast SEO Premium plugin v24.2 (Yoast SEO v25.6) - https:\/\/yoast.com\/wordpress\/plugins\/seo\/ -->\n<title>Il Prefetto di Firenze: \u201cUna frattura nella coesione sociale, le mafie rischiano di entrare anche qui\u201d - intoscana<\/title>\n<meta name=\"description\" content=\"Massima attenzione sugli appalti, soprattutto nella sanit\u00e0. \u201cAccordo con Regione e Asl per aumentare i controlli\u201d\" \/>\n<meta name=\"robots\" content=\"index, follow, max-snippet:-1, max-image-preview:large, max-video-preview:-1\" \/>\n<link rel=\"canonical\" href=\"https:\/\/www.intoscana.it\/it\/il-prefetto-di-firenze-una-frattura-nella-coesione-sociale-le-mafie-rischiano-di-entrare-anche-qui\/\" \/>\n<meta property=\"og:locale\" content=\"it_IT\" \/>\n<meta property=\"og:type\" content=\"article\" \/>\n<meta property=\"og:title\" content=\"Il Prefetto di Firenze: \u201cUna frattura nella coesione sociale, le mafie rischiano di entrare anche qui\u201d\" \/>\n<meta property=\"og:description\" content=\"Massima attenzione sugli appalti, soprattutto nella sanit\u00e0. \u201cAccordo con Regione e Asl per aumentare i controlli\u201d\" \/>\n<meta property=\"og:url\" content=\"https:\/\/www.intoscana.it\/it\/il-prefetto-di-firenze-una-frattura-nella-coesione-sociale-le-mafie-rischiano-di-entrare-anche-qui\/\" \/>\n<meta property=\"og:site_name\" content=\"intoscana\" \/>\n<meta property=\"article:publisher\" content=\"https:\/\/www.facebook.com\/intoscana.it\" \/>\n<meta property=\"article:published_time\" content=\"2020-12-15T17:31:24+00:00\" \/>\n<meta property=\"og:image\" content=\"https:\/\/www.intoscana.it\/wp-content\/uploads\/Alessandra-Guidi.jpeg\" \/>\n\t<meta property=\"og:image:width\" content=\"640\" \/>\n\t<meta property=\"og:image:height\" content=\"426\" \/>\n\t<meta property=\"og:image:type\" content=\"image\/jpeg\" \/>\n<meta name=\"author\" content=\"Clara D&#039;Acunto\" \/>\n<meta name=\"twitter:card\" content=\"summary_large_image\" \/>\n<meta name=\"twitter:creator\" content=\"@intoscana\" \/>\n<meta name=\"twitter:site\" content=\"@intoscana\" \/>\n<meta name=\"twitter:label1\" content=\"Written by\" \/>\n\t<meta name=\"twitter:data1\" content=\"Clara D&#039;Acunto\" \/>\n\t<meta name=\"twitter:label2\" content=\"Est. reading time\" \/>\n\t<meta name=\"twitter:data2\" content=\"4 minuti\" \/>\n<script type=\"application\/ld+json\" class=\"yoast-schema-graph\">{\"@context\":\"https:\/\/schema.org\",\"@graph\":[{\"@type\":\"WebPage\",\"@id\":\"https:\/\/www.intoscana.it\/it\/il-prefetto-di-firenze-una-frattura-nella-coesione-sociale-le-mafie-rischiano-di-entrare-anche-qui\/\",\"url\":\"https:\/\/www.intoscana.it\/it\/il-prefetto-di-firenze-una-frattura-nella-coesione-sociale-le-mafie-rischiano-di-entrare-anche-qui\/\",\"name\":\"Il Prefetto di Firenze: \u201cUna frattura nella coesione sociale, le mafie rischiano di entrare anche qui\u201d - intoscana\",\"isPartOf\":{\"@id\":\"https:\/\/www.intoscana.it\/it\/#website\"},\"primaryImageOfPage\":{\"@id\":\"https:\/\/www.intoscana.it\/it\/il-prefetto-di-firenze-una-frattura-nella-coesione-sociale-le-mafie-rischiano-di-entrare-anche-qui\/#primaryimage\"},\"image\":{\"@id\":\"https:\/\/www.intoscana.it\/it\/il-prefetto-di-firenze-una-frattura-nella-coesione-sociale-le-mafie-rischiano-di-entrare-anche-qui\/#primaryimage\"},\"thumbnailUrl\":\"https:\/\/www.intoscana.it\/wp-content\/uploads\/Alessandra-Guidi.jpeg\",\"datePublished\":\"2020-12-15T17:31:24+00:00\",\"author\":{\"@id\":\"https:\/\/www.intoscana.it\/it\/#\/schema\/person\/137419af9ef5d385bde52864a841e6ce\"},\"description\":\"Massima attenzione sugli appalti, soprattutto nella sanit\u00e0. \u201cAccordo con Regione e Asl per aumentare i controlli\u201d\",\"breadcrumb\":{\"@id\":\"https:\/\/www.intoscana.it\/it\/il-prefetto-di-firenze-una-frattura-nella-coesione-sociale-le-mafie-rischiano-di-entrare-anche-qui\/#breadcrumb\"},\"inLanguage\":\"it-IT\",\"potentialAction\":[{\"@type\":\"ReadAction\",\"target\":[\"https:\/\/www.intoscana.it\/it\/il-prefetto-di-firenze-una-frattura-nella-coesione-sociale-le-mafie-rischiano-di-entrare-anche-qui\/\"]}]},{\"@type\":\"ImageObject\",\"inLanguage\":\"it-IT\",\"@id\":\"https:\/\/www.intoscana.it\/it\/il-prefetto-di-firenze-una-frattura-nella-coesione-sociale-le-mafie-rischiano-di-entrare-anche-qui\/#primaryimage\",\"url\":\"https:\/\/www.intoscana.it\/wp-content\/uploads\/Alessandra-Guidi.jpeg\",\"contentUrl\":\"https:\/\/www.intoscana.it\/wp-content\/uploads\/Alessandra-Guidi.jpeg\",\"width\":640,\"height\":426},{\"@type\":\"BreadcrumbList\",\"@id\":\"https:\/\/www.intoscana.it\/it\/il-prefetto-di-firenze-una-frattura-nella-coesione-sociale-le-mafie-rischiano-di-entrare-anche-qui\/#breadcrumb\",\"itemListElement\":[{\"@type\":\"ListItem\",\"position\":1,\"name\":\"Home\",\"item\":\"https:\/\/www.intoscana.it\/it\/\"},{\"@type\":\"ListItem\",\"position\":2,\"name\":\"Il Prefetto di Firenze: \u201cUna frattura nella coesione sociale, le mafie rischiano di entrare anche qui\u201d\"}]},{\"@type\":\"WebSite\",\"@id\":\"https:\/\/www.intoscana.it\/it\/#website\",\"url\":\"https:\/\/www.intoscana.it\/it\/\",\"name\":\"intoscana\",\"description\":\"\",\"potentialAction\":[{\"@type\":\"SearchAction\",\"target\":{\"@type\":\"EntryPoint\",\"urlTemplate\":\"https:\/\/www.intoscana.it\/it\/?s={search_term_string}\"},\"query-input\":{\"@type\":\"PropertyValueSpecification\",\"valueRequired\":true,\"valueName\":\"search_term_string\"}}],\"inLanguage\":\"it-IT\"},{\"@type\":\"Person\",\"@id\":\"https:\/\/www.intoscana.it\/it\/#\/schema\/person\/137419af9ef5d385bde52864a841e6ce\",\"name\":\"Clara D'Acunto\",\"url\":\"https:\/\/www.intoscana.it\/it\/author\/clara-d_acunto\/\"}]}<\/script>\n<!-- \/ Yoast SEO Premium plugin. -->","yoast_head_json":{"title":"Il Prefetto di Firenze: \u201cUna frattura nella coesione sociale, le mafie rischiano di entrare anche qui\u201d - intoscana","description":"Massima attenzione sugli appalti, soprattutto nella sanit\u00e0. \u201cAccordo con Regione e Asl per aumentare i controlli\u201d","robots":{"index":"index","follow":"follow","max-snippet":"max-snippet:-1","max-image-preview":"max-image-preview:large","max-video-preview":"max-video-preview:-1"},"canonical":"https:\/\/www.intoscana.it\/it\/il-prefetto-di-firenze-una-frattura-nella-coesione-sociale-le-mafie-rischiano-di-entrare-anche-qui\/","og_locale":"it_IT","og_type":"article","og_title":"Il Prefetto di Firenze: \u201cUna frattura nella coesione sociale, le mafie rischiano di entrare anche qui\u201d","og_description":"Massima attenzione sugli appalti, soprattutto nella sanit\u00e0. \u201cAccordo con Regione e Asl per aumentare i controlli\u201d","og_url":"https:\/\/www.intoscana.it\/it\/il-prefetto-di-firenze-una-frattura-nella-coesione-sociale-le-mafie-rischiano-di-entrare-anche-qui\/","og_site_name":"intoscana","article_publisher":"https:\/\/www.facebook.com\/intoscana.it","article_published_time":"2020-12-15T17:31:24+00:00","og_image":[{"width":640,"height":426,"url":"https:\/\/www.intoscana.it\/wp-content\/uploads\/Alessandra-Guidi.jpeg","type":"image\/jpeg"}],"author":"Clara D'Acunto","twitter_card":"summary_large_image","twitter_creator":"@intoscana","twitter_site":"@intoscana","twitter_misc":{"Written by":"Clara D'Acunto","Est. reading time":"4 minuti"},"schema":{"@context":"https:\/\/schema.org","@graph":[{"@type":"WebPage","@id":"https:\/\/www.intoscana.it\/it\/il-prefetto-di-firenze-una-frattura-nella-coesione-sociale-le-mafie-rischiano-di-entrare-anche-qui\/","url":"https:\/\/www.intoscana.it\/it\/il-prefetto-di-firenze-una-frattura-nella-coesione-sociale-le-mafie-rischiano-di-entrare-anche-qui\/","name":"Il Prefetto di Firenze: \u201cUna frattura nella coesione sociale, le mafie rischiano di entrare anche qui\u201d - intoscana","isPartOf":{"@id":"https:\/\/www.intoscana.it\/it\/#website"},"primaryImageOfPage":{"@id":"https:\/\/www.intoscana.it\/it\/il-prefetto-di-firenze-una-frattura-nella-coesione-sociale-le-mafie-rischiano-di-entrare-anche-qui\/#primaryimage"},"image":{"@id":"https:\/\/www.intoscana.it\/it\/il-prefetto-di-firenze-una-frattura-nella-coesione-sociale-le-mafie-rischiano-di-entrare-anche-qui\/#primaryimage"},"thumbnailUrl":"https:\/\/www.intoscana.it\/wp-content\/uploads\/Alessandra-Guidi.jpeg","datePublished":"2020-12-15T17:31:24+00:00","author":{"@id":"https:\/\/www.intoscana.it\/it\/#\/schema\/person\/137419af9ef5d385bde52864a841e6ce"},"description":"Massima attenzione sugli appalti, soprattutto nella sanit\u00e0. \u201cAccordo con Regione e Asl per aumentare i controlli\u201d","breadcrumb":{"@id":"https:\/\/www.intoscana.it\/it\/il-prefetto-di-firenze-una-frattura-nella-coesione-sociale-le-mafie-rischiano-di-entrare-anche-qui\/#breadcrumb"},"inLanguage":"it-IT","potentialAction":[{"@type":"ReadAction","target":["https:\/\/www.intoscana.it\/it\/il-prefetto-di-firenze-una-frattura-nella-coesione-sociale-le-mafie-rischiano-di-entrare-anche-qui\/"]}]},{"@type":"ImageObject","inLanguage":"it-IT","@id":"https:\/\/www.intoscana.it\/it\/il-prefetto-di-firenze-una-frattura-nella-coesione-sociale-le-mafie-rischiano-di-entrare-anche-qui\/#primaryimage","url":"https:\/\/www.intoscana.it\/wp-content\/uploads\/Alessandra-Guidi.jpeg","contentUrl":"https:\/\/www.intoscana.it\/wp-content\/uploads\/Alessandra-Guidi.jpeg","width":640,"height":426},{"@type":"BreadcrumbList","@id":"https:\/\/www.intoscana.it\/it\/il-prefetto-di-firenze-una-frattura-nella-coesione-sociale-le-mafie-rischiano-di-entrare-anche-qui\/#breadcrumb","itemListElement":[{"@type":"ListItem","position":1,"name":"Home","item":"https:\/\/www.intoscana.it\/it\/"},{"@type":"ListItem","position":2,"name":"Il Prefetto di Firenze: \u201cUna frattura nella coesione sociale, le mafie rischiano di entrare anche qui\u201d"}]},{"@type":"WebSite","@id":"https:\/\/www.intoscana.it\/it\/#website","url":"https:\/\/www.intoscana.it\/it\/","name":"intoscana","description":"","potentialAction":[{"@type":"SearchAction","target":{"@type":"EntryPoint","urlTemplate":"https:\/\/www.intoscana.it\/it\/?s={search_term_string}"},"query-input":{"@type":"PropertyValueSpecification","valueRequired":true,"valueName":"search_term_string"}}],"inLanguage":"it-IT"},{"@type":"Person","@id":"https:\/\/www.intoscana.it\/it\/#\/schema\/person\/137419af9ef5d385bde52864a841e6ce","name":"Clara D'Acunto","url":"https:\/\/www.intoscana.it\/it\/author\/clara-d_acunto\/"}]}},"_links":{"self":[{"href":"https:\/\/www.intoscana.it\/it\/wp-json\/wp\/v2\/posts\/161784","targetHints":{"allow":["GET"]}}],"collection":[{"href":"https:\/\/www.intoscana.it\/it\/wp-json\/wp\/v2\/posts"}],"about":[{"href":"https:\/\/www.intoscana.it\/it\/wp-json\/wp\/v2\/types\/post"}],"author":[{"embeddable":true,"href":"https:\/\/www.intoscana.it\/it\/wp-json\/wp\/v2\/users\/545"}],"replies":[{"embeddable":true,"href":"https:\/\/www.intoscana.it\/it\/wp-json\/wp\/v2\/comments?post=161784"}],"version-history":[{"count":0,"href":"https:\/\/www.intoscana.it\/it\/wp-json\/wp\/v2\/posts\/161784\/revisions"}],"wp:featuredmedia":[{"embeddable":true,"href":"https:\/\/www.intoscana.it\/it\/wp-json\/wp\/v2\/media\/161807"}],"wp:attachment":[{"href":"https:\/\/www.intoscana.it\/it\/wp-json\/wp\/v2\/media?parent=161784"}],"wp:term":[{"taxonomy":"category","embeddable":true,"href":"https:\/\/www.intoscana.it\/it\/wp-json\/wp\/v2\/categories?post=161784"},{"taxonomy":"post_tag","embeddable":true,"href":"https:\/\/www.intoscana.it\/it\/wp-json\/wp\/v2\/tags?post=161784"}],"curies":[{"name":"wp","href":"https:\/\/api.w.org\/{rel}","templated":true}]}}