{"id":161823,"date":"2020-12-15T15:55:58","date_gmt":"2020-12-15T14:55:58","guid":{"rendered":"https:\/\/www.intoscana.it\/it\/?p=161823"},"modified":"2020-12-15T15:55:58","modified_gmt":"2020-12-15T14:55:58","slug":"pronto-il-piano-neve-e-gelo-per-le-linee-ferroviarie-toscane","status":"publish","type":"post","link":"https:\/\/www.intoscana.it\/it\/pronto-il-piano-neve-e-gelo-per-le-linee-ferroviarie-toscane\/","title":{"rendered":"Pronto il piano neve e gelo per le linee ferroviarie toscane"},"content":{"rendered":"<p class=\"p1\">Riduzione o sospensione dei treni in caso di condizioni meteo critiche, ma soprattutto un\u2019azione di prevenzione. E\u2019 il piano operativo per gestire la circolazione ferroviaria in caso di<span class=\"Apple-converted-space\">\u00a0 <\/span>neve e gelo presentato <strong>Rete Ferroviaria Italiana (Gruppo FS Italiane)<\/strong> alla Regione Toscana per questa stagione invernale.<\/p>\n<p class=\"p1\">Il piano presentato prevede una possibile riduzione dei treni in circolazione, annunciata il giorno precedente la dichiarazione di allerta, programmata sulla base degli aggiornamenti del Bollettino Meteo della Protezione Civile. <mark>La riduzione del servizio sar\u00e0 del 30% in caso di un livello di allerta gialla, salir\u00e0 al 50% con allerta arancione fino alla sospensione dei servizi con allerta rossa. Inoltre sono previste una serie di attivit\u00e0 di prevenzione<\/mark>: controlli straordinari dello stato di funzionamento degli scambi e delle apparecchiature che ne consentono il riscaldamento, la lubrificazione delle linee di alimentazione elettrica con liquido antigelo, il taglio della vegetazione potenzialmente critica, la programmazione di treni speciali per la rimozione del ghiaccio che si forma sulle linee elettriche e lo spargimento di sale sui marciapiedi delle stazioni.<\/p>\n<p class=\"p1\">Saranno circa 300 le persone impiegate per la gestione delle emergenze, tra squadre operative, gestione della circolazione e informazioni al pubblico. Tuttavia, avverte Rfi, \u00a0lo stato di emergenza sanitaria potr\u00e0 influire sul livello di allerta e quindi sulla circolazione dei treni<span class=\"Apple-converted-space\">\u00a0 <\/span>in base all\u2019effettiva disponibilit\u00e0 del personale che potrebbe variare<span class=\"Apple-converted-space\">\u00a0 <\/span>a causa Covid-19.<\/p>\n<p class=\"p1\"><em>\u201cE\u2019 importante che il gestore dell\u2019infrastruttura ferroviaria sia organizzato e pronto ad affrontare situazioni critiche legate al gelo o alla neve \u2013 ha detto l\u2019assessore regionale ai Trasporti, <strong>Stefano Baccelli<\/strong> \u2013 in modo da garantire costante manutenzione ed il mantenimento in efficienza degli impianti ferroviari anche di fronte ad eventi atmosferici di rilevante intensit\u00e0. Il Piano presentato \u00e8 articolato su pi\u00f9 livelli, a seconda della situazione da affrontare, e tiene conto, con prudenza e pragmatismo, anche della pandemia in corso e della possibile diminuzione del personale a disposizione. Voglio augurarmi\u00a0 &#8211; conclude l&#8217;assessore &#8211; che la sua attivazione non si renda necessaria, ma in caso di eventi forti nevicate o gelo, la Toscana si far\u00e0 trovare pronta\u201d.<\/em><\/p>\n","protected":false},"excerpt":{"rendered":"<p class=\"p1\">Presentate da Rfi le procedure per gestire le criticit\u00e0 meteo sulla circolazione dei treni<\/p>\n","protected":false},"author":525,"featured_media":102430,"comment_status":"open","ping_status":"open","sticky":false,"template":"","format":"standard","meta":{"_acf_changed":false,"footnotes":""},"categories":[494],"tags":[1577,390,183],"class_list":["post-161823","post","type-post","status-publish","format-standard","has-post-thumbnail","hentry","category-attualita","tag-muoversi-in-toscana","tag-neve","tag-treni"],"acf":[],"yoast_head":"<!-- This site is optimized with the Yoast SEO Premium plugin v24.2 (Yoast SEO v25.6) - https:\/\/yoast.com\/wordpress\/plugins\/seo\/ -->\n<title>Pronto il piano neve e gelo per le linee ferroviarie toscane - intoscana<\/title>\n<meta name=\"description\" content=\"Presentate da Rfi le procedure per gestire le criticit\u00e0 meteo sulla circolazione dei treni\" \/>\n<meta name=\"robots\" content=\"index, follow, max-snippet:-1, max-image-preview:large, max-video-preview:-1\" \/>\n<link rel=\"canonical\" href=\"https:\/\/www.intoscana.it\/it\/pronto-il-piano-neve-e-gelo-per-le-linee-ferroviarie-toscane\/\" \/>\n<meta property=\"og:locale\" content=\"it_IT\" \/>\n<meta property=\"og:type\" content=\"article\" \/>\n<meta property=\"og:title\" content=\"Pronto il piano neve e gelo per le linee ferroviarie toscane\" \/>\n<meta property=\"og:description\" content=\"Presentate da Rfi le procedure per gestire le criticit\u00e0 meteo sulla circolazione dei treni\" \/>\n<meta property=\"og:url\" content=\"https:\/\/www.intoscana.it\/it\/pronto-il-piano-neve-e-gelo-per-le-linee-ferroviarie-toscane\/\" \/>\n<meta property=\"og:site_name\" content=\"intoscana\" \/>\n<meta property=\"article:publisher\" content=\"https:\/\/www.facebook.com\/intoscana.it\" \/>\n<meta property=\"article:published_time\" content=\"2020-12-15T14:55:58+00:00\" \/>\n<meta property=\"og:image\" content=\"https:\/\/www.intoscana.it\/wp-content\/uploads\/neve-4.jpg\" \/>\n\t<meta property=\"og:image:width\" content=\"800\" \/>\n\t<meta property=\"og:image:height\" content=\"600\" \/>\n\t<meta property=\"og:image:type\" content=\"image\/jpeg\" \/>\n<meta name=\"author\" content=\"Redazione\" \/>\n<meta name=\"twitter:card\" content=\"summary_large_image\" \/>\n<meta name=\"twitter:creator\" content=\"@intoscana\" \/>\n<meta name=\"twitter:site\" content=\"@intoscana\" \/>\n<meta name=\"twitter:label1\" content=\"Written by\" \/>\n\t<meta name=\"twitter:data1\" content=\"Redazione\" \/>\n\t<meta name=\"twitter:label2\" content=\"Est. reading time\" \/>\n\t<meta name=\"twitter:data2\" content=\"2 minuti\" \/>\n<script type=\"application\/ld+json\" class=\"yoast-schema-graph\">{\"@context\":\"https:\/\/schema.org\",\"@graph\":[{\"@type\":\"WebPage\",\"@id\":\"https:\/\/www.intoscana.it\/it\/pronto-il-piano-neve-e-gelo-per-le-linee-ferroviarie-toscane\/\",\"url\":\"https:\/\/www.intoscana.it\/it\/pronto-il-piano-neve-e-gelo-per-le-linee-ferroviarie-toscane\/\",\"name\":\"Pronto il piano neve e gelo per le linee ferroviarie toscane - intoscana\",\"isPartOf\":{\"@id\":\"https:\/\/www.intoscana.it\/it\/#website\"},\"primaryImageOfPage\":{\"@id\":\"https:\/\/www.intoscana.it\/it\/pronto-il-piano-neve-e-gelo-per-le-linee-ferroviarie-toscane\/#primaryimage\"},\"image\":{\"@id\":\"https:\/\/www.intoscana.it\/it\/pronto-il-piano-neve-e-gelo-per-le-linee-ferroviarie-toscane\/#primaryimage\"},\"thumbnailUrl\":\"https:\/\/www.intoscana.it\/wp-content\/uploads\/neve-4.jpg\",\"datePublished\":\"2020-12-15T14:55:58+00:00\",\"author\":{\"@id\":\"https:\/\/www.intoscana.it\/it\/#\/schema\/person\/9223810753230f20bd670fdd322661f8\"},\"description\":\"Presentate da Rfi le procedure per gestire le criticit\u00e0 meteo sulla circolazione dei treni\",\"breadcrumb\":{\"@id\":\"https:\/\/www.intoscana.it\/it\/pronto-il-piano-neve-e-gelo-per-le-linee-ferroviarie-toscane\/#breadcrumb\"},\"inLanguage\":\"it-IT\",\"potentialAction\":[{\"@type\":\"ReadAction\",\"target\":[\"https:\/\/www.intoscana.it\/it\/pronto-il-piano-neve-e-gelo-per-le-linee-ferroviarie-toscane\/\"]}]},{\"@type\":\"ImageObject\",\"inLanguage\":\"it-IT\",\"@id\":\"https:\/\/www.intoscana.it\/it\/pronto-il-piano-neve-e-gelo-per-le-linee-ferroviarie-toscane\/#primaryimage\",\"url\":\"https:\/\/www.intoscana.it\/wp-content\/uploads\/neve-4.jpg\",\"contentUrl\":\"https:\/\/www.intoscana.it\/wp-content\/uploads\/neve-4.jpg\",\"width\":800,\"height\":600},{\"@type\":\"BreadcrumbList\",\"@id\":\"https:\/\/www.intoscana.it\/it\/pronto-il-piano-neve-e-gelo-per-le-linee-ferroviarie-toscane\/#breadcrumb\",\"itemListElement\":[{\"@type\":\"ListItem\",\"position\":1,\"name\":\"Home\",\"item\":\"https:\/\/www.intoscana.it\/it\/\"},{\"@type\":\"ListItem\",\"position\":2,\"name\":\"Pronto il piano neve e gelo per le linee ferroviarie toscane\"}]},{\"@type\":\"WebSite\",\"@id\":\"https:\/\/www.intoscana.it\/it\/#website\",\"url\":\"https:\/\/www.intoscana.it\/it\/\",\"name\":\"intoscana\",\"description\":\"\",\"potentialAction\":[{\"@type\":\"SearchAction\",\"target\":{\"@type\":\"EntryPoint\",\"urlTemplate\":\"https:\/\/www.intoscana.it\/it\/?s={search_term_string}\"},\"query-input\":{\"@type\":\"PropertyValueSpecification\",\"valueRequired\":true,\"valueName\":\"search_term_string\"}}],\"inLanguage\":\"it-IT\"},{\"@type\":\"Person\",\"@id\":\"https:\/\/www.intoscana.it\/it\/#\/schema\/person\/9223810753230f20bd670fdd322661f8\",\"name\":\"Redazione\",\"url\":\"https:\/\/www.intoscana.it\/it\/author\/redazione\/\"}]}<\/script>\n<!-- \/ Yoast SEO Premium plugin. -->","yoast_head_json":{"title":"Pronto il piano neve e gelo per le linee ferroviarie toscane - intoscana","description":"Presentate da Rfi le procedure per gestire le criticit\u00e0 meteo sulla circolazione dei treni","robots":{"index":"index","follow":"follow","max-snippet":"max-snippet:-1","max-image-preview":"max-image-preview:large","max-video-preview":"max-video-preview:-1"},"canonical":"https:\/\/www.intoscana.it\/it\/pronto-il-piano-neve-e-gelo-per-le-linee-ferroviarie-toscane\/","og_locale":"it_IT","og_type":"article","og_title":"Pronto il piano neve e gelo per le linee ferroviarie toscane","og_description":"Presentate da Rfi le procedure per gestire le criticit\u00e0 meteo sulla circolazione dei treni","og_url":"https:\/\/www.intoscana.it\/it\/pronto-il-piano-neve-e-gelo-per-le-linee-ferroviarie-toscane\/","og_site_name":"intoscana","article_publisher":"https:\/\/www.facebook.com\/intoscana.it","article_published_time":"2020-12-15T14:55:58+00:00","og_image":[{"width":800,"height":600,"url":"https:\/\/www.intoscana.it\/wp-content\/uploads\/neve-4.jpg","type":"image\/jpeg"}],"author":"Redazione","twitter_card":"summary_large_image","twitter_creator":"@intoscana","twitter_site":"@intoscana","twitter_misc":{"Written by":"Redazione","Est. reading time":"2 minuti"},"schema":{"@context":"https:\/\/schema.org","@graph":[{"@type":"WebPage","@id":"https:\/\/www.intoscana.it\/it\/pronto-il-piano-neve-e-gelo-per-le-linee-ferroviarie-toscane\/","url":"https:\/\/www.intoscana.it\/it\/pronto-il-piano-neve-e-gelo-per-le-linee-ferroviarie-toscane\/","name":"Pronto il piano neve e gelo per le linee ferroviarie toscane - intoscana","isPartOf":{"@id":"https:\/\/www.intoscana.it\/it\/#website"},"primaryImageOfPage":{"@id":"https:\/\/www.intoscana.it\/it\/pronto-il-piano-neve-e-gelo-per-le-linee-ferroviarie-toscane\/#primaryimage"},"image":{"@id":"https:\/\/www.intoscana.it\/it\/pronto-il-piano-neve-e-gelo-per-le-linee-ferroviarie-toscane\/#primaryimage"},"thumbnailUrl":"https:\/\/www.intoscana.it\/wp-content\/uploads\/neve-4.jpg","datePublished":"2020-12-15T14:55:58+00:00","author":{"@id":"https:\/\/www.intoscana.it\/it\/#\/schema\/person\/9223810753230f20bd670fdd322661f8"},"description":"Presentate da Rfi le procedure per gestire le criticit\u00e0 meteo sulla circolazione dei treni","breadcrumb":{"@id":"https:\/\/www.intoscana.it\/it\/pronto-il-piano-neve-e-gelo-per-le-linee-ferroviarie-toscane\/#breadcrumb"},"inLanguage":"it-IT","potentialAction":[{"@type":"ReadAction","target":["https:\/\/www.intoscana.it\/it\/pronto-il-piano-neve-e-gelo-per-le-linee-ferroviarie-toscane\/"]}]},{"@type":"ImageObject","inLanguage":"it-IT","@id":"https:\/\/www.intoscana.it\/it\/pronto-il-piano-neve-e-gelo-per-le-linee-ferroviarie-toscane\/#primaryimage","url":"https:\/\/www.intoscana.it\/wp-content\/uploads\/neve-4.jpg","contentUrl":"https:\/\/www.intoscana.it\/wp-content\/uploads\/neve-4.jpg","width":800,"height":600},{"@type":"BreadcrumbList","@id":"https:\/\/www.intoscana.it\/it\/pronto-il-piano-neve-e-gelo-per-le-linee-ferroviarie-toscane\/#breadcrumb","itemListElement":[{"@type":"ListItem","position":1,"name":"Home","item":"https:\/\/www.intoscana.it\/it\/"},{"@type":"ListItem","position":2,"name":"Pronto il piano neve e gelo per le linee ferroviarie toscane"}]},{"@type":"WebSite","@id":"https:\/\/www.intoscana.it\/it\/#website","url":"https:\/\/www.intoscana.it\/it\/","name":"intoscana","description":"","potentialAction":[{"@type":"SearchAction","target":{"@type":"EntryPoint","urlTemplate":"https:\/\/www.intoscana.it\/it\/?s={search_term_string}"},"query-input":{"@type":"PropertyValueSpecification","valueRequired":true,"valueName":"search_term_string"}}],"inLanguage":"it-IT"},{"@type":"Person","@id":"https:\/\/www.intoscana.it\/it\/#\/schema\/person\/9223810753230f20bd670fdd322661f8","name":"Redazione","url":"https:\/\/www.intoscana.it\/it\/author\/redazione\/"}]}},"_links":{"self":[{"href":"https:\/\/www.intoscana.it\/it\/wp-json\/wp\/v2\/posts\/161823","targetHints":{"allow":["GET"]}}],"collection":[{"href":"https:\/\/www.intoscana.it\/it\/wp-json\/wp\/v2\/posts"}],"about":[{"href":"https:\/\/www.intoscana.it\/it\/wp-json\/wp\/v2\/types\/post"}],"author":[{"embeddable":true,"href":"https:\/\/www.intoscana.it\/it\/wp-json\/wp\/v2\/users\/525"}],"replies":[{"embeddable":true,"href":"https:\/\/www.intoscana.it\/it\/wp-json\/wp\/v2\/comments?post=161823"}],"version-history":[{"count":0,"href":"https:\/\/www.intoscana.it\/it\/wp-json\/wp\/v2\/posts\/161823\/revisions"}],"wp:featuredmedia":[{"embeddable":true,"href":"https:\/\/www.intoscana.it\/it\/wp-json\/wp\/v2\/media\/102430"}],"wp:attachment":[{"href":"https:\/\/www.intoscana.it\/it\/wp-json\/wp\/v2\/media?parent=161823"}],"wp:term":[{"taxonomy":"category","embeddable":true,"href":"https:\/\/www.intoscana.it\/it\/wp-json\/wp\/v2\/categories?post=161823"},{"taxonomy":"post_tag","embeddable":true,"href":"https:\/\/www.intoscana.it\/it\/wp-json\/wp\/v2\/tags?post=161823"}],"curies":[{"name":"wp","href":"https:\/\/api.w.org\/{rel}","templated":true}]}}