{"id":161904,"date":"2020-12-16T12:09:36","date_gmt":"2020-12-16T11:09:36","guid":{"rendered":"https:\/\/www.intoscana.it\/it\/?p=161904"},"modified":"2020-12-16T12:09:36","modified_gmt":"2020-12-16T11:09:36","slug":"mercoledi-16-dicembre-i-primi-due-pazienti-al-centro-covid-pegaso-di-prato","status":"publish","type":"post","link":"https:\/\/www.intoscana.it\/it\/mercoledi-16-dicembre-i-primi-due-pazienti-al-centro-covid-pegaso-di-prato\/","title":{"rendered":"Mercoled\u00ec 16 dicembre i primi due pazienti al Centro Covid Pegaso di Prato"},"content":{"rendered":"<p>Sono arrivati i primi due pazienti nella nuova struttura <a href=\"https:\/\/www.intoscana.it\/it\/articolo\/centro-covid-pegaso-prato-190-posti-letto\/\" target=\"_blank\" rel=\"noopener noreferrer\"><strong>Covid di Prato, il centro Pegaso<\/strong><\/a>, <strong>realizzato a tempo di record<\/strong> e inaugurato a un mese esatto dall&#8217;ordinanza del <strong>presidente della Regione Eugenio Giani<\/strong> che ne disponeva l&#8217;allestimento. Ai primi due malati, che occuperanno i letti e saranno assistiti dal personale (medici, infermieri e operatori sociosanitari) messi a disposizione e formati dalla Asl Toscana Centro,<strong> seguiranno gradualmente altri ingressi, sia di pazienti che di personale.<\/strong><\/p>\n<p>Tutto \u00e8 pronto per accoglierli. <strong>Gli spazi di degenza sono stati allestiti, come pure gli spogliatori, i locali per gli operatori, i frigoriferi per i farmaci e le altre apparecchiature<\/strong> indispensabili per l&#8217;assistenza e il monitoraggio dei pazienti. L&#8217;assistenza sar\u00e0 poi completata grazie anche all<strong>&#8216;ospedale Santo Stefano di Prato<\/strong> che fornir\u00e0 laboratorio, radiologia, consulenze, refertazioni a distanza, farmacia e servizi accessori. L&#8217;azienda di Careggi far\u00e0 un bando per la mobilit\u00e0 volontaria di personale infermieristico che sar\u00e0 adeguatamente formato. I porti letto inaugurati sono 191, ma <strong>saranno via via implementati fino ad arrivare a 340.<\/strong><\/p>\n<p><strong>&#8220;Grazie a uno sforzo eccezionale<\/strong> &#8211; ha commentato il presidente Giani &#8211; siamo riusciti ad allestire e rendere operativa<strong> una struttura di 1700 metri quadri, su due piani, per 191 posti letto, a tempo di record.<\/strong>\u00a0Questa \u00e8 la prova tangibile che di fronte all\u2019emergenza sanitaria si pu\u00f2 rispondere nell\u2019interesse generale della cittadinanza. Si tratta di un risultato importante, al quale guardo con orgoglio e al quale devono guardare con orgoglio tutti i cittadini toscani&#8221;.<\/p>\n","protected":false},"excerpt":{"rendered":"<p>&#8220;Grazie a uno sforzo eccezionale &#8211; ha commentato il presidente Giani &#8211; siamo riusciti ad allestire e rendere operativa una struttura di 1700 metri quadri, su due piani, per 191 posti letto, a tempo di record&#8221;<\/p>\n","protected":false},"author":525,"featured_media":143866,"comment_status":"open","ping_status":"open","sticky":false,"template":"","format":"standard","meta":{"_acf_changed":false,"footnotes":""},"categories":[494],"tags":[418,151],"class_list":["post-161904","post","type-post","status-publish","format-standard","has-post-thumbnail","hentry","category-attualita","tag-covid-19","tag-regione-toscana"],"acf":[],"yoast_head":"<!-- This site is optimized with the Yoast SEO Premium plugin v24.2 (Yoast SEO v25.6) - https:\/\/yoast.com\/wordpress\/plugins\/seo\/ -->\n<title>Mercoled\u00ec 16 dicembre i primi due pazienti al Centro Covid Pegaso di Prato - intoscana<\/title>\n<meta name=\"description\" content=\"&quot;Grazie a uno sforzo eccezionale - ha commentato il presidente Giani - siamo riusciti ad allestire e rendere operativi 191 posti letto&quot;\" \/>\n<meta name=\"robots\" content=\"index, follow, max-snippet:-1, max-image-preview:large, max-video-preview:-1\" \/>\n<link rel=\"canonical\" href=\"https:\/\/www.intoscana.it\/it\/mercoledi-16-dicembre-i-primi-due-pazienti-al-centro-covid-pegaso-di-prato\/\" \/>\n<meta property=\"og:locale\" content=\"it_IT\" \/>\n<meta property=\"og:type\" content=\"article\" \/>\n<meta property=\"og:title\" content=\"Mercoled\u00ec 16 dicembre i primi due pazienti al Centro Covid Pegaso di Prato\" \/>\n<meta property=\"og:description\" content=\"&quot;Grazie a uno sforzo eccezionale - ha commentato il presidente Giani - siamo riusciti ad allestire e rendere operativi 191 posti letto&quot;\" \/>\n<meta property=\"og:url\" content=\"https:\/\/www.intoscana.it\/it\/mercoledi-16-dicembre-i-primi-due-pazienti-al-centro-covid-pegaso-di-prato\/\" \/>\n<meta property=\"og:site_name\" content=\"intoscana\" \/>\n<meta property=\"article:publisher\" content=\"https:\/\/www.facebook.com\/intoscana.it\" \/>\n<meta property=\"article:published_time\" content=\"2020-12-16T11:09:36+00:00\" \/>\n<meta property=\"og:image\" content=\"https:\/\/www.intoscana.it\/wp-content\/uploads\/coronavirus-ospedale-3.jpg\" \/>\n\t<meta property=\"og:image:width\" content=\"1000\" \/>\n\t<meta property=\"og:image:height\" content=\"563\" \/>\n\t<meta property=\"og:image:type\" content=\"image\/jpeg\" \/>\n<meta name=\"author\" content=\"Redazione\" \/>\n<meta name=\"twitter:card\" content=\"summary_large_image\" \/>\n<meta name=\"twitter:creator\" content=\"@intoscana\" \/>\n<meta name=\"twitter:site\" content=\"@intoscana\" \/>\n<meta name=\"twitter:label1\" content=\"Written by\" \/>\n\t<meta name=\"twitter:data1\" content=\"Redazione\" \/>\n\t<meta name=\"twitter:label2\" content=\"Est. reading time\" \/>\n\t<meta name=\"twitter:data2\" content=\"1 minuto\" \/>\n<script type=\"application\/ld+json\" class=\"yoast-schema-graph\">{\"@context\":\"https:\/\/schema.org\",\"@graph\":[{\"@type\":\"WebPage\",\"@id\":\"https:\/\/www.intoscana.it\/it\/mercoledi-16-dicembre-i-primi-due-pazienti-al-centro-covid-pegaso-di-prato\/\",\"url\":\"https:\/\/www.intoscana.it\/it\/mercoledi-16-dicembre-i-primi-due-pazienti-al-centro-covid-pegaso-di-prato\/\",\"name\":\"Mercoled\u00ec 16 dicembre i primi due pazienti al Centro Covid Pegaso di Prato - intoscana\",\"isPartOf\":{\"@id\":\"https:\/\/www.intoscana.it\/it\/#website\"},\"primaryImageOfPage\":{\"@id\":\"https:\/\/www.intoscana.it\/it\/mercoledi-16-dicembre-i-primi-due-pazienti-al-centro-covid-pegaso-di-prato\/#primaryimage\"},\"image\":{\"@id\":\"https:\/\/www.intoscana.it\/it\/mercoledi-16-dicembre-i-primi-due-pazienti-al-centro-covid-pegaso-di-prato\/#primaryimage\"},\"thumbnailUrl\":\"https:\/\/www.intoscana.it\/wp-content\/uploads\/coronavirus-ospedale-3.jpg\",\"datePublished\":\"2020-12-16T11:09:36+00:00\",\"author\":{\"@id\":\"https:\/\/www.intoscana.it\/it\/#\/schema\/person\/9223810753230f20bd670fdd322661f8\"},\"description\":\"\\\"Grazie a uno sforzo eccezionale - ha commentato il presidente Giani - siamo riusciti ad allestire e rendere operativi 191 posti letto\\\"\",\"breadcrumb\":{\"@id\":\"https:\/\/www.intoscana.it\/it\/mercoledi-16-dicembre-i-primi-due-pazienti-al-centro-covid-pegaso-di-prato\/#breadcrumb\"},\"inLanguage\":\"it-IT\",\"potentialAction\":[{\"@type\":\"ReadAction\",\"target\":[\"https:\/\/www.intoscana.it\/it\/mercoledi-16-dicembre-i-primi-due-pazienti-al-centro-covid-pegaso-di-prato\/\"]}]},{\"@type\":\"ImageObject\",\"inLanguage\":\"it-IT\",\"@id\":\"https:\/\/www.intoscana.it\/it\/mercoledi-16-dicembre-i-primi-due-pazienti-al-centro-covid-pegaso-di-prato\/#primaryimage\",\"url\":\"https:\/\/www.intoscana.it\/wp-content\/uploads\/coronavirus-ospedale-3.jpg\",\"contentUrl\":\"https:\/\/www.intoscana.it\/wp-content\/uploads\/coronavirus-ospedale-3.jpg\",\"width\":1000,\"height\":563,\"caption\":\"La Toscana si attrezza per aumentare i posti letto Covid\"},{\"@type\":\"BreadcrumbList\",\"@id\":\"https:\/\/www.intoscana.it\/it\/mercoledi-16-dicembre-i-primi-due-pazienti-al-centro-covid-pegaso-di-prato\/#breadcrumb\",\"itemListElement\":[{\"@type\":\"ListItem\",\"position\":1,\"name\":\"Home\",\"item\":\"https:\/\/www.intoscana.it\/it\/\"},{\"@type\":\"ListItem\",\"position\":2,\"name\":\"Mercoled\u00ec 16 dicembre i primi due pazienti al Centro Covid Pegaso di Prato\"}]},{\"@type\":\"WebSite\",\"@id\":\"https:\/\/www.intoscana.it\/it\/#website\",\"url\":\"https:\/\/www.intoscana.it\/it\/\",\"name\":\"intoscana\",\"description\":\"\",\"potentialAction\":[{\"@type\":\"SearchAction\",\"target\":{\"@type\":\"EntryPoint\",\"urlTemplate\":\"https:\/\/www.intoscana.it\/it\/?s={search_term_string}\"},\"query-input\":{\"@type\":\"PropertyValueSpecification\",\"valueRequired\":true,\"valueName\":\"search_term_string\"}}],\"inLanguage\":\"it-IT\"},{\"@type\":\"Person\",\"@id\":\"https:\/\/www.intoscana.it\/it\/#\/schema\/person\/9223810753230f20bd670fdd322661f8\",\"name\":\"Redazione\",\"url\":\"https:\/\/www.intoscana.it\/it\/author\/redazione\/\"}]}<\/script>\n<!-- \/ Yoast SEO Premium plugin. -->","yoast_head_json":{"title":"Mercoled\u00ec 16 dicembre i primi due pazienti al Centro Covid Pegaso di Prato - intoscana","description":"\"Grazie a uno sforzo eccezionale - ha commentato il presidente Giani - siamo riusciti ad allestire e rendere operativi 191 posti letto\"","robots":{"index":"index","follow":"follow","max-snippet":"max-snippet:-1","max-image-preview":"max-image-preview:large","max-video-preview":"max-video-preview:-1"},"canonical":"https:\/\/www.intoscana.it\/it\/mercoledi-16-dicembre-i-primi-due-pazienti-al-centro-covid-pegaso-di-prato\/","og_locale":"it_IT","og_type":"article","og_title":"Mercoled\u00ec 16 dicembre i primi due pazienti al Centro Covid Pegaso di Prato","og_description":"\"Grazie a uno sforzo eccezionale - ha commentato il presidente Giani - siamo riusciti ad allestire e rendere operativi 191 posti letto\"","og_url":"https:\/\/www.intoscana.it\/it\/mercoledi-16-dicembre-i-primi-due-pazienti-al-centro-covid-pegaso-di-prato\/","og_site_name":"intoscana","article_publisher":"https:\/\/www.facebook.com\/intoscana.it","article_published_time":"2020-12-16T11:09:36+00:00","og_image":[{"width":1000,"height":563,"url":"https:\/\/www.intoscana.it\/wp-content\/uploads\/coronavirus-ospedale-3.jpg","type":"image\/jpeg"}],"author":"Redazione","twitter_card":"summary_large_image","twitter_creator":"@intoscana","twitter_site":"@intoscana","twitter_misc":{"Written by":"Redazione","Est. reading time":"1 minuto"},"schema":{"@context":"https:\/\/schema.org","@graph":[{"@type":"WebPage","@id":"https:\/\/www.intoscana.it\/it\/mercoledi-16-dicembre-i-primi-due-pazienti-al-centro-covid-pegaso-di-prato\/","url":"https:\/\/www.intoscana.it\/it\/mercoledi-16-dicembre-i-primi-due-pazienti-al-centro-covid-pegaso-di-prato\/","name":"Mercoled\u00ec 16 dicembre i primi due pazienti al Centro Covid Pegaso di Prato - intoscana","isPartOf":{"@id":"https:\/\/www.intoscana.it\/it\/#website"},"primaryImageOfPage":{"@id":"https:\/\/www.intoscana.it\/it\/mercoledi-16-dicembre-i-primi-due-pazienti-al-centro-covid-pegaso-di-prato\/#primaryimage"},"image":{"@id":"https:\/\/www.intoscana.it\/it\/mercoledi-16-dicembre-i-primi-due-pazienti-al-centro-covid-pegaso-di-prato\/#primaryimage"},"thumbnailUrl":"https:\/\/www.intoscana.it\/wp-content\/uploads\/coronavirus-ospedale-3.jpg","datePublished":"2020-12-16T11:09:36+00:00","author":{"@id":"https:\/\/www.intoscana.it\/it\/#\/schema\/person\/9223810753230f20bd670fdd322661f8"},"description":"\"Grazie a uno sforzo eccezionale - ha commentato il presidente Giani - siamo riusciti ad allestire e rendere operativi 191 posti letto\"","breadcrumb":{"@id":"https:\/\/www.intoscana.it\/it\/mercoledi-16-dicembre-i-primi-due-pazienti-al-centro-covid-pegaso-di-prato\/#breadcrumb"},"inLanguage":"it-IT","potentialAction":[{"@type":"ReadAction","target":["https:\/\/www.intoscana.it\/it\/mercoledi-16-dicembre-i-primi-due-pazienti-al-centro-covid-pegaso-di-prato\/"]}]},{"@type":"ImageObject","inLanguage":"it-IT","@id":"https:\/\/www.intoscana.it\/it\/mercoledi-16-dicembre-i-primi-due-pazienti-al-centro-covid-pegaso-di-prato\/#primaryimage","url":"https:\/\/www.intoscana.it\/wp-content\/uploads\/coronavirus-ospedale-3.jpg","contentUrl":"https:\/\/www.intoscana.it\/wp-content\/uploads\/coronavirus-ospedale-3.jpg","width":1000,"height":563,"caption":"La Toscana si attrezza per aumentare i posti letto Covid"},{"@type":"BreadcrumbList","@id":"https:\/\/www.intoscana.it\/it\/mercoledi-16-dicembre-i-primi-due-pazienti-al-centro-covid-pegaso-di-prato\/#breadcrumb","itemListElement":[{"@type":"ListItem","position":1,"name":"Home","item":"https:\/\/www.intoscana.it\/it\/"},{"@type":"ListItem","position":2,"name":"Mercoled\u00ec 16 dicembre i primi due pazienti al Centro Covid Pegaso di Prato"}]},{"@type":"WebSite","@id":"https:\/\/www.intoscana.it\/it\/#website","url":"https:\/\/www.intoscana.it\/it\/","name":"intoscana","description":"","potentialAction":[{"@type":"SearchAction","target":{"@type":"EntryPoint","urlTemplate":"https:\/\/www.intoscana.it\/it\/?s={search_term_string}"},"query-input":{"@type":"PropertyValueSpecification","valueRequired":true,"valueName":"search_term_string"}}],"inLanguage":"it-IT"},{"@type":"Person","@id":"https:\/\/www.intoscana.it\/it\/#\/schema\/person\/9223810753230f20bd670fdd322661f8","name":"Redazione","url":"https:\/\/www.intoscana.it\/it\/author\/redazione\/"}]}},"_links":{"self":[{"href":"https:\/\/www.intoscana.it\/it\/wp-json\/wp\/v2\/posts\/161904","targetHints":{"allow":["GET"]}}],"collection":[{"href":"https:\/\/www.intoscana.it\/it\/wp-json\/wp\/v2\/posts"}],"about":[{"href":"https:\/\/www.intoscana.it\/it\/wp-json\/wp\/v2\/types\/post"}],"author":[{"embeddable":true,"href":"https:\/\/www.intoscana.it\/it\/wp-json\/wp\/v2\/users\/525"}],"replies":[{"embeddable":true,"href":"https:\/\/www.intoscana.it\/it\/wp-json\/wp\/v2\/comments?post=161904"}],"version-history":[{"count":0,"href":"https:\/\/www.intoscana.it\/it\/wp-json\/wp\/v2\/posts\/161904\/revisions"}],"wp:featuredmedia":[{"embeddable":true,"href":"https:\/\/www.intoscana.it\/it\/wp-json\/wp\/v2\/media\/143866"}],"wp:attachment":[{"href":"https:\/\/www.intoscana.it\/it\/wp-json\/wp\/v2\/media?parent=161904"}],"wp:term":[{"taxonomy":"category","embeddable":true,"href":"https:\/\/www.intoscana.it\/it\/wp-json\/wp\/v2\/categories?post=161904"},{"taxonomy":"post_tag","embeddable":true,"href":"https:\/\/www.intoscana.it\/it\/wp-json\/wp\/v2\/tags?post=161904"}],"curies":[{"name":"wp","href":"https:\/\/api.w.org\/{rel}","templated":true}]}}