{"id":161917,"date":"2020-12-16T14:51:05","date_gmt":"2020-12-16T13:51:05","guid":{"rendered":"https:\/\/www.intoscana.it\/it\/?p=161917"},"modified":"2020-12-16T16:14:08","modified_gmt":"2020-12-16T15:14:08","slug":"covid-19-giani-in-toscana-116-240-i-vaccini-35mila-gia-prenotati","status":"publish","type":"post","link":"https:\/\/www.intoscana.it\/it\/covid-19-giani-in-toscana-116-240-i-vaccini-35mila-gia-prenotati\/","title":{"rendered":"Covid-19, Giani: &#8220;In Toscana 116.240 i vaccini, 39mila gi\u00e0 prenotati&#8221;"},"content":{"rendered":"<p><strong>&#8220;Noi avremo una dotazione di 116.240 vaccini: la campagna vaccinale partir\u00e0 proprio i primi giorni dell&#8217;anno<\/strong>, e appunto per questo abbiamo gi\u00e0 predisposto l&#8217;iter per le prenotazioni&#8221;. Lo ha affermato <strong>Eugenio Giani, presidente della Regione Toscana<\/strong>. &#8220;Ieri &#8211; ha spiegato &#8211; <strong>abbiamo formulato una richiesta che \u00e8 quella di arrivare a 50.000 operatori sanitari disponibili al vaccino:<\/strong> ecco, gi\u00e0 in questo momento <strong>abbiamo 35.000 richieste,<\/strong> e queste 35mila richieste sono una cosa molto importante perch\u00e9 significa che c&#8217;\u00e8 la volont\u00e0 di farsi il vaccino da parte degli operatori sanitari. Simbolicamente<strong> i vaccini potranno essere somministrati a qualcuno, per ciascuna delle 20 regioni, anche prima del 31 di dicembre.<\/strong> Secondo me questo \u00e8 importante, \u00e8 un segnale importante, perch\u00e9 <strong>i primi vaccini in Italia quindi saranno somministrati nel 2020&#8243;.<\/strong><\/p>\n<p>Tra le oltre <strong>61 categorie professionali rilevate,<\/strong> quella degli <strong>infermieri, con pi\u00f9 del 35% di adesione<\/strong>, risulta essere quella che al momento ha aderito maggiormente. Segue quella dei medici, con oltre il 18% di adesioni. Tra i primi cinque Comuni e province con il maggior numero di adesioni emergono nel seguente ordine: <strong>Firenze, Pisa, Siena, Arezzo e Lucca.<\/strong><\/p>\n<p>Tra operatori sanitari e ospiti delle Rsa <strong>si calcola che siano oltre 120mila le persone che in Toscana potrebbero essere vaccinate<\/strong>.\u00a0La vaccinazione <strong>non \u00e8 obbligatoria, ma volontaria<\/strong>. Gli interessati possono esprimere\u00a0il proprio orientamento, non vincolante, entro le ore 12 del 18 dicembre, attraverso il portale regionale <a href=\"https:\/\/prenotavaccino.sanita.toscana.it\" target=\"_blank\" rel=\"noopener noreferrer\"><strong>\u201cPrenota vaccino\u201d.<\/strong> <\/a>Chi non si prenoter\u00e0 potr\u00e0 fare il vaccino solo nelle fasi successive che riguarderanno le altre fasce di popolazione. Per i pazienti delle Rsa sar\u00e0 cura dei responsabili delle strutture trasmettere la comunicazione e il numero degli aderenti.<strong><br \/>\n<\/strong><\/p>\n<h3>Zona rossa nazionale per feste? Decide il governo<\/h3>\n<p>&#8220;Io non mi pronuncio su questo, perch\u00e9 <strong>\u00e8 il governo che \u00e8 competente sulle zone, sui colori, e conseguentemente sar\u00e0 il governo a prendere i provvedimenti eventuali<\/strong>&#8220;. Ha risposto il presidente della Regione Toscana, interpellato dai giornalisti sulla sua posizione in merito all&#8217;<strong>ipotesi di &#8216;zona rossa nazionale&#8217; per le festivit\u00e0 natalizie.<\/strong> &#8220;Io non sono autorizzato a dire in pubblico ci\u00f2 che avviene nelle riunioni riservate &#8211; ha spiegato, quindi io<strong> non ho assolutamente nessuna indicazione da dare su quelli che saranno i provvedimenti restrittivi che approva il governo<\/strong>, sar\u00e0 il governo ad annunciarli&#8221;.<\/p>\n<h3>489 i nuovi casi di Covid-19<\/h3>\n<p>I <strong>nuovi casi positivi registrati nelle ultime 24 ore in Toscana sono 489 su 12.190 tamponi molecolari e 4.569 test rapidi effettuati.<\/strong> Lo ha reso noto il governatore toscano Eugenio Giani nel suo &#8216;report&#8217; quotidiano su Facebook. <strong>&#8220;Per una #ToscanaSicura stiamo mettendo in campo un piano vaccinale che possa permetterci al pi\u00f9 presto di ripartire!&#8221;<\/strong>, ha aggiunto.<\/p>\n","protected":false},"excerpt":{"rendered":"<p>Tra le oltre 61 categorie professionali rilevate, quella degli infermieri, con pi\u00f9 del 35% di adesione, risulta essere quella che al momento ha aderito maggiormente<\/p>\n","protected":false},"author":525,"featured_media":104046,"comment_status":"open","ping_status":"open","sticky":false,"template":"","format":"standard","meta":{"_acf_changed":false,"footnotes":""},"categories":[494],"tags":[418,158,151,4698],"class_list":["post-161917","post","type-post","status-publish","format-standard","has-post-thumbnail","hentry","category-attualita","tag-covid-19","tag-eugenio-giani","tag-regione-toscana","tag-vaccino"],"acf":[],"yoast_head":"<!-- This site is optimized with the Yoast SEO Premium plugin v24.2 (Yoast SEO v25.6) - https:\/\/yoast.com\/wordpress\/plugins\/seo\/ -->\n<title>Covid-19, Giani: &quot;In Toscana 116.240 i vaccini, 39mila gi\u00e0 prenotati&quot; - intoscana<\/title>\n<meta name=\"description\" content=\"Tra le oltre 61 categorie professionali rilevate, quella degli infermieri, con pi\u00f9 del 35% di adesione, \u00e8 quella che ha aderito maggiormente\" \/>\n<meta name=\"robots\" content=\"index, follow, max-snippet:-1, max-image-preview:large, max-video-preview:-1\" \/>\n<link rel=\"canonical\" href=\"https:\/\/www.intoscana.it\/it\/covid-19-giani-in-toscana-116-240-i-vaccini-35mila-gia-prenotati\/\" \/>\n<meta property=\"og:locale\" content=\"it_IT\" \/>\n<meta property=\"og:type\" content=\"article\" \/>\n<meta property=\"og:title\" content=\"Covid-19, Giani: &quot;In Toscana 116.240 i vaccini, 39mila gi\u00e0 prenotati&quot;\" \/>\n<meta property=\"og:description\" content=\"Tra le oltre 61 categorie professionali rilevate, quella degli infermieri, con pi\u00f9 del 35% di adesione, \u00e8 quella che ha aderito maggiormente\" \/>\n<meta property=\"og:url\" content=\"https:\/\/www.intoscana.it\/it\/covid-19-giani-in-toscana-116-240-i-vaccini-35mila-gia-prenotati\/\" \/>\n<meta property=\"og:site_name\" content=\"intoscana\" \/>\n<meta property=\"article:publisher\" content=\"https:\/\/www.facebook.com\/intoscana.it\" \/>\n<meta property=\"article:published_time\" content=\"2020-12-16T13:51:05+00:00\" \/>\n<meta property=\"article:modified_time\" content=\"2020-12-16T15:14:08+00:00\" \/>\n<meta property=\"og:image\" content=\"https:\/\/www.intoscana.it\/wp-content\/uploads\/vaccino-3-15.jpg\" \/>\n\t<meta property=\"og:image:width\" content=\"1000\" \/>\n\t<meta property=\"og:image:height\" content=\"669\" \/>\n\t<meta property=\"og:image:type\" content=\"image\/jpeg\" \/>\n<meta name=\"author\" content=\"Redazione\" \/>\n<meta name=\"twitter:card\" content=\"summary_large_image\" \/>\n<meta name=\"twitter:creator\" content=\"@intoscana\" \/>\n<meta name=\"twitter:site\" content=\"@intoscana\" \/>\n<meta name=\"twitter:label1\" content=\"Written by\" \/>\n\t<meta name=\"twitter:data1\" content=\"Redazione\" \/>\n\t<meta name=\"twitter:label2\" content=\"Est. reading time\" \/>\n\t<meta name=\"twitter:data2\" content=\"2 minuti\" \/>\n<script type=\"application\/ld+json\" class=\"yoast-schema-graph\">{\"@context\":\"https:\/\/schema.org\",\"@graph\":[{\"@type\":\"WebPage\",\"@id\":\"https:\/\/www.intoscana.it\/it\/covid-19-giani-in-toscana-116-240-i-vaccini-35mila-gia-prenotati\/\",\"url\":\"https:\/\/www.intoscana.it\/it\/covid-19-giani-in-toscana-116-240-i-vaccini-35mila-gia-prenotati\/\",\"name\":\"Covid-19, Giani: \\\"In Toscana 116.240 i vaccini, 39mila gi\u00e0 prenotati\\\" - intoscana\",\"isPartOf\":{\"@id\":\"https:\/\/www.intoscana.it\/it\/#website\"},\"primaryImageOfPage\":{\"@id\":\"https:\/\/www.intoscana.it\/it\/covid-19-giani-in-toscana-116-240-i-vaccini-35mila-gia-prenotati\/#primaryimage\"},\"image\":{\"@id\":\"https:\/\/www.intoscana.it\/it\/covid-19-giani-in-toscana-116-240-i-vaccini-35mila-gia-prenotati\/#primaryimage\"},\"thumbnailUrl\":\"https:\/\/www.intoscana.it\/wp-content\/uploads\/vaccino-3-15.jpg\",\"datePublished\":\"2020-12-16T13:51:05+00:00\",\"dateModified\":\"2020-12-16T15:14:08+00:00\",\"author\":{\"@id\":\"https:\/\/www.intoscana.it\/it\/#\/schema\/person\/9223810753230f20bd670fdd322661f8\"},\"description\":\"Tra le oltre 61 categorie professionali rilevate, quella degli infermieri, con pi\u00f9 del 35% di adesione, \u00e8 quella che ha aderito maggiormente\",\"breadcrumb\":{\"@id\":\"https:\/\/www.intoscana.it\/it\/covid-19-giani-in-toscana-116-240-i-vaccini-35mila-gia-prenotati\/#breadcrumb\"},\"inLanguage\":\"it-IT\",\"potentialAction\":[{\"@type\":\"ReadAction\",\"target\":[\"https:\/\/www.intoscana.it\/it\/covid-19-giani-in-toscana-116-240-i-vaccini-35mila-gia-prenotati\/\"]}]},{\"@type\":\"ImageObject\",\"inLanguage\":\"it-IT\",\"@id\":\"https:\/\/www.intoscana.it\/it\/covid-19-giani-in-toscana-116-240-i-vaccini-35mila-gia-prenotati\/#primaryimage\",\"url\":\"https:\/\/www.intoscana.it\/wp-content\/uploads\/vaccino-3-15.jpg\",\"contentUrl\":\"https:\/\/www.intoscana.it\/wp-content\/uploads\/vaccino-3-15.jpg\",\"width\":1000,\"height\":669,\"caption\":\"Vaccino\"},{\"@type\":\"BreadcrumbList\",\"@id\":\"https:\/\/www.intoscana.it\/it\/covid-19-giani-in-toscana-116-240-i-vaccini-35mila-gia-prenotati\/#breadcrumb\",\"itemListElement\":[{\"@type\":\"ListItem\",\"position\":1,\"name\":\"Home\",\"item\":\"https:\/\/www.intoscana.it\/it\/\"},{\"@type\":\"ListItem\",\"position\":2,\"name\":\"Covid-19, Giani: &#8220;In Toscana 116.240 i vaccini, 39mila gi\u00e0 prenotati&#8221;\"}]},{\"@type\":\"WebSite\",\"@id\":\"https:\/\/www.intoscana.it\/it\/#website\",\"url\":\"https:\/\/www.intoscana.it\/it\/\",\"name\":\"intoscana\",\"description\":\"\",\"potentialAction\":[{\"@type\":\"SearchAction\",\"target\":{\"@type\":\"EntryPoint\",\"urlTemplate\":\"https:\/\/www.intoscana.it\/it\/?s={search_term_string}\"},\"query-input\":{\"@type\":\"PropertyValueSpecification\",\"valueRequired\":true,\"valueName\":\"search_term_string\"}}],\"inLanguage\":\"it-IT\"},{\"@type\":\"Person\",\"@id\":\"https:\/\/www.intoscana.it\/it\/#\/schema\/person\/9223810753230f20bd670fdd322661f8\",\"name\":\"Redazione\",\"url\":\"https:\/\/www.intoscana.it\/it\/author\/redazione\/\"}]}<\/script>\n<!-- \/ Yoast SEO Premium plugin. -->","yoast_head_json":{"title":"Covid-19, Giani: \"In Toscana 116.240 i vaccini, 39mila gi\u00e0 prenotati\" - intoscana","description":"Tra le oltre 61 categorie professionali rilevate, quella degli infermieri, con pi\u00f9 del 35% di adesione, \u00e8 quella che ha aderito maggiormente","robots":{"index":"index","follow":"follow","max-snippet":"max-snippet:-1","max-image-preview":"max-image-preview:large","max-video-preview":"max-video-preview:-1"},"canonical":"https:\/\/www.intoscana.it\/it\/covid-19-giani-in-toscana-116-240-i-vaccini-35mila-gia-prenotati\/","og_locale":"it_IT","og_type":"article","og_title":"Covid-19, Giani: \"In Toscana 116.240 i vaccini, 39mila gi\u00e0 prenotati\"","og_description":"Tra le oltre 61 categorie professionali rilevate, quella degli infermieri, con pi\u00f9 del 35% di adesione, \u00e8 quella che ha aderito maggiormente","og_url":"https:\/\/www.intoscana.it\/it\/covid-19-giani-in-toscana-116-240-i-vaccini-35mila-gia-prenotati\/","og_site_name":"intoscana","article_publisher":"https:\/\/www.facebook.com\/intoscana.it","article_published_time":"2020-12-16T13:51:05+00:00","article_modified_time":"2020-12-16T15:14:08+00:00","og_image":[{"width":1000,"height":669,"url":"https:\/\/www.intoscana.it\/wp-content\/uploads\/vaccino-3-15.jpg","type":"image\/jpeg"}],"author":"Redazione","twitter_card":"summary_large_image","twitter_creator":"@intoscana","twitter_site":"@intoscana","twitter_misc":{"Written by":"Redazione","Est. reading time":"2 minuti"},"schema":{"@context":"https:\/\/schema.org","@graph":[{"@type":"WebPage","@id":"https:\/\/www.intoscana.it\/it\/covid-19-giani-in-toscana-116-240-i-vaccini-35mila-gia-prenotati\/","url":"https:\/\/www.intoscana.it\/it\/covid-19-giani-in-toscana-116-240-i-vaccini-35mila-gia-prenotati\/","name":"Covid-19, Giani: \"In Toscana 116.240 i vaccini, 39mila gi\u00e0 prenotati\" - intoscana","isPartOf":{"@id":"https:\/\/www.intoscana.it\/it\/#website"},"primaryImageOfPage":{"@id":"https:\/\/www.intoscana.it\/it\/covid-19-giani-in-toscana-116-240-i-vaccini-35mila-gia-prenotati\/#primaryimage"},"image":{"@id":"https:\/\/www.intoscana.it\/it\/covid-19-giani-in-toscana-116-240-i-vaccini-35mila-gia-prenotati\/#primaryimage"},"thumbnailUrl":"https:\/\/www.intoscana.it\/wp-content\/uploads\/vaccino-3-15.jpg","datePublished":"2020-12-16T13:51:05+00:00","dateModified":"2020-12-16T15:14:08+00:00","author":{"@id":"https:\/\/www.intoscana.it\/it\/#\/schema\/person\/9223810753230f20bd670fdd322661f8"},"description":"Tra le oltre 61 categorie professionali rilevate, quella degli infermieri, con pi\u00f9 del 35% di adesione, \u00e8 quella che ha aderito maggiormente","breadcrumb":{"@id":"https:\/\/www.intoscana.it\/it\/covid-19-giani-in-toscana-116-240-i-vaccini-35mila-gia-prenotati\/#breadcrumb"},"inLanguage":"it-IT","potentialAction":[{"@type":"ReadAction","target":["https:\/\/www.intoscana.it\/it\/covid-19-giani-in-toscana-116-240-i-vaccini-35mila-gia-prenotati\/"]}]},{"@type":"ImageObject","inLanguage":"it-IT","@id":"https:\/\/www.intoscana.it\/it\/covid-19-giani-in-toscana-116-240-i-vaccini-35mila-gia-prenotati\/#primaryimage","url":"https:\/\/www.intoscana.it\/wp-content\/uploads\/vaccino-3-15.jpg","contentUrl":"https:\/\/www.intoscana.it\/wp-content\/uploads\/vaccino-3-15.jpg","width":1000,"height":669,"caption":"Vaccino"},{"@type":"BreadcrumbList","@id":"https:\/\/www.intoscana.it\/it\/covid-19-giani-in-toscana-116-240-i-vaccini-35mila-gia-prenotati\/#breadcrumb","itemListElement":[{"@type":"ListItem","position":1,"name":"Home","item":"https:\/\/www.intoscana.it\/it\/"},{"@type":"ListItem","position":2,"name":"Covid-19, Giani: &#8220;In Toscana 116.240 i vaccini, 39mila gi\u00e0 prenotati&#8221;"}]},{"@type":"WebSite","@id":"https:\/\/www.intoscana.it\/it\/#website","url":"https:\/\/www.intoscana.it\/it\/","name":"intoscana","description":"","potentialAction":[{"@type":"SearchAction","target":{"@type":"EntryPoint","urlTemplate":"https:\/\/www.intoscana.it\/it\/?s={search_term_string}"},"query-input":{"@type":"PropertyValueSpecification","valueRequired":true,"valueName":"search_term_string"}}],"inLanguage":"it-IT"},{"@type":"Person","@id":"https:\/\/www.intoscana.it\/it\/#\/schema\/person\/9223810753230f20bd670fdd322661f8","name":"Redazione","url":"https:\/\/www.intoscana.it\/it\/author\/redazione\/"}]}},"_links":{"self":[{"href":"https:\/\/www.intoscana.it\/it\/wp-json\/wp\/v2\/posts\/161917","targetHints":{"allow":["GET"]}}],"collection":[{"href":"https:\/\/www.intoscana.it\/it\/wp-json\/wp\/v2\/posts"}],"about":[{"href":"https:\/\/www.intoscana.it\/it\/wp-json\/wp\/v2\/types\/post"}],"author":[{"embeddable":true,"href":"https:\/\/www.intoscana.it\/it\/wp-json\/wp\/v2\/users\/525"}],"replies":[{"embeddable":true,"href":"https:\/\/www.intoscana.it\/it\/wp-json\/wp\/v2\/comments?post=161917"}],"version-history":[{"count":0,"href":"https:\/\/www.intoscana.it\/it\/wp-json\/wp\/v2\/posts\/161917\/revisions"}],"wp:featuredmedia":[{"embeddable":true,"href":"https:\/\/www.intoscana.it\/it\/wp-json\/wp\/v2\/media\/104046"}],"wp:attachment":[{"href":"https:\/\/www.intoscana.it\/it\/wp-json\/wp\/v2\/media?parent=161917"}],"wp:term":[{"taxonomy":"category","embeddable":true,"href":"https:\/\/www.intoscana.it\/it\/wp-json\/wp\/v2\/categories?post=161917"},{"taxonomy":"post_tag","embeddable":true,"href":"https:\/\/www.intoscana.it\/it\/wp-json\/wp\/v2\/tags?post=161917"}],"curies":[{"name":"wp","href":"https:\/\/api.w.org\/{rel}","templated":true}]}}