{"id":161932,"date":"2020-12-16T15:58:50","date_gmt":"2020-12-16T14:58:50","guid":{"rendered":"https:\/\/www.intoscana.it\/it\/?p=161932"},"modified":"2020-12-16T18:16:36","modified_gmt":"2020-12-16T17:16:36","slug":"nel-2020-gli-affari-delle-mafie-cresciuti-con-la-crisi-il-rapporto-sulla-criminalita-lancia-lallarme","status":"publish","type":"post","link":"https:\/\/www.intoscana.it\/it\/nel-2020-gli-affari-delle-mafie-cresciuti-con-la-crisi-il-rapporto-sulla-criminalita-lancia-lallarme\/","title":{"rendered":"\u201cNel 2020 gli affari delle mafie cresciuti con la crisi\u201d, il rapporto sulla criminalit\u00e0  lancia l\u2019allarme"},"content":{"rendered":"<p class=\"p1\">La pandemia ha aperto le crepe del sistema economico e sociale, ha reso le debolezze dei veri e propri punti di rottura e aperto la strada alle infiltrazioni criminale. Il <a href=\"https:\/\/www.intoscana.it\/it\/articolo\/il-business-delle-mafie-in-toscana-la-crisi-ci-rende-piu-fragili\/\">quarto rapporto annuale sulla criminalit\u00e0 organizzata e la corruzione<\/a> curato dalla Scuola Normale di Pisa su incarico della Regione parla del 2019, ma \u00e8 tutto proiettato verso l\u2019anno terribile che si sta chiudendo.<\/p>\n<p class=\"p1\">Lo studio \u00e8 stato presentato questa mattina in un convegno online che ha messo a confronto gli osservatori principali della realt\u00e0 criminale e del tessuto sociale:. Insieme all\u2019assessore alla legalit\u00e0 della Regione Toscana, <strong><a href=\"https:\/\/www.intoscana.it\/it\/articolo\/lassessore-stefano-ciuoffo-dai-cittadini-la-prima-barriera-contro-lillegalita\/\">Stefano Ciuoffo<\/a> <\/strong>e al direttore della Normale di Pisa Luigi Ambrosio, sono intervenuti il prefetto di Firenze Alessandra Guidi, Francesco Nannucci della Direzione investigativa antimafia di Firenze, il procuratore presso il tribunale di Firenze Giuseppe Creazzo,<span class=\"Apple-converted-space\">\u00a0 <\/span>il presidente di Libera don Luigi Ciotti e Alessandro Nencini, presidente della Corte di appello di Firenze.<\/p>\n<p class=\"p1\">\u201cLe infiltrazioni delle mafie aumenteranno in relazione alla crisi economica provocata dalla pandemia\u201d. <strong>Giuseppe Creazzo<\/strong>, procuratore del tribunale di Firenze, non usa mezzi termini e va diritto al punto. <em>&#8220;Chi oggi dispone di liquidit\u00e0 immense come la criminalit\u00e0 organizzata cerca di approfittare della crisi per trarre massimo profitto. Le acquisizione di beni e<span class=\"Apple-converted-space\">\u00a0 <\/span>imprese di pregio a prezzi bassi, data la profonda crisi che colpisce molti imprenditori \u00e8 gi\u00e0 in corso, come sono in atto tutte le possibili attivit\u00e0 di contrasto da parte della polizia giudiziaria&#8221;. \u201cMai abbassare la guardia, il livello di attenzione deve essere massimo\u201d<\/em>, perch\u00e9 la Toscana \u00e8 un territorio ricco, che fa gola e che sta diventando terreno fertile anche per le nuove criminalit\u00e0, che coesistono con il traffico di stupefacenti e di essere umani, con il gioco d\u2019azzardo e con il caporalato: <mark>\u201c Con la valuta virtuale, i bitcoin, i finanzieri e tecnici informatici che lavorano per le mafie sono gi\u00e0 avanti: gran parte del riciclaggio passa attraverso questi canali e noi su questo siamo abbastanza in ritardo\u201d. E cita le parole di un criminale: \u201cIo non ho bisogno di uno che spara, ma di uno che clicchi\u201d<\/mark>.<\/p>\n<p><span class=\"citazione\">La pandemia crea vulnerabilit\u00e0 e opportunit\u00e0 di welfare criminale di prossimit\u00e0<\/span><\/p>\n<p class=\"p1\">Il rapporto sulla criminalit\u00e0 mette in luce un altro pericolo: la mafia si sta mimetizzando tra le pieghe di un\u2019economia dopata dagli aiuti pubblici. <strong>Francesco Nannucci<\/strong> della Direzione investigativa antimafia di Firenze, lo ha ben chiaro: le organizzazioni criminali emergono &#8220;ogni qual volta che c&#8217;\u00e8 una importante situazione di crisi\u201d. <em>\u201cDa inizio 2020 abbiamo avuto 29 interdittive antimafia.E\u2019 un\u2019azione che blocca l\u2019azienda nel momento in cui\u00a0 cerca di prendere soldi pubblici, ma dall&#8217;altro evidenzia l\u2019onda lunga della criminalit\u00e0 organizzata\u201d<\/em>. Le aziende private restano le prede pi\u00f9 facili. \u201cSono fortemente preoccupata per l\u2019azione criminale sul rapporto tra privati, essendo il pubblico ormai pi\u00f9 monitorato\u201d, \u00e8 il timore del Prefetto di Firenze, <strong><a href=\"https:\/\/www.intoscana.it\/it\/articolo\/il-prefetto-di-firenze-una-frattura-nella-coesione-sociale-le-mafie-rischiano-di-entrare-anche-qui\/\">Alessandra Guidi<\/a><\/strong>. \u201cE\u2019 necessario rafforzare la prevenzione in questo campo e presidiare tutto ci\u00f2 che riguarda la contrattualistica tra privati e le imprese\u201d. <mark>In Toscana &#8220;non assistiamo a un fenomeno di radicamento strutturale e strutturato delle organizzazioni criminali. Questo scenario per\u00f2 viene alterato e stressato dalla pandemia che crea una condizione di vulnerabilit\u00e0, disoccupazione, crisi di liquidit\u00e0 e dunque opportunit\u00e0 di welfare criminale di prossimit\u00e0\u201d<\/mark>.<\/p>\n<p class=\"p1\">La Toscana, ha aggiunto l&#8217;assessore Ciuoffo &#8220;\u00e8 terra che attrae investimenti. Dobbiamo continuare a farlo, per far crescere il nostro sistema economico, ma dobbiamo anche vigilare affinch\u00e9 siano investimenti sani e dietro all\u2019apparenza non si celino gruppi criminali\u201d. Un\u2019operazione non semplice , &#8220;perch\u00e9 spesso la criminalit\u00e0 si cela dietro professionisti, prestanome o aziende che appaiono irreprensibili. E su questo dovremo lavorare, con gli ordini professionali e con le categorie economiche, perch\u00e9 quella connivenza di comodo non sar\u00e0 mai temporanea e di quei gruppi si diventa poi prigionieri\u201d.<\/p>\n<p>&nbsp;<\/p>\n","protected":false},"excerpt":{"rendered":"<p class=\"p1\">Il procuratore Creazzo: \u201cIn corso acquisizioni di beni e imprese\u201d. Nannunci (DIA): \u201cIn un anno 29 interdittive antimafia\u201d<\/p>\n","protected":false},"author":545,"featured_media":100593,"comment_status":"open","ping_status":"open","sticky":false,"template":"","format":"standard","meta":{"_acf_changed":false,"footnotes":""},"categories":[494],"tags":[412,3622,5167,4438],"class_list":["post-161932","post","type-post","status-publish","format-standard","has-post-thumbnail","hentry","category-attualita","tag-crisi","tag-mafia","tag-rapporto-criminalita","tag-scuola-normale-di-pisa"],"acf":[],"yoast_head":"<!-- This site is optimized with the Yoast SEO Premium plugin v24.2 (Yoast SEO v25.6) - https:\/\/yoast.com\/wordpress\/plugins\/seo\/ -->\n<title>\u201cNel 2020 gli affari delle mafie cresciuti con la crisi\u201d, il rapporto sulla criminalit\u00e0 lancia l\u2019allarme - intoscana<\/title>\n<meta name=\"description\" content=\"Il procuratore Creazzo: \u201cIn corso acquisizioni di beni e imprese\u201d. Nannunci (DIA): \u201cIn un anno 29 interdittive antimafia\u201d\" \/>\n<meta name=\"robots\" content=\"index, follow, max-snippet:-1, max-image-preview:large, max-video-preview:-1\" \/>\n<link rel=\"canonical\" href=\"https:\/\/www.intoscana.it\/it\/nel-2020-gli-affari-delle-mafie-cresciuti-con-la-crisi-il-rapporto-sulla-criminalita-lancia-lallarme\/\" \/>\n<meta property=\"og:locale\" content=\"it_IT\" \/>\n<meta property=\"og:type\" content=\"article\" \/>\n<meta property=\"og:title\" content=\"\u201cNel 2020 gli affari delle mafie cresciuti con la crisi\u201d, il rapporto sulla criminalit\u00e0 lancia l\u2019allarme\" \/>\n<meta property=\"og:description\" content=\"Il procuratore Creazzo: \u201cIn corso acquisizioni di beni e imprese\u201d. Nannunci (DIA): \u201cIn un anno 29 interdittive antimafia\u201d\" \/>\n<meta property=\"og:url\" content=\"https:\/\/www.intoscana.it\/it\/nel-2020-gli-affari-delle-mafie-cresciuti-con-la-crisi-il-rapporto-sulla-criminalita-lancia-lallarme\/\" \/>\n<meta property=\"og:site_name\" content=\"intoscana\" \/>\n<meta property=\"article:publisher\" content=\"https:\/\/www.facebook.com\/intoscana.it\" \/>\n<meta property=\"article:published_time\" content=\"2020-12-16T14:58:50+00:00\" \/>\n<meta property=\"article:modified_time\" content=\"2020-12-16T17:16:36+00:00\" \/>\n<meta property=\"og:image\" content=\"https:\/\/www.intoscana.it\/wp-content\/uploads\/6bf630b41125afcaa60696a64da74911-9.jpg\" \/>\n\t<meta property=\"og:image:width\" content=\"1000\" \/>\n\t<meta property=\"og:image:height\" content=\"666\" \/>\n\t<meta property=\"og:image:type\" content=\"image\/jpeg\" \/>\n<meta name=\"author\" content=\"Clara D&#039;Acunto\" \/>\n<meta name=\"twitter:card\" content=\"summary_large_image\" \/>\n<meta name=\"twitter:creator\" content=\"@intoscana\" \/>\n<meta name=\"twitter:site\" content=\"@intoscana\" \/>\n<meta name=\"twitter:label1\" content=\"Written by\" \/>\n\t<meta name=\"twitter:data1\" content=\"Clara D&#039;Acunto\" \/>\n\t<meta name=\"twitter:label2\" content=\"Est. reading time\" \/>\n\t<meta name=\"twitter:data2\" content=\"3 minuti\" \/>\n<script type=\"application\/ld+json\" class=\"yoast-schema-graph\">{\"@context\":\"https:\/\/schema.org\",\"@graph\":[{\"@type\":\"WebPage\",\"@id\":\"https:\/\/www.intoscana.it\/it\/nel-2020-gli-affari-delle-mafie-cresciuti-con-la-crisi-il-rapporto-sulla-criminalita-lancia-lallarme\/\",\"url\":\"https:\/\/www.intoscana.it\/it\/nel-2020-gli-affari-delle-mafie-cresciuti-con-la-crisi-il-rapporto-sulla-criminalita-lancia-lallarme\/\",\"name\":\"\u201cNel 2020 gli affari delle mafie cresciuti con la crisi\u201d, il rapporto sulla criminalit\u00e0 lancia l\u2019allarme - intoscana\",\"isPartOf\":{\"@id\":\"https:\/\/www.intoscana.it\/it\/#website\"},\"primaryImageOfPage\":{\"@id\":\"https:\/\/www.intoscana.it\/it\/nel-2020-gli-affari-delle-mafie-cresciuti-con-la-crisi-il-rapporto-sulla-criminalita-lancia-lallarme\/#primaryimage\"},\"image\":{\"@id\":\"https:\/\/www.intoscana.it\/it\/nel-2020-gli-affari-delle-mafie-cresciuti-con-la-crisi-il-rapporto-sulla-criminalita-lancia-lallarme\/#primaryimage\"},\"thumbnailUrl\":\"https:\/\/www.intoscana.it\/wp-content\/uploads\/6bf630b41125afcaa60696a64da74911-9.jpg\",\"datePublished\":\"2020-12-16T14:58:50+00:00\",\"dateModified\":\"2020-12-16T17:16:36+00:00\",\"author\":{\"@id\":\"https:\/\/www.intoscana.it\/it\/#\/schema\/person\/137419af9ef5d385bde52864a841e6ce\"},\"description\":\"Il procuratore Creazzo: \u201cIn corso acquisizioni di beni e imprese\u201d. Nannunci (DIA): \u201cIn un anno 29 interdittive antimafia\u201d\",\"breadcrumb\":{\"@id\":\"https:\/\/www.intoscana.it\/it\/nel-2020-gli-affari-delle-mafie-cresciuti-con-la-crisi-il-rapporto-sulla-criminalita-lancia-lallarme\/#breadcrumb\"},\"inLanguage\":\"it-IT\",\"potentialAction\":[{\"@type\":\"ReadAction\",\"target\":[\"https:\/\/www.intoscana.it\/it\/nel-2020-gli-affari-delle-mafie-cresciuti-con-la-crisi-il-rapporto-sulla-criminalita-lancia-lallarme\/\"]}]},{\"@type\":\"ImageObject\",\"inLanguage\":\"it-IT\",\"@id\":\"https:\/\/www.intoscana.it\/it\/nel-2020-gli-affari-delle-mafie-cresciuti-con-la-crisi-il-rapporto-sulla-criminalita-lancia-lallarme\/#primaryimage\",\"url\":\"https:\/\/www.intoscana.it\/wp-content\/uploads\/6bf630b41125afcaa60696a64da74911-9.jpg\",\"contentUrl\":\"https:\/\/www.intoscana.it\/wp-content\/uploads\/6bf630b41125afcaa60696a64da74911-9.jpg\",\"width\":1000,\"height\":666},{\"@type\":\"BreadcrumbList\",\"@id\":\"https:\/\/www.intoscana.it\/it\/nel-2020-gli-affari-delle-mafie-cresciuti-con-la-crisi-il-rapporto-sulla-criminalita-lancia-lallarme\/#breadcrumb\",\"itemListElement\":[{\"@type\":\"ListItem\",\"position\":1,\"name\":\"Home\",\"item\":\"https:\/\/www.intoscana.it\/it\/\"},{\"@type\":\"ListItem\",\"position\":2,\"name\":\"\u201cNel 2020 gli affari delle mafie cresciuti con la crisi\u201d, il rapporto sulla criminalit\u00e0 lancia l\u2019allarme\"}]},{\"@type\":\"WebSite\",\"@id\":\"https:\/\/www.intoscana.it\/it\/#website\",\"url\":\"https:\/\/www.intoscana.it\/it\/\",\"name\":\"intoscana\",\"description\":\"\",\"potentialAction\":[{\"@type\":\"SearchAction\",\"target\":{\"@type\":\"EntryPoint\",\"urlTemplate\":\"https:\/\/www.intoscana.it\/it\/?s={search_term_string}\"},\"query-input\":{\"@type\":\"PropertyValueSpecification\",\"valueRequired\":true,\"valueName\":\"search_term_string\"}}],\"inLanguage\":\"it-IT\"},{\"@type\":\"Person\",\"@id\":\"https:\/\/www.intoscana.it\/it\/#\/schema\/person\/137419af9ef5d385bde52864a841e6ce\",\"name\":\"Clara D'Acunto\",\"url\":\"https:\/\/www.intoscana.it\/it\/author\/clara-d_acunto\/\"}]}<\/script>\n<!-- \/ Yoast SEO Premium plugin. -->","yoast_head_json":{"title":"\u201cNel 2020 gli affari delle mafie cresciuti con la crisi\u201d, il rapporto sulla criminalit\u00e0 lancia l\u2019allarme - intoscana","description":"Il procuratore Creazzo: \u201cIn corso acquisizioni di beni e imprese\u201d. Nannunci (DIA): \u201cIn un anno 29 interdittive antimafia\u201d","robots":{"index":"index","follow":"follow","max-snippet":"max-snippet:-1","max-image-preview":"max-image-preview:large","max-video-preview":"max-video-preview:-1"},"canonical":"https:\/\/www.intoscana.it\/it\/nel-2020-gli-affari-delle-mafie-cresciuti-con-la-crisi-il-rapporto-sulla-criminalita-lancia-lallarme\/","og_locale":"it_IT","og_type":"article","og_title":"\u201cNel 2020 gli affari delle mafie cresciuti con la crisi\u201d, il rapporto sulla criminalit\u00e0 lancia l\u2019allarme","og_description":"Il procuratore Creazzo: \u201cIn corso acquisizioni di beni e imprese\u201d. Nannunci (DIA): \u201cIn un anno 29 interdittive antimafia\u201d","og_url":"https:\/\/www.intoscana.it\/it\/nel-2020-gli-affari-delle-mafie-cresciuti-con-la-crisi-il-rapporto-sulla-criminalita-lancia-lallarme\/","og_site_name":"intoscana","article_publisher":"https:\/\/www.facebook.com\/intoscana.it","article_published_time":"2020-12-16T14:58:50+00:00","article_modified_time":"2020-12-16T17:16:36+00:00","og_image":[{"width":1000,"height":666,"url":"https:\/\/www.intoscana.it\/wp-content\/uploads\/6bf630b41125afcaa60696a64da74911-9.jpg","type":"image\/jpeg"}],"author":"Clara D'Acunto","twitter_card":"summary_large_image","twitter_creator":"@intoscana","twitter_site":"@intoscana","twitter_misc":{"Written by":"Clara D'Acunto","Est. reading time":"3 minuti"},"schema":{"@context":"https:\/\/schema.org","@graph":[{"@type":"WebPage","@id":"https:\/\/www.intoscana.it\/it\/nel-2020-gli-affari-delle-mafie-cresciuti-con-la-crisi-il-rapporto-sulla-criminalita-lancia-lallarme\/","url":"https:\/\/www.intoscana.it\/it\/nel-2020-gli-affari-delle-mafie-cresciuti-con-la-crisi-il-rapporto-sulla-criminalita-lancia-lallarme\/","name":"\u201cNel 2020 gli affari delle mafie cresciuti con la crisi\u201d, il rapporto sulla criminalit\u00e0 lancia l\u2019allarme - intoscana","isPartOf":{"@id":"https:\/\/www.intoscana.it\/it\/#website"},"primaryImageOfPage":{"@id":"https:\/\/www.intoscana.it\/it\/nel-2020-gli-affari-delle-mafie-cresciuti-con-la-crisi-il-rapporto-sulla-criminalita-lancia-lallarme\/#primaryimage"},"image":{"@id":"https:\/\/www.intoscana.it\/it\/nel-2020-gli-affari-delle-mafie-cresciuti-con-la-crisi-il-rapporto-sulla-criminalita-lancia-lallarme\/#primaryimage"},"thumbnailUrl":"https:\/\/www.intoscana.it\/wp-content\/uploads\/6bf630b41125afcaa60696a64da74911-9.jpg","datePublished":"2020-12-16T14:58:50+00:00","dateModified":"2020-12-16T17:16:36+00:00","author":{"@id":"https:\/\/www.intoscana.it\/it\/#\/schema\/person\/137419af9ef5d385bde52864a841e6ce"},"description":"Il procuratore Creazzo: \u201cIn corso acquisizioni di beni e imprese\u201d. Nannunci (DIA): \u201cIn un anno 29 interdittive antimafia\u201d","breadcrumb":{"@id":"https:\/\/www.intoscana.it\/it\/nel-2020-gli-affari-delle-mafie-cresciuti-con-la-crisi-il-rapporto-sulla-criminalita-lancia-lallarme\/#breadcrumb"},"inLanguage":"it-IT","potentialAction":[{"@type":"ReadAction","target":["https:\/\/www.intoscana.it\/it\/nel-2020-gli-affari-delle-mafie-cresciuti-con-la-crisi-il-rapporto-sulla-criminalita-lancia-lallarme\/"]}]},{"@type":"ImageObject","inLanguage":"it-IT","@id":"https:\/\/www.intoscana.it\/it\/nel-2020-gli-affari-delle-mafie-cresciuti-con-la-crisi-il-rapporto-sulla-criminalita-lancia-lallarme\/#primaryimage","url":"https:\/\/www.intoscana.it\/wp-content\/uploads\/6bf630b41125afcaa60696a64da74911-9.jpg","contentUrl":"https:\/\/www.intoscana.it\/wp-content\/uploads\/6bf630b41125afcaa60696a64da74911-9.jpg","width":1000,"height":666},{"@type":"BreadcrumbList","@id":"https:\/\/www.intoscana.it\/it\/nel-2020-gli-affari-delle-mafie-cresciuti-con-la-crisi-il-rapporto-sulla-criminalita-lancia-lallarme\/#breadcrumb","itemListElement":[{"@type":"ListItem","position":1,"name":"Home","item":"https:\/\/www.intoscana.it\/it\/"},{"@type":"ListItem","position":2,"name":"\u201cNel 2020 gli affari delle mafie cresciuti con la crisi\u201d, il rapporto sulla criminalit\u00e0 lancia l\u2019allarme"}]},{"@type":"WebSite","@id":"https:\/\/www.intoscana.it\/it\/#website","url":"https:\/\/www.intoscana.it\/it\/","name":"intoscana","description":"","potentialAction":[{"@type":"SearchAction","target":{"@type":"EntryPoint","urlTemplate":"https:\/\/www.intoscana.it\/it\/?s={search_term_string}"},"query-input":{"@type":"PropertyValueSpecification","valueRequired":true,"valueName":"search_term_string"}}],"inLanguage":"it-IT"},{"@type":"Person","@id":"https:\/\/www.intoscana.it\/it\/#\/schema\/person\/137419af9ef5d385bde52864a841e6ce","name":"Clara D'Acunto","url":"https:\/\/www.intoscana.it\/it\/author\/clara-d_acunto\/"}]}},"_links":{"self":[{"href":"https:\/\/www.intoscana.it\/it\/wp-json\/wp\/v2\/posts\/161932","targetHints":{"allow":["GET"]}}],"collection":[{"href":"https:\/\/www.intoscana.it\/it\/wp-json\/wp\/v2\/posts"}],"about":[{"href":"https:\/\/www.intoscana.it\/it\/wp-json\/wp\/v2\/types\/post"}],"author":[{"embeddable":true,"href":"https:\/\/www.intoscana.it\/it\/wp-json\/wp\/v2\/users\/545"}],"replies":[{"embeddable":true,"href":"https:\/\/www.intoscana.it\/it\/wp-json\/wp\/v2\/comments?post=161932"}],"version-history":[{"count":0,"href":"https:\/\/www.intoscana.it\/it\/wp-json\/wp\/v2\/posts\/161932\/revisions"}],"wp:featuredmedia":[{"embeddable":true,"href":"https:\/\/www.intoscana.it\/it\/wp-json\/wp\/v2\/media\/100593"}],"wp:attachment":[{"href":"https:\/\/www.intoscana.it\/it\/wp-json\/wp\/v2\/media?parent=161932"}],"wp:term":[{"taxonomy":"category","embeddable":true,"href":"https:\/\/www.intoscana.it\/it\/wp-json\/wp\/v2\/categories?post=161932"},{"taxonomy":"post_tag","embeddable":true,"href":"https:\/\/www.intoscana.it\/it\/wp-json\/wp\/v2\/tags?post=161932"}],"curies":[{"name":"wp","href":"https:\/\/api.w.org\/{rel}","templated":true}]}}