{"id":162099,"date":"2020-12-18T10:26:41","date_gmt":"2020-12-18T09:26:41","guid":{"rendered":"https:\/\/www.intoscana.it\/it\/?p=162099"},"modified":"2020-12-18T10:53:47","modified_gmt":"2020-12-18T09:53:47","slug":"rapper-e-educatore-in-carcere-il-2020-di-charlie-dakilo-nel-suo-disco-brutto","status":"publish","type":"post","link":"https:\/\/www.intoscana.it\/it\/rapper-e-educatore-in-carcere-il-2020-di-charlie-dakilo-nel-suo-disco-brutto\/","title":{"rendered":"Rapper e educatore in carcere: il 2020 di Charlie Dakilo nel suo &#8220;Disco Brutto&#8221;"},"content":{"rendered":"<p><strong><a href=\"https:\/\/charliedakilo.bandcamp.com\" target=\"_blank\" rel=\"noopener noreferrer\">Charlie Dakilo<\/a>,<\/strong> classe &#8217;84, ha mosso i primi passi nella <strong>cultura hip hop<\/strong> agli inizi del nuovo millennio. Dopo anni passati fra jam e live in tutta la Toscana, nasce <strong>La Primiera<\/strong>\u00a0crew che esordisce nel 2009 con <em><strong>&#8220;Unshittable&#8221; <\/strong><\/em>e\u00a0che produce dopo due anni di attivit\u00e0 il disco<em><strong> &#8220;Sangue e inchiostro&#8221;<\/strong><\/em>. Concluso il progetto della Primiera, Dakilo ha esordito nel 2015 con <a href=\"https:\/\/www.intoscana.it\/it\/dettaglio-video\/charlie-dakilo-il-rapper-fiorentino-che-si-ispira-a-luigi-pirandello\/\" target=\"_blank\" rel=\"noopener noreferrer\"><em><strong>&#8220;Cos\u00ec \u00e8 se vi pare&#8221;,<\/strong><\/em>\u00a0un disco ispirato a <strong>Pirandello<\/strong>.<\/a> Due anni dopo pubblica insieme al socio <strong>Nanne<\/strong> il secondo volume del mixtape <em><strong>&#8220;Fi Riders &#8211; Nanne vs Charlie Dakilo&#8221;<\/strong> <\/em>che porter\u00e0 il duo a suonare in giro per l&#8217;Italia, da Perugia a Milano, passando per Macerata, Livorno, Modena, Massa e ovviamente Firenze.<\/p>\n<p>Adesso esce <em><strong>&#8220;Brutto Disco&#8221;<\/strong><\/em> un album figlio di questi tempi e delle esperienze personali del rapper fiorentino sospeso fra l&#8217;amore per il microfono e<strong> la sua attivit\u00e0 di educatore sociale rivolta a ragazzi e detenuti nei carceri fiorentini<\/strong><strong>.\u00a0<\/strong>Un viaggio molto personale,\u00a0triste e nostalgico, quasi fatalista. Forse <strong>&#8216;brutto&#8217; anche perch\u00e9 \u00e8 vero, senza filtri, diretto e in maniera grottesca anche sincero.<\/strong> Un disco che racconta le notti passate solo in studio<strong> in cerca di un percorso catartico.<\/strong><\/p>\n<h3>Ecco la nostra intervista<\/h3>\n<p><strong>Ciao Charlie! Partiamo dal titolo del tuo album, si potrebbe dire un disco &#8220;Brutto&#8221; per un anno altrettanto brutto&#8230;<\/strong><\/p>\n<p>Beh l&#8217;anno va veramente a pennello con il <em><strong>&#8220;Brutto Disco&#8221;<\/strong><\/em> effettivamente. Diciamo che dove tutti ricercano sempre la bellezza arrivare con un disco che si chiama &#8220;Brutto&#8221; non \u00e8 cos\u00ec scontato. Il titolo \u00e8 nato anche un po&#8217; per rispecchiare i contenuti dei brani. Il mood \u00e8 abbastanza nostalgico, riflessivo, un po&#8217; anche se vuoi <strong>&#8220;preso male&#8221;, non \u00e8 un album felice e di conseguenza \u00e8 &#8220;brutto&#8221;.<\/strong><\/p>\n<p><strong>Il genere di musica che fai forse anche pi\u00f9 di altri si presta a esprimere tutto quello che si ha dentro in una maniera molto diretta e sincera<\/strong><\/p>\n<p><strong>Il disco raccoglie gli ultimi due anni della mia vita<\/strong>, ho cercato di mettere nei pezzi <strong>tutte le sensazioni e gli stati d&#8217;animo che ho vissuto nell&#8217;ultimo periodo<\/strong>. Nasce proprio dall&#8217;esigenza di esprimermi ma anche di metabolizzare scrivendo questi pezzi queste sensazioni e questi pensieri, per <strong>&#8220;buttare fuori&#8221; tutto nella musica in modo da riuscire a mettere un punto alla situazione che stavo vivendo.<\/strong><\/p>\n<p><iframe loading=\"lazy\" src=\"https:\/\/www.youtube.com\/embed\/2OotOIdOnxk\" width=\"800\" height=\"500\" frameborder=\"0\" allowfullscreen=\"allowfullscreen\"><\/iframe><\/p>\n<p><strong>Si pu\u00f2 dire che la musica per te \u00e8 un modo per curarsi<\/strong><\/p>\n<p>S\u00ec anche perch\u00e8 sono una persona che scrive soprattutto quando sta male, per me \u00e8 terapeutico, mi fa bene.<\/p>\n<p><strong>Nel disco ci sono tante collaborazioni, come sono nate?<\/strong><\/p>\n<p>Con <strong>Ninjaz e K!Dust<\/strong> ci conosciamo da lunga data, gi\u00e0 suonavamo insieme ai tempi de La Primera quindi sono venute spontanee. Con<strong> XL Mad<\/strong> siamo amici da tanto tempo ma non c&#8217;era mai stata l&#8217;occasione di collaborare insieme e cos\u00ec ne ho voluto approfittare. Mi piaceva avere la sua contaminazione per questo disco, <strong>quello con lui \u00e8 uno dei pezzi pi\u00f9 azzeccati, mi soddisfa molto anche se certo non spetta a me dirlo<\/strong>. Per quanto riguarda <strong>Nick Fondo c&#8217;\u00e8 una piccola storia dietro<\/strong>. Io lavoro come educatore all&#8217;interno dei<strong> carceri di Firenze,<\/strong> faccio laboratori di musica rap con i detenuti. Nick Fondo l&#8217;ho conosciuto durante uno di questi laboratori, siamo stati un anno insieme e <strong>ho subito individuato in lui delle doti particolari, un certo talento, nonch\u00e9 un feeling a livello personale e musicale<\/strong>. L&#8217;idea \u00e8 nata <strong>durante alcuni permessi premio in cui siamo andati insieme in studio per lavorare ai suoi pezzi.<\/strong> L&#8217;idea di fare un pezzo insieme \u00e8 venuta in maniera molto spontanea, mi piaceva dargli uno spazio all&#8217;interno del mio disco.<\/p>\n<p><strong>Si pu\u00f2 dire che l&#8217;hai &#8220;scoperto&#8221; te?<\/strong><\/p>\n<p><strong>Lui aveva gi\u00e0 iniziato a masticare il rap, poi con i laboratori ha avuto l&#8217;opportunit\u00e0 di affinarsi<\/strong>, fare delle esperienze in pi\u00f9. L&#8217;abbiamo anche portato a suonare a un festival la scorsa estate il Copula Mundi. Lo abbiamo seguito in maniera pi\u00f9 approfondita. Aveva perso di vista la musica, con noi \u00e8 riuscito a riprenderla in mano, a migliorare e ad andare avanti.<\/p>\n<p><strong>Ti faccio davvero tanti complimenti per la tua attivit\u00e0 di educatore in carcere, ma come si concilia questo con la tua vita di musicista, mi sembra che i due ambiti si influenzino molto, sono due universi che si contaminano, giusto?<\/strong><\/p>\n<p>Dici bene perch\u00e8 all&#8217;interno di questi laboratori mi occupo della produzione, della registrazione e del mixaggio dei brani, nonch\u00e9 della parte di scrittura. Quindi sono mondi che si intrecciano. <strong>In qualche modo riesco a lavorare con la musica e cerco di trasmettere la mia esperienza ai ragazzi che seguo.<\/strong><\/p>\n<p><strong>Sei riuscito a proseguire questa attivit\u00e0 anche durante il lockdown?<\/strong><\/p>\n<p><strong>Nel minorile fortunatamente stiamo continuando a fare attivit\u00e0,<\/strong> mentre nel carcere degli adulti ci hanno stoppato per motivi precauzionali quindi siamo fermi da ottobre. Per\u00f2 contiamo di riprendere a gennaio o comunque quanto prima. Anche perch\u00e8 <strong>per i ragazzi non \u00e8 scontato dirlo \u00e8 davvero molto molto importante. Con la musica riescono ad esprimersi, a buttare fuori le loro storie, a sfogarsi un po&#8217;.\u00a0<\/strong><\/p>\n<figure id=\"post-162101 media-162101\" class=\"align-none\"><img decoding=\"async\" src=\"https:\/\/www.intoscana.it\/wp-content\/uploads\/Brutto-Disco-cover.jpg\" alt=\"\" \/><\/figure>\n<div class=\"titleimg\">Charlie Dakilo, Brutto Disco<\/div>\n<p>&nbsp;<\/p>\n","protected":false},"excerpt":{"rendered":"<p>Dieci tracce dense di vita: dalle collaborazioni con la Numa Crew a quella, speciale, con Nick Fondo, detenuto conosciuto in un laboratorio rap<\/p>\n","protected":false},"author":518,"featured_media":162103,"comment_status":"open","ping_status":"open","sticky":false,"template":"","format":"standard","meta":{"_acf_changed":false,"footnotes":""},"categories":[14],"tags":[3138,3196,4515],"class_list":["post-162099","post","type-post","status-publish","format-standard","has-post-thumbnail","hentry","category-musica","tag-interviste-agli-artisti","tag-musicisti","tag-rap"],"acf":[],"yoast_head":"<!-- This site is optimized with the Yoast SEO Premium plugin v24.2 (Yoast SEO v25.6) - https:\/\/yoast.com\/wordpress\/plugins\/seo\/ -->\n<title>Rapper e educatore in carcere: il 2020 di Charlie Dakilo nel suo &quot;Disco Brutto&quot; - intoscana<\/title>\n<meta name=\"description\" content=\"Dieci tracce dense di vita: dalle collaborazioni con la Numa Crew a quella, speciale, con Nick Fondo detenuto conosciuto in carcere\" \/>\n<meta name=\"robots\" content=\"index, follow, max-snippet:-1, max-image-preview:large, max-video-preview:-1\" \/>\n<link rel=\"canonical\" href=\"https:\/\/www.intoscana.it\/it\/rapper-e-educatore-in-carcere-il-2020-di-charlie-dakilo-nel-suo-disco-brutto\/\" \/>\n<meta property=\"og:locale\" content=\"it_IT\" \/>\n<meta property=\"og:type\" content=\"article\" \/>\n<meta property=\"og:title\" content=\"Rapper e educatore in carcere: il 2020 di Charlie Dakilo nel suo &quot;Disco Brutto&quot;\" \/>\n<meta property=\"og:description\" content=\"Dieci tracce dense di vita: dalle collaborazioni con la Numa Crew a quella, speciale, con Nick Fondo detenuto conosciuto in carcere\" \/>\n<meta property=\"og:url\" content=\"https:\/\/www.intoscana.it\/it\/rapper-e-educatore-in-carcere-il-2020-di-charlie-dakilo-nel-suo-disco-brutto\/\" \/>\n<meta property=\"og:site_name\" content=\"intoscana\" \/>\n<meta property=\"article:publisher\" content=\"https:\/\/www.facebook.com\/intoscana.it\" \/>\n<meta property=\"article:published_time\" content=\"2020-12-18T09:26:41+00:00\" \/>\n<meta property=\"article:modified_time\" content=\"2020-12-18T09:53:47+00:00\" \/>\n<meta property=\"og:image\" content=\"https:\/\/www.intoscana.it\/wp-content\/uploads\/Charlie-Dakilo-2-1.jpg\" \/>\n\t<meta property=\"og:image:width\" content=\"1600\" \/>\n\t<meta property=\"og:image:height\" content=\"1200\" \/>\n\t<meta property=\"og:image:type\" content=\"image\/jpeg\" \/>\n<meta name=\"author\" content=\"Costanza Baldini\" \/>\n<meta name=\"twitter:card\" content=\"summary_large_image\" \/>\n<meta name=\"twitter:creator\" content=\"@intoscana\" \/>\n<meta name=\"twitter:site\" content=\"@intoscana\" \/>\n<meta name=\"twitter:label1\" content=\"Written by\" \/>\n\t<meta name=\"twitter:data1\" content=\"Costanza Baldini\" \/>\n\t<meta name=\"twitter:label2\" content=\"Est. reading time\" \/>\n\t<meta name=\"twitter:data2\" content=\"4 minuti\" \/>\n<script type=\"application\/ld+json\" class=\"yoast-schema-graph\">{\"@context\":\"https:\/\/schema.org\",\"@graph\":[{\"@type\":\"WebPage\",\"@id\":\"https:\/\/www.intoscana.it\/it\/rapper-e-educatore-in-carcere-il-2020-di-charlie-dakilo-nel-suo-disco-brutto\/\",\"url\":\"https:\/\/www.intoscana.it\/it\/rapper-e-educatore-in-carcere-il-2020-di-charlie-dakilo-nel-suo-disco-brutto\/\",\"name\":\"Rapper e educatore in carcere: il 2020 di Charlie Dakilo nel suo \\\"Disco Brutto\\\" - intoscana\",\"isPartOf\":{\"@id\":\"https:\/\/www.intoscana.it\/it\/#website\"},\"primaryImageOfPage\":{\"@id\":\"https:\/\/www.intoscana.it\/it\/rapper-e-educatore-in-carcere-il-2020-di-charlie-dakilo-nel-suo-disco-brutto\/#primaryimage\"},\"image\":{\"@id\":\"https:\/\/www.intoscana.it\/it\/rapper-e-educatore-in-carcere-il-2020-di-charlie-dakilo-nel-suo-disco-brutto\/#primaryimage\"},\"thumbnailUrl\":\"https:\/\/www.intoscana.it\/wp-content\/uploads\/Charlie-Dakilo-2-1.jpg\",\"datePublished\":\"2020-12-18T09:26:41+00:00\",\"dateModified\":\"2020-12-18T09:53:47+00:00\",\"author\":{\"@id\":\"https:\/\/www.intoscana.it\/it\/#\/schema\/person\/d469f35f09739bdf00bf5dd3f0647a82\"},\"description\":\"Dieci tracce dense di vita: dalle collaborazioni con la Numa Crew a quella, speciale, con Nick Fondo detenuto conosciuto in carcere\",\"breadcrumb\":{\"@id\":\"https:\/\/www.intoscana.it\/it\/rapper-e-educatore-in-carcere-il-2020-di-charlie-dakilo-nel-suo-disco-brutto\/#breadcrumb\"},\"inLanguage\":\"it-IT\",\"potentialAction\":[{\"@type\":\"ReadAction\",\"target\":[\"https:\/\/www.intoscana.it\/it\/rapper-e-educatore-in-carcere-il-2020-di-charlie-dakilo-nel-suo-disco-brutto\/\"]}]},{\"@type\":\"ImageObject\",\"inLanguage\":\"it-IT\",\"@id\":\"https:\/\/www.intoscana.it\/it\/rapper-e-educatore-in-carcere-il-2020-di-charlie-dakilo-nel-suo-disco-brutto\/#primaryimage\",\"url\":\"https:\/\/www.intoscana.it\/wp-content\/uploads\/Charlie-Dakilo-2-1.jpg\",\"contentUrl\":\"https:\/\/www.intoscana.it\/wp-content\/uploads\/Charlie-Dakilo-2-1.jpg\",\"width\":1600,\"height\":1200},{\"@type\":\"BreadcrumbList\",\"@id\":\"https:\/\/www.intoscana.it\/it\/rapper-e-educatore-in-carcere-il-2020-di-charlie-dakilo-nel-suo-disco-brutto\/#breadcrumb\",\"itemListElement\":[{\"@type\":\"ListItem\",\"position\":1,\"name\":\"Home\",\"item\":\"https:\/\/www.intoscana.it\/it\/\"},{\"@type\":\"ListItem\",\"position\":2,\"name\":\"Rapper e educatore in carcere: il 2020 di Charlie Dakilo nel suo &#8220;Disco Brutto&#8221;\"}]},{\"@type\":\"WebSite\",\"@id\":\"https:\/\/www.intoscana.it\/it\/#website\",\"url\":\"https:\/\/www.intoscana.it\/it\/\",\"name\":\"intoscana\",\"description\":\"\",\"potentialAction\":[{\"@type\":\"SearchAction\",\"target\":{\"@type\":\"EntryPoint\",\"urlTemplate\":\"https:\/\/www.intoscana.it\/it\/?s={search_term_string}\"},\"query-input\":{\"@type\":\"PropertyValueSpecification\",\"valueRequired\":true,\"valueName\":\"search_term_string\"}}],\"inLanguage\":\"it-IT\"},{\"@type\":\"Person\",\"@id\":\"https:\/\/www.intoscana.it\/it\/#\/schema\/person\/d469f35f09739bdf00bf5dd3f0647a82\",\"name\":\"Costanza Baldini\",\"url\":\"https:\/\/www.intoscana.it\/it\/author\/costanza-baldini\/\"}]}<\/script>\n<!-- \/ Yoast SEO Premium plugin. -->","yoast_head_json":{"title":"Rapper e educatore in carcere: il 2020 di Charlie Dakilo nel suo \"Disco Brutto\" - intoscana","description":"Dieci tracce dense di vita: dalle collaborazioni con la Numa Crew a quella, speciale, con Nick Fondo detenuto conosciuto in carcere","robots":{"index":"index","follow":"follow","max-snippet":"max-snippet:-1","max-image-preview":"max-image-preview:large","max-video-preview":"max-video-preview:-1"},"canonical":"https:\/\/www.intoscana.it\/it\/rapper-e-educatore-in-carcere-il-2020-di-charlie-dakilo-nel-suo-disco-brutto\/","og_locale":"it_IT","og_type":"article","og_title":"Rapper e educatore in carcere: il 2020 di Charlie Dakilo nel suo \"Disco Brutto\"","og_description":"Dieci tracce dense di vita: dalle collaborazioni con la Numa Crew a quella, speciale, con Nick Fondo detenuto conosciuto in carcere","og_url":"https:\/\/www.intoscana.it\/it\/rapper-e-educatore-in-carcere-il-2020-di-charlie-dakilo-nel-suo-disco-brutto\/","og_site_name":"intoscana","article_publisher":"https:\/\/www.facebook.com\/intoscana.it","article_published_time":"2020-12-18T09:26:41+00:00","article_modified_time":"2020-12-18T09:53:47+00:00","og_image":[{"width":1600,"height":1200,"url":"https:\/\/www.intoscana.it\/wp-content\/uploads\/Charlie-Dakilo-2-1.jpg","type":"image\/jpeg"}],"author":"Costanza Baldini","twitter_card":"summary_large_image","twitter_creator":"@intoscana","twitter_site":"@intoscana","twitter_misc":{"Written by":"Costanza Baldini","Est. reading time":"4 minuti"},"schema":{"@context":"https:\/\/schema.org","@graph":[{"@type":"WebPage","@id":"https:\/\/www.intoscana.it\/it\/rapper-e-educatore-in-carcere-il-2020-di-charlie-dakilo-nel-suo-disco-brutto\/","url":"https:\/\/www.intoscana.it\/it\/rapper-e-educatore-in-carcere-il-2020-di-charlie-dakilo-nel-suo-disco-brutto\/","name":"Rapper e educatore in carcere: il 2020 di Charlie Dakilo nel suo \"Disco Brutto\" - intoscana","isPartOf":{"@id":"https:\/\/www.intoscana.it\/it\/#website"},"primaryImageOfPage":{"@id":"https:\/\/www.intoscana.it\/it\/rapper-e-educatore-in-carcere-il-2020-di-charlie-dakilo-nel-suo-disco-brutto\/#primaryimage"},"image":{"@id":"https:\/\/www.intoscana.it\/it\/rapper-e-educatore-in-carcere-il-2020-di-charlie-dakilo-nel-suo-disco-brutto\/#primaryimage"},"thumbnailUrl":"https:\/\/www.intoscana.it\/wp-content\/uploads\/Charlie-Dakilo-2-1.jpg","datePublished":"2020-12-18T09:26:41+00:00","dateModified":"2020-12-18T09:53:47+00:00","author":{"@id":"https:\/\/www.intoscana.it\/it\/#\/schema\/person\/d469f35f09739bdf00bf5dd3f0647a82"},"description":"Dieci tracce dense di vita: dalle collaborazioni con la Numa Crew a quella, speciale, con Nick Fondo detenuto conosciuto in carcere","breadcrumb":{"@id":"https:\/\/www.intoscana.it\/it\/rapper-e-educatore-in-carcere-il-2020-di-charlie-dakilo-nel-suo-disco-brutto\/#breadcrumb"},"inLanguage":"it-IT","potentialAction":[{"@type":"ReadAction","target":["https:\/\/www.intoscana.it\/it\/rapper-e-educatore-in-carcere-il-2020-di-charlie-dakilo-nel-suo-disco-brutto\/"]}]},{"@type":"ImageObject","inLanguage":"it-IT","@id":"https:\/\/www.intoscana.it\/it\/rapper-e-educatore-in-carcere-il-2020-di-charlie-dakilo-nel-suo-disco-brutto\/#primaryimage","url":"https:\/\/www.intoscana.it\/wp-content\/uploads\/Charlie-Dakilo-2-1.jpg","contentUrl":"https:\/\/www.intoscana.it\/wp-content\/uploads\/Charlie-Dakilo-2-1.jpg","width":1600,"height":1200},{"@type":"BreadcrumbList","@id":"https:\/\/www.intoscana.it\/it\/rapper-e-educatore-in-carcere-il-2020-di-charlie-dakilo-nel-suo-disco-brutto\/#breadcrumb","itemListElement":[{"@type":"ListItem","position":1,"name":"Home","item":"https:\/\/www.intoscana.it\/it\/"},{"@type":"ListItem","position":2,"name":"Rapper e educatore in carcere: il 2020 di Charlie Dakilo nel suo &#8220;Disco Brutto&#8221;"}]},{"@type":"WebSite","@id":"https:\/\/www.intoscana.it\/it\/#website","url":"https:\/\/www.intoscana.it\/it\/","name":"intoscana","description":"","potentialAction":[{"@type":"SearchAction","target":{"@type":"EntryPoint","urlTemplate":"https:\/\/www.intoscana.it\/it\/?s={search_term_string}"},"query-input":{"@type":"PropertyValueSpecification","valueRequired":true,"valueName":"search_term_string"}}],"inLanguage":"it-IT"},{"@type":"Person","@id":"https:\/\/www.intoscana.it\/it\/#\/schema\/person\/d469f35f09739bdf00bf5dd3f0647a82","name":"Costanza Baldini","url":"https:\/\/www.intoscana.it\/it\/author\/costanza-baldini\/"}]}},"_links":{"self":[{"href":"https:\/\/www.intoscana.it\/it\/wp-json\/wp\/v2\/posts\/162099","targetHints":{"allow":["GET"]}}],"collection":[{"href":"https:\/\/www.intoscana.it\/it\/wp-json\/wp\/v2\/posts"}],"about":[{"href":"https:\/\/www.intoscana.it\/it\/wp-json\/wp\/v2\/types\/post"}],"author":[{"embeddable":true,"href":"https:\/\/www.intoscana.it\/it\/wp-json\/wp\/v2\/users\/518"}],"replies":[{"embeddable":true,"href":"https:\/\/www.intoscana.it\/it\/wp-json\/wp\/v2\/comments?post=162099"}],"version-history":[{"count":0,"href":"https:\/\/www.intoscana.it\/it\/wp-json\/wp\/v2\/posts\/162099\/revisions"}],"wp:featuredmedia":[{"embeddable":true,"href":"https:\/\/www.intoscana.it\/it\/wp-json\/wp\/v2\/media\/162103"}],"wp:attachment":[{"href":"https:\/\/www.intoscana.it\/it\/wp-json\/wp\/v2\/media?parent=162099"}],"wp:term":[{"taxonomy":"category","embeddable":true,"href":"https:\/\/www.intoscana.it\/it\/wp-json\/wp\/v2\/categories?post=162099"},{"taxonomy":"post_tag","embeddable":true,"href":"https:\/\/www.intoscana.it\/it\/wp-json\/wp\/v2\/tags?post=162099"}],"curies":[{"name":"wp","href":"https:\/\/api.w.org\/{rel}","templated":true}]}}