{"id":162231,"date":"2020-12-19T12:51:57","date_gmt":"2020-12-19T11:51:57","guid":{"rendered":"https:\/\/www.intoscana.it\/it\/?p=162231"},"modified":"2020-12-19T12:53:07","modified_gmt":"2020-12-19T11:53:07","slug":"emergenza-covid-19-30-milioni-dalla-regione-per-le-famiglie-toscane","status":"publish","type":"post","link":"https:\/\/www.intoscana.it\/it\/emergenza-covid-19-30-milioni-dalla-regione-per-le-famiglie-toscane\/","title":{"rendered":"Emergenza Covid-19: 30 milioni dalla Regione per le famiglie toscane"},"content":{"rendered":"<p><strong>Sostegno all\u2019acquisto di alimenti, contributi per l\u2019affitto e interventi di assistenza domiciliare:<\/strong> sono queste le misure che potranno essere attivate con<strong> le risorse straordinarie, 30 milioni di euro, destinate dalla Giunta regionale<\/strong> per contrastare <strong>il crescente disagio sociale determinato dalla crisi sanitaria,<\/strong> con l\u2019Avviso pubblico \u201c<strong>Azioni di sostegno integrate rivolte alle fasce pi\u00f9 deboli della popolazione a seguito dell\u2019emergenza Covid-19&#8243;.<\/strong><\/p>\n<p>\u201cLa pandemia ha peggiorato la condizione di tutti &#8211; afferma <strong>il Presidente della Regione Toscana Eugenio Giani<\/strong> &#8211; ma ad essere pi\u00f9 penalizzati sono soprattutto<strong> i soggetti socialmente deboli, gli anziani, i disoccupati, le famiglie pi\u00f9 bisognose.<\/strong> Crediamo sia necessario rafforzare le reti di protezione esistenti e predisporre un sistema di welfare pi\u00f9 attento ai bisogni di chi ha bisogno. Va in questo senso l\u2019importante <strong>stanziamento straordinario di 30 milioni di euro<\/strong> che abbiamo varato e che \u00e8 destinato a chi \u00e8 maggiormente in difficolt\u00e0\u201d.<\/p>\n<p><strong>\u201cGli effetti sociali della crisi sanitaria che stiamo vivendo \u2013<\/strong> aggiunge<strong> l\u2019assessora al sociale Serena Spinelli<\/strong> \u2013 si sommano alle<strong> difficolt\u00e0 economiche gi\u00e0 diffuse prima della crisi<\/strong> e rendono ancora pi\u00f9 difficile per molte famiglie toscane accedere a <strong>beni e servizi primari, quali un\u2019adeguata alimentazione, la casa e l\u2019assistenza domiciliare<\/strong> sia per gli anziani non autosufficienti, sia per i ragazzi e le ragazze in condizioni di disagio che, soprattutto con la didattica a distanza, hanno bisogno di maggiore sostegno e affiancamento\u201d.<\/p>\n<p>I fondi derivano da <strong>una riprogrammazione delle risorse comunitarie del Fondo sociale europeo.<\/strong> La Regione, attraverso l\u2019avviso pubblicato sul BURT, destiner\u00e0 questi fondi alle societ\u00e0 della salute e ai comuni che poi li erogheranno ai cittadini. <strong>L\u2019intervento interesser\u00e0 tutti e 270 i comuni toscani<\/strong> e il riparto tiene conto di un criterio demografico e delle condizioni di disagio economico o abitativo presenti nell\u2019area. Gli enti pubblici potranno stabilire come ripartire tra le tre linee di intervento le cifre loro destinate, ma dovranno riservare almeno il 20% agli interventi di assistenza domiciliare.<\/p>\n<p>\u201cAbbiamo chiesto ai Comuni e alle<strong> Societ\u00e0 della Salute<\/strong>, che ringrazio, un grande sforzo \u2013 continua Spinelli \u2013 per <strong>giungere in tempi strettissimi all\u2019erogazione dei fondi messi a disposizione.<\/strong> Nonostante questo, gli interventi previsti sono coerenti con le linee consolidate di utilizzo delle risorse del Fondo Sociale Europeo e sono orientati alla valorizzazione delle reti dei servizi territoriali e all&#8217;integrazione con le azioni gi\u00e0 esistenti sui territori. Questo \u00e8 un elemento essenziale affinch\u00e9 le misure previste abbiano la massima efficacia e rappresentino un valore in prospettiva futura&#8221;.<\/p>\n<p>Dal momento della pubblicazione dell\u2019avviso, <strong>gli enti avranno dieci giorni per presentare domanda<\/strong>. In questo modo saranno compressi i tempi in cui la misura diventer\u00e0 operativa, e rapidi anche i tempi di erogazione: una volta ottenuti i fondi, il 90% delle risorse sar\u00e0 anticipato.<\/p>\n<p><strong>\u201cCollaborazione tra tutti i livelli istituzionali e un carattere intergenerazionale sono i tratti distintivi di questo intervento,<\/strong> con il quale vogliamo <strong>ribadire l\u2019urgenza di trovare risposte rapide a bisogni primari e concreti,<\/strong> l\u2019importanza della collaborazione tra le istituzioni nel dare risposte ai cittadini e<strong> la necessit\u00e0 di ripensare alle politiche di welfare<\/strong> come interventi allo stesso tempo mirati e complessi, capaci di dare risposte diversificate, ma rinnovando un patto sociale tra territori e istituzioni su cui dovremo continuare ad investire anche in futuro, sia in questo periodo di emergenza sanitaria, sia per il suo superamento\u201d, ha concluso l&#8217;assessora Spinelli.<\/p>\n","protected":false},"excerpt":{"rendered":"<p>Sono destinati ai soggetti socialmente deboli, gli anziani, i disoccupati, le famiglie pi\u00f9 bisognose che maggiormente soffrono la crisi generata dalla pandemia in corso<\/p>\n","protected":false},"author":525,"featured_media":162232,"comment_status":"open","ping_status":"open","sticky":false,"template":"","format":"standard","meta":{"_acf_changed":false,"footnotes":""},"categories":[494],"tags":[418,5186,151],"class_list":["post-162231","post","type-post","status-publish","format-standard","has-post-thumbnail","hentry","category-attualita","tag-covid-19","tag-famiglie","tag-regione-toscana"],"acf":[],"yoast_head":"<!-- This site is optimized with the Yoast SEO Premium plugin v24.2 (Yoast SEO v25.6) - https:\/\/yoast.com\/wordpress\/plugins\/seo\/ -->\n<title>Emergenza Covid-19: 30 milioni dalla Regione per le famiglie toscane - intoscana<\/title>\n<meta name=\"description\" content=\"Sono destinati ai soggetti socialmente deboli, gli anziani, i disoccupati, le famiglie pi\u00f9 bisognose che maggiormente soffrono la crisi\" \/>\n<meta name=\"robots\" content=\"index, follow, max-snippet:-1, max-image-preview:large, max-video-preview:-1\" \/>\n<link rel=\"canonical\" href=\"https:\/\/www.intoscana.it\/it\/emergenza-covid-19-30-milioni-dalla-regione-per-le-famiglie-toscane\/\" \/>\n<meta property=\"og:locale\" content=\"it_IT\" \/>\n<meta property=\"og:type\" content=\"article\" \/>\n<meta property=\"og:title\" content=\"Emergenza Covid-19: 30 milioni dalla Regione per le famiglie toscane\" \/>\n<meta property=\"og:description\" content=\"Sono destinati ai soggetti socialmente deboli, gli anziani, i disoccupati, le famiglie pi\u00f9 bisognose che maggiormente soffrono la crisi\" \/>\n<meta property=\"og:url\" content=\"https:\/\/www.intoscana.it\/it\/emergenza-covid-19-30-milioni-dalla-regione-per-le-famiglie-toscane\/\" \/>\n<meta property=\"og:site_name\" content=\"intoscana\" \/>\n<meta property=\"article:publisher\" content=\"https:\/\/www.facebook.com\/intoscana.it\" \/>\n<meta property=\"article:published_time\" content=\"2020-12-19T11:51:57+00:00\" \/>\n<meta property=\"article:modified_time\" content=\"2020-12-19T11:53:07+00:00\" \/>\n<meta property=\"og:image\" content=\"https:\/\/www.intoscana.it\/wp-content\/uploads\/Una-famiglia-a-Natale-con-la-mascherina-scaled.jpg\" \/>\n\t<meta property=\"og:image:width\" content=\"2048\" \/>\n\t<meta property=\"og:image:height\" content=\"1366\" \/>\n\t<meta property=\"og:image:type\" content=\"image\/jpeg\" \/>\n<meta name=\"author\" content=\"Redazione\" \/>\n<meta name=\"twitter:card\" content=\"summary_large_image\" \/>\n<meta name=\"twitter:creator\" content=\"@intoscana\" \/>\n<meta name=\"twitter:site\" content=\"@intoscana\" \/>\n<meta name=\"twitter:label1\" content=\"Written by\" \/>\n\t<meta name=\"twitter:data1\" content=\"Redazione\" \/>\n\t<meta name=\"twitter:label2\" content=\"Est. reading time\" \/>\n\t<meta name=\"twitter:data2\" content=\"3 minuti\" \/>\n<script type=\"application\/ld+json\" class=\"yoast-schema-graph\">{\"@context\":\"https:\/\/schema.org\",\"@graph\":[{\"@type\":\"WebPage\",\"@id\":\"https:\/\/www.intoscana.it\/it\/emergenza-covid-19-30-milioni-dalla-regione-per-le-famiglie-toscane\/\",\"url\":\"https:\/\/www.intoscana.it\/it\/emergenza-covid-19-30-milioni-dalla-regione-per-le-famiglie-toscane\/\",\"name\":\"Emergenza Covid-19: 30 milioni dalla Regione per le famiglie toscane - intoscana\",\"isPartOf\":{\"@id\":\"https:\/\/www.intoscana.it\/it\/#website\"},\"primaryImageOfPage\":{\"@id\":\"https:\/\/www.intoscana.it\/it\/emergenza-covid-19-30-milioni-dalla-regione-per-le-famiglie-toscane\/#primaryimage\"},\"image\":{\"@id\":\"https:\/\/www.intoscana.it\/it\/emergenza-covid-19-30-milioni-dalla-regione-per-le-famiglie-toscane\/#primaryimage\"},\"thumbnailUrl\":\"https:\/\/www.intoscana.it\/wp-content\/uploads\/Una-famiglia-a-Natale-con-la-mascherina-scaled.jpg\",\"datePublished\":\"2020-12-19T11:51:57+00:00\",\"dateModified\":\"2020-12-19T11:53:07+00:00\",\"author\":{\"@id\":\"https:\/\/www.intoscana.it\/it\/#\/schema\/person\/9223810753230f20bd670fdd322661f8\"},\"description\":\"Sono destinati ai soggetti socialmente deboli, gli anziani, i disoccupati, le famiglie pi\u00f9 bisognose che maggiormente soffrono la crisi\",\"breadcrumb\":{\"@id\":\"https:\/\/www.intoscana.it\/it\/emergenza-covid-19-30-milioni-dalla-regione-per-le-famiglie-toscane\/#breadcrumb\"},\"inLanguage\":\"it-IT\",\"potentialAction\":[{\"@type\":\"ReadAction\",\"target\":[\"https:\/\/www.intoscana.it\/it\/emergenza-covid-19-30-milioni-dalla-regione-per-le-famiglie-toscane\/\"]}]},{\"@type\":\"ImageObject\",\"inLanguage\":\"it-IT\",\"@id\":\"https:\/\/www.intoscana.it\/it\/emergenza-covid-19-30-milioni-dalla-regione-per-le-famiglie-toscane\/#primaryimage\",\"url\":\"https:\/\/www.intoscana.it\/wp-content\/uploads\/Una-famiglia-a-Natale-con-la-mascherina-scaled.jpg\",\"contentUrl\":\"https:\/\/www.intoscana.it\/wp-content\/uploads\/Una-famiglia-a-Natale-con-la-mascherina-scaled.jpg\",\"width\":2048,\"height\":1366},{\"@type\":\"BreadcrumbList\",\"@id\":\"https:\/\/www.intoscana.it\/it\/emergenza-covid-19-30-milioni-dalla-regione-per-le-famiglie-toscane\/#breadcrumb\",\"itemListElement\":[{\"@type\":\"ListItem\",\"position\":1,\"name\":\"Home\",\"item\":\"https:\/\/www.intoscana.it\/it\/\"},{\"@type\":\"ListItem\",\"position\":2,\"name\":\"Emergenza Covid-19: 30 milioni dalla Regione per le famiglie toscane\"}]},{\"@type\":\"WebSite\",\"@id\":\"https:\/\/www.intoscana.it\/it\/#website\",\"url\":\"https:\/\/www.intoscana.it\/it\/\",\"name\":\"intoscana\",\"description\":\"\",\"potentialAction\":[{\"@type\":\"SearchAction\",\"target\":{\"@type\":\"EntryPoint\",\"urlTemplate\":\"https:\/\/www.intoscana.it\/it\/?s={search_term_string}\"},\"query-input\":{\"@type\":\"PropertyValueSpecification\",\"valueRequired\":true,\"valueName\":\"search_term_string\"}}],\"inLanguage\":\"it-IT\"},{\"@type\":\"Person\",\"@id\":\"https:\/\/www.intoscana.it\/it\/#\/schema\/person\/9223810753230f20bd670fdd322661f8\",\"name\":\"Redazione\",\"url\":\"https:\/\/www.intoscana.it\/it\/author\/redazione\/\"}]}<\/script>\n<!-- \/ Yoast SEO Premium plugin. -->","yoast_head_json":{"title":"Emergenza Covid-19: 30 milioni dalla Regione per le famiglie toscane - intoscana","description":"Sono destinati ai soggetti socialmente deboli, gli anziani, i disoccupati, le famiglie pi\u00f9 bisognose che maggiormente soffrono la crisi","robots":{"index":"index","follow":"follow","max-snippet":"max-snippet:-1","max-image-preview":"max-image-preview:large","max-video-preview":"max-video-preview:-1"},"canonical":"https:\/\/www.intoscana.it\/it\/emergenza-covid-19-30-milioni-dalla-regione-per-le-famiglie-toscane\/","og_locale":"it_IT","og_type":"article","og_title":"Emergenza Covid-19: 30 milioni dalla Regione per le famiglie toscane","og_description":"Sono destinati ai soggetti socialmente deboli, gli anziani, i disoccupati, le famiglie pi\u00f9 bisognose che maggiormente soffrono la crisi","og_url":"https:\/\/www.intoscana.it\/it\/emergenza-covid-19-30-milioni-dalla-regione-per-le-famiglie-toscane\/","og_site_name":"intoscana","article_publisher":"https:\/\/www.facebook.com\/intoscana.it","article_published_time":"2020-12-19T11:51:57+00:00","article_modified_time":"2020-12-19T11:53:07+00:00","og_image":[{"width":2048,"height":1366,"url":"https:\/\/www.intoscana.it\/wp-content\/uploads\/Una-famiglia-a-Natale-con-la-mascherina-scaled.jpg","type":"image\/jpeg"}],"author":"Redazione","twitter_card":"summary_large_image","twitter_creator":"@intoscana","twitter_site":"@intoscana","twitter_misc":{"Written by":"Redazione","Est. reading time":"3 minuti"},"schema":{"@context":"https:\/\/schema.org","@graph":[{"@type":"WebPage","@id":"https:\/\/www.intoscana.it\/it\/emergenza-covid-19-30-milioni-dalla-regione-per-le-famiglie-toscane\/","url":"https:\/\/www.intoscana.it\/it\/emergenza-covid-19-30-milioni-dalla-regione-per-le-famiglie-toscane\/","name":"Emergenza Covid-19: 30 milioni dalla Regione per le famiglie toscane - intoscana","isPartOf":{"@id":"https:\/\/www.intoscana.it\/it\/#website"},"primaryImageOfPage":{"@id":"https:\/\/www.intoscana.it\/it\/emergenza-covid-19-30-milioni-dalla-regione-per-le-famiglie-toscane\/#primaryimage"},"image":{"@id":"https:\/\/www.intoscana.it\/it\/emergenza-covid-19-30-milioni-dalla-regione-per-le-famiglie-toscane\/#primaryimage"},"thumbnailUrl":"https:\/\/www.intoscana.it\/wp-content\/uploads\/Una-famiglia-a-Natale-con-la-mascherina-scaled.jpg","datePublished":"2020-12-19T11:51:57+00:00","dateModified":"2020-12-19T11:53:07+00:00","author":{"@id":"https:\/\/www.intoscana.it\/it\/#\/schema\/person\/9223810753230f20bd670fdd322661f8"},"description":"Sono destinati ai soggetti socialmente deboli, gli anziani, i disoccupati, le famiglie pi\u00f9 bisognose che maggiormente soffrono la crisi","breadcrumb":{"@id":"https:\/\/www.intoscana.it\/it\/emergenza-covid-19-30-milioni-dalla-regione-per-le-famiglie-toscane\/#breadcrumb"},"inLanguage":"it-IT","potentialAction":[{"@type":"ReadAction","target":["https:\/\/www.intoscana.it\/it\/emergenza-covid-19-30-milioni-dalla-regione-per-le-famiglie-toscane\/"]}]},{"@type":"ImageObject","inLanguage":"it-IT","@id":"https:\/\/www.intoscana.it\/it\/emergenza-covid-19-30-milioni-dalla-regione-per-le-famiglie-toscane\/#primaryimage","url":"https:\/\/www.intoscana.it\/wp-content\/uploads\/Una-famiglia-a-Natale-con-la-mascherina-scaled.jpg","contentUrl":"https:\/\/www.intoscana.it\/wp-content\/uploads\/Una-famiglia-a-Natale-con-la-mascherina-scaled.jpg","width":2048,"height":1366},{"@type":"BreadcrumbList","@id":"https:\/\/www.intoscana.it\/it\/emergenza-covid-19-30-milioni-dalla-regione-per-le-famiglie-toscane\/#breadcrumb","itemListElement":[{"@type":"ListItem","position":1,"name":"Home","item":"https:\/\/www.intoscana.it\/it\/"},{"@type":"ListItem","position":2,"name":"Emergenza Covid-19: 30 milioni dalla Regione per le famiglie toscane"}]},{"@type":"WebSite","@id":"https:\/\/www.intoscana.it\/it\/#website","url":"https:\/\/www.intoscana.it\/it\/","name":"intoscana","description":"","potentialAction":[{"@type":"SearchAction","target":{"@type":"EntryPoint","urlTemplate":"https:\/\/www.intoscana.it\/it\/?s={search_term_string}"},"query-input":{"@type":"PropertyValueSpecification","valueRequired":true,"valueName":"search_term_string"}}],"inLanguage":"it-IT"},{"@type":"Person","@id":"https:\/\/www.intoscana.it\/it\/#\/schema\/person\/9223810753230f20bd670fdd322661f8","name":"Redazione","url":"https:\/\/www.intoscana.it\/it\/author\/redazione\/"}]}},"_links":{"self":[{"href":"https:\/\/www.intoscana.it\/it\/wp-json\/wp\/v2\/posts\/162231","targetHints":{"allow":["GET"]}}],"collection":[{"href":"https:\/\/www.intoscana.it\/it\/wp-json\/wp\/v2\/posts"}],"about":[{"href":"https:\/\/www.intoscana.it\/it\/wp-json\/wp\/v2\/types\/post"}],"author":[{"embeddable":true,"href":"https:\/\/www.intoscana.it\/it\/wp-json\/wp\/v2\/users\/525"}],"replies":[{"embeddable":true,"href":"https:\/\/www.intoscana.it\/it\/wp-json\/wp\/v2\/comments?post=162231"}],"version-history":[{"count":0,"href":"https:\/\/www.intoscana.it\/it\/wp-json\/wp\/v2\/posts\/162231\/revisions"}],"wp:featuredmedia":[{"embeddable":true,"href":"https:\/\/www.intoscana.it\/it\/wp-json\/wp\/v2\/media\/162232"}],"wp:attachment":[{"href":"https:\/\/www.intoscana.it\/it\/wp-json\/wp\/v2\/media?parent=162231"}],"wp:term":[{"taxonomy":"category","embeddable":true,"href":"https:\/\/www.intoscana.it\/it\/wp-json\/wp\/v2\/categories?post=162231"},{"taxonomy":"post_tag","embeddable":true,"href":"https:\/\/www.intoscana.it\/it\/wp-json\/wp\/v2\/tags?post=162231"}],"curies":[{"name":"wp","href":"https:\/\/api.w.org\/{rel}","templated":true}]}}