{"id":162238,"date":"2020-12-19T14:31:48","date_gmt":"2020-12-19T13:31:48","guid":{"rendered":"https:\/\/www.intoscana.it\/it\/?p=162238"},"modified":"2020-12-21T14:58:01","modified_gmt":"2020-12-21T13:58:01","slug":"covid-19-in-toscana-540-nuovi-casi-eta-media-51-anni-25-decessi","status":"publish","type":"post","link":"https:\/\/www.intoscana.it\/it\/covid-19-in-toscana-540-nuovi-casi-eta-media-51-anni-25-decessi\/","title":{"rendered":"Covid-19: in Toscana 540 nuovi casi, et\u00e0 media 51 anni, 25 decessi"},"content":{"rendered":"<p><strong>Sono 540 i positivi in pi\u00f9 rispetto a ieri<\/strong>, su un totale, da inizio epidemia, pari a 115.300 unit\u00e0. I nuovi casi sono lo 0,5% in pi\u00f9 rispetto al totale del giorno precedente. L&#8217;et\u00e0 media dei 540 casi odierni \u00e8 di 51 anni circa (il 9% ha meno di 20 anni, il 19% tra 20 e 39 anni, il 37% tra 40 e 59 anni, il 23% tra 60 e 79 anni, il 12% ha 80 anni o pi\u00f9).<\/p>\n<p><strong>I guariti crescono dell\u20191%<\/strong> e raggiungono quota 98.859 (85,7% dei casi totali). I <strong>tamponi eseguiti <\/strong>hanno raggiunto quota 1.780.010, <strong>11.028 in pi\u00f9 rispetto a ieri<\/strong>, di cui il 4,9% positivo. Sono, invece, 3.976 i soggetti testati oggi (escludendo i tamponi di controllo), di cui il 13,6% \u00e8 risultato positivo. A questi si aggiungono i 4.736 tamponi antigenici rapidi eseguiti oggi. Gli attualmente positivi sono oggi 13.026, -3,6% rispetto a ieri. I ricoverati sono 1.187 (13 in meno rispetto a ieri), di cui <strong>189 in terapia intensiva (2 in meno)<\/strong>.<\/p>\n<p><strong>Oggi si registrano 25 nuovi decessi: 14 uomini e 11 donne con un&#8217;et\u00e0 media di 78,1 anni<\/strong>.<br \/>\nRelativamente alla provincia di residenza, le persone decedute sono: 7 a Firenze, 1 a Pistoia, 1 a Massa Carrara, 3 a Lucca, 2 a Pisa, 7 a Livorno, 2 a Arezzo, 1 a Siena, 1 residente fuori Toscana.<\/p>\n<p><strong>Di seguito i casi di positivit\u00e0 sul territorio<\/strong> con la variazione rispetto a ieri. Sono 32.147 i casi complessivi ad oggi a Firenze (128 in pi\u00f9 rispetto a ieri), 10.077 a Prato (48 in pi\u00f9), 10.156 a Pistoia (35 in pi\u00f9), 7.402 a Massa (36 in pi\u00f9), 11.835 a Lucca (79 in pi\u00f9), 16.109 a Pisa (63 in pi\u00f9), 8.121 a Livorno (59 in pi\u00f9), 10.211 ad Arezzo (23 in pi\u00f9), 4.666 a Siena (28 in pi\u00f9), 4.021 a Grosseto (41 in pi\u00f9). Sono 555 i casi positivi notificati in Toscana, ma residenti in altre regioni. Sono 223 i casi riscontrati oggi nell&#8217;Asl Centro, 225 nella Nord Ovest, 92 nella Sud est.<\/p>\n<p><strong>La Toscana si trova al 11\u00b0 posto in Italia come numerosit\u00e0 di casi<\/strong> (comprensivi di residenti e non residenti), con circa 3.091 casi per 100.000 abitanti (media italiana circa 3.184 x100.000, dato di ieri). Le province di notifica con il tasso pi\u00f9 alto sono Prato con 3.910 casi x100.000 abitanti, Pisa con 3.844, Massa Carrara con 3.798, la pi\u00f9 bassa Siena con 1.746.<\/p>\n<p>Complessivamente, <strong>11.839 persone sono in isolamento a casa<\/strong>, poich\u00e9 presentano sintomi lievi che non richiedono cure ospedaliere, o risultano prive di sintomi (480 in meno rispetto a ieri, meno 3,9%).\u00a0Sono <strong>24.685<\/strong> (1.432 in meno rispetto a ieri, meno 5,5%) le persone, anche loro isolate, <strong>in sorveglianza attiva<\/strong>, perch\u00e9 hanno avuto contatti con persone contagiate (Asl Centro 7.712, Nord Ovest 12.790, Sud Est 4.183).<\/p>\n<p><strong>Le persone ricoverate nei posti letto dedicati ai pazienti Covid oggi sono complessivamente 1.187<\/strong> (13 in meno rispetto a ieri, meno 1,1%), 189 in terapia intensiva (2 in meno rispetto a ieri, meno 1%).<\/p>\n<p>Le <strong>persone<\/strong> complessivamente <strong>guarite<\/strong> sono 98.859 (<strong>1.008 in pi\u00f9 rispetto a ieri<\/strong>, pi\u00f9 1%): 418 persone clinicamente guarite (3 in pi\u00f9 rispetto a ieri, pi\u00f9 0,7%), divenute cio\u00e8 asintomatiche dopo aver presentato manifestazioni cliniche associate all&#8217;infezione e 98.441 (1.005 in pi\u00f9 rispetto a ieri, pi\u00f9 1%) dichiarate guarite a tutti gli effetti, le cosiddette guarigioni virali, con tampone negativo.<\/p>\n<p>Sono <strong>3.415 i deceduti dall&#8217;inizio dell&#8217;epidemia<\/strong> cosi ripartiti: 1.158 a Firenze, 229 a Prato, 262 a Pistoia, 368 a Massa Carrara, 311 a Lucca, 388 a Pisa, 256 a Livorno, 205 ad Arezzo, 108 a Siena, 81 a Grosseto, 49 persone sono decedute sul suolo toscano ma erano residenti fuori regione.<\/p>\n<p>Il tasso grezzo di mortalit\u00e0 toscano (numero di deceduti\/popolazione residente) per Covid-19 \u00e8 di 91,6 x100.000 residenti contro il 112,5 x100.000 della media italiana (11\u00b0 regione). Per quanto riguarda le province, il tasso di mortalit\u00e0 pi\u00f9 alto si riscontra a Massa Carrara (188,8 x100.000), Firenze (114,5 x100.000) e Pisa (92,6 x100.000), il pi\u00f9 basso a Grosseto (36,5 x100.000).<\/p>\n","protected":false},"excerpt":{"rendered":"<p>I ricoverati sono 1.187 (13 in meno rispetto a ieri), di cui 189 in terapia intensiva (2 in meno)<\/p>\n","protected":false},"author":525,"featured_media":162237,"comment_status":"open","ping_status":"open","sticky":false,"template":"","format":"standard","meta":{"_acf_changed":false,"footnotes":""},"categories":[494],"tags":[4868,418],"class_list":["post-162238","post","type-post","status-publish","format-standard","has-post-thumbnail","hentry","category-attualita","tag-bollettino-covid-toscana","tag-covid-19"],"acf":[],"yoast_head":"<!-- This site is optimized with the Yoast SEO Premium plugin v24.2 (Yoast SEO v25.6) - https:\/\/yoast.com\/wordpress\/plugins\/seo\/ -->\n<title>Covid-19: in Toscana 540 nuovi casi, et\u00e0 media 51 anni, 25 decessi - intoscana<\/title>\n<meta name=\"description\" content=\"I ricoverati sono 1.187 (13 in meno rispetto a ieri), di cui 189 in terapia intensiva (2 in meno)\" \/>\n<meta name=\"robots\" content=\"index, follow, max-snippet:-1, max-image-preview:large, max-video-preview:-1\" \/>\n<link rel=\"canonical\" href=\"https:\/\/www.intoscana.it\/it\/covid-19-in-toscana-540-nuovi-casi-eta-media-51-anni-25-decessi\/\" \/>\n<meta property=\"og:locale\" content=\"it_IT\" \/>\n<meta property=\"og:type\" content=\"article\" \/>\n<meta property=\"og:title\" content=\"Covid-19: in Toscana 540 nuovi casi, et\u00e0 media 51 anni, 25 decessi\" \/>\n<meta property=\"og:description\" content=\"I ricoverati sono 1.187 (13 in meno rispetto a ieri), di cui 189 in terapia intensiva (2 in meno)\" \/>\n<meta property=\"og:url\" content=\"https:\/\/www.intoscana.it\/it\/covid-19-in-toscana-540-nuovi-casi-eta-media-51-anni-25-decessi\/\" \/>\n<meta property=\"og:site_name\" content=\"intoscana\" \/>\n<meta property=\"article:publisher\" content=\"https:\/\/www.facebook.com\/intoscana.it\" \/>\n<meta property=\"article:published_time\" content=\"2020-12-19T13:31:48+00:00\" \/>\n<meta property=\"article:modified_time\" content=\"2020-12-21T13:58:01+00:00\" \/>\n<meta property=\"og:image\" content=\"https:\/\/www.intoscana.it\/wp-content\/uploads\/Natale-2020-una-bambina-con-la-mascherina-scaled.jpg\" \/>\n\t<meta property=\"og:image:width\" content=\"2048\" \/>\n\t<meta property=\"og:image:height\" content=\"1366\" \/>\n\t<meta property=\"og:image:type\" content=\"image\/jpeg\" \/>\n<meta name=\"author\" content=\"Redazione\" \/>\n<meta name=\"twitter:card\" content=\"summary_large_image\" \/>\n<meta name=\"twitter:creator\" content=\"@intoscana\" \/>\n<meta name=\"twitter:site\" content=\"@intoscana\" \/>\n<meta name=\"twitter:label1\" content=\"Written by\" \/>\n\t<meta name=\"twitter:data1\" content=\"Redazione\" \/>\n\t<meta name=\"twitter:label2\" content=\"Est. reading time\" \/>\n\t<meta name=\"twitter:data2\" content=\"3 minuti\" \/>\n<script type=\"application\/ld+json\" class=\"yoast-schema-graph\">{\"@context\":\"https:\/\/schema.org\",\"@graph\":[{\"@type\":\"WebPage\",\"@id\":\"https:\/\/www.intoscana.it\/it\/covid-19-in-toscana-540-nuovi-casi-eta-media-51-anni-25-decessi\/\",\"url\":\"https:\/\/www.intoscana.it\/it\/covid-19-in-toscana-540-nuovi-casi-eta-media-51-anni-25-decessi\/\",\"name\":\"Covid-19: in Toscana 540 nuovi casi, et\u00e0 media 51 anni, 25 decessi - intoscana\",\"isPartOf\":{\"@id\":\"https:\/\/www.intoscana.it\/it\/#website\"},\"primaryImageOfPage\":{\"@id\":\"https:\/\/www.intoscana.it\/it\/covid-19-in-toscana-540-nuovi-casi-eta-media-51-anni-25-decessi\/#primaryimage\"},\"image\":{\"@id\":\"https:\/\/www.intoscana.it\/it\/covid-19-in-toscana-540-nuovi-casi-eta-media-51-anni-25-decessi\/#primaryimage\"},\"thumbnailUrl\":\"https:\/\/www.intoscana.it\/wp-content\/uploads\/Natale-2020-una-bambina-con-la-mascherina-scaled.jpg\",\"datePublished\":\"2020-12-19T13:31:48+00:00\",\"dateModified\":\"2020-12-21T13:58:01+00:00\",\"author\":{\"@id\":\"https:\/\/www.intoscana.it\/it\/#\/schema\/person\/9223810753230f20bd670fdd322661f8\"},\"description\":\"I ricoverati sono 1.187 (13 in meno rispetto a ieri), di cui 189 in terapia intensiva (2 in meno)\",\"breadcrumb\":{\"@id\":\"https:\/\/www.intoscana.it\/it\/covid-19-in-toscana-540-nuovi-casi-eta-media-51-anni-25-decessi\/#breadcrumb\"},\"inLanguage\":\"it-IT\",\"potentialAction\":[{\"@type\":\"ReadAction\",\"target\":[\"https:\/\/www.intoscana.it\/it\/covid-19-in-toscana-540-nuovi-casi-eta-media-51-anni-25-decessi\/\"]}]},{\"@type\":\"ImageObject\",\"inLanguage\":\"it-IT\",\"@id\":\"https:\/\/www.intoscana.it\/it\/covid-19-in-toscana-540-nuovi-casi-eta-media-51-anni-25-decessi\/#primaryimage\",\"url\":\"https:\/\/www.intoscana.it\/wp-content\/uploads\/Natale-2020-una-bambina-con-la-mascherina-scaled.jpg\",\"contentUrl\":\"https:\/\/www.intoscana.it\/wp-content\/uploads\/Natale-2020-una-bambina-con-la-mascherina-scaled.jpg\",\"width\":2048,\"height\":1366},{\"@type\":\"BreadcrumbList\",\"@id\":\"https:\/\/www.intoscana.it\/it\/covid-19-in-toscana-540-nuovi-casi-eta-media-51-anni-25-decessi\/#breadcrumb\",\"itemListElement\":[{\"@type\":\"ListItem\",\"position\":1,\"name\":\"Home\",\"item\":\"https:\/\/www.intoscana.it\/it\/\"},{\"@type\":\"ListItem\",\"position\":2,\"name\":\"Covid-19: in Toscana 540 nuovi casi, et\u00e0 media 51 anni, 25 decessi\"}]},{\"@type\":\"WebSite\",\"@id\":\"https:\/\/www.intoscana.it\/it\/#website\",\"url\":\"https:\/\/www.intoscana.it\/it\/\",\"name\":\"intoscana\",\"description\":\"\",\"potentialAction\":[{\"@type\":\"SearchAction\",\"target\":{\"@type\":\"EntryPoint\",\"urlTemplate\":\"https:\/\/www.intoscana.it\/it\/?s={search_term_string}\"},\"query-input\":{\"@type\":\"PropertyValueSpecification\",\"valueRequired\":true,\"valueName\":\"search_term_string\"}}],\"inLanguage\":\"it-IT\"},{\"@type\":\"Person\",\"@id\":\"https:\/\/www.intoscana.it\/it\/#\/schema\/person\/9223810753230f20bd670fdd322661f8\",\"name\":\"Redazione\",\"url\":\"https:\/\/www.intoscana.it\/it\/author\/redazione\/\"}]}<\/script>\n<!-- \/ Yoast SEO Premium plugin. -->","yoast_head_json":{"title":"Covid-19: in Toscana 540 nuovi casi, et\u00e0 media 51 anni, 25 decessi - intoscana","description":"I ricoverati sono 1.187 (13 in meno rispetto a ieri), di cui 189 in terapia intensiva (2 in meno)","robots":{"index":"index","follow":"follow","max-snippet":"max-snippet:-1","max-image-preview":"max-image-preview:large","max-video-preview":"max-video-preview:-1"},"canonical":"https:\/\/www.intoscana.it\/it\/covid-19-in-toscana-540-nuovi-casi-eta-media-51-anni-25-decessi\/","og_locale":"it_IT","og_type":"article","og_title":"Covid-19: in Toscana 540 nuovi casi, et\u00e0 media 51 anni, 25 decessi","og_description":"I ricoverati sono 1.187 (13 in meno rispetto a ieri), di cui 189 in terapia intensiva (2 in meno)","og_url":"https:\/\/www.intoscana.it\/it\/covid-19-in-toscana-540-nuovi-casi-eta-media-51-anni-25-decessi\/","og_site_name":"intoscana","article_publisher":"https:\/\/www.facebook.com\/intoscana.it","article_published_time":"2020-12-19T13:31:48+00:00","article_modified_time":"2020-12-21T13:58:01+00:00","og_image":[{"width":2048,"height":1366,"url":"https:\/\/www.intoscana.it\/wp-content\/uploads\/Natale-2020-una-bambina-con-la-mascherina-scaled.jpg","type":"image\/jpeg"}],"author":"Redazione","twitter_card":"summary_large_image","twitter_creator":"@intoscana","twitter_site":"@intoscana","twitter_misc":{"Written by":"Redazione","Est. reading time":"3 minuti"},"schema":{"@context":"https:\/\/schema.org","@graph":[{"@type":"WebPage","@id":"https:\/\/www.intoscana.it\/it\/covid-19-in-toscana-540-nuovi-casi-eta-media-51-anni-25-decessi\/","url":"https:\/\/www.intoscana.it\/it\/covid-19-in-toscana-540-nuovi-casi-eta-media-51-anni-25-decessi\/","name":"Covid-19: in Toscana 540 nuovi casi, et\u00e0 media 51 anni, 25 decessi - intoscana","isPartOf":{"@id":"https:\/\/www.intoscana.it\/it\/#website"},"primaryImageOfPage":{"@id":"https:\/\/www.intoscana.it\/it\/covid-19-in-toscana-540-nuovi-casi-eta-media-51-anni-25-decessi\/#primaryimage"},"image":{"@id":"https:\/\/www.intoscana.it\/it\/covid-19-in-toscana-540-nuovi-casi-eta-media-51-anni-25-decessi\/#primaryimage"},"thumbnailUrl":"https:\/\/www.intoscana.it\/wp-content\/uploads\/Natale-2020-una-bambina-con-la-mascherina-scaled.jpg","datePublished":"2020-12-19T13:31:48+00:00","dateModified":"2020-12-21T13:58:01+00:00","author":{"@id":"https:\/\/www.intoscana.it\/it\/#\/schema\/person\/9223810753230f20bd670fdd322661f8"},"description":"I ricoverati sono 1.187 (13 in meno rispetto a ieri), di cui 189 in terapia intensiva (2 in meno)","breadcrumb":{"@id":"https:\/\/www.intoscana.it\/it\/covid-19-in-toscana-540-nuovi-casi-eta-media-51-anni-25-decessi\/#breadcrumb"},"inLanguage":"it-IT","potentialAction":[{"@type":"ReadAction","target":["https:\/\/www.intoscana.it\/it\/covid-19-in-toscana-540-nuovi-casi-eta-media-51-anni-25-decessi\/"]}]},{"@type":"ImageObject","inLanguage":"it-IT","@id":"https:\/\/www.intoscana.it\/it\/covid-19-in-toscana-540-nuovi-casi-eta-media-51-anni-25-decessi\/#primaryimage","url":"https:\/\/www.intoscana.it\/wp-content\/uploads\/Natale-2020-una-bambina-con-la-mascherina-scaled.jpg","contentUrl":"https:\/\/www.intoscana.it\/wp-content\/uploads\/Natale-2020-una-bambina-con-la-mascherina-scaled.jpg","width":2048,"height":1366},{"@type":"BreadcrumbList","@id":"https:\/\/www.intoscana.it\/it\/covid-19-in-toscana-540-nuovi-casi-eta-media-51-anni-25-decessi\/#breadcrumb","itemListElement":[{"@type":"ListItem","position":1,"name":"Home","item":"https:\/\/www.intoscana.it\/it\/"},{"@type":"ListItem","position":2,"name":"Covid-19: in Toscana 540 nuovi casi, et\u00e0 media 51 anni, 25 decessi"}]},{"@type":"WebSite","@id":"https:\/\/www.intoscana.it\/it\/#website","url":"https:\/\/www.intoscana.it\/it\/","name":"intoscana","description":"","potentialAction":[{"@type":"SearchAction","target":{"@type":"EntryPoint","urlTemplate":"https:\/\/www.intoscana.it\/it\/?s={search_term_string}"},"query-input":{"@type":"PropertyValueSpecification","valueRequired":true,"valueName":"search_term_string"}}],"inLanguage":"it-IT"},{"@type":"Person","@id":"https:\/\/www.intoscana.it\/it\/#\/schema\/person\/9223810753230f20bd670fdd322661f8","name":"Redazione","url":"https:\/\/www.intoscana.it\/it\/author\/redazione\/"}]}},"_links":{"self":[{"href":"https:\/\/www.intoscana.it\/it\/wp-json\/wp\/v2\/posts\/162238","targetHints":{"allow":["GET"]}}],"collection":[{"href":"https:\/\/www.intoscana.it\/it\/wp-json\/wp\/v2\/posts"}],"about":[{"href":"https:\/\/www.intoscana.it\/it\/wp-json\/wp\/v2\/types\/post"}],"author":[{"embeddable":true,"href":"https:\/\/www.intoscana.it\/it\/wp-json\/wp\/v2\/users\/525"}],"replies":[{"embeddable":true,"href":"https:\/\/www.intoscana.it\/it\/wp-json\/wp\/v2\/comments?post=162238"}],"version-history":[{"count":0,"href":"https:\/\/www.intoscana.it\/it\/wp-json\/wp\/v2\/posts\/162238\/revisions"}],"wp:featuredmedia":[{"embeddable":true,"href":"https:\/\/www.intoscana.it\/it\/wp-json\/wp\/v2\/media\/162237"}],"wp:attachment":[{"href":"https:\/\/www.intoscana.it\/it\/wp-json\/wp\/v2\/media?parent=162238"}],"wp:term":[{"taxonomy":"category","embeddable":true,"href":"https:\/\/www.intoscana.it\/it\/wp-json\/wp\/v2\/categories?post=162238"},{"taxonomy":"post_tag","embeddable":true,"href":"https:\/\/www.intoscana.it\/it\/wp-json\/wp\/v2\/tags?post=162238"}],"curies":[{"name":"wp","href":"https:\/\/api.w.org\/{rel}","templated":true}]}}