{"id":162302,"date":"2020-12-21T10:18:08","date_gmt":"2020-12-21T09:18:08","guid":{"rendered":"https:\/\/www.intoscana.it\/it\/?p=162302"},"modified":"2020-12-22T14:23:05","modified_gmt":"2020-12-22T13:23:05","slug":"la-toscana-torna-gialla-ma-e-boom-di-contagi-allelba-chiusi-scuole-e-parchi","status":"publish","type":"post","link":"https:\/\/www.intoscana.it\/it\/la-toscana-torna-gialla-ma-e-boom-di-contagi-allelba-chiusi-scuole-e-parchi\/","title":{"rendered":"La Toscana torna gialla ma \u00e8 boom di contagi all&#8217;Elba: chiusi scuole e parchi"},"content":{"rendered":"<p><strong>Il 20 dicembre primo giorno da area gialla in Toscana<\/strong>, l&#8217;<strong>ultima domenica prima di Natale<\/strong>. Tanta gente in giro per lo shopping a Firenze dove<strong> era in vigore il senso unico nelle principale vie del centro storico,<\/strong> ma secondo quanto spiega il Comune <strong>non ci sono stati problemi n\u00e8 nel corso della mattina nel pomeriggio.<\/strong> Tanta gente anche<strong> alle Cascine per il mercato e in via Gioberti<\/strong> ma rispettato l&#8217;obbligo dei dispositivi. <strong>In centro code davanti ai negozi con steward a regolare ingressi.<\/strong><\/p>\n<p>Sempre in centro<strong> non tutti i ristoranti hanno riaperto,<\/strong> molti gli avventori a pranzo nei locali pi\u00f9 noti. La polizia municipale, spiega sempre il Comune, ha anche effettuato<strong> 260 controlli sul rispetto delle disposizioni Covid<\/strong>: nessun verbale. Alle Cascine anche due sequestri a venditori abusivi che sono fuggiti lasciando borse contraffatte. <strong>Notevole affluenza sui viali dalle 15.30 alle 17.30 circa per il parcheggio di piazza Stazione.<\/strong> Anche nella mattina tanti in giro ma con dispositivi di protezione e nessun problema per assembramenti:<strong> le telecamere non hanno segnalato situazioni critiche.<\/strong><\/p>\n<h3>Aumentano i casi all&#8217;Elba: Portoferraio chiude<\/h3>\n<p><strong>Il Comune di Portoferraio,<\/strong> il principale dell&#8217;isola d&#8217;Elba, ha emesso un&#8217;ordinanza che <strong>anticipa a luned\u00ec la chiusura delle scuole di ogni ordine e grado<\/strong>. Disposta inoltre la <strong>chiusura temporanea di tutti gli asili nido, i parchi, i giardini pubblici, i cimiteri e gli impianti sportivi<\/strong> fino al 31 dicembre, oltre alla chiusura degli uffici comunali.<\/p>\n<p>Il provvedimento fa seguito<strong> all&#8217;aumento di casi registrato sull&#8217;isola: tra i contagiati anche il sindaco di Portoferraio Angelo Zini,<\/strong> come reso noto da lui stesso ieri su Facebook, e altri due assessori, come spiega oggi il Comune sempre su Facebook riferendo dell&#8217;esito dei tamponi effettuati ieri sulla giunta.<\/p>\n<p>In base al <strong>report diffuso dalla Asl Toscana Nord Ovest<\/strong> (a cui fanno riferimento le province di Massa Carrara, Lucca, Pisa e Livorno), <strong>su 203 nuovi casi 34 sono stati registrati all&#8217;Elba.<\/strong>\u00a0Si tratta del <strong>numero pi\u00f9 alto di nuovi contagi in un giorno da inizio dicembre sull&#8217;isola<\/strong> dove da domenica scorsa si sono avuti 139 casi contro i 21 dei primi 12 giorni del mese.<\/p>\n<h3>Domenica 20:\u00a0483 nuovi casi, et\u00e0 media 48 anni. 24 decessi<\/h3>\n<p><strong>Sono stati 483 i positivi domenica,<\/strong>\u00a0su un totale, da inizio epidemia, pari a 115.783 unit\u00e0. I nuovi casi sono lo 0,4% in pi\u00f9 rispetto al totale del giorno precedente. L&#8217;et\u00e0 media dei 483 casi odierni \u00e8 di 48 anni circa (il 14% ha meno di 20 anni, il 22% tra 20 e 39 anni, il 33% tra 40 e 59 anni, il 21% tra 60 e 79 anni, il 10% ha 80 anni o pi\u00f9).<br \/>\n<strong>I guariti crescono dello 0,7%<\/strong>\u00a0e raggiungono quota 99.538 (86% dei casi totali). I\u00a0<strong>tamponi eseguiti<\/strong>\u00a0hanno raggiunto quota 1.790.932,\u00a0<strong>10.922 in pi\u00f9 rispetto a ieri<\/strong>, di cui il 4,4% positivo. Sono invece 3.935 i soggetti testati oggi (escludendo i tamponi di controllo), di cui il 12,3% \u00e8 risultato positivo. A questi si aggiungono i 2.013 tamponi antigenici rapidi eseguiti oggi. Gli attualmente positivi sono oggi 12.806, -1,7% rispetto a ieri. I ricoverati sono 1.150 (37 in meno rispetto a ieri), di cui\u00a0<strong>187 in terapia intensiva (2 in meno)<\/strong>.<br \/>\n<strong>Si sono registrati 24 nuovi decessi: 12 uomini e 12 donne con un&#8217;et\u00e0 media di 80,3 anni.<\/strong><br \/>\nRelativamente alla provincia di residenza, le persone decedute sono: 6 a Firenze, 4 a Prato, 1 a Pistoia, 5 a Massa Carrara, 1 a Lucca, 2 a Pisa, 3 a Livorno, 1 a Siena, 1 a Grosseto.<\/p>\n<p>&nbsp;<\/p>\n","protected":false},"excerpt":{"rendered":"<p>Ieri su 203 nuovi casi 34 sono stati registrati all&#8217;Elba.\u00a0Si tratta del numero pi\u00f9 alto di nuovi contagi in un giorno da inizio dicembre sull&#8217;isola<\/p>\n","protected":false},"author":525,"featured_media":145407,"comment_status":"open","ping_status":"open","sticky":false,"template":"","format":"standard","meta":{"_acf_changed":false,"footnotes":""},"categories":[494],"tags":[418,5194],"class_list":["post-162302","post","type-post","status-publish","format-standard","has-post-thumbnail","hentry","category-attualita","tag-covid-19","tag-elba"],"acf":[],"yoast_head":"<!-- This site is optimized with the Yoast SEO Premium plugin v24.2 (Yoast SEO v25.6) - https:\/\/yoast.com\/wordpress\/plugins\/seo\/ -->\n<title>La Toscana torna gialla ma \u00e8 boom di contagi all&#039;Elba: chiusi scuole e parchi - intoscana<\/title>\n<meta name=\"description\" content=\"Ieri su 203 nuovi casi 34 sono stati registrati all&#039;Elba.\u00a0Si tratta del numero pi\u00f9 alto di nuovi contagi in un giorno da inizio dicembre\" \/>\n<meta name=\"robots\" content=\"index, follow, max-snippet:-1, max-image-preview:large, max-video-preview:-1\" \/>\n<link rel=\"canonical\" href=\"https:\/\/www.intoscana.it\/it\/la-toscana-torna-gialla-ma-e-boom-di-contagi-allelba-chiusi-scuole-e-parchi\/\" \/>\n<meta property=\"og:locale\" content=\"it_IT\" \/>\n<meta property=\"og:type\" content=\"article\" \/>\n<meta property=\"og:title\" content=\"La Toscana torna gialla ma \u00e8 boom di contagi all&#039;Elba: chiusi scuole e parchi\" \/>\n<meta property=\"og:description\" content=\"Ieri su 203 nuovi casi 34 sono stati registrati all&#039;Elba.\u00a0Si tratta del numero pi\u00f9 alto di nuovi contagi in un giorno da inizio dicembre\" \/>\n<meta property=\"og:url\" content=\"https:\/\/www.intoscana.it\/it\/la-toscana-torna-gialla-ma-e-boom-di-contagi-allelba-chiusi-scuole-e-parchi\/\" \/>\n<meta property=\"og:site_name\" content=\"intoscana\" \/>\n<meta property=\"article:publisher\" content=\"https:\/\/www.facebook.com\/intoscana.it\" \/>\n<meta property=\"article:published_time\" content=\"2020-12-21T09:18:08+00:00\" \/>\n<meta property=\"article:modified_time\" content=\"2020-12-22T13:23:05+00:00\" \/>\n<meta property=\"og:image\" content=\"https:\/\/www.intoscana.it\/wp-content\/uploads\/d2344b3f2b79605b35e5cf1fad3821e56bed4.jpg\" \/>\n\t<meta property=\"og:image:width\" content=\"720\" \/>\n\t<meta property=\"og:image:height\" content=\"479\" \/>\n\t<meta property=\"og:image:type\" content=\"image\/jpeg\" \/>\n<meta name=\"author\" content=\"Redazione\" \/>\n<meta name=\"twitter:card\" content=\"summary_large_image\" \/>\n<meta name=\"twitter:creator\" content=\"@intoscana\" \/>\n<meta name=\"twitter:site\" content=\"@intoscana\" \/>\n<meta name=\"twitter:label1\" content=\"Written by\" \/>\n\t<meta name=\"twitter:data1\" content=\"Redazione\" \/>\n\t<meta name=\"twitter:label2\" content=\"Est. reading time\" \/>\n\t<meta name=\"twitter:data2\" content=\"3 minuti\" \/>\n<script type=\"application\/ld+json\" class=\"yoast-schema-graph\">{\"@context\":\"https:\/\/schema.org\",\"@graph\":[{\"@type\":\"WebPage\",\"@id\":\"https:\/\/www.intoscana.it\/it\/la-toscana-torna-gialla-ma-e-boom-di-contagi-allelba-chiusi-scuole-e-parchi\/\",\"url\":\"https:\/\/www.intoscana.it\/it\/la-toscana-torna-gialla-ma-e-boom-di-contagi-allelba-chiusi-scuole-e-parchi\/\",\"name\":\"La Toscana torna gialla ma \u00e8 boom di contagi all'Elba: chiusi scuole e parchi - intoscana\",\"isPartOf\":{\"@id\":\"https:\/\/www.intoscana.it\/it\/#website\"},\"primaryImageOfPage\":{\"@id\":\"https:\/\/www.intoscana.it\/it\/la-toscana-torna-gialla-ma-e-boom-di-contagi-allelba-chiusi-scuole-e-parchi\/#primaryimage\"},\"image\":{\"@id\":\"https:\/\/www.intoscana.it\/it\/la-toscana-torna-gialla-ma-e-boom-di-contagi-allelba-chiusi-scuole-e-parchi\/#primaryimage\"},\"thumbnailUrl\":\"https:\/\/www.intoscana.it\/wp-content\/uploads\/d2344b3f2b79605b35e5cf1fad3821e56bed4.jpg\",\"datePublished\":\"2020-12-21T09:18:08+00:00\",\"dateModified\":\"2020-12-22T13:23:05+00:00\",\"author\":{\"@id\":\"https:\/\/www.intoscana.it\/it\/#\/schema\/person\/9223810753230f20bd670fdd322661f8\"},\"description\":\"Ieri su 203 nuovi casi 34 sono stati registrati all'Elba.\u00a0Si tratta del numero pi\u00f9 alto di nuovi contagi in un giorno da inizio dicembre\",\"breadcrumb\":{\"@id\":\"https:\/\/www.intoscana.it\/it\/la-toscana-torna-gialla-ma-e-boom-di-contagi-allelba-chiusi-scuole-e-parchi\/#breadcrumb\"},\"inLanguage\":\"it-IT\",\"potentialAction\":[{\"@type\":\"ReadAction\",\"target\":[\"https:\/\/www.intoscana.it\/it\/la-toscana-torna-gialla-ma-e-boom-di-contagi-allelba-chiusi-scuole-e-parchi\/\"]}]},{\"@type\":\"ImageObject\",\"inLanguage\":\"it-IT\",\"@id\":\"https:\/\/www.intoscana.it\/it\/la-toscana-torna-gialla-ma-e-boom-di-contagi-allelba-chiusi-scuole-e-parchi\/#primaryimage\",\"url\":\"https:\/\/www.intoscana.it\/wp-content\/uploads\/d2344b3f2b79605b35e5cf1fad3821e56bed4.jpg\",\"contentUrl\":\"https:\/\/www.intoscana.it\/wp-content\/uploads\/d2344b3f2b79605b35e5cf1fad3821e56bed4.jpg\",\"width\":720,\"height\":479,\"caption\":\"Isola d'Elba, il prossimo anno i mondiali di Mountain bike.\"},{\"@type\":\"BreadcrumbList\",\"@id\":\"https:\/\/www.intoscana.it\/it\/la-toscana-torna-gialla-ma-e-boom-di-contagi-allelba-chiusi-scuole-e-parchi\/#breadcrumb\",\"itemListElement\":[{\"@type\":\"ListItem\",\"position\":1,\"name\":\"Home\",\"item\":\"https:\/\/www.intoscana.it\/it\/\"},{\"@type\":\"ListItem\",\"position\":2,\"name\":\"La Toscana torna gialla ma \u00e8 boom di contagi all&#8217;Elba: chiusi scuole e parchi\"}]},{\"@type\":\"WebSite\",\"@id\":\"https:\/\/www.intoscana.it\/it\/#website\",\"url\":\"https:\/\/www.intoscana.it\/it\/\",\"name\":\"intoscana\",\"description\":\"\",\"potentialAction\":[{\"@type\":\"SearchAction\",\"target\":{\"@type\":\"EntryPoint\",\"urlTemplate\":\"https:\/\/www.intoscana.it\/it\/?s={search_term_string}\"},\"query-input\":{\"@type\":\"PropertyValueSpecification\",\"valueRequired\":true,\"valueName\":\"search_term_string\"}}],\"inLanguage\":\"it-IT\"},{\"@type\":\"Person\",\"@id\":\"https:\/\/www.intoscana.it\/it\/#\/schema\/person\/9223810753230f20bd670fdd322661f8\",\"name\":\"Redazione\",\"url\":\"https:\/\/www.intoscana.it\/it\/author\/redazione\/\"}]}<\/script>\n<!-- \/ Yoast SEO Premium plugin. -->","yoast_head_json":{"title":"La Toscana torna gialla ma \u00e8 boom di contagi all'Elba: chiusi scuole e parchi - intoscana","description":"Ieri su 203 nuovi casi 34 sono stati registrati all'Elba.\u00a0Si tratta del numero pi\u00f9 alto di nuovi contagi in un giorno da inizio dicembre","robots":{"index":"index","follow":"follow","max-snippet":"max-snippet:-1","max-image-preview":"max-image-preview:large","max-video-preview":"max-video-preview:-1"},"canonical":"https:\/\/www.intoscana.it\/it\/la-toscana-torna-gialla-ma-e-boom-di-contagi-allelba-chiusi-scuole-e-parchi\/","og_locale":"it_IT","og_type":"article","og_title":"La Toscana torna gialla ma \u00e8 boom di contagi all'Elba: chiusi scuole e parchi","og_description":"Ieri su 203 nuovi casi 34 sono stati registrati all'Elba.\u00a0Si tratta del numero pi\u00f9 alto di nuovi contagi in un giorno da inizio dicembre","og_url":"https:\/\/www.intoscana.it\/it\/la-toscana-torna-gialla-ma-e-boom-di-contagi-allelba-chiusi-scuole-e-parchi\/","og_site_name":"intoscana","article_publisher":"https:\/\/www.facebook.com\/intoscana.it","article_published_time":"2020-12-21T09:18:08+00:00","article_modified_time":"2020-12-22T13:23:05+00:00","og_image":[{"width":720,"height":479,"url":"https:\/\/www.intoscana.it\/wp-content\/uploads\/d2344b3f2b79605b35e5cf1fad3821e56bed4.jpg","type":"image\/jpeg"}],"author":"Redazione","twitter_card":"summary_large_image","twitter_creator":"@intoscana","twitter_site":"@intoscana","twitter_misc":{"Written by":"Redazione","Est. reading time":"3 minuti"},"schema":{"@context":"https:\/\/schema.org","@graph":[{"@type":"WebPage","@id":"https:\/\/www.intoscana.it\/it\/la-toscana-torna-gialla-ma-e-boom-di-contagi-allelba-chiusi-scuole-e-parchi\/","url":"https:\/\/www.intoscana.it\/it\/la-toscana-torna-gialla-ma-e-boom-di-contagi-allelba-chiusi-scuole-e-parchi\/","name":"La Toscana torna gialla ma \u00e8 boom di contagi all'Elba: chiusi scuole e parchi - intoscana","isPartOf":{"@id":"https:\/\/www.intoscana.it\/it\/#website"},"primaryImageOfPage":{"@id":"https:\/\/www.intoscana.it\/it\/la-toscana-torna-gialla-ma-e-boom-di-contagi-allelba-chiusi-scuole-e-parchi\/#primaryimage"},"image":{"@id":"https:\/\/www.intoscana.it\/it\/la-toscana-torna-gialla-ma-e-boom-di-contagi-allelba-chiusi-scuole-e-parchi\/#primaryimage"},"thumbnailUrl":"https:\/\/www.intoscana.it\/wp-content\/uploads\/d2344b3f2b79605b35e5cf1fad3821e56bed4.jpg","datePublished":"2020-12-21T09:18:08+00:00","dateModified":"2020-12-22T13:23:05+00:00","author":{"@id":"https:\/\/www.intoscana.it\/it\/#\/schema\/person\/9223810753230f20bd670fdd322661f8"},"description":"Ieri su 203 nuovi casi 34 sono stati registrati all'Elba.\u00a0Si tratta del numero pi\u00f9 alto di nuovi contagi in un giorno da inizio dicembre","breadcrumb":{"@id":"https:\/\/www.intoscana.it\/it\/la-toscana-torna-gialla-ma-e-boom-di-contagi-allelba-chiusi-scuole-e-parchi\/#breadcrumb"},"inLanguage":"it-IT","potentialAction":[{"@type":"ReadAction","target":["https:\/\/www.intoscana.it\/it\/la-toscana-torna-gialla-ma-e-boom-di-contagi-allelba-chiusi-scuole-e-parchi\/"]}]},{"@type":"ImageObject","inLanguage":"it-IT","@id":"https:\/\/www.intoscana.it\/it\/la-toscana-torna-gialla-ma-e-boom-di-contagi-allelba-chiusi-scuole-e-parchi\/#primaryimage","url":"https:\/\/www.intoscana.it\/wp-content\/uploads\/d2344b3f2b79605b35e5cf1fad3821e56bed4.jpg","contentUrl":"https:\/\/www.intoscana.it\/wp-content\/uploads\/d2344b3f2b79605b35e5cf1fad3821e56bed4.jpg","width":720,"height":479,"caption":"Isola d'Elba, il prossimo anno i mondiali di Mountain bike."},{"@type":"BreadcrumbList","@id":"https:\/\/www.intoscana.it\/it\/la-toscana-torna-gialla-ma-e-boom-di-contagi-allelba-chiusi-scuole-e-parchi\/#breadcrumb","itemListElement":[{"@type":"ListItem","position":1,"name":"Home","item":"https:\/\/www.intoscana.it\/it\/"},{"@type":"ListItem","position":2,"name":"La Toscana torna gialla ma \u00e8 boom di contagi all&#8217;Elba: chiusi scuole e parchi"}]},{"@type":"WebSite","@id":"https:\/\/www.intoscana.it\/it\/#website","url":"https:\/\/www.intoscana.it\/it\/","name":"intoscana","description":"","potentialAction":[{"@type":"SearchAction","target":{"@type":"EntryPoint","urlTemplate":"https:\/\/www.intoscana.it\/it\/?s={search_term_string}"},"query-input":{"@type":"PropertyValueSpecification","valueRequired":true,"valueName":"search_term_string"}}],"inLanguage":"it-IT"},{"@type":"Person","@id":"https:\/\/www.intoscana.it\/it\/#\/schema\/person\/9223810753230f20bd670fdd322661f8","name":"Redazione","url":"https:\/\/www.intoscana.it\/it\/author\/redazione\/"}]}},"_links":{"self":[{"href":"https:\/\/www.intoscana.it\/it\/wp-json\/wp\/v2\/posts\/162302","targetHints":{"allow":["GET"]}}],"collection":[{"href":"https:\/\/www.intoscana.it\/it\/wp-json\/wp\/v2\/posts"}],"about":[{"href":"https:\/\/www.intoscana.it\/it\/wp-json\/wp\/v2\/types\/post"}],"author":[{"embeddable":true,"href":"https:\/\/www.intoscana.it\/it\/wp-json\/wp\/v2\/users\/525"}],"replies":[{"embeddable":true,"href":"https:\/\/www.intoscana.it\/it\/wp-json\/wp\/v2\/comments?post=162302"}],"version-history":[{"count":0,"href":"https:\/\/www.intoscana.it\/it\/wp-json\/wp\/v2\/posts\/162302\/revisions"}],"wp:featuredmedia":[{"embeddable":true,"href":"https:\/\/www.intoscana.it\/it\/wp-json\/wp\/v2\/media\/145407"}],"wp:attachment":[{"href":"https:\/\/www.intoscana.it\/it\/wp-json\/wp\/v2\/media?parent=162302"}],"wp:term":[{"taxonomy":"category","embeddable":true,"href":"https:\/\/www.intoscana.it\/it\/wp-json\/wp\/v2\/categories?post=162302"},{"taxonomy":"post_tag","embeddable":true,"href":"https:\/\/www.intoscana.it\/it\/wp-json\/wp\/v2\/tags?post=162302"}],"curies":[{"name":"wp","href":"https:\/\/api.w.org\/{rel}","templated":true}]}}