{"id":162445,"date":"2020-12-22T09:04:41","date_gmt":"2020-12-22T08:04:41","guid":{"rendered":"https:\/\/www.intoscana.it\/it\/?p=162445"},"modified":"2020-12-22T10:00:42","modified_gmt":"2020-12-22T09:00:42","slug":"dopo-natale-600-vaccini-in-toscana-giani-mi-vaccinero-dopo-il-personale-sanitario","status":"publish","type":"post","link":"https:\/\/www.intoscana.it\/it\/dopo-natale-600-vaccini-in-toscana-giani-mi-vaccinero-dopo-il-personale-sanitario\/","title":{"rendered":"Dopo Natale 600 vaccini in Toscana, Giani: &#8220;mi vacciner\u00f2 dopo il personale sanitario&#8221;"},"content":{"rendered":"<p>La Toscana vedr\u00e0 arrivare <strong>il primo stock di 600 dosi di vaccini antiCovid subito dopo Natale,<\/strong> alla breve distanza di sei giorni da oggi e il governatore Eugenio Giani lo evidenzia specificando che questi primi vaccini <strong>&#8220;arriveranno alle 7 della mattina del 27 dicembre&#8221;<\/strong> e che <strong>saranno distribuiti &#8220;50 per ciascuno dei 12 presidi ospedalieri<\/strong> dove verranno somministrati. \u00a0Arriveranno tutti a Careggi, ma da Careggi partir\u00e0 la borsa perch\u00e9 possano essere somministrati contestualmente nei 12 ospedali della Toscana&#8221; selezionati per la prima fase.<\/p>\n<p><strong>Poi a gennaio<\/strong>, lo ha detto ancora Giani, <strong>partir\u00e0 la campagna di vaccinazione per &#8220;i nostri 116.240&#8221;<\/strong> vaccini assegnati e &#8220;sono<strong> gli operatori sanitari che avranno priorit\u00e0<\/strong> proprio perch\u00e9 sono in prima fila&#8221; a lottare contro il Coronavirus.<\/p>\n<p><strong>Giani ha annunciato che vuole vaccinarsi in pubblico, per dare l&#8217;esempio,<\/strong> ma prima aspetter\u00e0 che sia vaccinato il personale sanitario. &#8220;<strong>Non voglio sottrarre&#8221; il vaccino &#8220;a chi \u00e8 in prima linea negli ospedali<\/strong> &#8211; ha sottolineato &#8211; quindi, decider\u00f2 il momento in cui farlo perch\u00e9, in una fase in cui ne abbiamo centellinati, \u00e8 giusto che siano vaccinati prima gli operatori sanitari&#8221;.<br \/>\n<strong>Giani ha poi ringraziato gli operatori sanitari per l&#8217;adesione alla campagna vaccinale.<\/strong> &#8220;Avere avuto una <strong>percentuale di prenotazione superiore ai 120mila<\/strong> che ha coinvolto sostanzialmente il 98%-99% del personale &#8211; ha detto &#8211; \u00e8 una dimostrazione di grande maturit\u00e0 e un forte messaggio da parte della Toscana&#8221;.<\/p>\n<p>Il presidente ha infine ringraziato i toscani per la responsabilit\u00e0 dimostrata durante la prima domenica in zona gialla. &#8220;Nella giornata che tutti paventavano come pericolosa sul piano degli assembramenti&#8221; per la quale &#8220;addirittura il mio collega della Campania, De Luca, aveva messo zona arancione &#8211; ha aggiunto Giani &#8211; io <strong>ho preferito non farlo, ho preferito fidarmi dei toscani.<\/strong>\u00a0<strong>Domenica c&#8217;\u00e8 stata sicuramente gente, perch\u00e9 era giusto che vi fosse, siamo di fronte alle festivit\u00e0 natalizie,<\/strong> ma il comportamento nella nostra regione, nelle citt\u00e0 come nei paesi,<strong> \u00e8 stato un comportamento corretto, di grande responsabilit\u00e0&#8221;.<\/strong><\/p>\n<p>Il sistema sanitario toscano si prepara ad alzare la <strong>nuova, e molto attesa, difesa disponibile contro il Covid<\/strong> mentre nella regione continua la salita dei contagi (+0,4%) con 452 nuovi casi (et\u00e0 media di 47 anni) a cui si aggiungono altri 34 decessi (totale dall&#8217;inizio 3.473) secondo il report delle 24 ore. I nuovi positivi sono usciti da 6.638 tamponi (6,8%). In cura ci sono 12.396 persone (-3,2%) tra 1.150 ricoverati (di cui 185 in terapia intensiva) e altri 11.246 a casa. Ci sono poi 23.648 persone in quarantena fiduciaria.<\/p>\n<p><strong>Una situazione nettamente migliore rispetto a qualche settimana fa<\/strong> che permette di riportare alcuni ospedali al regime pre-Covid: <strong>ieri con la dimissione degli ultimi due pazienti, \u00e8 tornato Covid free l&#8217;ospedale di Pontremoli<\/strong> (Massa Carrara).<\/p>\n","protected":false},"excerpt":{"rendered":"<p>Arriveranno alle 7 di mattina del 27 dicembre a Careggi e saranno portati 50 per ciascuno in 12 presidi ospedalieri della Toscana<\/p>\n","protected":false},"author":525,"featured_media":162446,"comment_status":"open","ping_status":"open","sticky":false,"template":"","format":"standard","meta":{"_acf_changed":false,"footnotes":""},"categories":[494],"tags":[418,151,4698],"class_list":["post-162445","post","type-post","status-publish","format-standard","has-post-thumbnail","hentry","category-attualita","tag-covid-19","tag-regione-toscana","tag-vaccino"],"acf":[],"yoast_head":"<!-- This site is optimized with the Yoast SEO Premium plugin v24.2 (Yoast SEO v25.6) - https:\/\/yoast.com\/wordpress\/plugins\/seo\/ -->\n<title>Dopo Natale 600 vaccini in Toscana, Giani: &quot;mi vacciner\u00f2 dopo il personale sanitario&quot; - intoscana<\/title>\n<meta name=\"description\" content=\"Arriveranno alle 7 di mattina del 27 dicembre a Careggi e saranno portati 50 per ciascuno in 12 presidi ospedalieri della Toscana\" \/>\n<meta name=\"robots\" content=\"index, follow, max-snippet:-1, max-image-preview:large, max-video-preview:-1\" \/>\n<link rel=\"canonical\" href=\"https:\/\/www.intoscana.it\/it\/dopo-natale-600-vaccini-in-toscana-giani-mi-vaccinero-dopo-il-personale-sanitario\/\" \/>\n<meta property=\"og:locale\" content=\"it_IT\" \/>\n<meta property=\"og:type\" content=\"article\" \/>\n<meta property=\"og:title\" content=\"Dopo Natale 600 vaccini in Toscana, Giani: &quot;mi vacciner\u00f2 dopo il personale sanitario&quot;\" \/>\n<meta property=\"og:description\" content=\"Arriveranno alle 7 di mattina del 27 dicembre a Careggi e saranno portati 50 per ciascuno in 12 presidi ospedalieri della Toscana\" \/>\n<meta property=\"og:url\" content=\"https:\/\/www.intoscana.it\/it\/dopo-natale-600-vaccini-in-toscana-giani-mi-vaccinero-dopo-il-personale-sanitario\/\" \/>\n<meta property=\"og:site_name\" content=\"intoscana\" \/>\n<meta property=\"article:publisher\" content=\"https:\/\/www.facebook.com\/intoscana.it\" \/>\n<meta property=\"article:published_time\" content=\"2020-12-22T08:04:41+00:00\" \/>\n<meta property=\"article:modified_time\" content=\"2020-12-22T09:00:42+00:00\" \/>\n<meta property=\"og:image\" content=\"https:\/\/www.intoscana.it\/wp-content\/uploads\/vaccino_Covid-scaled.jpg\" \/>\n\t<meta property=\"og:image:width\" content=\"2048\" \/>\n\t<meta property=\"og:image:height\" content=\"1080\" \/>\n\t<meta property=\"og:image:type\" content=\"image\/jpeg\" \/>\n<meta name=\"author\" content=\"Redazione\" \/>\n<meta name=\"twitter:card\" content=\"summary_large_image\" \/>\n<meta name=\"twitter:creator\" content=\"@intoscana\" \/>\n<meta name=\"twitter:site\" content=\"@intoscana\" \/>\n<meta name=\"twitter:label1\" content=\"Written by\" \/>\n\t<meta name=\"twitter:data1\" content=\"Redazione\" \/>\n\t<meta name=\"twitter:label2\" content=\"Est. reading time\" \/>\n\t<meta name=\"twitter:data2\" content=\"2 minuti\" \/>\n<script type=\"application\/ld+json\" class=\"yoast-schema-graph\">{\"@context\":\"https:\/\/schema.org\",\"@graph\":[{\"@type\":\"WebPage\",\"@id\":\"https:\/\/www.intoscana.it\/it\/dopo-natale-600-vaccini-in-toscana-giani-mi-vaccinero-dopo-il-personale-sanitario\/\",\"url\":\"https:\/\/www.intoscana.it\/it\/dopo-natale-600-vaccini-in-toscana-giani-mi-vaccinero-dopo-il-personale-sanitario\/\",\"name\":\"Dopo Natale 600 vaccini in Toscana, Giani: \\\"mi vacciner\u00f2 dopo il personale sanitario\\\" - intoscana\",\"isPartOf\":{\"@id\":\"https:\/\/www.intoscana.it\/it\/#website\"},\"primaryImageOfPage\":{\"@id\":\"https:\/\/www.intoscana.it\/it\/dopo-natale-600-vaccini-in-toscana-giani-mi-vaccinero-dopo-il-personale-sanitario\/#primaryimage\"},\"image\":{\"@id\":\"https:\/\/www.intoscana.it\/it\/dopo-natale-600-vaccini-in-toscana-giani-mi-vaccinero-dopo-il-personale-sanitario\/#primaryimage\"},\"thumbnailUrl\":\"https:\/\/www.intoscana.it\/wp-content\/uploads\/vaccino_Covid-scaled.jpg\",\"datePublished\":\"2020-12-22T08:04:41+00:00\",\"dateModified\":\"2020-12-22T09:00:42+00:00\",\"author\":{\"@id\":\"https:\/\/www.intoscana.it\/it\/#\/schema\/person\/9223810753230f20bd670fdd322661f8\"},\"description\":\"Arriveranno alle 7 di mattina del 27 dicembre a Careggi e saranno portati 50 per ciascuno in 12 presidi ospedalieri della Toscana\",\"breadcrumb\":{\"@id\":\"https:\/\/www.intoscana.it\/it\/dopo-natale-600-vaccini-in-toscana-giani-mi-vaccinero-dopo-il-personale-sanitario\/#breadcrumb\"},\"inLanguage\":\"it-IT\",\"potentialAction\":[{\"@type\":\"ReadAction\",\"target\":[\"https:\/\/www.intoscana.it\/it\/dopo-natale-600-vaccini-in-toscana-giani-mi-vaccinero-dopo-il-personale-sanitario\/\"]}]},{\"@type\":\"ImageObject\",\"inLanguage\":\"it-IT\",\"@id\":\"https:\/\/www.intoscana.it\/it\/dopo-natale-600-vaccini-in-toscana-giani-mi-vaccinero-dopo-il-personale-sanitario\/#primaryimage\",\"url\":\"https:\/\/www.intoscana.it\/wp-content\/uploads\/vaccino_Covid-scaled.jpg\",\"contentUrl\":\"https:\/\/www.intoscana.it\/wp-content\/uploads\/vaccino_Covid-scaled.jpg\",\"width\":2048,\"height\":1080},{\"@type\":\"BreadcrumbList\",\"@id\":\"https:\/\/www.intoscana.it\/it\/dopo-natale-600-vaccini-in-toscana-giani-mi-vaccinero-dopo-il-personale-sanitario\/#breadcrumb\",\"itemListElement\":[{\"@type\":\"ListItem\",\"position\":1,\"name\":\"Home\",\"item\":\"https:\/\/www.intoscana.it\/it\/\"},{\"@type\":\"ListItem\",\"position\":2,\"name\":\"Dopo Natale 600 vaccini in Toscana, Giani: &#8220;mi vacciner\u00f2 dopo il personale sanitario&#8221;\"}]},{\"@type\":\"WebSite\",\"@id\":\"https:\/\/www.intoscana.it\/it\/#website\",\"url\":\"https:\/\/www.intoscana.it\/it\/\",\"name\":\"intoscana\",\"description\":\"\",\"potentialAction\":[{\"@type\":\"SearchAction\",\"target\":{\"@type\":\"EntryPoint\",\"urlTemplate\":\"https:\/\/www.intoscana.it\/it\/?s={search_term_string}\"},\"query-input\":{\"@type\":\"PropertyValueSpecification\",\"valueRequired\":true,\"valueName\":\"search_term_string\"}}],\"inLanguage\":\"it-IT\"},{\"@type\":\"Person\",\"@id\":\"https:\/\/www.intoscana.it\/it\/#\/schema\/person\/9223810753230f20bd670fdd322661f8\",\"name\":\"Redazione\",\"url\":\"https:\/\/www.intoscana.it\/it\/author\/redazione\/\"}]}<\/script>\n<!-- \/ Yoast SEO Premium plugin. -->","yoast_head_json":{"title":"Dopo Natale 600 vaccini in Toscana, Giani: \"mi vacciner\u00f2 dopo il personale sanitario\" - intoscana","description":"Arriveranno alle 7 di mattina del 27 dicembre a Careggi e saranno portati 50 per ciascuno in 12 presidi ospedalieri della Toscana","robots":{"index":"index","follow":"follow","max-snippet":"max-snippet:-1","max-image-preview":"max-image-preview:large","max-video-preview":"max-video-preview:-1"},"canonical":"https:\/\/www.intoscana.it\/it\/dopo-natale-600-vaccini-in-toscana-giani-mi-vaccinero-dopo-il-personale-sanitario\/","og_locale":"it_IT","og_type":"article","og_title":"Dopo Natale 600 vaccini in Toscana, Giani: \"mi vacciner\u00f2 dopo il personale sanitario\"","og_description":"Arriveranno alle 7 di mattina del 27 dicembre a Careggi e saranno portati 50 per ciascuno in 12 presidi ospedalieri della Toscana","og_url":"https:\/\/www.intoscana.it\/it\/dopo-natale-600-vaccini-in-toscana-giani-mi-vaccinero-dopo-il-personale-sanitario\/","og_site_name":"intoscana","article_publisher":"https:\/\/www.facebook.com\/intoscana.it","article_published_time":"2020-12-22T08:04:41+00:00","article_modified_time":"2020-12-22T09:00:42+00:00","og_image":[{"width":2048,"height":1080,"url":"https:\/\/www.intoscana.it\/wp-content\/uploads\/vaccino_Covid-scaled.jpg","type":"image\/jpeg"}],"author":"Redazione","twitter_card":"summary_large_image","twitter_creator":"@intoscana","twitter_site":"@intoscana","twitter_misc":{"Written by":"Redazione","Est. reading time":"2 minuti"},"schema":{"@context":"https:\/\/schema.org","@graph":[{"@type":"WebPage","@id":"https:\/\/www.intoscana.it\/it\/dopo-natale-600-vaccini-in-toscana-giani-mi-vaccinero-dopo-il-personale-sanitario\/","url":"https:\/\/www.intoscana.it\/it\/dopo-natale-600-vaccini-in-toscana-giani-mi-vaccinero-dopo-il-personale-sanitario\/","name":"Dopo Natale 600 vaccini in Toscana, Giani: \"mi vacciner\u00f2 dopo il personale sanitario\" - intoscana","isPartOf":{"@id":"https:\/\/www.intoscana.it\/it\/#website"},"primaryImageOfPage":{"@id":"https:\/\/www.intoscana.it\/it\/dopo-natale-600-vaccini-in-toscana-giani-mi-vaccinero-dopo-il-personale-sanitario\/#primaryimage"},"image":{"@id":"https:\/\/www.intoscana.it\/it\/dopo-natale-600-vaccini-in-toscana-giani-mi-vaccinero-dopo-il-personale-sanitario\/#primaryimage"},"thumbnailUrl":"https:\/\/www.intoscana.it\/wp-content\/uploads\/vaccino_Covid-scaled.jpg","datePublished":"2020-12-22T08:04:41+00:00","dateModified":"2020-12-22T09:00:42+00:00","author":{"@id":"https:\/\/www.intoscana.it\/it\/#\/schema\/person\/9223810753230f20bd670fdd322661f8"},"description":"Arriveranno alle 7 di mattina del 27 dicembre a Careggi e saranno portati 50 per ciascuno in 12 presidi ospedalieri della Toscana","breadcrumb":{"@id":"https:\/\/www.intoscana.it\/it\/dopo-natale-600-vaccini-in-toscana-giani-mi-vaccinero-dopo-il-personale-sanitario\/#breadcrumb"},"inLanguage":"it-IT","potentialAction":[{"@type":"ReadAction","target":["https:\/\/www.intoscana.it\/it\/dopo-natale-600-vaccini-in-toscana-giani-mi-vaccinero-dopo-il-personale-sanitario\/"]}]},{"@type":"ImageObject","inLanguage":"it-IT","@id":"https:\/\/www.intoscana.it\/it\/dopo-natale-600-vaccini-in-toscana-giani-mi-vaccinero-dopo-il-personale-sanitario\/#primaryimage","url":"https:\/\/www.intoscana.it\/wp-content\/uploads\/vaccino_Covid-scaled.jpg","contentUrl":"https:\/\/www.intoscana.it\/wp-content\/uploads\/vaccino_Covid-scaled.jpg","width":2048,"height":1080},{"@type":"BreadcrumbList","@id":"https:\/\/www.intoscana.it\/it\/dopo-natale-600-vaccini-in-toscana-giani-mi-vaccinero-dopo-il-personale-sanitario\/#breadcrumb","itemListElement":[{"@type":"ListItem","position":1,"name":"Home","item":"https:\/\/www.intoscana.it\/it\/"},{"@type":"ListItem","position":2,"name":"Dopo Natale 600 vaccini in Toscana, Giani: &#8220;mi vacciner\u00f2 dopo il personale sanitario&#8221;"}]},{"@type":"WebSite","@id":"https:\/\/www.intoscana.it\/it\/#website","url":"https:\/\/www.intoscana.it\/it\/","name":"intoscana","description":"","potentialAction":[{"@type":"SearchAction","target":{"@type":"EntryPoint","urlTemplate":"https:\/\/www.intoscana.it\/it\/?s={search_term_string}"},"query-input":{"@type":"PropertyValueSpecification","valueRequired":true,"valueName":"search_term_string"}}],"inLanguage":"it-IT"},{"@type":"Person","@id":"https:\/\/www.intoscana.it\/it\/#\/schema\/person\/9223810753230f20bd670fdd322661f8","name":"Redazione","url":"https:\/\/www.intoscana.it\/it\/author\/redazione\/"}]}},"_links":{"self":[{"href":"https:\/\/www.intoscana.it\/it\/wp-json\/wp\/v2\/posts\/162445","targetHints":{"allow":["GET"]}}],"collection":[{"href":"https:\/\/www.intoscana.it\/it\/wp-json\/wp\/v2\/posts"}],"about":[{"href":"https:\/\/www.intoscana.it\/it\/wp-json\/wp\/v2\/types\/post"}],"author":[{"embeddable":true,"href":"https:\/\/www.intoscana.it\/it\/wp-json\/wp\/v2\/users\/525"}],"replies":[{"embeddable":true,"href":"https:\/\/www.intoscana.it\/it\/wp-json\/wp\/v2\/comments?post=162445"}],"version-history":[{"count":0,"href":"https:\/\/www.intoscana.it\/it\/wp-json\/wp\/v2\/posts\/162445\/revisions"}],"wp:featuredmedia":[{"embeddable":true,"href":"https:\/\/www.intoscana.it\/it\/wp-json\/wp\/v2\/media\/162446"}],"wp:attachment":[{"href":"https:\/\/www.intoscana.it\/it\/wp-json\/wp\/v2\/media?parent=162445"}],"wp:term":[{"taxonomy":"category","embeddable":true,"href":"https:\/\/www.intoscana.it\/it\/wp-json\/wp\/v2\/categories?post=162445"},{"taxonomy":"post_tag","embeddable":true,"href":"https:\/\/www.intoscana.it\/it\/wp-json\/wp\/v2\/tags?post=162445"}],"curies":[{"name":"wp","href":"https:\/\/api.w.org\/{rel}","templated":true}]}}