{"id":162476,"date":"2020-12-22T10:30:20","date_gmt":"2020-12-22T09:30:20","guid":{"rendered":"https:\/\/www.intoscana.it\/it\/?p=162476"},"modified":"2020-12-22T10:30:53","modified_gmt":"2020-12-22T09:30:53","slug":"a-firenze-i-fari-della-resistenza-in-omaggio-agli-ospedali-della-citta","status":"publish","type":"post","link":"https:\/\/www.intoscana.it\/it\/a-firenze-i-fari-della-resistenza-in-omaggio-agli-ospedali-della-citta\/","title":{"rendered":"A Firenze i &#8220;fari della resistenza&#8221; in omaggio agli ospedali della citt\u00e0"},"content":{"rendered":"<p><a href=\"https:\/\/www.intoscana.it\/it\/articolo\/natale-firenze-2020\/\" target=\"_blank\" rel=\"noopener noreferrer\"><strong>F-Light, il Firenze Light Festival<\/strong><\/a> che dall\u20198 dicembre ha rivestito di luce gli spazi urbani fiorentini, con video-mapping, proiezioni, lightshow e installazioni artistiche, dopo aver illuminato alcune delle facciate dei luoghi simbolo della citt\u00e0, aver acceso gli alberi d\u2019artista di <strong>Michelangelo Pistoletto, Mimmo Paladino e Domenico Bianchi<\/strong> in tre delle sue bellissime piazze e aver inaugurato <strong>l\u2019installazione del collettivo artistico Claire Fontaine sopra ai portici del Museo Novecento,<\/strong> luned\u00ec 21 dicembre ha inaugurato uno dei suoi appuntamenti pi\u00f9 simbolici:<em><strong> &#8220;I FARI DELLA RESISTENZA. Fede Speranza Carit\u00e0&#8221;.<\/strong><\/em><\/p>\n<p>\u201cIn questa fine anno cos\u00ec amara &#8211; ha dichiarato il sindaco Dario Nardella &#8211; <strong>vogliamo illuminare alcuni dei luoghi che pi\u00f9 ci sono stati cari durante gli ultimi mesi,<\/strong> quei presidi sanitari dove eroicamente si sono salvate tante vite umane. <strong>Firenze, con queste luci, \u00e8 vicina a tutti i medici, infermieri e operatori che si prodigano senza sosta per noi\u201d.<\/strong><\/p>\n<p>Luned\u00ec 21 dicembre dalle 17.00 alle 22.00,<strong> tre fasci luminosi<\/strong>, realizzati grazie alla collaborazione con Silfi Spa, <strong>sono stati proiettati verso il cielo<\/strong>. Installazioni luminose che sono partite simbolicamente da Piazza dell\u2019Olio, dove si trova la colonna di San Zanobi, vicino al Battistero di Firenze; da Piazza della Repubblica, dove si trova la colonna dell\u2019abbondanza; e da Piazza Brunelleschi, in prossimit\u00e0 dell\u2019<strong>Ospedale di Santa Maria Nuova<\/strong>. Scie di luce che, direzionate verso il cielo, non possono non riportare alla mente i versi della Divina Commedia, suggerendo silenziosamente l\u2019augurio che presto si possa uscire tutti <em><strong>\u201ca riveder le stelle\u201d.<\/strong><\/em><\/p>\n<p>A rinforzare questo sentimento<strong> l\u2019illuminazione in verde, a cura di Silfi Spa<\/strong>, predisposta per le facciate dell\u2019<strong>Ospedale di Santa Maria Nuova, del Poliambulatorio Territoriale Santa Rosa e del NIC \u2013 Nuovo ingresso Careggi<\/strong>. Una scelta cromatica che prende spunto dal colore distintivo della ASL di Firenze, e che traduce anche l\u2019auspicio di poter tornare quanto prima all\u2019interno della zona verde, in base alla gerarchia delle fasce di colore in cui il Paese \u00e8 stato suddiviso per regolare il contenimento del contagio virale. Oltre, naturalmente, all\u2019associazione automatica nell\u2019immaginario collettivo alla speranza.<\/p>\n<p><strong>\u201cAbbiamo necessit\u00e0 di simboli e di immagini per superare la sfera del quotidiano e del nostro io<\/strong> \u2013 ha dichiarato il direttore artistico di F-light, Sergio Risaliti &#8211; <strong>Abbiamo bisogno di immaginare altri spazi e trascendere il nostro tempo.<\/strong> Quest\u2019anno per F-light abbiamo deciso di proiettare tre fasci luminosi verso il cielo. <strong>Accendere luci in momenti bui come quelli che stiamo vivendo vuol dire superare le paure e vincere ogni pi\u00f9 cupa immaginazione.<\/strong> Dal cuore di Firenze s\u2019innalzeranno<strong> tre raggi in segno di resistenza, a simboleggiare fede, speranza, carit\u00e0.<\/strong> Li abbiamo voluti far partire da tre luoghi di grande significato civile e religioso, tre postazioni dove sopravvivono ideali e valori di cui sentiamo quanto mai necessit\u00e0. <strong>La colonna di San Zanobi a fianco del Battistero,<\/strong> luogo di fondazione spirituale della citt\u00e0, dove sopravvive la memoria di un fatto miracoloso. E poi <strong>la Colonna dell&#8217;Abbondanza o della Dovizia, dove sorgeva l\u2019antico mercato<\/strong>. Perch\u00e9 l\u2019abbondanza sia sinonimo durante queste feste di solidariet\u00e0 e generosit\u00e0 verso gli altri, i pi\u00f9 deboli, gli indigenti. Infine<strong> l\u2019Ospedale di Santa Maria Nova, il pi\u00f9 antico di Firenze, l<\/strong>uogo di cura e di speranza, in prima linea nella battaglia contro un nemico silenzioso e invisibile come il Covid19. La luce segnaler\u00e0 anche altri Ospedali della nostra citt\u00e0, in segno di riconoscenza e di fiducia negli operatori sanitari, perch\u00e9 nessuno si senta solo in queste feste tra coloro che combattono ogni giorno da una parte e dall&#8217;altra contro la malattia\u201d.<\/p>\n","protected":false},"excerpt":{"rendered":"<p>Luned\u00ec 21 dicembre dunque, dalle 17.00 alle 22.00 tre fasci luminosi realizzati grazie alla collaborazione con Silfi Spa sono stati proiettati verso il cielo<\/p>\n","protected":false},"author":525,"featured_media":162477,"comment_status":"open","ping_status":"open","sticky":false,"template":"","format":"standard","meta":{"_acf_changed":false,"footnotes":""},"categories":[494],"tags":[5204,202,409,5101],"class_list":["post-162476","post","type-post","status-publish","format-standard","has-post-thumbnail","hentry","category-attualita","tag-f-light","tag-firenze","tag-natale","tag-natale-2020"],"acf":[],"yoast_head":"<!-- This site is optimized with the Yoast SEO Premium plugin v24.2 (Yoast SEO v25.6) - https:\/\/yoast.com\/wordpress\/plugins\/seo\/ -->\n<title>A Firenze i &quot;fari della resistenza&quot; in omaggio agli ospedali della citt\u00e0 - intoscana<\/title>\n<meta name=\"description\" content=\"Luned\u00ec 21 dicembre dunque, dalle 17.00 alle 22.00 tre fasci luminosi in collaborazione con Silfi Spa sono stati proiettati verso il cielo\" \/>\n<meta name=\"robots\" content=\"index, follow, max-snippet:-1, max-image-preview:large, max-video-preview:-1\" \/>\n<link rel=\"canonical\" href=\"https:\/\/www.intoscana.it\/it\/a-firenze-i-fari-della-resistenza-in-omaggio-agli-ospedali-della-citta\/\" \/>\n<meta property=\"og:locale\" content=\"it_IT\" \/>\n<meta property=\"og:type\" content=\"article\" \/>\n<meta property=\"og:title\" content=\"A Firenze i &quot;fari della resistenza&quot; in omaggio agli ospedali della citt\u00e0\" \/>\n<meta property=\"og:description\" content=\"Luned\u00ec 21 dicembre dunque, dalle 17.00 alle 22.00 tre fasci luminosi in collaborazione con Silfi Spa sono stati proiettati verso il cielo\" \/>\n<meta property=\"og:url\" content=\"https:\/\/www.intoscana.it\/it\/a-firenze-i-fari-della-resistenza-in-omaggio-agli-ospedali-della-citta\/\" \/>\n<meta property=\"og:site_name\" content=\"intoscana\" \/>\n<meta property=\"article:publisher\" content=\"https:\/\/www.facebook.com\/intoscana.it\" \/>\n<meta property=\"article:published_time\" content=\"2020-12-22T09:30:20+00:00\" \/>\n<meta property=\"article:modified_time\" content=\"2020-12-22T09:30:53+00:00\" \/>\n<meta property=\"og:image\" content=\"https:\/\/www.intoscana.it\/wp-content\/uploads\/\u00a9Massimo-Sestini-image0-scaled.jpeg\" \/>\n\t<meta property=\"og:image:width\" content=\"2048\" \/>\n\t<meta property=\"og:image:height\" content=\"1358\" \/>\n\t<meta property=\"og:image:type\" content=\"image\/jpeg\" \/>\n<meta name=\"author\" content=\"Redazione\" \/>\n<meta name=\"twitter:card\" content=\"summary_large_image\" \/>\n<meta name=\"twitter:creator\" content=\"@intoscana\" \/>\n<meta name=\"twitter:site\" content=\"@intoscana\" \/>\n<meta name=\"twitter:label1\" content=\"Written by\" \/>\n\t<meta name=\"twitter:data1\" content=\"Redazione\" \/>\n\t<meta name=\"twitter:label2\" content=\"Est. reading time\" \/>\n\t<meta name=\"twitter:data2\" content=\"3 minuti\" \/>\n<script type=\"application\/ld+json\" class=\"yoast-schema-graph\">{\"@context\":\"https:\/\/schema.org\",\"@graph\":[{\"@type\":\"WebPage\",\"@id\":\"https:\/\/www.intoscana.it\/it\/a-firenze-i-fari-della-resistenza-in-omaggio-agli-ospedali-della-citta\/\",\"url\":\"https:\/\/www.intoscana.it\/it\/a-firenze-i-fari-della-resistenza-in-omaggio-agli-ospedali-della-citta\/\",\"name\":\"A Firenze i \\\"fari della resistenza\\\" in omaggio agli ospedali della citt\u00e0 - intoscana\",\"isPartOf\":{\"@id\":\"https:\/\/www.intoscana.it\/it\/#website\"},\"primaryImageOfPage\":{\"@id\":\"https:\/\/www.intoscana.it\/it\/a-firenze-i-fari-della-resistenza-in-omaggio-agli-ospedali-della-citta\/#primaryimage\"},\"image\":{\"@id\":\"https:\/\/www.intoscana.it\/it\/a-firenze-i-fari-della-resistenza-in-omaggio-agli-ospedali-della-citta\/#primaryimage\"},\"thumbnailUrl\":\"https:\/\/www.intoscana.it\/wp-content\/uploads\/\u00a9Massimo-Sestini-image0-scaled.jpeg\",\"datePublished\":\"2020-12-22T09:30:20+00:00\",\"dateModified\":\"2020-12-22T09:30:53+00:00\",\"author\":{\"@id\":\"https:\/\/www.intoscana.it\/it\/#\/schema\/person\/9223810753230f20bd670fdd322661f8\"},\"description\":\"Luned\u00ec 21 dicembre dunque, dalle 17.00 alle 22.00 tre fasci luminosi in collaborazione con Silfi Spa sono stati proiettati verso il cielo\",\"breadcrumb\":{\"@id\":\"https:\/\/www.intoscana.it\/it\/a-firenze-i-fari-della-resistenza-in-omaggio-agli-ospedali-della-citta\/#breadcrumb\"},\"inLanguage\":\"it-IT\",\"potentialAction\":[{\"@type\":\"ReadAction\",\"target\":[\"https:\/\/www.intoscana.it\/it\/a-firenze-i-fari-della-resistenza-in-omaggio-agli-ospedali-della-citta\/\"]}]},{\"@type\":\"ImageObject\",\"inLanguage\":\"it-IT\",\"@id\":\"https:\/\/www.intoscana.it\/it\/a-firenze-i-fari-della-resistenza-in-omaggio-agli-ospedali-della-citta\/#primaryimage\",\"url\":\"https:\/\/www.intoscana.it\/wp-content\/uploads\/\u00a9Massimo-Sestini-image0-scaled.jpeg\",\"contentUrl\":\"https:\/\/www.intoscana.it\/wp-content\/uploads\/\u00a9Massimo-Sestini-image0-scaled.jpeg\",\"width\":2048,\"height\":1358,\"caption\":\"Firenze, I Fari della Resistenza Flight 2020 2020-12-21 \u00a9 Massimo Sestini\"},{\"@type\":\"BreadcrumbList\",\"@id\":\"https:\/\/www.intoscana.it\/it\/a-firenze-i-fari-della-resistenza-in-omaggio-agli-ospedali-della-citta\/#breadcrumb\",\"itemListElement\":[{\"@type\":\"ListItem\",\"position\":1,\"name\":\"Home\",\"item\":\"https:\/\/www.intoscana.it\/it\/\"},{\"@type\":\"ListItem\",\"position\":2,\"name\":\"A Firenze i &#8220;fari della resistenza&#8221; in omaggio agli ospedali della citt\u00e0\"}]},{\"@type\":\"WebSite\",\"@id\":\"https:\/\/www.intoscana.it\/it\/#website\",\"url\":\"https:\/\/www.intoscana.it\/it\/\",\"name\":\"intoscana\",\"description\":\"\",\"potentialAction\":[{\"@type\":\"SearchAction\",\"target\":{\"@type\":\"EntryPoint\",\"urlTemplate\":\"https:\/\/www.intoscana.it\/it\/?s={search_term_string}\"},\"query-input\":{\"@type\":\"PropertyValueSpecification\",\"valueRequired\":true,\"valueName\":\"search_term_string\"}}],\"inLanguage\":\"it-IT\"},{\"@type\":\"Person\",\"@id\":\"https:\/\/www.intoscana.it\/it\/#\/schema\/person\/9223810753230f20bd670fdd322661f8\",\"name\":\"Redazione\",\"url\":\"https:\/\/www.intoscana.it\/it\/author\/redazione\/\"}]}<\/script>\n<!-- \/ Yoast SEO Premium plugin. -->","yoast_head_json":{"title":"A Firenze i \"fari della resistenza\" in omaggio agli ospedali della citt\u00e0 - intoscana","description":"Luned\u00ec 21 dicembre dunque, dalle 17.00 alle 22.00 tre fasci luminosi in collaborazione con Silfi Spa sono stati proiettati verso il cielo","robots":{"index":"index","follow":"follow","max-snippet":"max-snippet:-1","max-image-preview":"max-image-preview:large","max-video-preview":"max-video-preview:-1"},"canonical":"https:\/\/www.intoscana.it\/it\/a-firenze-i-fari-della-resistenza-in-omaggio-agli-ospedali-della-citta\/","og_locale":"it_IT","og_type":"article","og_title":"A Firenze i \"fari della resistenza\" in omaggio agli ospedali della citt\u00e0","og_description":"Luned\u00ec 21 dicembre dunque, dalle 17.00 alle 22.00 tre fasci luminosi in collaborazione con Silfi Spa sono stati proiettati verso il cielo","og_url":"https:\/\/www.intoscana.it\/it\/a-firenze-i-fari-della-resistenza-in-omaggio-agli-ospedali-della-citta\/","og_site_name":"intoscana","article_publisher":"https:\/\/www.facebook.com\/intoscana.it","article_published_time":"2020-12-22T09:30:20+00:00","article_modified_time":"2020-12-22T09:30:53+00:00","og_image":[{"width":2048,"height":1358,"url":"https:\/\/www.intoscana.it\/wp-content\/uploads\/\u00a9Massimo-Sestini-image0-scaled.jpeg","type":"image\/jpeg"}],"author":"Redazione","twitter_card":"summary_large_image","twitter_creator":"@intoscana","twitter_site":"@intoscana","twitter_misc":{"Written by":"Redazione","Est. reading time":"3 minuti"},"schema":{"@context":"https:\/\/schema.org","@graph":[{"@type":"WebPage","@id":"https:\/\/www.intoscana.it\/it\/a-firenze-i-fari-della-resistenza-in-omaggio-agli-ospedali-della-citta\/","url":"https:\/\/www.intoscana.it\/it\/a-firenze-i-fari-della-resistenza-in-omaggio-agli-ospedali-della-citta\/","name":"A Firenze i \"fari della resistenza\" in omaggio agli ospedali della citt\u00e0 - intoscana","isPartOf":{"@id":"https:\/\/www.intoscana.it\/it\/#website"},"primaryImageOfPage":{"@id":"https:\/\/www.intoscana.it\/it\/a-firenze-i-fari-della-resistenza-in-omaggio-agli-ospedali-della-citta\/#primaryimage"},"image":{"@id":"https:\/\/www.intoscana.it\/it\/a-firenze-i-fari-della-resistenza-in-omaggio-agli-ospedali-della-citta\/#primaryimage"},"thumbnailUrl":"https:\/\/www.intoscana.it\/wp-content\/uploads\/\u00a9Massimo-Sestini-image0-scaled.jpeg","datePublished":"2020-12-22T09:30:20+00:00","dateModified":"2020-12-22T09:30:53+00:00","author":{"@id":"https:\/\/www.intoscana.it\/it\/#\/schema\/person\/9223810753230f20bd670fdd322661f8"},"description":"Luned\u00ec 21 dicembre dunque, dalle 17.00 alle 22.00 tre fasci luminosi in collaborazione con Silfi Spa sono stati proiettati verso il cielo","breadcrumb":{"@id":"https:\/\/www.intoscana.it\/it\/a-firenze-i-fari-della-resistenza-in-omaggio-agli-ospedali-della-citta\/#breadcrumb"},"inLanguage":"it-IT","potentialAction":[{"@type":"ReadAction","target":["https:\/\/www.intoscana.it\/it\/a-firenze-i-fari-della-resistenza-in-omaggio-agli-ospedali-della-citta\/"]}]},{"@type":"ImageObject","inLanguage":"it-IT","@id":"https:\/\/www.intoscana.it\/it\/a-firenze-i-fari-della-resistenza-in-omaggio-agli-ospedali-della-citta\/#primaryimage","url":"https:\/\/www.intoscana.it\/wp-content\/uploads\/\u00a9Massimo-Sestini-image0-scaled.jpeg","contentUrl":"https:\/\/www.intoscana.it\/wp-content\/uploads\/\u00a9Massimo-Sestini-image0-scaled.jpeg","width":2048,"height":1358,"caption":"Firenze, I Fari della Resistenza Flight 2020 2020-12-21 \u00a9 Massimo Sestini"},{"@type":"BreadcrumbList","@id":"https:\/\/www.intoscana.it\/it\/a-firenze-i-fari-della-resistenza-in-omaggio-agli-ospedali-della-citta\/#breadcrumb","itemListElement":[{"@type":"ListItem","position":1,"name":"Home","item":"https:\/\/www.intoscana.it\/it\/"},{"@type":"ListItem","position":2,"name":"A Firenze i &#8220;fari della resistenza&#8221; in omaggio agli ospedali della citt\u00e0"}]},{"@type":"WebSite","@id":"https:\/\/www.intoscana.it\/it\/#website","url":"https:\/\/www.intoscana.it\/it\/","name":"intoscana","description":"","potentialAction":[{"@type":"SearchAction","target":{"@type":"EntryPoint","urlTemplate":"https:\/\/www.intoscana.it\/it\/?s={search_term_string}"},"query-input":{"@type":"PropertyValueSpecification","valueRequired":true,"valueName":"search_term_string"}}],"inLanguage":"it-IT"},{"@type":"Person","@id":"https:\/\/www.intoscana.it\/it\/#\/schema\/person\/9223810753230f20bd670fdd322661f8","name":"Redazione","url":"https:\/\/www.intoscana.it\/it\/author\/redazione\/"}]}},"_links":{"self":[{"href":"https:\/\/www.intoscana.it\/it\/wp-json\/wp\/v2\/posts\/162476","targetHints":{"allow":["GET"]}}],"collection":[{"href":"https:\/\/www.intoscana.it\/it\/wp-json\/wp\/v2\/posts"}],"about":[{"href":"https:\/\/www.intoscana.it\/it\/wp-json\/wp\/v2\/types\/post"}],"author":[{"embeddable":true,"href":"https:\/\/www.intoscana.it\/it\/wp-json\/wp\/v2\/users\/525"}],"replies":[{"embeddable":true,"href":"https:\/\/www.intoscana.it\/it\/wp-json\/wp\/v2\/comments?post=162476"}],"version-history":[{"count":0,"href":"https:\/\/www.intoscana.it\/it\/wp-json\/wp\/v2\/posts\/162476\/revisions"}],"wp:featuredmedia":[{"embeddable":true,"href":"https:\/\/www.intoscana.it\/it\/wp-json\/wp\/v2\/media\/162477"}],"wp:attachment":[{"href":"https:\/\/www.intoscana.it\/it\/wp-json\/wp\/v2\/media?parent=162476"}],"wp:term":[{"taxonomy":"category","embeddable":true,"href":"https:\/\/www.intoscana.it\/it\/wp-json\/wp\/v2\/categories?post=162476"},{"taxonomy":"post_tag","embeddable":true,"href":"https:\/\/www.intoscana.it\/it\/wp-json\/wp\/v2\/tags?post=162476"}],"curies":[{"name":"wp","href":"https:\/\/api.w.org\/{rel}","templated":true}]}}