{"id":162504,"date":"2020-12-22T12:11:28","date_gmt":"2020-12-22T11:11:28","guid":{"rendered":"https:\/\/www.intoscana.it\/it\/?p=162504"},"modified":"2020-12-22T12:11:28","modified_gmt":"2020-12-22T11:11:28","slug":"274-milioni-di-euro-dalla-regione-per-anziani-e-non-autosufficienti","status":"publish","type":"post","link":"https:\/\/www.intoscana.it\/it\/274-milioni-di-euro-dalla-regione-per-anziani-e-non-autosufficienti\/","title":{"rendered":"274 milioni di euro dalla Regione per anziani e non autosufficienti"},"content":{"rendered":"<p>La <strong>Regione Toscana<\/strong>, approvando la delibera presentata dall\u2019assessora al sociale, Serena Spinelli,<strong> ha destinato 274,8 milioni di euro alle politiche per gli anziani e per le persone non autosufficienti.<\/strong><\/p>\n<p>Nel dettaglio <strong>58 milioni di euro vanno a garantire l\u2019estensione dei servizi domiciliari<\/strong> rivolti ai cittadini disabili e non autosufficienti di et\u00e0 superiore, ma anche inferiore ai 65 anni. Per dare continuit\u00e0 ai progetti di vita indipendente lo stanziamento \u00e8 di ulteriori 10,8\u00a0milioni di euro.<\/p>\n<p>\u201cIn questo caso \u2013 precisa l\u2019assessora Spinelli \u2013 <strong>abbiamo deciso di incrementare del 20% questo particolare fondo, destinato ad accrescere il grado di autonomia dei disabili.<\/strong> Ci\u00f2 ci permetter\u00e0 di effettuare un primo consistente scorrimento della graduatoria ancora aperta alla fine dello scorso anno. E contiamo di riuscire ad esaurirla, con ulteriori risorse, nel corso del 2021\u201d.<\/p>\n<p>Ai 68,8 milioni milioni di euro destinati a disabili e non autosufficienti,<strong> vanno poi aggiunti i 206 milioni di euro che sono stati messi a disposizione delle Aziende sanitarie<\/strong> per l\u2019inserimento ed il mantenimento degli ultrasessantacinquenni non autosufficienti nelle\u00a0<strong>Residenze sanitarie assistenziali e nei Centri diurni.<\/strong><\/p>\n<p>\u201cComplessivamente \u2013 conclude Serena Spinelli &#8211; si tratta del finanziamento di <strong>una politica che punta all\u2019integrazione tra interventi di tipo sociale e di tipo sanitario<\/strong>, con una considerazione complessiva delle esigenze delle persone anziane e di quelle non autosufficienti, che vanno accompagnate nel loro percorso di autonomia\u201d.<\/p>\n<p>In particolare per la non autosufficienza e la vita indipendente alla Asl Toscana nord ovest vanno<strong> 23,3 milioni di euro, alla Toscana centro 30 milioni e alla Sud est 15,4 milioni di euro.<\/strong><\/p>\n<p>Invece la ripartizione delle quote sanitari per gli anziani non autosufficienti in Rsa o nei Centri diurni alla Asl Toscana centro vanno<strong> 103 milioni di euro, 51 alla Asl Toscana nord ovest e 52 alla Toscana sud est.<\/strong><\/p>\n","protected":false},"excerpt":{"rendered":"<p>Si tratta del finanziamento di una politica che punta all\u2019integrazione tra interventi di tipo sociale e di tipo sanitario per l&#8217;autosufficienza dei soggetti pi\u00f9 deboli<\/p>\n","protected":false},"author":525,"featured_media":145786,"comment_status":"open","ping_status":"open","sticky":false,"template":"","format":"standard","meta":{"_acf_changed":false,"footnotes":""},"categories":[494],"tags":[370,151],"class_list":["post-162504","post","type-post","status-publish","format-standard","has-post-thumbnail","hentry","category-attualita","tag-anziani","tag-regione-toscana"],"acf":[],"yoast_head":"<!-- This site is optimized with the Yoast SEO Premium plugin v24.2 (Yoast SEO v25.6) - https:\/\/yoast.com\/wordpress\/plugins\/seo\/ -->\n<title>274 milioni di euro dalla Regione per anziani e non autosufficienti - intoscana<\/title>\n<meta name=\"description\" content=\"Si tratta del finanziamento di una politica che punta all\u2019integrazione tra interventi di tipo sociale e sanitario per l&#039;autosufficienza\" \/>\n<meta name=\"robots\" content=\"index, follow, max-snippet:-1, max-image-preview:large, max-video-preview:-1\" \/>\n<link rel=\"canonical\" href=\"https:\/\/www.intoscana.it\/it\/274-milioni-di-euro-dalla-regione-per-anziani-e-non-autosufficienti\/\" \/>\n<meta property=\"og:locale\" content=\"it_IT\" \/>\n<meta property=\"og:type\" content=\"article\" \/>\n<meta property=\"og:title\" content=\"274 milioni di euro dalla Regione per anziani e non autosufficienti\" \/>\n<meta property=\"og:description\" content=\"Si tratta del finanziamento di una politica che punta all\u2019integrazione tra interventi di tipo sociale e sanitario per l&#039;autosufficienza\" \/>\n<meta property=\"og:url\" content=\"https:\/\/www.intoscana.it\/it\/274-milioni-di-euro-dalla-regione-per-anziani-e-non-autosufficienti\/\" \/>\n<meta property=\"og:site_name\" content=\"intoscana\" \/>\n<meta property=\"article:publisher\" content=\"https:\/\/www.facebook.com\/intoscana.it\" \/>\n<meta property=\"article:published_time\" content=\"2020-12-22T11:11:28+00:00\" \/>\n<meta property=\"og:image\" content=\"https:\/\/www.intoscana.it\/wp-content\/uploads\/anziano-8.jpg\" \/>\n\t<meta property=\"og:image:width\" content=\"2000\" \/>\n\t<meta property=\"og:image:height\" content=\"1333\" \/>\n\t<meta property=\"og:image:type\" content=\"image\/jpeg\" \/>\n<meta name=\"author\" content=\"Redazione\" \/>\n<meta name=\"twitter:card\" content=\"summary_large_image\" \/>\n<meta name=\"twitter:creator\" content=\"@intoscana\" \/>\n<meta name=\"twitter:site\" content=\"@intoscana\" \/>\n<meta name=\"twitter:label1\" content=\"Written by\" \/>\n\t<meta name=\"twitter:data1\" content=\"Redazione\" \/>\n\t<meta name=\"twitter:label2\" content=\"Est. reading time\" \/>\n\t<meta name=\"twitter:data2\" content=\"1 minuto\" \/>\n<script type=\"application\/ld+json\" class=\"yoast-schema-graph\">{\"@context\":\"https:\/\/schema.org\",\"@graph\":[{\"@type\":\"WebPage\",\"@id\":\"https:\/\/www.intoscana.it\/it\/274-milioni-di-euro-dalla-regione-per-anziani-e-non-autosufficienti\/\",\"url\":\"https:\/\/www.intoscana.it\/it\/274-milioni-di-euro-dalla-regione-per-anziani-e-non-autosufficienti\/\",\"name\":\"274 milioni di euro dalla Regione per anziani e non autosufficienti - intoscana\",\"isPartOf\":{\"@id\":\"https:\/\/www.intoscana.it\/it\/#website\"},\"primaryImageOfPage\":{\"@id\":\"https:\/\/www.intoscana.it\/it\/274-milioni-di-euro-dalla-regione-per-anziani-e-non-autosufficienti\/#primaryimage\"},\"image\":{\"@id\":\"https:\/\/www.intoscana.it\/it\/274-milioni-di-euro-dalla-regione-per-anziani-e-non-autosufficienti\/#primaryimage\"},\"thumbnailUrl\":\"https:\/\/www.intoscana.it\/wp-content\/uploads\/anziano-8.jpg\",\"datePublished\":\"2020-12-22T11:11:28+00:00\",\"author\":{\"@id\":\"https:\/\/www.intoscana.it\/it\/#\/schema\/person\/9223810753230f20bd670fdd322661f8\"},\"description\":\"Si tratta del finanziamento di una politica che punta all\u2019integrazione tra interventi di tipo sociale e sanitario per l'autosufficienza\",\"breadcrumb\":{\"@id\":\"https:\/\/www.intoscana.it\/it\/274-milioni-di-euro-dalla-regione-per-anziani-e-non-autosufficienti\/#breadcrumb\"},\"inLanguage\":\"it-IT\",\"potentialAction\":[{\"@type\":\"ReadAction\",\"target\":[\"https:\/\/www.intoscana.it\/it\/274-milioni-di-euro-dalla-regione-per-anziani-e-non-autosufficienti\/\"]}]},{\"@type\":\"ImageObject\",\"inLanguage\":\"it-IT\",\"@id\":\"https:\/\/www.intoscana.it\/it\/274-milioni-di-euro-dalla-regione-per-anziani-e-non-autosufficienti\/#primaryimage\",\"url\":\"https:\/\/www.intoscana.it\/wp-content\/uploads\/anziano-8.jpg\",\"contentUrl\":\"https:\/\/www.intoscana.it\/wp-content\/uploads\/anziano-8.jpg\",\"width\":2000,\"height\":1333},{\"@type\":\"BreadcrumbList\",\"@id\":\"https:\/\/www.intoscana.it\/it\/274-milioni-di-euro-dalla-regione-per-anziani-e-non-autosufficienti\/#breadcrumb\",\"itemListElement\":[{\"@type\":\"ListItem\",\"position\":1,\"name\":\"Home\",\"item\":\"https:\/\/www.intoscana.it\/it\/\"},{\"@type\":\"ListItem\",\"position\":2,\"name\":\"274 milioni di euro dalla Regione per anziani e non autosufficienti\"}]},{\"@type\":\"WebSite\",\"@id\":\"https:\/\/www.intoscana.it\/it\/#website\",\"url\":\"https:\/\/www.intoscana.it\/it\/\",\"name\":\"intoscana\",\"description\":\"\",\"potentialAction\":[{\"@type\":\"SearchAction\",\"target\":{\"@type\":\"EntryPoint\",\"urlTemplate\":\"https:\/\/www.intoscana.it\/it\/?s={search_term_string}\"},\"query-input\":{\"@type\":\"PropertyValueSpecification\",\"valueRequired\":true,\"valueName\":\"search_term_string\"}}],\"inLanguage\":\"it-IT\"},{\"@type\":\"Person\",\"@id\":\"https:\/\/www.intoscana.it\/it\/#\/schema\/person\/9223810753230f20bd670fdd322661f8\",\"name\":\"Redazione\",\"url\":\"https:\/\/www.intoscana.it\/it\/author\/redazione\/\"}]}<\/script>\n<!-- \/ Yoast SEO Premium plugin. -->","yoast_head_json":{"title":"274 milioni di euro dalla Regione per anziani e non autosufficienti - intoscana","description":"Si tratta del finanziamento di una politica che punta all\u2019integrazione tra interventi di tipo sociale e sanitario per l'autosufficienza","robots":{"index":"index","follow":"follow","max-snippet":"max-snippet:-1","max-image-preview":"max-image-preview:large","max-video-preview":"max-video-preview:-1"},"canonical":"https:\/\/www.intoscana.it\/it\/274-milioni-di-euro-dalla-regione-per-anziani-e-non-autosufficienti\/","og_locale":"it_IT","og_type":"article","og_title":"274 milioni di euro dalla Regione per anziani e non autosufficienti","og_description":"Si tratta del finanziamento di una politica che punta all\u2019integrazione tra interventi di tipo sociale e sanitario per l'autosufficienza","og_url":"https:\/\/www.intoscana.it\/it\/274-milioni-di-euro-dalla-regione-per-anziani-e-non-autosufficienti\/","og_site_name":"intoscana","article_publisher":"https:\/\/www.facebook.com\/intoscana.it","article_published_time":"2020-12-22T11:11:28+00:00","og_image":[{"width":2000,"height":1333,"url":"https:\/\/www.intoscana.it\/wp-content\/uploads\/anziano-8.jpg","type":"image\/jpeg"}],"author":"Redazione","twitter_card":"summary_large_image","twitter_creator":"@intoscana","twitter_site":"@intoscana","twitter_misc":{"Written by":"Redazione","Est. reading time":"1 minuto"},"schema":{"@context":"https:\/\/schema.org","@graph":[{"@type":"WebPage","@id":"https:\/\/www.intoscana.it\/it\/274-milioni-di-euro-dalla-regione-per-anziani-e-non-autosufficienti\/","url":"https:\/\/www.intoscana.it\/it\/274-milioni-di-euro-dalla-regione-per-anziani-e-non-autosufficienti\/","name":"274 milioni di euro dalla Regione per anziani e non autosufficienti - intoscana","isPartOf":{"@id":"https:\/\/www.intoscana.it\/it\/#website"},"primaryImageOfPage":{"@id":"https:\/\/www.intoscana.it\/it\/274-milioni-di-euro-dalla-regione-per-anziani-e-non-autosufficienti\/#primaryimage"},"image":{"@id":"https:\/\/www.intoscana.it\/it\/274-milioni-di-euro-dalla-regione-per-anziani-e-non-autosufficienti\/#primaryimage"},"thumbnailUrl":"https:\/\/www.intoscana.it\/wp-content\/uploads\/anziano-8.jpg","datePublished":"2020-12-22T11:11:28+00:00","author":{"@id":"https:\/\/www.intoscana.it\/it\/#\/schema\/person\/9223810753230f20bd670fdd322661f8"},"description":"Si tratta del finanziamento di una politica che punta all\u2019integrazione tra interventi di tipo sociale e sanitario per l'autosufficienza","breadcrumb":{"@id":"https:\/\/www.intoscana.it\/it\/274-milioni-di-euro-dalla-regione-per-anziani-e-non-autosufficienti\/#breadcrumb"},"inLanguage":"it-IT","potentialAction":[{"@type":"ReadAction","target":["https:\/\/www.intoscana.it\/it\/274-milioni-di-euro-dalla-regione-per-anziani-e-non-autosufficienti\/"]}]},{"@type":"ImageObject","inLanguage":"it-IT","@id":"https:\/\/www.intoscana.it\/it\/274-milioni-di-euro-dalla-regione-per-anziani-e-non-autosufficienti\/#primaryimage","url":"https:\/\/www.intoscana.it\/wp-content\/uploads\/anziano-8.jpg","contentUrl":"https:\/\/www.intoscana.it\/wp-content\/uploads\/anziano-8.jpg","width":2000,"height":1333},{"@type":"BreadcrumbList","@id":"https:\/\/www.intoscana.it\/it\/274-milioni-di-euro-dalla-regione-per-anziani-e-non-autosufficienti\/#breadcrumb","itemListElement":[{"@type":"ListItem","position":1,"name":"Home","item":"https:\/\/www.intoscana.it\/it\/"},{"@type":"ListItem","position":2,"name":"274 milioni di euro dalla Regione per anziani e non autosufficienti"}]},{"@type":"WebSite","@id":"https:\/\/www.intoscana.it\/it\/#website","url":"https:\/\/www.intoscana.it\/it\/","name":"intoscana","description":"","potentialAction":[{"@type":"SearchAction","target":{"@type":"EntryPoint","urlTemplate":"https:\/\/www.intoscana.it\/it\/?s={search_term_string}"},"query-input":{"@type":"PropertyValueSpecification","valueRequired":true,"valueName":"search_term_string"}}],"inLanguage":"it-IT"},{"@type":"Person","@id":"https:\/\/www.intoscana.it\/it\/#\/schema\/person\/9223810753230f20bd670fdd322661f8","name":"Redazione","url":"https:\/\/www.intoscana.it\/it\/author\/redazione\/"}]}},"_links":{"self":[{"href":"https:\/\/www.intoscana.it\/it\/wp-json\/wp\/v2\/posts\/162504","targetHints":{"allow":["GET"]}}],"collection":[{"href":"https:\/\/www.intoscana.it\/it\/wp-json\/wp\/v2\/posts"}],"about":[{"href":"https:\/\/www.intoscana.it\/it\/wp-json\/wp\/v2\/types\/post"}],"author":[{"embeddable":true,"href":"https:\/\/www.intoscana.it\/it\/wp-json\/wp\/v2\/users\/525"}],"replies":[{"embeddable":true,"href":"https:\/\/www.intoscana.it\/it\/wp-json\/wp\/v2\/comments?post=162504"}],"version-history":[{"count":0,"href":"https:\/\/www.intoscana.it\/it\/wp-json\/wp\/v2\/posts\/162504\/revisions"}],"wp:featuredmedia":[{"embeddable":true,"href":"https:\/\/www.intoscana.it\/it\/wp-json\/wp\/v2\/media\/145786"}],"wp:attachment":[{"href":"https:\/\/www.intoscana.it\/it\/wp-json\/wp\/v2\/media?parent=162504"}],"wp:term":[{"taxonomy":"category","embeddable":true,"href":"https:\/\/www.intoscana.it\/it\/wp-json\/wp\/v2\/categories?post=162504"},{"taxonomy":"post_tag","embeddable":true,"href":"https:\/\/www.intoscana.it\/it\/wp-json\/wp\/v2\/tags?post=162504"}],"curies":[{"name":"wp","href":"https:\/\/api.w.org\/{rel}","templated":true}]}}