{"id":162724,"date":"2020-12-28T10:29:35","date_gmt":"2020-12-28T09:29:35","guid":{"rendered":"https:\/\/www.intoscana.it\/it\/?p=162724"},"modified":"2020-12-28T17:19:31","modified_gmt":"2020-12-28T16:19:31","slug":"covid-19-ieri-227-nuovi-casi-in-toscana-e-8-decessi","status":"publish","type":"post","link":"https:\/\/www.intoscana.it\/it\/covid-19-ieri-227-nuovi-casi-in-toscana-e-8-decessi\/","title":{"rendered":"Covid-19: ieri 227 nuovi casi in Toscana e 8 decessi"},"content":{"rendered":"<p><strong>Sono 227 i nuovi casi di Covid-19 emersi ieri in Toscana, lo 0,2% in pi\u00f9<\/strong> rispetto al totale del giorno precedente, con un&#8217;et\u00e0 media di\u00a050 anni circa (il 12% ha meno di 20 anni, il 21% tra 20 e 39 anni, il 32% tra 40 e 59 anni, il 25% tra 60 e 79 anni, il 10% ha 80 anni o pi\u00f9).<br \/>\nI guariti crescono dello 0,3% e raggiungono quota 104.396 (87,9% dei casi totali). I tamponi eseguiti hanno raggiunto quota 1.849.528, <strong>3.502 in pi\u00f9 rispetto a sabato,<\/strong> di cui il 6,5% positivo.<\/p>\n<p>Sono invece 1.549 i soggetti testati ieri (escludendo i tamponi di controllo), di cui il 14,7% \u00e8 risultato positivo. A questi si aggiungono i 226 tamponi antigenici rapidi eseguiti ieri.Gli attualmente positivi sono oggi 10.800, -0,7% rispetto a sabato. I ricoverati sono 1.012 (21 in pi\u00f9 rispetto a sabato), di cui 165 in terapia intensiva (1 in meno).<br \/>\n<strong>Ieri si sono registrati 8 nuovi decessi:<\/strong> 3 uomini e 5 donne con un&#8217;et\u00e0 media di 79,9 anni.<\/p>\n<h3>I nuovi casi divisi per provincia<\/h3>\n<p>Di seguito i casi di positivit\u00e0 sul territorio con la variazione rispetto a ieri. Sono 33.120 i casi complessivi ad oggi a Firenze (85 in pi\u00f9 rispetto a ieri), 10.308 a Prato (17 in pi\u00f9), 10.383 a Pistoia (8 in pi\u00f9), 7.596 a Massa (5 in pi\u00f9), 12.325 a Lucca (18 in pi\u00f9), 16.558 a Pisa (28 in pi\u00f9), 8.493 a Livorno (9 in pi\u00f9), 10.459 ad Arezzo (31 in pi\u00f9), 4.846 a Siena (19 in pi\u00f9), 4.141 a Grosseto (7 in pi\u00f9). Sono 555 i casi positivi notificati in Toscana, ma residenti in altre regioni.<\/p>\n<p>Sono 114 i casi riscontrati oggi nell&#8217;Asl Centro, 56 nella Nord Ovest, 57 nella Sud est.<\/p>\n<p><strong>La Toscana si trova al 11\u00b0 posto in Italia come numerosit\u00e0 di casi<\/strong> (comprensivi di residenti e non residenti), con circa 3.185 casi per 100.000 abitanti (media italiana circa 3.378 x100.000, dato di ieri). Le province di notifica con il tasso pi\u00f9 alto sono Prato con 4.000 casi x100.000 abitanti, Pisa con 3.951, Massa Carrara con 3.898, la pi\u00f9 bassa Siena con 1.814.<\/p>\n<h3><strong>297 i guariti in pi\u00f9, in lieve aumento i ricoverati<\/strong><\/h3>\n<p>Le persone ricoverate nei posti letto dedicati ai pazienti Covid oggi sono<strong> complessivamente 1.012 (21 in pi\u00f9 rispetto a sabato,<\/strong> pi\u00f9 2,1%), 165 in terapia intensiva (1 in meno rispetto a sabato, meno 0,6%).<\/p>\n<p><strong>Le persone complessivamente guarite sono 104.396 (297 in pi\u00f9<\/strong> rispetto a sabato pi\u00f9 0,3%): 468 persone clinicamente guarite (19 in pi\u00f9 rispetto a sabato pi\u00f9 4,2%), divenute cio\u00e8 asintomatiche dopo aver presentato manifestazioni cliniche associate all&#8217;infezione e 103.928 (278 in pi\u00f9 rispetto a sabato, pi\u00f9 0,3%) dichiarate guarite a tutti gli effetti, le cosiddette guarigioni virali, con tampone negativo.<\/p>\n<p>Complessivamente, 9.788 persone sono in isolamento a casa, poich\u00e9 presentano sintomi lievi che non richiedono cure ospedaliere, o risultano prive di sintomi (99 in meno rispetto a sabato, meno 1%). Sono 19.911 (696 in meno rispetto a sabato, meno 3,4%) le persone, anch&#8217;esse isolate, in sorveglianza attiva perch\u00e9 hanno avuto contatti con persone contagiate (ASL Centro 5.311, Nord Ovest 10.903, Sud Est 3.697).<\/p>\n<h3>8 nuovi decessi, et\u00e0 media 79,9 anni<\/h3>\n<p>Purtroppo, ieri si registrano 8 nuovi decessi: <strong>3 uomini e 5 donne con un&#8217;et\u00e0 media di 79,9 anni. <\/strong>Relativamente alla provincia di residenza, le persone decedute sono: 2 a Prato, 1 a Pistoia, 2 a Lucca, 1 a Pisa, 1 a Livorno, 1 a Arezzo.<\/p>\n<p><strong>Sono 3.588 i deceduti dall&#8217;inizio dell&#8217;epidemia<\/strong> cosi ripartiti: 1.218 a Firenze, 244 a Prato, 271 a Pistoia, 378 a Massa Carrara, 326 a Lucca, 410 a Pisa, 264 a Livorno, 214 ad Arezzo, 122 a Siena, 88 a Grosseto, 53 persone sono decedute sul suolo toscano ma erano residenti fuori regione.<\/p>\n<p>Il tasso grezzo di mortalit\u00e0 toscano (numero di deceduti\/popolazione residente) per Covid-19 \u00e8 di 96,2 x100.000 residenti contro il 118,7 x100.000 della media italiana (11\u00b0 regione). Per quanto riguarda le province, il tasso di mortalit\u00e0 pi\u00f9 alto si riscontra a Massa Carrara (194,0 x100.000), Firenze (120,4 x100.000) e Pisa (97,8 x100.000), il pi\u00f9 basso a Grosseto (39,7 x100.000).<\/p>\n","protected":false},"excerpt":{"rendered":"<p>Sono 3502 i tamponi eseguiti ieri, 297 i guariti in pi\u00f9 rispetto a sabato mentre i ricoverati sono in leggero aumento<\/p>\n","protected":false},"author":525,"featured_media":160087,"comment_status":"open","ping_status":"open","sticky":false,"template":"","format":"standard","meta":{"_acf_changed":false,"footnotes":""},"categories":[494],"tags":[4868,418,4408],"class_list":["post-162724","post","type-post","status-publish","format-standard","has-post-thumbnail","hentry","category-attualita","tag-bollettino-covid-toscana","tag-covid-19","tag-tamponi"],"acf":[],"yoast_head":"<!-- This site is optimized with the Yoast SEO Premium plugin v24.2 (Yoast SEO v25.6) - https:\/\/yoast.com\/wordpress\/plugins\/seo\/ -->\n<title>Covid-19: ieri 227 nuovi casi in Toscana e 8 decessi - intoscana<\/title>\n<meta name=\"description\" content=\"Sono 227 i nuovi casi di Covid-19 emersi ieri in Toscana su 3502 tamponi eseguiti, si registrano anche 8 nuovi decessi.\" \/>\n<meta name=\"robots\" content=\"index, follow, max-snippet:-1, max-image-preview:large, max-video-preview:-1\" \/>\n<link rel=\"canonical\" href=\"https:\/\/www.intoscana.it\/it\/covid-19-ieri-227-nuovi-casi-in-toscana-e-8-decessi\/\" \/>\n<meta property=\"og:locale\" content=\"it_IT\" \/>\n<meta property=\"og:type\" content=\"article\" \/>\n<meta property=\"og:title\" content=\"Covid-19: ieri 227 nuovi casi in Toscana e 8 decessi\" \/>\n<meta property=\"og:description\" content=\"Sono 227 i nuovi casi di Covid-19 emersi ieri in Toscana su 3502 tamponi eseguiti, si registrano anche 8 nuovi decessi.\" \/>\n<meta property=\"og:url\" content=\"https:\/\/www.intoscana.it\/it\/covid-19-ieri-227-nuovi-casi-in-toscana-e-8-decessi\/\" \/>\n<meta property=\"og:site_name\" content=\"intoscana\" \/>\n<meta property=\"article:publisher\" content=\"https:\/\/www.facebook.com\/intoscana.it\" \/>\n<meta property=\"article:published_time\" content=\"2020-12-28T09:29:35+00:00\" \/>\n<meta property=\"article:modified_time\" content=\"2020-12-28T16:19:31+00:00\" \/>\n<meta property=\"og:image\" content=\"https:\/\/www.intoscana.it\/wp-content\/uploads\/IMG_8050-scaled.jpg\" \/>\n\t<meta property=\"og:image:width\" content=\"2048\" \/>\n\t<meta property=\"og:image:height\" content=\"1366\" \/>\n\t<meta property=\"og:image:type\" content=\"image\/jpeg\" \/>\n<meta name=\"author\" content=\"Redazione\" \/>\n<meta name=\"twitter:card\" content=\"summary_large_image\" \/>\n<meta name=\"twitter:creator\" content=\"@intoscana\" \/>\n<meta name=\"twitter:site\" content=\"@intoscana\" \/>\n<meta name=\"twitter:label1\" content=\"Written by\" \/>\n\t<meta name=\"twitter:data1\" content=\"Redazione\" \/>\n\t<meta name=\"twitter:label2\" content=\"Est. reading time\" \/>\n\t<meta name=\"twitter:data2\" content=\"3 minuti\" \/>\n<script type=\"application\/ld+json\" class=\"yoast-schema-graph\">{\"@context\":\"https:\/\/schema.org\",\"@graph\":[{\"@type\":\"WebPage\",\"@id\":\"https:\/\/www.intoscana.it\/it\/covid-19-ieri-227-nuovi-casi-in-toscana-e-8-decessi\/\",\"url\":\"https:\/\/www.intoscana.it\/it\/covid-19-ieri-227-nuovi-casi-in-toscana-e-8-decessi\/\",\"name\":\"Covid-19: ieri 227 nuovi casi in Toscana e 8 decessi - intoscana\",\"isPartOf\":{\"@id\":\"https:\/\/www.intoscana.it\/it\/#website\"},\"primaryImageOfPage\":{\"@id\":\"https:\/\/www.intoscana.it\/it\/covid-19-ieri-227-nuovi-casi-in-toscana-e-8-decessi\/#primaryimage\"},\"image\":{\"@id\":\"https:\/\/www.intoscana.it\/it\/covid-19-ieri-227-nuovi-casi-in-toscana-e-8-decessi\/#primaryimage\"},\"thumbnailUrl\":\"https:\/\/www.intoscana.it\/wp-content\/uploads\/IMG_8050-scaled.jpg\",\"datePublished\":\"2020-12-28T09:29:35+00:00\",\"dateModified\":\"2020-12-28T16:19:31+00:00\",\"author\":{\"@id\":\"https:\/\/www.intoscana.it\/it\/#\/schema\/person\/9223810753230f20bd670fdd322661f8\"},\"description\":\"Sono 227 i nuovi casi di Covid-19 emersi ieri in Toscana su 3502 tamponi eseguiti, si registrano anche 8 nuovi decessi.\",\"breadcrumb\":{\"@id\":\"https:\/\/www.intoscana.it\/it\/covid-19-ieri-227-nuovi-casi-in-toscana-e-8-decessi\/#breadcrumb\"},\"inLanguage\":\"it-IT\",\"potentialAction\":[{\"@type\":\"ReadAction\",\"target\":[\"https:\/\/www.intoscana.it\/it\/covid-19-ieri-227-nuovi-casi-in-toscana-e-8-decessi\/\"]}]},{\"@type\":\"ImageObject\",\"inLanguage\":\"it-IT\",\"@id\":\"https:\/\/www.intoscana.it\/it\/covid-19-ieri-227-nuovi-casi-in-toscana-e-8-decessi\/#primaryimage\",\"url\":\"https:\/\/www.intoscana.it\/wp-content\/uploads\/IMG_8050-scaled.jpg\",\"contentUrl\":\"https:\/\/www.intoscana.it\/wp-content\/uploads\/IMG_8050-scaled.jpg\",\"width\":2048,\"height\":1366,\"caption\":\"Toscana Life Sciences\"},{\"@type\":\"BreadcrumbList\",\"@id\":\"https:\/\/www.intoscana.it\/it\/covid-19-ieri-227-nuovi-casi-in-toscana-e-8-decessi\/#breadcrumb\",\"itemListElement\":[{\"@type\":\"ListItem\",\"position\":1,\"name\":\"Home\",\"item\":\"https:\/\/www.intoscana.it\/it\/\"},{\"@type\":\"ListItem\",\"position\":2,\"name\":\"Covid-19: ieri 227 nuovi casi in Toscana e 8 decessi\"}]},{\"@type\":\"WebSite\",\"@id\":\"https:\/\/www.intoscana.it\/it\/#website\",\"url\":\"https:\/\/www.intoscana.it\/it\/\",\"name\":\"intoscana\",\"description\":\"\",\"potentialAction\":[{\"@type\":\"SearchAction\",\"target\":{\"@type\":\"EntryPoint\",\"urlTemplate\":\"https:\/\/www.intoscana.it\/it\/?s={search_term_string}\"},\"query-input\":{\"@type\":\"PropertyValueSpecification\",\"valueRequired\":true,\"valueName\":\"search_term_string\"}}],\"inLanguage\":\"it-IT\"},{\"@type\":\"Person\",\"@id\":\"https:\/\/www.intoscana.it\/it\/#\/schema\/person\/9223810753230f20bd670fdd322661f8\",\"name\":\"Redazione\",\"url\":\"https:\/\/www.intoscana.it\/it\/author\/redazione\/\"}]}<\/script>\n<!-- \/ Yoast SEO Premium plugin. -->","yoast_head_json":{"title":"Covid-19: ieri 227 nuovi casi in Toscana e 8 decessi - intoscana","description":"Sono 227 i nuovi casi di Covid-19 emersi ieri in Toscana su 3502 tamponi eseguiti, si registrano anche 8 nuovi decessi.","robots":{"index":"index","follow":"follow","max-snippet":"max-snippet:-1","max-image-preview":"max-image-preview:large","max-video-preview":"max-video-preview:-1"},"canonical":"https:\/\/www.intoscana.it\/it\/covid-19-ieri-227-nuovi-casi-in-toscana-e-8-decessi\/","og_locale":"it_IT","og_type":"article","og_title":"Covid-19: ieri 227 nuovi casi in Toscana e 8 decessi","og_description":"Sono 227 i nuovi casi di Covid-19 emersi ieri in Toscana su 3502 tamponi eseguiti, si registrano anche 8 nuovi decessi.","og_url":"https:\/\/www.intoscana.it\/it\/covid-19-ieri-227-nuovi-casi-in-toscana-e-8-decessi\/","og_site_name":"intoscana","article_publisher":"https:\/\/www.facebook.com\/intoscana.it","article_published_time":"2020-12-28T09:29:35+00:00","article_modified_time":"2020-12-28T16:19:31+00:00","og_image":[{"width":2048,"height":1366,"url":"https:\/\/www.intoscana.it\/wp-content\/uploads\/IMG_8050-scaled.jpg","type":"image\/jpeg"}],"author":"Redazione","twitter_card":"summary_large_image","twitter_creator":"@intoscana","twitter_site":"@intoscana","twitter_misc":{"Written by":"Redazione","Est. reading time":"3 minuti"},"schema":{"@context":"https:\/\/schema.org","@graph":[{"@type":"WebPage","@id":"https:\/\/www.intoscana.it\/it\/covid-19-ieri-227-nuovi-casi-in-toscana-e-8-decessi\/","url":"https:\/\/www.intoscana.it\/it\/covid-19-ieri-227-nuovi-casi-in-toscana-e-8-decessi\/","name":"Covid-19: ieri 227 nuovi casi in Toscana e 8 decessi - intoscana","isPartOf":{"@id":"https:\/\/www.intoscana.it\/it\/#website"},"primaryImageOfPage":{"@id":"https:\/\/www.intoscana.it\/it\/covid-19-ieri-227-nuovi-casi-in-toscana-e-8-decessi\/#primaryimage"},"image":{"@id":"https:\/\/www.intoscana.it\/it\/covid-19-ieri-227-nuovi-casi-in-toscana-e-8-decessi\/#primaryimage"},"thumbnailUrl":"https:\/\/www.intoscana.it\/wp-content\/uploads\/IMG_8050-scaled.jpg","datePublished":"2020-12-28T09:29:35+00:00","dateModified":"2020-12-28T16:19:31+00:00","author":{"@id":"https:\/\/www.intoscana.it\/it\/#\/schema\/person\/9223810753230f20bd670fdd322661f8"},"description":"Sono 227 i nuovi casi di Covid-19 emersi ieri in Toscana su 3502 tamponi eseguiti, si registrano anche 8 nuovi decessi.","breadcrumb":{"@id":"https:\/\/www.intoscana.it\/it\/covid-19-ieri-227-nuovi-casi-in-toscana-e-8-decessi\/#breadcrumb"},"inLanguage":"it-IT","potentialAction":[{"@type":"ReadAction","target":["https:\/\/www.intoscana.it\/it\/covid-19-ieri-227-nuovi-casi-in-toscana-e-8-decessi\/"]}]},{"@type":"ImageObject","inLanguage":"it-IT","@id":"https:\/\/www.intoscana.it\/it\/covid-19-ieri-227-nuovi-casi-in-toscana-e-8-decessi\/#primaryimage","url":"https:\/\/www.intoscana.it\/wp-content\/uploads\/IMG_8050-scaled.jpg","contentUrl":"https:\/\/www.intoscana.it\/wp-content\/uploads\/IMG_8050-scaled.jpg","width":2048,"height":1366,"caption":"Toscana Life Sciences"},{"@type":"BreadcrumbList","@id":"https:\/\/www.intoscana.it\/it\/covid-19-ieri-227-nuovi-casi-in-toscana-e-8-decessi\/#breadcrumb","itemListElement":[{"@type":"ListItem","position":1,"name":"Home","item":"https:\/\/www.intoscana.it\/it\/"},{"@type":"ListItem","position":2,"name":"Covid-19: ieri 227 nuovi casi in Toscana e 8 decessi"}]},{"@type":"WebSite","@id":"https:\/\/www.intoscana.it\/it\/#website","url":"https:\/\/www.intoscana.it\/it\/","name":"intoscana","description":"","potentialAction":[{"@type":"SearchAction","target":{"@type":"EntryPoint","urlTemplate":"https:\/\/www.intoscana.it\/it\/?s={search_term_string}"},"query-input":{"@type":"PropertyValueSpecification","valueRequired":true,"valueName":"search_term_string"}}],"inLanguage":"it-IT"},{"@type":"Person","@id":"https:\/\/www.intoscana.it\/it\/#\/schema\/person\/9223810753230f20bd670fdd322661f8","name":"Redazione","url":"https:\/\/www.intoscana.it\/it\/author\/redazione\/"}]}},"_links":{"self":[{"href":"https:\/\/www.intoscana.it\/it\/wp-json\/wp\/v2\/posts\/162724","targetHints":{"allow":["GET"]}}],"collection":[{"href":"https:\/\/www.intoscana.it\/it\/wp-json\/wp\/v2\/posts"}],"about":[{"href":"https:\/\/www.intoscana.it\/it\/wp-json\/wp\/v2\/types\/post"}],"author":[{"embeddable":true,"href":"https:\/\/www.intoscana.it\/it\/wp-json\/wp\/v2\/users\/525"}],"replies":[{"embeddable":true,"href":"https:\/\/www.intoscana.it\/it\/wp-json\/wp\/v2\/comments?post=162724"}],"version-history":[{"count":0,"href":"https:\/\/www.intoscana.it\/it\/wp-json\/wp\/v2\/posts\/162724\/revisions"}],"wp:featuredmedia":[{"embeddable":true,"href":"https:\/\/www.intoscana.it\/it\/wp-json\/wp\/v2\/media\/160087"}],"wp:attachment":[{"href":"https:\/\/www.intoscana.it\/it\/wp-json\/wp\/v2\/media?parent=162724"}],"wp:term":[{"taxonomy":"category","embeddable":true,"href":"https:\/\/www.intoscana.it\/it\/wp-json\/wp\/v2\/categories?post=162724"},{"taxonomy":"post_tag","embeddable":true,"href":"https:\/\/www.intoscana.it\/it\/wp-json\/wp\/v2\/tags?post=162724"}],"curies":[{"name":"wp","href":"https:\/\/api.w.org\/{rel}","templated":true}]}}