{"id":162773,"date":"2020-12-28T13:51:37","date_gmt":"2020-12-28T12:51:37","guid":{"rendered":"https:\/\/www.intoscana.it\/it\/?p=162773"},"modified":"2020-12-29T15:37:47","modified_gmt":"2020-12-29T14:37:47","slug":"covid-19-ancora-in-calo-i-nuovi-casi-in-toscana-oggi-sono-181","status":"publish","type":"post","link":"https:\/\/www.intoscana.it\/it\/covid-19-ancora-in-calo-i-nuovi-casi-in-toscana-oggi-sono-181\/","title":{"rendered":"Covid-19, ancora in calo i nuovi casi in Toscana: oggi sono 181"},"content":{"rendered":"<p>Sono <strong>181 in pi\u00f9 rispetto a ieri i nuovi casi di Coronavirus oggi in Toscana,\u00a0lo 0,2% in pi\u00f9<\/strong> rispetto al totale del giorno precedente. I guariti crescono dello 0,6% e raggiungono quota 105.064 (88,3% dei casi totali).<br \/>\nI tamponi eseguiti hanno raggiunto quota 1.853.202, <strong>3.674 in pi\u00f9 rispetto a ieri, di cui il 4,9% positivo.<\/strong> Sono invece 1.325 i soggetti testati oggi (escludendo i tamponi di controllo), di cui il 13,7% \u00e8 risultato positivo. A questi si aggiungono i 503 tamponi antigenici rapidi eseguiti oggi.<\/p>\n<p>Gli attualmente positivi sono oggi 10.284, -4,8% rispetto a ieri. I ricoverati sono 1.054 (42 in pi\u00f9 rispetto a ieri), di cui 164 in terapia intensiva (1 in meno). L&#8217;et\u00e0 media dei 181 casi odierni \u00e8 di 44 anni circa (il 19% ha meno di 20 anni, il 24% tra 20 e 39 anni, il 29% tra 40 e 59 anni, il 19% tra 60 e 79 anni, il 9% ha 80 anni o pi\u00f9).<\/p>\n<p>Oggi si registrano <strong>29 nuovi decessi:<\/strong> 18 uomini e 11 donne con un&#8217;et\u00e0 media di 79,3 anni.<\/p>\n<h3>I nuovi casi divisi per provincia<\/h3>\n<p>Di seguito i casi di positivit\u00e0 sul territorio con la variazione rispetto a ieri. Sono 33.173 i casi complessivi ad oggi a Firenze (53 in pi\u00f9 rispetto a ieri), 10.316 a Prato (8 in pi\u00f9), 10.385 a Pistoia (2 in pi\u00f9), 7.611 a Massa (15 in pi\u00f9), 12.351 a Lucca (26 in pi\u00f9), 16.576 a Pisa (18 in pi\u00f9), 8.519 a Livorno (26 in pi\u00f9), 10.474 ad Arezzo (15 in pi\u00f9), 4.858 a Siena (12 in pi\u00f9), 4.147 a Grosseto (6 in pi\u00f9). Sono 555 i casi positivi notificati in Toscana, ma residenti in altre regioni.<\/p>\n<p>Sono 65 i casi riscontrati oggi nell&#8217;Asl Centro, 83 nella Nord Ovest, 33 nella Sud est.<\/p>\n<p><strong>La Toscana si trova al 11\u00b0 posto in Italia come numerosit\u00e0 di casi<\/strong> (comprensivi di residenti e non residenti), con circa 3.190 casi per 100.000 abitanti (media italiana circa 3.392 x100.000, dato di ieri). Le province di notifica con il tasso pi\u00f9 alto sono Prato con 4.003 casi x100.000 abitanti, Pisa con 3.956, Massa Carrara con 3.906, la pi\u00f9 bassa Siena con 1.818.<\/p>\n<h3>668 guariti in pi\u00f9, in aumento i ricoveri<\/h3>\n<p>Le persone ricoverate nei posti letto dedicati ai pazienti Covid oggi sono complessivamente 1<strong>.054 (42 in pi\u00f9 rispetto a ieri,<\/strong> pi\u00f9 4,2%), 164 in terapia intensiva (1 in meno rispetto a ieri, meno 0,6%).<br \/>\n<strong>Le persone complessivamente guarite sono 105.064 (668 in pi\u00f9 rispetto a ieri,<\/strong> pi\u00f9 0,6%): 440 persone clinicamente guarite (28 in meno rispetto a ieri, meno 6%), divenute cio\u00e8 asintomatiche dopo aver presentato manifestazioni cliniche associate all&#8217;infezione e 104.624 (696 in pi\u00f9 rispetto a ieri, pi\u00f9 0,7%) dichiarate guarite a tutti gli effetti, le cosiddette guarigioni virali, con tampone negativo.<\/p>\n<p>Complessivamente, <strong>9.230 persone sono in isolamento a casa,<\/strong> poich\u00e9 presentano sintomi lievi che non richiedono cure ospedaliere, o risultano prive di sintomi (558 in meno rispetto a ieri, meno 5,7%).<br \/>\nSono 19.777 (134 in meno rispetto a ieri, meno 0,7%) le persone, anch&#8217;esse isolate, in sorveglianza attiva perch\u00e9 hanno avuto contatti con persone contagiate (ASL Centro 5.238, Nord Ovest 10.888, Sud Est 3.651).<\/p>\n<h3>29 nuovi decessi, et\u00e0 media 79,3 anni<\/h3>\n<p>Purtroppo, oggi si registrano 29 nuovi decessi: <strong>18 uomini e 11 donne con un&#8217;et\u00e0 media di 79,3 anni.<\/strong><\/p>\n<p>Relativamente alla provincia di residenza, le persone decedute sono: 6 a Firenze, 2 a Prato, 1 a Pistoia, 6 a Massa Carrara, 4 a Lucca, 5 a Pisa, 2 a Livorno, 2 a Arezzo, 1 residente fuori Toscana.<\/p>\n<p>Sono 3.617 i deceduti dall&#8217;inizio dell&#8217;epidemia cosi ripartiti: 1.224 a Firenze, 246 a Prato, 272 a Pistoia, 384 a Massa Carrara, 330 a Lucca, 415 a Pisa, 266 a Livorno, 216 ad Arezzo, 122 a Siena, 88 a Grosseto, 54 persone sono decedute sul suolo toscano ma erano residenti fuori regione.<\/p>\n<p>Il tasso grezzo di mortalit\u00e0 toscano (numero di deceduti\/popolazione residente) per Covid-19 \u00e8 di 97,0 x100.000 residenti contro il 119,2 x100.000 della media italiana (11\u00b0 regione). Per quanto riguarda le province, il tasso di mortalit\u00e0 pi\u00f9 alto si riscontra a Massa Carrara (197,0 x100.000), Firenze (121,0 x100.000) e Pisa (99,0 x100.000), il pi\u00f9 basso a Grosseto (39,7 x100.000).<\/p>\n","protected":false},"excerpt":{"rendered":"<p>Sono 3.674 i tamponi eseguiti nelle ultime 24 ore. Purtroppo si registrano anche 29 decessi, con et\u00e0 media di 79,3 anni<\/p>\n","protected":false},"author":525,"featured_media":156481,"comment_status":"open","ping_status":"open","sticky":false,"template":"","format":"standard","meta":{"_acf_changed":false,"footnotes":""},"categories":[494],"tags":[4868,418,4408],"class_list":["post-162773","post","type-post","status-publish","format-standard","has-post-thumbnail","hentry","category-attualita","tag-bollettino-covid-toscana","tag-covid-19","tag-tamponi"],"acf":[],"yoast_head":"<!-- This site is optimized with the Yoast SEO Premium plugin v24.2 (Yoast SEO v25.6) - https:\/\/yoast.com\/wordpress\/plugins\/seo\/ -->\n<title>Covid-19, ancora in calo i nuovi casi in Toscana: oggi sono 181 - intoscana<\/title>\n<meta name=\"robots\" content=\"index, follow, max-snippet:-1, max-image-preview:large, max-video-preview:-1\" \/>\n<link rel=\"canonical\" href=\"https:\/\/www.intoscana.it\/it\/covid-19-ancora-in-calo-i-nuovi-casi-in-toscana-oggi-sono-181\/\" \/>\n<meta property=\"og:locale\" content=\"it_IT\" \/>\n<meta property=\"og:type\" content=\"article\" \/>\n<meta property=\"og:title\" content=\"Covid-19, ancora in calo i nuovi casi in Toscana: oggi sono 181\" \/>\n<meta property=\"og:description\" content=\"Sono 3.674 i tamponi eseguiti nelle ultime 24 ore. Purtroppo si registrano anche 29 decessi, con et\u00e0 media di 79,3 anni\" \/>\n<meta property=\"og:url\" content=\"https:\/\/www.intoscana.it\/it\/covid-19-ancora-in-calo-i-nuovi-casi-in-toscana-oggi-sono-181\/\" \/>\n<meta property=\"og:site_name\" content=\"intoscana\" \/>\n<meta property=\"article:publisher\" content=\"https:\/\/www.facebook.com\/intoscana.it\" \/>\n<meta property=\"article:published_time\" content=\"2020-12-28T12:51:37+00:00\" \/>\n<meta property=\"article:modified_time\" content=\"2020-12-29T14:37:47+00:00\" \/>\n<meta property=\"og:image\" content=\"https:\/\/www.intoscana.it\/wp-content\/uploads\/shutterstock_1841794108-scaled.jpg\" \/>\n\t<meta property=\"og:image:width\" content=\"2048\" \/>\n\t<meta property=\"og:image:height\" content=\"1366\" \/>\n\t<meta property=\"og:image:type\" content=\"image\/jpeg\" \/>\n<meta name=\"author\" content=\"Redazione\" \/>\n<meta name=\"twitter:card\" content=\"summary_large_image\" \/>\n<meta name=\"twitter:creator\" content=\"@intoscana\" \/>\n<meta name=\"twitter:site\" content=\"@intoscana\" \/>\n<meta name=\"twitter:label1\" content=\"Written by\" \/>\n\t<meta name=\"twitter:data1\" content=\"Redazione\" \/>\n\t<meta name=\"twitter:label2\" content=\"Est. reading time\" \/>\n\t<meta name=\"twitter:data2\" content=\"3 minuti\" \/>\n<script type=\"application\/ld+json\" class=\"yoast-schema-graph\">{\"@context\":\"https:\/\/schema.org\",\"@graph\":[{\"@type\":\"WebPage\",\"@id\":\"https:\/\/www.intoscana.it\/it\/covid-19-ancora-in-calo-i-nuovi-casi-in-toscana-oggi-sono-181\/\",\"url\":\"https:\/\/www.intoscana.it\/it\/covid-19-ancora-in-calo-i-nuovi-casi-in-toscana-oggi-sono-181\/\",\"name\":\"Covid-19, ancora in calo i nuovi casi in Toscana: oggi sono 181 - intoscana\",\"isPartOf\":{\"@id\":\"https:\/\/www.intoscana.it\/it\/#website\"},\"primaryImageOfPage\":{\"@id\":\"https:\/\/www.intoscana.it\/it\/covid-19-ancora-in-calo-i-nuovi-casi-in-toscana-oggi-sono-181\/#primaryimage\"},\"image\":{\"@id\":\"https:\/\/www.intoscana.it\/it\/covid-19-ancora-in-calo-i-nuovi-casi-in-toscana-oggi-sono-181\/#primaryimage\"},\"thumbnailUrl\":\"https:\/\/www.intoscana.it\/wp-content\/uploads\/shutterstock_1841794108-scaled.jpg\",\"datePublished\":\"2020-12-28T12:51:37+00:00\",\"dateModified\":\"2020-12-29T14:37:47+00:00\",\"author\":{\"@id\":\"https:\/\/www.intoscana.it\/it\/#\/schema\/person\/9223810753230f20bd670fdd322661f8\"},\"breadcrumb\":{\"@id\":\"https:\/\/www.intoscana.it\/it\/covid-19-ancora-in-calo-i-nuovi-casi-in-toscana-oggi-sono-181\/#breadcrumb\"},\"inLanguage\":\"it-IT\",\"potentialAction\":[{\"@type\":\"ReadAction\",\"target\":[\"https:\/\/www.intoscana.it\/it\/covid-19-ancora-in-calo-i-nuovi-casi-in-toscana-oggi-sono-181\/\"]}]},{\"@type\":\"ImageObject\",\"inLanguage\":\"it-IT\",\"@id\":\"https:\/\/www.intoscana.it\/it\/covid-19-ancora-in-calo-i-nuovi-casi-in-toscana-oggi-sono-181\/#primaryimage\",\"url\":\"https:\/\/www.intoscana.it\/wp-content\/uploads\/shutterstock_1841794108-scaled.jpg\",\"contentUrl\":\"https:\/\/www.intoscana.it\/wp-content\/uploads\/shutterstock_1841794108-scaled.jpg\",\"width\":2048,\"height\":1366,\"caption\":\"Screening con tamponi e tracciamento fondamentali per arginare la diffusione del Covid-19\"},{\"@type\":\"BreadcrumbList\",\"@id\":\"https:\/\/www.intoscana.it\/it\/covid-19-ancora-in-calo-i-nuovi-casi-in-toscana-oggi-sono-181\/#breadcrumb\",\"itemListElement\":[{\"@type\":\"ListItem\",\"position\":1,\"name\":\"Home\",\"item\":\"https:\/\/www.intoscana.it\/it\/\"},{\"@type\":\"ListItem\",\"position\":2,\"name\":\"Covid-19, ancora in calo i nuovi casi in Toscana: oggi sono 181\"}]},{\"@type\":\"WebSite\",\"@id\":\"https:\/\/www.intoscana.it\/it\/#website\",\"url\":\"https:\/\/www.intoscana.it\/it\/\",\"name\":\"intoscana\",\"description\":\"\",\"potentialAction\":[{\"@type\":\"SearchAction\",\"target\":{\"@type\":\"EntryPoint\",\"urlTemplate\":\"https:\/\/www.intoscana.it\/it\/?s={search_term_string}\"},\"query-input\":{\"@type\":\"PropertyValueSpecification\",\"valueRequired\":true,\"valueName\":\"search_term_string\"}}],\"inLanguage\":\"it-IT\"},{\"@type\":\"Person\",\"@id\":\"https:\/\/www.intoscana.it\/it\/#\/schema\/person\/9223810753230f20bd670fdd322661f8\",\"name\":\"Redazione\",\"url\":\"https:\/\/www.intoscana.it\/it\/author\/redazione\/\"}]}<\/script>\n<!-- \/ Yoast SEO Premium plugin. -->","yoast_head_json":{"title":"Covid-19, ancora in calo i nuovi casi in Toscana: oggi sono 181 - intoscana","robots":{"index":"index","follow":"follow","max-snippet":"max-snippet:-1","max-image-preview":"max-image-preview:large","max-video-preview":"max-video-preview:-1"},"canonical":"https:\/\/www.intoscana.it\/it\/covid-19-ancora-in-calo-i-nuovi-casi-in-toscana-oggi-sono-181\/","og_locale":"it_IT","og_type":"article","og_title":"Covid-19, ancora in calo i nuovi casi in Toscana: oggi sono 181","og_description":"Sono 3.674 i tamponi eseguiti nelle ultime 24 ore. Purtroppo si registrano anche 29 decessi, con et\u00e0 media di 79,3 anni","og_url":"https:\/\/www.intoscana.it\/it\/covid-19-ancora-in-calo-i-nuovi-casi-in-toscana-oggi-sono-181\/","og_site_name":"intoscana","article_publisher":"https:\/\/www.facebook.com\/intoscana.it","article_published_time":"2020-12-28T12:51:37+00:00","article_modified_time":"2020-12-29T14:37:47+00:00","og_image":[{"width":2048,"height":1366,"url":"https:\/\/www.intoscana.it\/wp-content\/uploads\/shutterstock_1841794108-scaled.jpg","type":"image\/jpeg"}],"author":"Redazione","twitter_card":"summary_large_image","twitter_creator":"@intoscana","twitter_site":"@intoscana","twitter_misc":{"Written by":"Redazione","Est. reading time":"3 minuti"},"schema":{"@context":"https:\/\/schema.org","@graph":[{"@type":"WebPage","@id":"https:\/\/www.intoscana.it\/it\/covid-19-ancora-in-calo-i-nuovi-casi-in-toscana-oggi-sono-181\/","url":"https:\/\/www.intoscana.it\/it\/covid-19-ancora-in-calo-i-nuovi-casi-in-toscana-oggi-sono-181\/","name":"Covid-19, ancora in calo i nuovi casi in Toscana: oggi sono 181 - intoscana","isPartOf":{"@id":"https:\/\/www.intoscana.it\/it\/#website"},"primaryImageOfPage":{"@id":"https:\/\/www.intoscana.it\/it\/covid-19-ancora-in-calo-i-nuovi-casi-in-toscana-oggi-sono-181\/#primaryimage"},"image":{"@id":"https:\/\/www.intoscana.it\/it\/covid-19-ancora-in-calo-i-nuovi-casi-in-toscana-oggi-sono-181\/#primaryimage"},"thumbnailUrl":"https:\/\/www.intoscana.it\/wp-content\/uploads\/shutterstock_1841794108-scaled.jpg","datePublished":"2020-12-28T12:51:37+00:00","dateModified":"2020-12-29T14:37:47+00:00","author":{"@id":"https:\/\/www.intoscana.it\/it\/#\/schema\/person\/9223810753230f20bd670fdd322661f8"},"breadcrumb":{"@id":"https:\/\/www.intoscana.it\/it\/covid-19-ancora-in-calo-i-nuovi-casi-in-toscana-oggi-sono-181\/#breadcrumb"},"inLanguage":"it-IT","potentialAction":[{"@type":"ReadAction","target":["https:\/\/www.intoscana.it\/it\/covid-19-ancora-in-calo-i-nuovi-casi-in-toscana-oggi-sono-181\/"]}]},{"@type":"ImageObject","inLanguage":"it-IT","@id":"https:\/\/www.intoscana.it\/it\/covid-19-ancora-in-calo-i-nuovi-casi-in-toscana-oggi-sono-181\/#primaryimage","url":"https:\/\/www.intoscana.it\/wp-content\/uploads\/shutterstock_1841794108-scaled.jpg","contentUrl":"https:\/\/www.intoscana.it\/wp-content\/uploads\/shutterstock_1841794108-scaled.jpg","width":2048,"height":1366,"caption":"Screening con tamponi e tracciamento fondamentali per arginare la diffusione del Covid-19"},{"@type":"BreadcrumbList","@id":"https:\/\/www.intoscana.it\/it\/covid-19-ancora-in-calo-i-nuovi-casi-in-toscana-oggi-sono-181\/#breadcrumb","itemListElement":[{"@type":"ListItem","position":1,"name":"Home","item":"https:\/\/www.intoscana.it\/it\/"},{"@type":"ListItem","position":2,"name":"Covid-19, ancora in calo i nuovi casi in Toscana: oggi sono 181"}]},{"@type":"WebSite","@id":"https:\/\/www.intoscana.it\/it\/#website","url":"https:\/\/www.intoscana.it\/it\/","name":"intoscana","description":"","potentialAction":[{"@type":"SearchAction","target":{"@type":"EntryPoint","urlTemplate":"https:\/\/www.intoscana.it\/it\/?s={search_term_string}"},"query-input":{"@type":"PropertyValueSpecification","valueRequired":true,"valueName":"search_term_string"}}],"inLanguage":"it-IT"},{"@type":"Person","@id":"https:\/\/www.intoscana.it\/it\/#\/schema\/person\/9223810753230f20bd670fdd322661f8","name":"Redazione","url":"https:\/\/www.intoscana.it\/it\/author\/redazione\/"}]}},"_links":{"self":[{"href":"https:\/\/www.intoscana.it\/it\/wp-json\/wp\/v2\/posts\/162773","targetHints":{"allow":["GET"]}}],"collection":[{"href":"https:\/\/www.intoscana.it\/it\/wp-json\/wp\/v2\/posts"}],"about":[{"href":"https:\/\/www.intoscana.it\/it\/wp-json\/wp\/v2\/types\/post"}],"author":[{"embeddable":true,"href":"https:\/\/www.intoscana.it\/it\/wp-json\/wp\/v2\/users\/525"}],"replies":[{"embeddable":true,"href":"https:\/\/www.intoscana.it\/it\/wp-json\/wp\/v2\/comments?post=162773"}],"version-history":[{"count":0,"href":"https:\/\/www.intoscana.it\/it\/wp-json\/wp\/v2\/posts\/162773\/revisions"}],"wp:featuredmedia":[{"embeddable":true,"href":"https:\/\/www.intoscana.it\/it\/wp-json\/wp\/v2\/media\/156481"}],"wp:attachment":[{"href":"https:\/\/www.intoscana.it\/it\/wp-json\/wp\/v2\/media?parent=162773"}],"wp:term":[{"taxonomy":"category","embeddable":true,"href":"https:\/\/www.intoscana.it\/it\/wp-json\/wp\/v2\/categories?post=162773"},{"taxonomy":"post_tag","embeddable":true,"href":"https:\/\/www.intoscana.it\/it\/wp-json\/wp\/v2\/tags?post=162773"}],"curies":[{"name":"wp","href":"https:\/\/api.w.org\/{rel}","templated":true}]}}