{"id":162875,"date":"2020-12-29T15:00:25","date_gmt":"2020-12-29T14:00:25","guid":{"rendered":"https:\/\/www.intoscana.it\/it\/?p=162875"},"modified":"2020-12-30T17:04:29","modified_gmt":"2020-12-30T16:04:29","slug":"covid-19-dati-29-dicembre","status":"publish","type":"post","link":"https:\/\/www.intoscana.it\/it\/covid-19-dati-29-dicembre\/","title":{"rendered":"Covid-19: 217 i nuovi casi in Toscana e ricoveri in diminuzione"},"content":{"rendered":"<p><strong>Sono 271 i nuovi casi di Covid-19 emersi oggi in Toscana<\/strong>, lo 0,2% in pi\u00f9 rispetto al totale del giorno precedente, con un&#8217;et\u00e0 media di 46 anni circa (il 14% ha meno di 20 anni, il 27% tra 20 e 39 anni, il 31% tra 40 e 59 anni, il 20% tra 60 e 79 anni, l\u20198% ha 80 anni o pi\u00f9).<\/p>\n<p><strong>I guariti crescono dello 0,5%<\/strong> e raggiungono quota 105.589 (88,6% dei casi totali). Gli attualmente positivi sono oggi 10.015, -2,6% rispetto a ieri. I ricoverati sono 1.036 (18 in meno rispetto a ieri), di cui 157 in terapia intensiva (7 in meno). Oggi <strong>si registrano 15 decessi:<\/strong> 8 uomini e 7 donne con un&#8217;et\u00e0 media di 83,2 anni.<\/p>\n<p><strong>I tamponi eseguiti hanno raggiunto quota 1.861.004 &#8211; 7.802<\/strong> <strong>in pi\u00f9<\/strong> rispetto a ieri -, di cui il 3,5% positivo. Sono invece 2.606 i soggetti testati oggi (escludendo i tamponi di controllo), di cui il 10,4% \u00e8 risultato positivo. A questi si aggiungono i 5.208 tamponi antigenici rapidi eseguiti oggi.<\/p>\n<h3>I nuovi casi divisi per provincia<\/h3>\n<p>Di seguito i casi di positivit\u00e0 sul territorio con la variazione rispetto a ieri. Sono 33.234 i casi complessivi ad oggi a Firenze (61 in pi\u00f9 rispetto a ieri), 10.335 a Prato (19 in pi\u00f9), 10.403 a Pistoia (18 in pi\u00f9), 7.618 a Massa (7 in pi\u00f9), 12.408 a Lucca (57 in pi\u00f9), 16.602 a Pisa (26 in pi\u00f9), 8.539 a Livorno (20 in pi\u00f9), 10.506 ad Arezzo (32 in pi\u00f9), 4.882 a Siena (24 in pi\u00f9), 4.154 a Grosseto (7 in pi\u00f9). Sono 555 i casi positivi notificati in Toscana, ma residenti in altre regioni.<\/p>\n<p>Sono 99 i casi riscontrati oggi nell&#8217;Asl Centro, 109 nella Nord Ovest, 63 nella Sud est.<\/p>\n<p><strong>La Toscana si trova al 12\u00b0 posto in Italia come numerosit\u00e0 di casi<\/strong> (comprensivi di residenti e non residenti), con circa 3.197 casi per 100.000 abitanti (media italiana circa 3.407 x100.000, dato di ieri). Le province di notifica con il tasso pi\u00f9 alto sono Prato con 4.010 casi x100.000 abitanti, Pisa con 3.962, Massa Carrara con 3.909, la pi\u00f9 bassa Siena con 1.827.<\/p>\n<h3>In calo i ricoverati, 525 guariti in pi\u00f9<\/h3>\n<p>Le <strong>persone ricoverate<\/strong> nei posti letto dedicati ai pazienti Covid oggi sono complessivamente 1.036 (18 in meno rispetto a ieri, meno 1,7%), 157 in terapia intensiva (7 in meno rispetto a ieri, meno 4,3%).<br \/>\n<strong>Le persone complessivamente guarite sono 105.589<\/strong> (525 in pi\u00f9 rispetto a ieri, pi\u00f9 0,5%): 443 persone clinicamente guarite (3 in pi\u00f9 rispetto a ieri, pi\u00f9 0,7%), divenute cio\u00e8 asintomatiche dopo aver presentato manifestazioni cliniche associate all&#8217;infezione e 105.146 (522 in pi\u00f9 rispetto a ieri, pi\u00f9 0,5%) dichiarate guarite a tutti gli effetti, le cosiddette guarigioni virali, con tampone negativo.<\/p>\n<p>Complessivament<strong>e, 8.979 persone sono in isolamento a casa,<\/strong> poich\u00e9 presentano sintomi lievi che non richiedono cure ospedaliere, o risultano prive di sintomi (251 in meno rispetto a ieri, meno 2,7%).<br \/>\nSono 19.761 (16 in meno rispetto a ieri, meno 0,1%) le persone, anch&#8217;esse isolate, in sorveglianza attiva perch\u00e9 hanno avuto contatti con persone contagiate (ASL Centro 5.335, Nord Ovest 10.726, Sud Est 3.700).<\/p>\n<h3>15 nuovi decessi: et\u00e0 media 83,2 anni<\/h3>\n<p>Purtroppo, oggi si registrano <strong>15 nuovi decessi: 8 uomini e 7 donne con un&#8217;et\u00e0 media di 83,2 anni. <\/strong>Relativamente alla provincia di residenza, le persone decedute sono: 4 a Firenze, 1 a Pistoia, 1 a Massa Carrara, 5 a Lucca, 2 a Pisa, 1 a Livorno, 1 a Grosseto.<\/p>\n<p><strong>Sono 3.632 i deceduti dall&#8217;inizio dell&#8217;epidemia cosi ripartiti:<\/strong> 1.228 a Firenze, 246 a Prato, 273 a Pistoia, 385 a Massa Carrara, 335 a Lucca, 417 a Pisa, 267 a Livorno, 216 ad Arezzo, 122 a Siena, 89 a Grosseto, 54 persone sono decedute sul suolo toscano ma erano residenti fuori regione.<\/p>\n","protected":false},"excerpt":{"rendered":"<p>Purtroppo oggi si registrano 15 decessi. Sono 7.802 i tamponi effettuati nelle ultime 24 ore, pi\u00f9 5.208 tamponi antigenici rapidi<\/p>\n","protected":false},"author":525,"featured_media":152334,"comment_status":"open","ping_status":"open","sticky":false,"template":"","format":"standard","meta":{"_acf_changed":false,"footnotes":""},"categories":[494],"tags":[4868,418,4408],"class_list":["post-162875","post","type-post","status-publish","format-standard","has-post-thumbnail","hentry","category-attualita","tag-bollettino-covid-toscana","tag-covid-19","tag-tamponi"],"acf":[],"yoast_head":"<!-- This site is optimized with the Yoast SEO Premium plugin v24.2 (Yoast SEO v25.6) - https:\/\/yoast.com\/wordpress\/plugins\/seo\/ -->\n<title>Covid-19: 217 i nuovi casi in Toscana e ricoveri in diminuzione - intoscana<\/title>\n<meta name=\"description\" content=\"Sono 217 i nuovi casi di Covid-19 emersi oggi in Toscana su 7802 tamponi effettuati, purtroppo si registrano anche 15 decessi.\" \/>\n<meta name=\"robots\" content=\"index, follow, max-snippet:-1, max-image-preview:large, max-video-preview:-1\" \/>\n<link rel=\"canonical\" href=\"https:\/\/www.intoscana.it\/it\/covid-19-dati-29-dicembre\/\" \/>\n<meta property=\"og:locale\" content=\"it_IT\" \/>\n<meta property=\"og:type\" content=\"article\" \/>\n<meta property=\"og:title\" content=\"Covid-19: 217 i nuovi casi in Toscana e ricoveri in diminuzione\" \/>\n<meta property=\"og:description\" content=\"Sono 217 i nuovi casi di Covid-19 emersi oggi in Toscana su 7802 tamponi effettuati, purtroppo si registrano anche 15 decessi.\" \/>\n<meta property=\"og:url\" content=\"https:\/\/www.intoscana.it\/it\/covid-19-dati-29-dicembre\/\" \/>\n<meta property=\"og:site_name\" content=\"intoscana\" \/>\n<meta property=\"article:publisher\" content=\"https:\/\/www.facebook.com\/intoscana.it\" \/>\n<meta property=\"article:published_time\" content=\"2020-12-29T14:00:25+00:00\" \/>\n<meta property=\"article:modified_time\" content=\"2020-12-30T16:04:29+00:00\" \/>\n<meta property=\"og:image\" content=\"https:\/\/www.intoscana.it\/wp-content\/uploads\/Covid-David-Veksler-Unsplash.jpg\" \/>\n\t<meta property=\"og:image:width\" content=\"1920\" \/>\n\t<meta property=\"og:image:height\" content=\"1278\" \/>\n\t<meta property=\"og:image:type\" content=\"image\/jpeg\" \/>\n<meta name=\"author\" content=\"Redazione\" \/>\n<meta name=\"twitter:card\" content=\"summary_large_image\" \/>\n<meta name=\"twitter:creator\" content=\"@intoscana\" \/>\n<meta name=\"twitter:site\" content=\"@intoscana\" \/>\n<meta name=\"twitter:label1\" content=\"Written by\" \/>\n\t<meta name=\"twitter:data1\" content=\"Redazione\" \/>\n\t<meta name=\"twitter:label2\" content=\"Est. reading time\" \/>\n\t<meta name=\"twitter:data2\" content=\"3 minuti\" \/>\n<script type=\"application\/ld+json\" class=\"yoast-schema-graph\">{\"@context\":\"https:\/\/schema.org\",\"@graph\":[{\"@type\":\"WebPage\",\"@id\":\"https:\/\/www.intoscana.it\/it\/covid-19-dati-29-dicembre\/\",\"url\":\"https:\/\/www.intoscana.it\/it\/covid-19-dati-29-dicembre\/\",\"name\":\"Covid-19: 217 i nuovi casi in Toscana e ricoveri in diminuzione - intoscana\",\"isPartOf\":{\"@id\":\"https:\/\/www.intoscana.it\/it\/#website\"},\"primaryImageOfPage\":{\"@id\":\"https:\/\/www.intoscana.it\/it\/covid-19-dati-29-dicembre\/#primaryimage\"},\"image\":{\"@id\":\"https:\/\/www.intoscana.it\/it\/covid-19-dati-29-dicembre\/#primaryimage\"},\"thumbnailUrl\":\"https:\/\/www.intoscana.it\/wp-content\/uploads\/Covid-David-Veksler-Unsplash.jpg\",\"datePublished\":\"2020-12-29T14:00:25+00:00\",\"dateModified\":\"2020-12-30T16:04:29+00:00\",\"author\":{\"@id\":\"https:\/\/www.intoscana.it\/it\/#\/schema\/person\/9223810753230f20bd670fdd322661f8\"},\"description\":\"Sono 217 i nuovi casi di Covid-19 emersi oggi in Toscana su 7802 tamponi effettuati, purtroppo si registrano anche 15 decessi.\",\"breadcrumb\":{\"@id\":\"https:\/\/www.intoscana.it\/it\/covid-19-dati-29-dicembre\/#breadcrumb\"},\"inLanguage\":\"it-IT\",\"potentialAction\":[{\"@type\":\"ReadAction\",\"target\":[\"https:\/\/www.intoscana.it\/it\/covid-19-dati-29-dicembre\/\"]}]},{\"@type\":\"ImageObject\",\"inLanguage\":\"it-IT\",\"@id\":\"https:\/\/www.intoscana.it\/it\/covid-19-dati-29-dicembre\/#primaryimage\",\"url\":\"https:\/\/www.intoscana.it\/wp-content\/uploads\/Covid-David-Veksler-Unsplash.jpg\",\"contentUrl\":\"https:\/\/www.intoscana.it\/wp-content\/uploads\/Covid-David-Veksler-Unsplash.jpg\",\"width\":1920,\"height\":1278,\"caption\":\"Madre e figlia ai tempi del Covid\"},{\"@type\":\"BreadcrumbList\",\"@id\":\"https:\/\/www.intoscana.it\/it\/covid-19-dati-29-dicembre\/#breadcrumb\",\"itemListElement\":[{\"@type\":\"ListItem\",\"position\":1,\"name\":\"Home\",\"item\":\"https:\/\/www.intoscana.it\/it\/\"},{\"@type\":\"ListItem\",\"position\":2,\"name\":\"Covid-19: 217 i nuovi casi in Toscana e ricoveri in diminuzione\"}]},{\"@type\":\"WebSite\",\"@id\":\"https:\/\/www.intoscana.it\/it\/#website\",\"url\":\"https:\/\/www.intoscana.it\/it\/\",\"name\":\"intoscana\",\"description\":\"\",\"potentialAction\":[{\"@type\":\"SearchAction\",\"target\":{\"@type\":\"EntryPoint\",\"urlTemplate\":\"https:\/\/www.intoscana.it\/it\/?s={search_term_string}\"},\"query-input\":{\"@type\":\"PropertyValueSpecification\",\"valueRequired\":true,\"valueName\":\"search_term_string\"}}],\"inLanguage\":\"it-IT\"},{\"@type\":\"Person\",\"@id\":\"https:\/\/www.intoscana.it\/it\/#\/schema\/person\/9223810753230f20bd670fdd322661f8\",\"name\":\"Redazione\",\"url\":\"https:\/\/www.intoscana.it\/it\/author\/redazione\/\"}]}<\/script>\n<!-- \/ Yoast SEO Premium plugin. -->","yoast_head_json":{"title":"Covid-19: 217 i nuovi casi in Toscana e ricoveri in diminuzione - intoscana","description":"Sono 217 i nuovi casi di Covid-19 emersi oggi in Toscana su 7802 tamponi effettuati, purtroppo si registrano anche 15 decessi.","robots":{"index":"index","follow":"follow","max-snippet":"max-snippet:-1","max-image-preview":"max-image-preview:large","max-video-preview":"max-video-preview:-1"},"canonical":"https:\/\/www.intoscana.it\/it\/covid-19-dati-29-dicembre\/","og_locale":"it_IT","og_type":"article","og_title":"Covid-19: 217 i nuovi casi in Toscana e ricoveri in diminuzione","og_description":"Sono 217 i nuovi casi di Covid-19 emersi oggi in Toscana su 7802 tamponi effettuati, purtroppo si registrano anche 15 decessi.","og_url":"https:\/\/www.intoscana.it\/it\/covid-19-dati-29-dicembre\/","og_site_name":"intoscana","article_publisher":"https:\/\/www.facebook.com\/intoscana.it","article_published_time":"2020-12-29T14:00:25+00:00","article_modified_time":"2020-12-30T16:04:29+00:00","og_image":[{"width":1920,"height":1278,"url":"https:\/\/www.intoscana.it\/wp-content\/uploads\/Covid-David-Veksler-Unsplash.jpg","type":"image\/jpeg"}],"author":"Redazione","twitter_card":"summary_large_image","twitter_creator":"@intoscana","twitter_site":"@intoscana","twitter_misc":{"Written by":"Redazione","Est. reading time":"3 minuti"},"schema":{"@context":"https:\/\/schema.org","@graph":[{"@type":"WebPage","@id":"https:\/\/www.intoscana.it\/it\/covid-19-dati-29-dicembre\/","url":"https:\/\/www.intoscana.it\/it\/covid-19-dati-29-dicembre\/","name":"Covid-19: 217 i nuovi casi in Toscana e ricoveri in diminuzione - intoscana","isPartOf":{"@id":"https:\/\/www.intoscana.it\/it\/#website"},"primaryImageOfPage":{"@id":"https:\/\/www.intoscana.it\/it\/covid-19-dati-29-dicembre\/#primaryimage"},"image":{"@id":"https:\/\/www.intoscana.it\/it\/covid-19-dati-29-dicembre\/#primaryimage"},"thumbnailUrl":"https:\/\/www.intoscana.it\/wp-content\/uploads\/Covid-David-Veksler-Unsplash.jpg","datePublished":"2020-12-29T14:00:25+00:00","dateModified":"2020-12-30T16:04:29+00:00","author":{"@id":"https:\/\/www.intoscana.it\/it\/#\/schema\/person\/9223810753230f20bd670fdd322661f8"},"description":"Sono 217 i nuovi casi di Covid-19 emersi oggi in Toscana su 7802 tamponi effettuati, purtroppo si registrano anche 15 decessi.","breadcrumb":{"@id":"https:\/\/www.intoscana.it\/it\/covid-19-dati-29-dicembre\/#breadcrumb"},"inLanguage":"it-IT","potentialAction":[{"@type":"ReadAction","target":["https:\/\/www.intoscana.it\/it\/covid-19-dati-29-dicembre\/"]}]},{"@type":"ImageObject","inLanguage":"it-IT","@id":"https:\/\/www.intoscana.it\/it\/covid-19-dati-29-dicembre\/#primaryimage","url":"https:\/\/www.intoscana.it\/wp-content\/uploads\/Covid-David-Veksler-Unsplash.jpg","contentUrl":"https:\/\/www.intoscana.it\/wp-content\/uploads\/Covid-David-Veksler-Unsplash.jpg","width":1920,"height":1278,"caption":"Madre e figlia ai tempi del Covid"},{"@type":"BreadcrumbList","@id":"https:\/\/www.intoscana.it\/it\/covid-19-dati-29-dicembre\/#breadcrumb","itemListElement":[{"@type":"ListItem","position":1,"name":"Home","item":"https:\/\/www.intoscana.it\/it\/"},{"@type":"ListItem","position":2,"name":"Covid-19: 217 i nuovi casi in Toscana e ricoveri in diminuzione"}]},{"@type":"WebSite","@id":"https:\/\/www.intoscana.it\/it\/#website","url":"https:\/\/www.intoscana.it\/it\/","name":"intoscana","description":"","potentialAction":[{"@type":"SearchAction","target":{"@type":"EntryPoint","urlTemplate":"https:\/\/www.intoscana.it\/it\/?s={search_term_string}"},"query-input":{"@type":"PropertyValueSpecification","valueRequired":true,"valueName":"search_term_string"}}],"inLanguage":"it-IT"},{"@type":"Person","@id":"https:\/\/www.intoscana.it\/it\/#\/schema\/person\/9223810753230f20bd670fdd322661f8","name":"Redazione","url":"https:\/\/www.intoscana.it\/it\/author\/redazione\/"}]}},"_links":{"self":[{"href":"https:\/\/www.intoscana.it\/it\/wp-json\/wp\/v2\/posts\/162875","targetHints":{"allow":["GET"]}}],"collection":[{"href":"https:\/\/www.intoscana.it\/it\/wp-json\/wp\/v2\/posts"}],"about":[{"href":"https:\/\/www.intoscana.it\/it\/wp-json\/wp\/v2\/types\/post"}],"author":[{"embeddable":true,"href":"https:\/\/www.intoscana.it\/it\/wp-json\/wp\/v2\/users\/525"}],"replies":[{"embeddable":true,"href":"https:\/\/www.intoscana.it\/it\/wp-json\/wp\/v2\/comments?post=162875"}],"version-history":[{"count":0,"href":"https:\/\/www.intoscana.it\/it\/wp-json\/wp\/v2\/posts\/162875\/revisions"}],"wp:featuredmedia":[{"embeddable":true,"href":"https:\/\/www.intoscana.it\/it\/wp-json\/wp\/v2\/media\/152334"}],"wp:attachment":[{"href":"https:\/\/www.intoscana.it\/it\/wp-json\/wp\/v2\/media?parent=162875"}],"wp:term":[{"taxonomy":"category","embeddable":true,"href":"https:\/\/www.intoscana.it\/it\/wp-json\/wp\/v2\/categories?post=162875"},{"taxonomy":"post_tag","embeddable":true,"href":"https:\/\/www.intoscana.it\/it\/wp-json\/wp\/v2\/tags?post=162875"}],"curies":[{"name":"wp","href":"https:\/\/api.w.org\/{rel}","templated":true}]}}