{"id":162957,"date":"2020-12-30T15:55:58","date_gmt":"2020-12-30T14:55:58","guid":{"rendered":"https:\/\/www.intoscana.it\/it\/?p=162957"},"modified":"2020-12-30T15:59:25","modified_gmt":"2020-12-30T14:59:25","slug":"le-terme-del-corallo-di-livorno-saranno-gli-uffizi-del-mare","status":"publish","type":"post","link":"https:\/\/www.intoscana.it\/it\/le-terme-del-corallo-di-livorno-saranno-gli-uffizi-del-mare\/","title":{"rendered":"Le Terme del Corallo di Livorno saranno gli &#8220;Uffizi del mare&#8221;"},"content":{"rendered":"<p><mark>\u201cUn grande progetto: fare alle terme gli Uffizi del mare\u201d <\/mark>.\u00a0Le terme in questione sono <strong>quelle \u201cdel Corallo\u201d cos\u00ec com\u2019\u00e8 meglio conosciuto lo stabilimento termale Acque della Salute a Livorno.<\/strong> Parte di un complesso costruito a partire dal 1903, su progetto dell&#8217;ingegnere Angiolo Badaloni, la storia delle Terme che hanno fatto di Livorno una delle principali mete turistiche balneari all\u2019inizio del Novecento, ha accompagnato, tra decadenza e rinascite, la storia dell\u2019Italia fino ad oggi. Oggi per queste terme di grande bellezza si spalancano le porte di un futuro inedito.<\/p>\n<p>Le Terme del Corallo <strong>entreranno a far parte del progetto degli Uffici diffusi<\/strong>. Ad annunciarlo il presidente del Consiglio regionale, <strong>Antonio Mazzeo sulla sua pagina Facebook:<\/strong> \u201cLa disponibilit\u00e0 del direttore Schmidt a fare di queste terme uno dei presidi del progetto Uffizi Diffusi \u00e8 un ulteriore incoraggiamento a portare fino in fondo questa volont\u00e0 del comune di Livorno che come Consiglio Regionale sosterremo\u201d.<\/p>\n<p><iframe loading=\"lazy\" style=\"border: none; overflow: hidden;\" src=\"https:\/\/www.facebook.com\/plugins\/post.php?href=https%3A%2F%2Fwww.facebook.com%2FAntonioMazzeoPisa%2Fposts%2F3857217104302558&amp;width=500&amp;show_text=true&amp;appId=1856491494640378&amp;height=786\" width=\"500\" height=\"786\" frameborder=\"0\" scrolling=\"no\" allowfullscreen=\"allowfullscreen\"><\/iframe><\/p>\n<p>Luoghi capaci di spingere la bellezza oltre le mura, capaci di attivare un turismo diffuso e di far percepire la <strong>Toscana come un unico prodotto turistico in vista della riapertura dei musei.<\/strong><\/p>\n<p>A queste bellezze \u201cdi terra\u201d si aggiungeranno le Terme del Corallo. La loro storia, come spiega <strong>Fondo Ambiente Italiano, <\/strong>fondazione impegnata per la salvaguardia del patrimonio nazionale<strong>,<\/strong>\u00a0che le ha inserite tra i<strong> luoghi storici della salute,<\/strong> ruota attorno ad una polla d\u2019acqua salata che fu considerata ottima per la cura delle malattie dell\u2019apparato digerente. La polla fu rilevata dalla societ\u00e0 Acque della Salute che nel 1904 vi costru\u00ec attorno lo stabilimento che ha fatto la fortuna di Livorno, complice anche la linea tramviaria che portava direttamente in citt\u00e0.<\/p>\n<p>Le Terme di Corallo si sono anche guadagnate l&#8217;appellativo di <strong>\u201cMontecatini a mare\u201d,<\/strong>\u00a0 nel dopoguerra, tuttavia, lo stabilimento inizi\u00f2 un lento declino: fu trasformato prima in salone da ballo finch\u00e9 un incendio, nel 1982, lo danneggi\u00f2 irreparabilmente. Solo recentemente si \u00e8 cominciato a sperare in un vero e proprio recupero del complesso quando, nell\u2019ottobre del 2009, divent\u00f2 patrimonio comunale permettendo l\u2019avvio di alcuni lavori di messa in sicurezza e restauro. Ora una nuova speranza.<\/p>\n<p>Il 2021 potrebbe infatti segnare una tappa fondamentale che potrebbe riportare queste Terme al loro antico splendore su input del direttore Eike Schmidt e del suo sogno <strong>di un museo a cielo aperto senza confini.<\/strong><\/p>\n","protected":false},"excerpt":{"rendered":"<p>Il presidente del consiglio regionale, Antonio Mazzeo ha annunciato su Facebook che lo stabilimento termale delle Acque della Salute a Livorno \u00e8 entrato a far parte dei piani del direttore Eike Schmidt per un museo senza confini<\/p>\n","protected":false},"author":503,"featured_media":162961,"comment_status":"open","ping_status":"open","sticky":false,"template":"","format":"standard","meta":{"_acf_changed":false,"footnotes":""},"categories":[493],"tags":[4760,174,4477,5155,5234,207],"class_list":["post-162957","post","type-post","status-publish","format-standard","has-post-thumbnail","hentry","category-cultura","tag-antonio-mazzeo","tag-arte","tag-eike-schmidt","tag-museo","tag-terme-del-corallo","tag-uffizi"],"acf":[],"yoast_head":"<!-- This site is optimized with the Yoast SEO Premium plugin v24.2 (Yoast SEO v25.6) - https:\/\/yoast.com\/wordpress\/plugins\/seo\/ -->\n<title>Le Terme del Corallo di Livorno saranno gli &quot;Uffizi del mare&quot; - intoscana<\/title>\n<meta name=\"description\" content=\"Lo stabilimento termale delle Acque della Salute a Livorno far\u00e0 parte del museo senza confini sognato dal direttore degli Uffizi Eike Schmidt\" \/>\n<meta name=\"robots\" content=\"index, follow, max-snippet:-1, max-image-preview:large, max-video-preview:-1\" \/>\n<link rel=\"canonical\" href=\"https:\/\/www.intoscana.it\/it\/le-terme-del-corallo-di-livorno-saranno-gli-uffizi-del-mare\/\" \/>\n<meta property=\"og:locale\" content=\"it_IT\" \/>\n<meta property=\"og:type\" content=\"article\" \/>\n<meta property=\"og:title\" content=\"Le Terme del Corallo di Livorno saranno gli &quot;Uffizi del mare&quot;\" \/>\n<meta property=\"og:description\" content=\"Lo stabilimento termale delle Acque della Salute a Livorno far\u00e0 parte del museo senza confini sognato dal direttore degli Uffizi Eike Schmidt\" \/>\n<meta property=\"og:url\" content=\"https:\/\/www.intoscana.it\/it\/le-terme-del-corallo-di-livorno-saranno-gli-uffizi-del-mare\/\" \/>\n<meta property=\"og:site_name\" content=\"intoscana\" \/>\n<meta property=\"article:publisher\" content=\"https:\/\/www.facebook.com\/intoscana.it\" \/>\n<meta property=\"article:published_time\" content=\"2020-12-30T14:55:58+00:00\" \/>\n<meta property=\"article:modified_time\" content=\"2020-12-30T14:59:25+00:00\" \/>\n<meta property=\"og:image\" content=\"https:\/\/www.intoscana.it\/wp-content\/uploads\/Progetto-senza-titolo.png\" \/>\n\t<meta property=\"og:image:width\" content=\"2048\" \/>\n\t<meta property=\"og:image:height\" content=\"1393\" \/>\n\t<meta property=\"og:image:type\" content=\"image\/png\" \/>\n<meta name=\"author\" content=\"Giulia Rafanelli\" \/>\n<meta name=\"twitter:card\" content=\"summary_large_image\" \/>\n<meta name=\"twitter:creator\" content=\"@intoscana\" \/>\n<meta name=\"twitter:site\" content=\"@intoscana\" \/>\n<meta name=\"twitter:label1\" content=\"Written by\" \/>\n\t<meta name=\"twitter:data1\" content=\"Giulia Rafanelli\" \/>\n\t<meta name=\"twitter:label2\" content=\"Est. reading time\" \/>\n\t<meta name=\"twitter:data2\" content=\"2 minuti\" \/>\n<script type=\"application\/ld+json\" class=\"yoast-schema-graph\">{\"@context\":\"https:\/\/schema.org\",\"@graph\":[{\"@type\":\"WebPage\",\"@id\":\"https:\/\/www.intoscana.it\/it\/le-terme-del-corallo-di-livorno-saranno-gli-uffizi-del-mare\/\",\"url\":\"https:\/\/www.intoscana.it\/it\/le-terme-del-corallo-di-livorno-saranno-gli-uffizi-del-mare\/\",\"name\":\"Le Terme del Corallo di Livorno saranno gli \\\"Uffizi del mare\\\" - intoscana\",\"isPartOf\":{\"@id\":\"https:\/\/www.intoscana.it\/it\/#website\"},\"primaryImageOfPage\":{\"@id\":\"https:\/\/www.intoscana.it\/it\/le-terme-del-corallo-di-livorno-saranno-gli-uffizi-del-mare\/#primaryimage\"},\"image\":{\"@id\":\"https:\/\/www.intoscana.it\/it\/le-terme-del-corallo-di-livorno-saranno-gli-uffizi-del-mare\/#primaryimage\"},\"thumbnailUrl\":\"https:\/\/www.intoscana.it\/wp-content\/uploads\/Progetto-senza-titolo.png\",\"datePublished\":\"2020-12-30T14:55:58+00:00\",\"dateModified\":\"2020-12-30T14:59:25+00:00\",\"author\":{\"@id\":\"https:\/\/www.intoscana.it\/it\/#\/schema\/person\/333569b367b301e30262defcea56c939\"},\"description\":\"Lo stabilimento termale delle Acque della Salute a Livorno far\u00e0 parte del museo senza confini sognato dal direttore degli Uffizi Eike Schmidt\",\"breadcrumb\":{\"@id\":\"https:\/\/www.intoscana.it\/it\/le-terme-del-corallo-di-livorno-saranno-gli-uffizi-del-mare\/#breadcrumb\"},\"inLanguage\":\"it-IT\",\"potentialAction\":[{\"@type\":\"ReadAction\",\"target\":[\"https:\/\/www.intoscana.it\/it\/le-terme-del-corallo-di-livorno-saranno-gli-uffizi-del-mare\/\"]}]},{\"@type\":\"ImageObject\",\"inLanguage\":\"it-IT\",\"@id\":\"https:\/\/www.intoscana.it\/it\/le-terme-del-corallo-di-livorno-saranno-gli-uffizi-del-mare\/#primaryimage\",\"url\":\"https:\/\/www.intoscana.it\/wp-content\/uploads\/Progetto-senza-titolo.png\",\"contentUrl\":\"https:\/\/www.intoscana.it\/wp-content\/uploads\/Progetto-senza-titolo.png\",\"width\":2048,\"height\":1393,\"caption\":\"Terme del Corallo, Livorno\"},{\"@type\":\"BreadcrumbList\",\"@id\":\"https:\/\/www.intoscana.it\/it\/le-terme-del-corallo-di-livorno-saranno-gli-uffizi-del-mare\/#breadcrumb\",\"itemListElement\":[{\"@type\":\"ListItem\",\"position\":1,\"name\":\"Home\",\"item\":\"https:\/\/www.intoscana.it\/it\/\"},{\"@type\":\"ListItem\",\"position\":2,\"name\":\"Le Terme del Corallo di Livorno saranno gli &#8220;Uffizi del mare&#8221;\"}]},{\"@type\":\"WebSite\",\"@id\":\"https:\/\/www.intoscana.it\/it\/#website\",\"url\":\"https:\/\/www.intoscana.it\/it\/\",\"name\":\"intoscana\",\"description\":\"\",\"potentialAction\":[{\"@type\":\"SearchAction\",\"target\":{\"@type\":\"EntryPoint\",\"urlTemplate\":\"https:\/\/www.intoscana.it\/it\/?s={search_term_string}\"},\"query-input\":{\"@type\":\"PropertyValueSpecification\",\"valueRequired\":true,\"valueName\":\"search_term_string\"}}],\"inLanguage\":\"it-IT\"},{\"@type\":\"Person\",\"@id\":\"https:\/\/www.intoscana.it\/it\/#\/schema\/person\/333569b367b301e30262defcea56c939\",\"name\":\"Giulia Rafanelli\",\"url\":\"https:\/\/www.intoscana.it\/it\/author\/giulia-rafanelli\/\"}]}<\/script>\n<!-- \/ Yoast SEO Premium plugin. -->","yoast_head_json":{"title":"Le Terme del Corallo di Livorno saranno gli \"Uffizi del mare\" - intoscana","description":"Lo stabilimento termale delle Acque della Salute a Livorno far\u00e0 parte del museo senza confini sognato dal direttore degli Uffizi Eike Schmidt","robots":{"index":"index","follow":"follow","max-snippet":"max-snippet:-1","max-image-preview":"max-image-preview:large","max-video-preview":"max-video-preview:-1"},"canonical":"https:\/\/www.intoscana.it\/it\/le-terme-del-corallo-di-livorno-saranno-gli-uffizi-del-mare\/","og_locale":"it_IT","og_type":"article","og_title":"Le Terme del Corallo di Livorno saranno gli \"Uffizi del mare\"","og_description":"Lo stabilimento termale delle Acque della Salute a Livorno far\u00e0 parte del museo senza confini sognato dal direttore degli Uffizi Eike Schmidt","og_url":"https:\/\/www.intoscana.it\/it\/le-terme-del-corallo-di-livorno-saranno-gli-uffizi-del-mare\/","og_site_name":"intoscana","article_publisher":"https:\/\/www.facebook.com\/intoscana.it","article_published_time":"2020-12-30T14:55:58+00:00","article_modified_time":"2020-12-30T14:59:25+00:00","og_image":[{"width":2048,"height":1393,"url":"https:\/\/www.intoscana.it\/wp-content\/uploads\/Progetto-senza-titolo.png","type":"image\/png"}],"author":"Giulia Rafanelli","twitter_card":"summary_large_image","twitter_creator":"@intoscana","twitter_site":"@intoscana","twitter_misc":{"Written by":"Giulia Rafanelli","Est. reading time":"2 minuti"},"schema":{"@context":"https:\/\/schema.org","@graph":[{"@type":"WebPage","@id":"https:\/\/www.intoscana.it\/it\/le-terme-del-corallo-di-livorno-saranno-gli-uffizi-del-mare\/","url":"https:\/\/www.intoscana.it\/it\/le-terme-del-corallo-di-livorno-saranno-gli-uffizi-del-mare\/","name":"Le Terme del Corallo di Livorno saranno gli \"Uffizi del mare\" - intoscana","isPartOf":{"@id":"https:\/\/www.intoscana.it\/it\/#website"},"primaryImageOfPage":{"@id":"https:\/\/www.intoscana.it\/it\/le-terme-del-corallo-di-livorno-saranno-gli-uffizi-del-mare\/#primaryimage"},"image":{"@id":"https:\/\/www.intoscana.it\/it\/le-terme-del-corallo-di-livorno-saranno-gli-uffizi-del-mare\/#primaryimage"},"thumbnailUrl":"https:\/\/www.intoscana.it\/wp-content\/uploads\/Progetto-senza-titolo.png","datePublished":"2020-12-30T14:55:58+00:00","dateModified":"2020-12-30T14:59:25+00:00","author":{"@id":"https:\/\/www.intoscana.it\/it\/#\/schema\/person\/333569b367b301e30262defcea56c939"},"description":"Lo stabilimento termale delle Acque della Salute a Livorno far\u00e0 parte del museo senza confini sognato dal direttore degli Uffizi Eike Schmidt","breadcrumb":{"@id":"https:\/\/www.intoscana.it\/it\/le-terme-del-corallo-di-livorno-saranno-gli-uffizi-del-mare\/#breadcrumb"},"inLanguage":"it-IT","potentialAction":[{"@type":"ReadAction","target":["https:\/\/www.intoscana.it\/it\/le-terme-del-corallo-di-livorno-saranno-gli-uffizi-del-mare\/"]}]},{"@type":"ImageObject","inLanguage":"it-IT","@id":"https:\/\/www.intoscana.it\/it\/le-terme-del-corallo-di-livorno-saranno-gli-uffizi-del-mare\/#primaryimage","url":"https:\/\/www.intoscana.it\/wp-content\/uploads\/Progetto-senza-titolo.png","contentUrl":"https:\/\/www.intoscana.it\/wp-content\/uploads\/Progetto-senza-titolo.png","width":2048,"height":1393,"caption":"Terme del Corallo, Livorno"},{"@type":"BreadcrumbList","@id":"https:\/\/www.intoscana.it\/it\/le-terme-del-corallo-di-livorno-saranno-gli-uffizi-del-mare\/#breadcrumb","itemListElement":[{"@type":"ListItem","position":1,"name":"Home","item":"https:\/\/www.intoscana.it\/it\/"},{"@type":"ListItem","position":2,"name":"Le Terme del Corallo di Livorno saranno gli &#8220;Uffizi del mare&#8221;"}]},{"@type":"WebSite","@id":"https:\/\/www.intoscana.it\/it\/#website","url":"https:\/\/www.intoscana.it\/it\/","name":"intoscana","description":"","potentialAction":[{"@type":"SearchAction","target":{"@type":"EntryPoint","urlTemplate":"https:\/\/www.intoscana.it\/it\/?s={search_term_string}"},"query-input":{"@type":"PropertyValueSpecification","valueRequired":true,"valueName":"search_term_string"}}],"inLanguage":"it-IT"},{"@type":"Person","@id":"https:\/\/www.intoscana.it\/it\/#\/schema\/person\/333569b367b301e30262defcea56c939","name":"Giulia Rafanelli","url":"https:\/\/www.intoscana.it\/it\/author\/giulia-rafanelli\/"}]}},"_links":{"self":[{"href":"https:\/\/www.intoscana.it\/it\/wp-json\/wp\/v2\/posts\/162957","targetHints":{"allow":["GET"]}}],"collection":[{"href":"https:\/\/www.intoscana.it\/it\/wp-json\/wp\/v2\/posts"}],"about":[{"href":"https:\/\/www.intoscana.it\/it\/wp-json\/wp\/v2\/types\/post"}],"author":[{"embeddable":true,"href":"https:\/\/www.intoscana.it\/it\/wp-json\/wp\/v2\/users\/503"}],"replies":[{"embeddable":true,"href":"https:\/\/www.intoscana.it\/it\/wp-json\/wp\/v2\/comments?post=162957"}],"version-history":[{"count":0,"href":"https:\/\/www.intoscana.it\/it\/wp-json\/wp\/v2\/posts\/162957\/revisions"}],"wp:featuredmedia":[{"embeddable":true,"href":"https:\/\/www.intoscana.it\/it\/wp-json\/wp\/v2\/media\/162961"}],"wp:attachment":[{"href":"https:\/\/www.intoscana.it\/it\/wp-json\/wp\/v2\/media?parent=162957"}],"wp:term":[{"taxonomy":"category","embeddable":true,"href":"https:\/\/www.intoscana.it\/it\/wp-json\/wp\/v2\/categories?post=162957"},{"taxonomy":"post_tag","embeddable":true,"href":"https:\/\/www.intoscana.it\/it\/wp-json\/wp\/v2\/tags?post=162957"}],"curies":[{"name":"wp","href":"https:\/\/api.w.org\/{rel}","templated":true}]}}