{"id":163628,"date":"2021-01-08T12:47:51","date_gmt":"2021-01-08T11:47:51","guid":{"rendered":"https:\/\/www.intoscana.it\/it\/?p=163628"},"modified":"2021-01-08T16:10:14","modified_gmt":"2021-01-08T15:10:14","slug":"covid-toscana-8-gennaio","status":"publish","type":"post","link":"https:\/\/www.intoscana.it\/it\/covid-toscana-8-gennaio\/","title":{"rendered":"Covid in Toscana: 452 nuovi positivi, 13.171 test e 31.064 vaccinati"},"content":{"rendered":"<p><mark>I nuovi casi positivi Covid in Toscana sono <strong>452 su 7.563 tamponi molecolari e 5.608 test rapidi<\/strong> effettuati (13.171 test complessivi), mentre le <strong>vaccinazioni effettuate fin qui sono 31.064<\/mark><\/strong>. Lo ha <a href=\"https:\/\/www.facebook.com\/EugenioGianiUfficiale\/posts\/3416711035118543\" target=\"_blank\" rel=\"noopener noreferrer\">annunciato su Facebook<\/a> <strong>Eugenio Giani<\/strong>, presidente della Regione Toscana, anticipando il bollettino ufficiale. I nuovi positivi sono in calo rispetto a ieri a fronte per\u00f2 di un minor numero di tamponi. <em>&#8220;Siamo la prima regione in Italia per numero di vaccini fatti sulle dosi consegnate, un grande risultato di tutto il nostro sistema sanitario&#8221;<\/em> ha scritto Giani. Il dato dei nuovi positivi \u00e8 pi\u00f9 basso rispetto a ieri (<a href=\"https:\/\/www.intoscana.it\/it\/articolo\/covid-19-oggi-in-toscana-667-nuovi-casi-e-18-decessi\/\">erano 667<\/a>), e lo \u00e8 anche quello dei tamponi (erano 8.377).<\/p>\n<h3>Il bollettino di oggi<\/h3>\n<p>Sono 452 i positivi in pi\u00f9 rispetto a ieri, su un totale, da inizio epidemia, pari a <strong>123.950 unit\u00e0<\/strong>. I nuovi casi sono lo 0,4% in pi\u00f9 rispetto al totale del giorno precedente. L&#8217;et\u00e0 media dei 452 casi odierni \u00e8 di <strong>55 anni circa<\/strong> (l\u201911% ha meno di 20 anni, il 18% tra 20 e 39 anni, il 24% tra 40 e 59 anni, il 24% tra 60 e 79 anni, il 23% ha 80 anni o pi\u00f9). I <strong>guariti crescono<\/strong> dello 0,6% e raggiungono quota 110.885 (89,5% dei casi totali). <mark>I tamponi eseguiti hanno raggiunto quota 1.945.061, 7.563 in pi\u00f9 rispetto a ieri, di cui il 6% positivo. Sono invece 2.750 i soggetti testati oggi (escludendo i tamponi di controllo), di cui il 16,4% \u00e8 risultato positivo. A questi si aggiungono i 5.608 tamponi antigenici rapidi eseguiti oggi<\/mark>. Gli <strong>attualmente positivi sono oggi 9.235<\/strong>, -2,8% rispetto a ieri. [<\/p>\n<h3>Numerosit\u00e0 di casi sul territorio<\/h3>\n<p>Di seguito i casi di <strong>positivit\u00e0 sul territorio<\/strong> con la variazione rispetto a ieri. Sono 34.555 i casi complessivi ad oggi a Firenze (110 in pi\u00f9 rispetto a ieri), 10.637 a Prato (44 in pi\u00f9), 10.632 a Pistoia (17 in pi\u00f9), 7.810 a Massa (7 in pi\u00f9), 12.938 a Lucca (24 in pi\u00f9), 17.145 a Pisa (54 in pi\u00f9), 9.116 a Livorno (100 in pi\u00f9), 11.023 ad Arezzo (56 in pi\u00f9), 5.263 a Siena (24 in pi\u00f9), 4.276 a Grosseto (16 in pi\u00f9). Sono 555 i casi positivi notificati in Toscana, ma residenti in altre regioni. Sono 180 i casi riscontrati oggi nell&#8217;Asl Centro, 176 nella Nord Ovest, 96 nella Sud est. La <strong>Toscana si trova al 12\u00b0 posto in Italia<\/strong> come numerosit\u00e0 di casi (comprensivi di residenti e non residenti), con circa 3.323 casi per 100.000 abitanti (media italiana circa 3.679 x100.000, dato di ieri). Le province di notifica con il tasso pi\u00f9 alto sono Prato con 4.127 casi x100.000 abitanti, Pisa con 4.092, Massa Carrara con 4.008, la pi\u00f9 bassa Grosseto con 1.929.<\/p>\n<h3>Isolamento, ricoveri e guarigioni<\/h3>\n<p>Complessivamente, <strong>8.289 persone sono in isolamento a casa<\/strong>, poich\u00e9 presentano sintomi lievi che non richiedono cure ospedaliere o risultano prive di sintomi (238 in meno rispetto a ieri, meno 2,8%). Sono 13.376 (821 in meno rispetto a ieri, meno 5,8%) le persone, anche loro isolate, in sorveglianza attiva, perch\u00e9 hanno avuto contatti con persone contagiate (Asl Centro 2.927, Nord Ovest 7.127, Sud Est 3.322). mark]Le persone ricoverate nei posti letto dedicati ai pazienti Covid oggi sono complessivamente 946 (27 in meno rispetto a ieri, meno 2,8%), 139 in terapia intensiva (7 in meno rispetto a ieri, meno 4,8%)[\/mark]. Le <strong>persone complessivamente guarite sono 110.885<\/strong> (694 in pi\u00f9 rispetto a ieri, pi\u00f9 0,6%): 496 persone clinicamente guarite (68 in meno rispetto a ieri, meno 12,1%), divenute cio\u00e8 asintomatiche dopo aver presentato manifestazioni cliniche associate all&#8217;infezione e 110.389 (762 in pi\u00f9 rispetto a ieri, pi\u00f9 0,7%) dichiarate guarite a tutti gli effetti, le cosiddette guarigioni virali, con tampone negativo.<\/p>\n<h3>Mortalit\u00e0<\/h3>\n<p><mark>Oggi si registrano 23 nuovi decessi: 11 uomini e 12 donne con un&#8217;et\u00e0 media di 82,9 anni<\/mark>. Relativamente alla provincia di residenza, le persone decedute sono: 10 a Firenze, 2 a Prato, 3 a Pistoia, 3 a Massa Carrara, 2 a Lucca, 1 a Pisa, 1 a Livorno, 1 a Siena. Sono 3.830 i deceduti dall&#8217;inizio dell&#8217;epidemia cosi ripartiti: 1.291 a Firenze, 261 a Prato, 284 a Pistoia, 398 a Massa Carrara, 362 a Lucca, 449 a Pisa, 277 a Livorno, 223 ad Arezzo, 133 a Siena, 98 a Grosseto, 54 persone sono decedute sul suolo toscano ma erano residenti fuori regione. Il <strong>tasso grezzo di mortalit\u00e0 toscano<\/strong> (numero di deceduti\/popolazione residente) per Covid-19 \u00e8 di 102,7 x100.000 residenti contro il 128,1 x100.000 della media italiana (11\u00b0 regione). Per quanto riguarda le province, il tasso di mortalit\u00e0 pi\u00f9 alto si riscontra a Massa Carrara (204,2 x100.000), Firenze (127,7 x100.000) e Pisa (107,2 x100.000), il pi\u00f9 basso a Grosseto (44,2 x100.000).<\/p>\n<p>Tutti i dati sono visibili sul sito dell&#8217;Agenzia Regionale di Sanit\u00e0 all\u2019indirizzo <a href=\"http:\/\/www.ars.toscana.it\/covid19\" target=\"_blank\" rel=\"noopener noreferrer\">www.ars.toscana.it\/covid19<\/a>.<\/p>\n","protected":false},"excerpt":{"rendered":"<p>Tornano a calare i casi dopo i 667 registrati ieri. Oggi i positivi sono 452 su 7.563 tamponi molecolari e 5.608 test rapidi effettuati. La Toscana \u00e8 la prima regione italiana per numero di vaccini sulle dosi consegnate<\/p>\n","protected":false},"author":525,"featured_media":163630,"comment_status":"open","ping_status":"open","sticky":false,"template":"","format":"standard","meta":{"_acf_changed":false,"footnotes":""},"categories":[494],"tags":[4868,418,4700],"class_list":["post-163628","post","type-post","status-publish","format-standard","has-post-thumbnail","hentry","category-attualita","tag-bollettino-covid-toscana","tag-covid-19","tag-vaccini"],"acf":[],"yoast_head":"<!-- This site is optimized with the Yoast SEO Premium plugin v24.2 (Yoast SEO v25.6) - https:\/\/yoast.com\/wordpress\/plugins\/seo\/ -->\n<title>Covid in Toscana: 452 nuovi positivi, 13.171 test e 31.064 vaccinati - intoscana<\/title>\n<meta name=\"description\" content=\"Tornano a calare i casi dopo i 667 registrati ieri. Oggi i positivi sono 452 su 7.563 tamponi molecolari e 5.608 test rapidi effettuati. La Toscana \u00e8 la prima regione italiana per numero di vaccini sulle dosi consegnate\" \/>\n<meta name=\"robots\" content=\"index, follow, max-snippet:-1, max-image-preview:large, max-video-preview:-1\" \/>\n<link rel=\"canonical\" href=\"https:\/\/www.intoscana.it\/it\/covid-toscana-8-gennaio\/\" \/>\n<meta property=\"og:locale\" content=\"it_IT\" \/>\n<meta property=\"og:type\" content=\"article\" \/>\n<meta property=\"og:title\" content=\"Covid in Toscana: 452 nuovi positivi, 13.171 test e 31.064 vaccinati\" \/>\n<meta property=\"og:description\" content=\"Tornano a calare i casi dopo i 667 registrati ieri. Oggi i positivi sono 452 su 7.563 tamponi molecolari e 5.608 test rapidi effettuati. La Toscana \u00e8 la prima regione italiana per numero di vaccini sulle dosi consegnate\" \/>\n<meta property=\"og:url\" content=\"https:\/\/www.intoscana.it\/it\/covid-toscana-8-gennaio\/\" \/>\n<meta property=\"og:site_name\" content=\"intoscana\" \/>\n<meta property=\"article:publisher\" content=\"https:\/\/www.facebook.com\/intoscana.it\" \/>\n<meta property=\"article:published_time\" content=\"2021-01-08T11:47:51+00:00\" \/>\n<meta property=\"article:modified_time\" content=\"2021-01-08T15:10:14+00:00\" \/>\n<meta property=\"og:image\" content=\"https:\/\/www.intoscana.it\/wp-content\/uploads\/Ragazze-con-la-mascherina-Mira-Kireeva-Unsplash.jpg\" \/>\n\t<meta property=\"og:image:width\" content=\"1920\" \/>\n\t<meta property=\"og:image:height\" content=\"1280\" \/>\n\t<meta property=\"og:image:type\" content=\"image\/jpeg\" \/>\n<meta name=\"author\" content=\"Redazione\" \/>\n<meta name=\"twitter:card\" content=\"summary_large_image\" \/>\n<meta name=\"twitter:creator\" content=\"@intoscana\" \/>\n<meta name=\"twitter:site\" content=\"@intoscana\" \/>\n<meta name=\"twitter:label1\" content=\"Written by\" \/>\n\t<meta name=\"twitter:data1\" content=\"Redazione\" \/>\n\t<meta name=\"twitter:label2\" content=\"Est. reading time\" \/>\n\t<meta name=\"twitter:data2\" content=\"3 minuti\" \/>\n<script type=\"application\/ld+json\" class=\"yoast-schema-graph\">{\"@context\":\"https:\/\/schema.org\",\"@graph\":[{\"@type\":\"WebPage\",\"@id\":\"https:\/\/www.intoscana.it\/it\/covid-toscana-8-gennaio\/\",\"url\":\"https:\/\/www.intoscana.it\/it\/covid-toscana-8-gennaio\/\",\"name\":\"Covid in Toscana: 452 nuovi positivi, 13.171 test e 31.064 vaccinati - intoscana\",\"isPartOf\":{\"@id\":\"https:\/\/www.intoscana.it\/it\/#website\"},\"primaryImageOfPage\":{\"@id\":\"https:\/\/www.intoscana.it\/it\/covid-toscana-8-gennaio\/#primaryimage\"},\"image\":{\"@id\":\"https:\/\/www.intoscana.it\/it\/covid-toscana-8-gennaio\/#primaryimage\"},\"thumbnailUrl\":\"https:\/\/www.intoscana.it\/wp-content\/uploads\/Ragazze-con-la-mascherina-Mira-Kireeva-Unsplash.jpg\",\"datePublished\":\"2021-01-08T11:47:51+00:00\",\"dateModified\":\"2021-01-08T15:10:14+00:00\",\"author\":{\"@id\":\"https:\/\/www.intoscana.it\/it\/#\/schema\/person\/9223810753230f20bd670fdd322661f8\"},\"description\":\"Tornano a calare i casi dopo i 667 registrati ieri. Oggi i positivi sono 452 su 7.563 tamponi molecolari e 5.608 test rapidi effettuati. La Toscana \u00e8 la prima regione italiana per numero di vaccini sulle dosi consegnate\",\"breadcrumb\":{\"@id\":\"https:\/\/www.intoscana.it\/it\/covid-toscana-8-gennaio\/#breadcrumb\"},\"inLanguage\":\"it-IT\",\"potentialAction\":[{\"@type\":\"ReadAction\",\"target\":[\"https:\/\/www.intoscana.it\/it\/covid-toscana-8-gennaio\/\"]}]},{\"@type\":\"ImageObject\",\"inLanguage\":\"it-IT\",\"@id\":\"https:\/\/www.intoscana.it\/it\/covid-toscana-8-gennaio\/#primaryimage\",\"url\":\"https:\/\/www.intoscana.it\/wp-content\/uploads\/Ragazze-con-la-mascherina-Mira-Kireeva-Unsplash.jpg\",\"contentUrl\":\"https:\/\/www.intoscana.it\/wp-content\/uploads\/Ragazze-con-la-mascherina-Mira-Kireeva-Unsplash.jpg\",\"width\":1920,\"height\":1280,\"caption\":\"Ragazze con la mascherina\"},{\"@type\":\"BreadcrumbList\",\"@id\":\"https:\/\/www.intoscana.it\/it\/covid-toscana-8-gennaio\/#breadcrumb\",\"itemListElement\":[{\"@type\":\"ListItem\",\"position\":1,\"name\":\"Home\",\"item\":\"https:\/\/www.intoscana.it\/it\/\"},{\"@type\":\"ListItem\",\"position\":2,\"name\":\"Covid in Toscana: 452 nuovi positivi, 13.171 test e 31.064 vaccinati\"}]},{\"@type\":\"WebSite\",\"@id\":\"https:\/\/www.intoscana.it\/it\/#website\",\"url\":\"https:\/\/www.intoscana.it\/it\/\",\"name\":\"intoscana\",\"description\":\"\",\"potentialAction\":[{\"@type\":\"SearchAction\",\"target\":{\"@type\":\"EntryPoint\",\"urlTemplate\":\"https:\/\/www.intoscana.it\/it\/?s={search_term_string}\"},\"query-input\":{\"@type\":\"PropertyValueSpecification\",\"valueRequired\":true,\"valueName\":\"search_term_string\"}}],\"inLanguage\":\"it-IT\"},{\"@type\":\"Person\",\"@id\":\"https:\/\/www.intoscana.it\/it\/#\/schema\/person\/9223810753230f20bd670fdd322661f8\",\"name\":\"Redazione\",\"url\":\"https:\/\/www.intoscana.it\/it\/author\/redazione\/\"}]}<\/script>\n<!-- \/ Yoast SEO Premium plugin. -->","yoast_head_json":{"title":"Covid in Toscana: 452 nuovi positivi, 13.171 test e 31.064 vaccinati - intoscana","description":"Tornano a calare i casi dopo i 667 registrati ieri. Oggi i positivi sono 452 su 7.563 tamponi molecolari e 5.608 test rapidi effettuati. La Toscana \u00e8 la prima regione italiana per numero di vaccini sulle dosi consegnate","robots":{"index":"index","follow":"follow","max-snippet":"max-snippet:-1","max-image-preview":"max-image-preview:large","max-video-preview":"max-video-preview:-1"},"canonical":"https:\/\/www.intoscana.it\/it\/covid-toscana-8-gennaio\/","og_locale":"it_IT","og_type":"article","og_title":"Covid in Toscana: 452 nuovi positivi, 13.171 test e 31.064 vaccinati","og_description":"Tornano a calare i casi dopo i 667 registrati ieri. Oggi i positivi sono 452 su 7.563 tamponi molecolari e 5.608 test rapidi effettuati. La Toscana \u00e8 la prima regione italiana per numero di vaccini sulle dosi consegnate","og_url":"https:\/\/www.intoscana.it\/it\/covid-toscana-8-gennaio\/","og_site_name":"intoscana","article_publisher":"https:\/\/www.facebook.com\/intoscana.it","article_published_time":"2021-01-08T11:47:51+00:00","article_modified_time":"2021-01-08T15:10:14+00:00","og_image":[{"width":1920,"height":1280,"url":"https:\/\/www.intoscana.it\/wp-content\/uploads\/Ragazze-con-la-mascherina-Mira-Kireeva-Unsplash.jpg","type":"image\/jpeg"}],"author":"Redazione","twitter_card":"summary_large_image","twitter_creator":"@intoscana","twitter_site":"@intoscana","twitter_misc":{"Written by":"Redazione","Est. reading time":"3 minuti"},"schema":{"@context":"https:\/\/schema.org","@graph":[{"@type":"WebPage","@id":"https:\/\/www.intoscana.it\/it\/covid-toscana-8-gennaio\/","url":"https:\/\/www.intoscana.it\/it\/covid-toscana-8-gennaio\/","name":"Covid in Toscana: 452 nuovi positivi, 13.171 test e 31.064 vaccinati - intoscana","isPartOf":{"@id":"https:\/\/www.intoscana.it\/it\/#website"},"primaryImageOfPage":{"@id":"https:\/\/www.intoscana.it\/it\/covid-toscana-8-gennaio\/#primaryimage"},"image":{"@id":"https:\/\/www.intoscana.it\/it\/covid-toscana-8-gennaio\/#primaryimage"},"thumbnailUrl":"https:\/\/www.intoscana.it\/wp-content\/uploads\/Ragazze-con-la-mascherina-Mira-Kireeva-Unsplash.jpg","datePublished":"2021-01-08T11:47:51+00:00","dateModified":"2021-01-08T15:10:14+00:00","author":{"@id":"https:\/\/www.intoscana.it\/it\/#\/schema\/person\/9223810753230f20bd670fdd322661f8"},"description":"Tornano a calare i casi dopo i 667 registrati ieri. Oggi i positivi sono 452 su 7.563 tamponi molecolari e 5.608 test rapidi effettuati. La Toscana \u00e8 la prima regione italiana per numero di vaccini sulle dosi consegnate","breadcrumb":{"@id":"https:\/\/www.intoscana.it\/it\/covid-toscana-8-gennaio\/#breadcrumb"},"inLanguage":"it-IT","potentialAction":[{"@type":"ReadAction","target":["https:\/\/www.intoscana.it\/it\/covid-toscana-8-gennaio\/"]}]},{"@type":"ImageObject","inLanguage":"it-IT","@id":"https:\/\/www.intoscana.it\/it\/covid-toscana-8-gennaio\/#primaryimage","url":"https:\/\/www.intoscana.it\/wp-content\/uploads\/Ragazze-con-la-mascherina-Mira-Kireeva-Unsplash.jpg","contentUrl":"https:\/\/www.intoscana.it\/wp-content\/uploads\/Ragazze-con-la-mascherina-Mira-Kireeva-Unsplash.jpg","width":1920,"height":1280,"caption":"Ragazze con la mascherina"},{"@type":"BreadcrumbList","@id":"https:\/\/www.intoscana.it\/it\/covid-toscana-8-gennaio\/#breadcrumb","itemListElement":[{"@type":"ListItem","position":1,"name":"Home","item":"https:\/\/www.intoscana.it\/it\/"},{"@type":"ListItem","position":2,"name":"Covid in Toscana: 452 nuovi positivi, 13.171 test e 31.064 vaccinati"}]},{"@type":"WebSite","@id":"https:\/\/www.intoscana.it\/it\/#website","url":"https:\/\/www.intoscana.it\/it\/","name":"intoscana","description":"","potentialAction":[{"@type":"SearchAction","target":{"@type":"EntryPoint","urlTemplate":"https:\/\/www.intoscana.it\/it\/?s={search_term_string}"},"query-input":{"@type":"PropertyValueSpecification","valueRequired":true,"valueName":"search_term_string"}}],"inLanguage":"it-IT"},{"@type":"Person","@id":"https:\/\/www.intoscana.it\/it\/#\/schema\/person\/9223810753230f20bd670fdd322661f8","name":"Redazione","url":"https:\/\/www.intoscana.it\/it\/author\/redazione\/"}]}},"_links":{"self":[{"href":"https:\/\/www.intoscana.it\/it\/wp-json\/wp\/v2\/posts\/163628","targetHints":{"allow":["GET"]}}],"collection":[{"href":"https:\/\/www.intoscana.it\/it\/wp-json\/wp\/v2\/posts"}],"about":[{"href":"https:\/\/www.intoscana.it\/it\/wp-json\/wp\/v2\/types\/post"}],"author":[{"embeddable":true,"href":"https:\/\/www.intoscana.it\/it\/wp-json\/wp\/v2\/users\/525"}],"replies":[{"embeddable":true,"href":"https:\/\/www.intoscana.it\/it\/wp-json\/wp\/v2\/comments?post=163628"}],"version-history":[{"count":0,"href":"https:\/\/www.intoscana.it\/it\/wp-json\/wp\/v2\/posts\/163628\/revisions"}],"wp:featuredmedia":[{"embeddable":true,"href":"https:\/\/www.intoscana.it\/it\/wp-json\/wp\/v2\/media\/163630"}],"wp:attachment":[{"href":"https:\/\/www.intoscana.it\/it\/wp-json\/wp\/v2\/media?parent=163628"}],"wp:term":[{"taxonomy":"category","embeddable":true,"href":"https:\/\/www.intoscana.it\/it\/wp-json\/wp\/v2\/categories?post=163628"},{"taxonomy":"post_tag","embeddable":true,"href":"https:\/\/www.intoscana.it\/it\/wp-json\/wp\/v2\/tags?post=163628"}],"curies":[{"name":"wp","href":"https:\/\/api.w.org\/{rel}","templated":true}]}}