{"id":163632,"date":"2021-01-08T14:32:09","date_gmt":"2021-01-08T13:32:09","guid":{"rendered":"https:\/\/www.intoscana.it\/it\/?p=163632"},"modified":"2021-01-08T18:01:40","modified_gmt":"2021-01-08T17:01:40","slug":"la-scelta-giusta-lorientamento-scolastico-al-centro-di-un-progetto-di-regione-toscana-e-giovanisi","status":"publish","type":"post","link":"https:\/\/www.intoscana.it\/it\/la-scelta-giusta-lorientamento-scolastico-al-centro-di-un-progetto-di-regione-toscana-e-giovanisi\/","title":{"rendered":"Scuole: &#8220;La scelta giusta&#8221;, l&#8217;orientamento al centro di un progetto Regione-Giovanis\u00ec"},"content":{"rendered":"<p>Manca ormai pochissimo alla <strong>scadenza del termine per iscriversi alle scuole superiori<\/strong>. <strong>Entro il 25 gennaio<\/strong> infatti <strong>33 mila studenti e le loro famiglie<\/strong> dovranno impegnarsi per la <strong>scelta del giusto percorso di studi<\/strong>. Per aiutarli in un anno gi\u00e0 abbastanza difficile per il sistema scolastico la <strong>Regione Toscana insieme a <a href=\"https:\/\/giovanisi.it\" target=\"_blank\" rel=\"noopener noreferrer\">Giovanis\u00ec<\/a><\/strong> hanno presentato oggi a Firenze un&#8217;iniziativa che \u00e8 volta ad aiutare i giovani nell&#8217;<strong>orientamento scolastico.<\/strong><\/p>\n<p>&#8220;Il nostro \u00e8 un progetto che prova ad aiutare ragazzi e ragazze in un momento bello ma anche delicato come quello della scelta del proprio percorso di studi.- <strong>ha dichiarato l&#8217;assessora all&#8217;istruzione Alessandra Nardini<\/strong> &#8211; Vogliamo provare a informarli su tutte le possibilit\u00e0 che possono trovare nel nostro territorio. Abbiamo voluto fortemente questo progetto perch\u00e8 <strong>l&#8217;orientamento \u00e8 una leva importante per combattere il fenomeno dell&#8217;abbandono scolastico.<\/strong> Noi non vogliamo lasciare sole le famiglie nell&#8217;anno della crisi pandemica, sappiamo quanto \u00e8 importante porre l&#8217;attenzione sulla scuola che ha pagato un prezzo altissimo. In questo senso <strong>il nostro impegno \u00e8 massimo affinch\u00e8 le studentesse e gli studenti possano riprendere quanto prima la loro esperienza sui banchi di scuola. La didattica a distanza non pu\u00f2 sostituire quella in presenza.<\/strong> In questi mesi ci siamo adoperati perch\u00e8\u00a0le disuguaglianze che ancora esistono non andassero ad aumentare. Vanno in questo senso i due milioni e mezzo che abbiamo stanziato per le scuole e per i dispositivi della Dad. In questi giorni siamo impegnati in un&#8217;azione informativa e divulgativa presso le scuole e continueremo a lavorare in questo senso. <strong>Vogliamo che la nostra scuola sia inclusiva che combatta l&#8217;abbandono e la dispersione scolastica<\/strong> e una scuola che sia accogliente anche nei confronti di chi arriva da altri paesi, questa \u00e8 la scuola che vogliamo in Toscana e su cui il nostro impegno continuer\u00e0 in futuro&#8221;.<\/p>\n<p>Testimonial d&#8217;eccezione della campagna \u00e8 il cantautore e attore <strong>Lorenzo Baglioni<\/strong> che con le sue canzoni e video si impegner\u00e0 ad aiutare i giovani nella loro scelta.\u00a0Una scelta informata, consapevole, in linea con i propri obiettivi, aspirazioni, competenze e attitudini. <strong>Fare la scelta giusta infatti \u00e8 il primo passo per progredire nel loro percorso di studi.<\/strong><\/p>\n<p>&#8220;Non nego che quando ho lasciato l&#8217;insegnamento &#8211;<strong> ha raccontato Lorenzo Baglioni-<\/strong> ho sentito una puntura al cuore perch\u00e8 insegnare era una cosa che amavo tantissimo, ma forse c&#8217;era un amore pi\u00f9 grande per il mondo dello spettacolo. <strong>Quando riesco a tornare a fare qualcosa per la scuola per me \u00e8 una vittoria,<\/strong> come se quelle due strade che sono state per tanti anni parallele finalmente si incontrassero. Sono felice di far parte di questo progetto ambizioso e importante. Ringrazio\u00a0<strong>Giovanis\u00ec<\/strong> per aver creduto ancora una volta in me per questo progetto. <strong>Stiamo costruendo per il 2021 un progetto per far arrivare questa offerta cos\u00ec ricca che la Regione Toscana mette a disposizione a pi\u00f9 persone possibile<\/strong>, \u00e8 la nostra missione. A volte incontro ragazzi che mi dicono &#8220;io a scuola non vado bene, a me la scuola non piace&#8221; proprio perch\u00e8 spesso non \u00e8 la scuola giusta per loro e per le loro qualit\u00e0.<\/p>\n<p>Inizier\u00e0 presto una campagna di comunicazione molto ricca, <strong>prima di tutto sul web il luogo dove i giovani si trovano a loro agio<\/strong> ma ci saranno anche campagne pubblicitarie pi\u00f9 standard con <strong>affissioni, radio, televisione, sport, film.\u00a0<\/strong>Addirittura sar\u00e0 sperimentato<strong> un nuovo social network che sta andando fortissimo tra i giovani che \u00e8 Tik Tok.<\/strong><\/p>\n<p>Oltre ai canonici percorsi di\u00a0studio<strong>\u00a0la Regione Toscana propone anche la formazione professionale IeFP Durano tre anni,\u00a0<\/strong>sono programmati ogni anno direttamente dalla Regione e <strong>danno una qualifica immediatamente spendibile sul mercato del lavoro<\/strong>. Dopo un corso IeFp si pu\u00f2 decidere di frequentare un quarto anno, concludere i cinque anni in un istituto tecnico oppure <strong>diventare \u2018super-tecnici\u2019, dopo il diploma, \u00a0con un\u2019ulteriore anno integrativo o iscrivendosi per due anni agli Its<\/strong>, gli istituti tecnici superiori. E da l\u00ec, magari, andare ancora avanti se uno vuole con una laurea professionalizzante.<\/p>\n<p>&#8220;\u00c9 un progetto molto bello per contrastare l&#8217;abbandono scolastico <strong>-ha dichiarato il presidente Eugenio Giani &#8211;<\/strong> e sono contento che il testimonial sia <strong>Lorenzo Baglioni<\/strong> che rappresenta a mio giudizio uno dei punti di riferimento dell&#8217;identit\u00e0 della nostra regione, <strong>\u00e8 una figura che riesce a dialogare e comunicare con i giovani.<\/strong> Dietro questa attivit\u00e0 divulgativa Lorenzo \u00e8 una persona di grande spessore che <strong>conosce le problematiche della scuola in quanto lui stesso \u00e8 stato un insegnante di matematica.<\/strong> Una bella iniziativa che in una Toscana che ha visto passare l&#8217;indice di abbandono scolastico\u00a0dal 14 al 10, c&#8217;\u00e8 quindi\u00a0una controtendenza che mostra dei risultati. Faccio un saluto a tutti gli studenti che torneranno a scuola luned\u00ec 11,- ha concluso\u00a0&#8211; quelli delle scuole secondarie superiori. <strong>Attribuiamo\u00a0grande importanza alla didattica in presenza, la relazione umana ha un valore fondamentale.<\/strong> Il fatto che i ragazzi possano avere contatto coi loro compagni e l&#8217;insegnante crea un meccanismo di concentrazione. Noi abbiamo guidato il fronte delle regioni che volevano tornare in presenza quindi l&#8217;11 sar\u00e0 un momento delicato e bello perch\u00e8 sentiamo che anche se il rientro sar\u00e0 solo al 50% sar\u00e0 comunque molto importante&#8221;.<\/p>\n<p>Per informazioni sull\u2019iscrizione alle scuole superiori e ai corsi IeFP vai alla pagina dedicata sul sito di Regione Toscana\u00a0<strong><a href=\"http:\/\/www.regione.toscana.it\/orientamentoscuola\" target=\"_blank\" rel=\"noopener noreferrer\" data-saferedirecturl=\"https:\/\/www.google.com\/url?q=http:\/\/www.regione.toscana.it\/orientamentoscuola&amp;source=gmail&amp;ust=1610201841339000&amp;usg=AFQjCNE_CReFw2w7AFr0YXf_iLHLVdbzAA\">www.regione.toscana.<wbr \/>it\/orientamentoscuola <\/a><\/strong>dove si possono scaricare anche i materiali informativi.<\/p>\n<figure id=\"post-163634 media-163634\" class=\"align-none\"><img decoding=\"async\" src=\"https:\/\/www.intoscana.it\/wp-content\/uploads\/136109347_3637559482999341_5975224402342774936_n.png\" alt=\"\" \/><\/figure>\n<div class=\"titleimg\"><\/div>\n","protected":false},"excerpt":{"rendered":"<p>Il progetto vede come testimonial l&#8217;attore e cantautore Lorenzo Baglioni che sar\u00e0 impegnato su tutti i social per combattere il fenomeno dell&#8217;abbandono scolastico<\/p>\n","protected":false},"author":518,"featured_media":163633,"comment_status":"open","ping_status":"open","sticky":false,"template":"","format":"standard","meta":{"_acf_changed":false,"footnotes":""},"categories":[494],"tags":[244,5269,151,4549,212],"class_list":["post-163632","post","type-post","status-publish","format-standard","has-post-thumbnail","hentry","category-attualita","tag-giovanisi","tag-orientamento-scolastico","tag-regione-toscana","tag-rientro-a-scuola","tag-scuola"],"acf":[],"yoast_head":"<!-- This site is optimized with the Yoast SEO Premium plugin v24.2 (Yoast SEO v25.6) - https:\/\/yoast.com\/wordpress\/plugins\/seo\/ -->\n<title>Scuole: &quot;La scelta giusta&quot;, l&#039;orientamento al centro di un progetto Regione-Giovanis\u00ec - intoscana<\/title>\n<meta name=\"description\" content=\"Il progetto vede come testimonial l&#039;attore e cantautore Lorenzo Baglioni che sar\u00e0 impegnato sui social per combattere l&#039;abbandono scolastico\" \/>\n<meta name=\"robots\" content=\"index, follow, max-snippet:-1, max-image-preview:large, max-video-preview:-1\" \/>\n<link rel=\"canonical\" href=\"https:\/\/www.intoscana.it\/it\/la-scelta-giusta-lorientamento-scolastico-al-centro-di-un-progetto-di-regione-toscana-e-giovanisi\/\" \/>\n<meta property=\"og:locale\" content=\"it_IT\" \/>\n<meta property=\"og:type\" content=\"article\" \/>\n<meta property=\"og:title\" content=\"Scuole: &quot;La scelta giusta&quot;, l&#039;orientamento al centro di un progetto Regione-Giovanis\u00ec\" \/>\n<meta property=\"og:description\" content=\"Il progetto vede come testimonial l&#039;attore e cantautore Lorenzo Baglioni che sar\u00e0 impegnato sui social per combattere l&#039;abbandono scolastico\" \/>\n<meta property=\"og:url\" content=\"https:\/\/www.intoscana.it\/it\/la-scelta-giusta-lorientamento-scolastico-al-centro-di-un-progetto-di-regione-toscana-e-giovanisi\/\" \/>\n<meta property=\"og:site_name\" content=\"intoscana\" \/>\n<meta property=\"article:publisher\" content=\"https:\/\/www.facebook.com\/intoscana.it\" \/>\n<meta property=\"article:published_time\" content=\"2021-01-08T13:32:09+00:00\" \/>\n<meta property=\"article:modified_time\" content=\"2021-01-08T17:01:40+00:00\" \/>\n<meta property=\"og:image\" content=\"https:\/\/www.intoscana.it\/wp-content\/uploads\/Dubbio-scaled.jpg\" \/>\n\t<meta property=\"og:image:width\" content=\"2048\" \/>\n\t<meta property=\"og:image:height\" content=\"1366\" \/>\n\t<meta property=\"og:image:type\" content=\"image\/jpeg\" \/>\n<meta name=\"author\" content=\"Costanza Baldini\" \/>\n<meta name=\"twitter:card\" content=\"summary_large_image\" \/>\n<meta name=\"twitter:creator\" content=\"@intoscana\" \/>\n<meta name=\"twitter:site\" content=\"@intoscana\" \/>\n<meta name=\"twitter:label1\" content=\"Written by\" \/>\n\t<meta name=\"twitter:data1\" content=\"Costanza Baldini\" \/>\n\t<meta name=\"twitter:label2\" content=\"Est. reading time\" \/>\n\t<meta name=\"twitter:data2\" content=\"4 minuti\" \/>\n<script type=\"application\/ld+json\" class=\"yoast-schema-graph\">{\"@context\":\"https:\/\/schema.org\",\"@graph\":[{\"@type\":\"WebPage\",\"@id\":\"https:\/\/www.intoscana.it\/it\/la-scelta-giusta-lorientamento-scolastico-al-centro-di-un-progetto-di-regione-toscana-e-giovanisi\/\",\"url\":\"https:\/\/www.intoscana.it\/it\/la-scelta-giusta-lorientamento-scolastico-al-centro-di-un-progetto-di-regione-toscana-e-giovanisi\/\",\"name\":\"Scuole: \\\"La scelta giusta\\\", l'orientamento al centro di un progetto Regione-Giovanis\u00ec - intoscana\",\"isPartOf\":{\"@id\":\"https:\/\/www.intoscana.it\/it\/#website\"},\"primaryImageOfPage\":{\"@id\":\"https:\/\/www.intoscana.it\/it\/la-scelta-giusta-lorientamento-scolastico-al-centro-di-un-progetto-di-regione-toscana-e-giovanisi\/#primaryimage\"},\"image\":{\"@id\":\"https:\/\/www.intoscana.it\/it\/la-scelta-giusta-lorientamento-scolastico-al-centro-di-un-progetto-di-regione-toscana-e-giovanisi\/#primaryimage\"},\"thumbnailUrl\":\"https:\/\/www.intoscana.it\/wp-content\/uploads\/Dubbio-scaled.jpg\",\"datePublished\":\"2021-01-08T13:32:09+00:00\",\"dateModified\":\"2021-01-08T17:01:40+00:00\",\"author\":{\"@id\":\"https:\/\/www.intoscana.it\/it\/#\/schema\/person\/d469f35f09739bdf00bf5dd3f0647a82\"},\"description\":\"Il progetto vede come testimonial l'attore e cantautore Lorenzo Baglioni che sar\u00e0 impegnato sui social per combattere l'abbandono scolastico\",\"breadcrumb\":{\"@id\":\"https:\/\/www.intoscana.it\/it\/la-scelta-giusta-lorientamento-scolastico-al-centro-di-un-progetto-di-regione-toscana-e-giovanisi\/#breadcrumb\"},\"inLanguage\":\"it-IT\",\"potentialAction\":[{\"@type\":\"ReadAction\",\"target\":[\"https:\/\/www.intoscana.it\/it\/la-scelta-giusta-lorientamento-scolastico-al-centro-di-un-progetto-di-regione-toscana-e-giovanisi\/\"]}]},{\"@type\":\"ImageObject\",\"inLanguage\":\"it-IT\",\"@id\":\"https:\/\/www.intoscana.it\/it\/la-scelta-giusta-lorientamento-scolastico-al-centro-di-un-progetto-di-regione-toscana-e-giovanisi\/#primaryimage\",\"url\":\"https:\/\/www.intoscana.it\/wp-content\/uploads\/Dubbio-scaled.jpg\",\"contentUrl\":\"https:\/\/www.intoscana.it\/wp-content\/uploads\/Dubbio-scaled.jpg\",\"width\":2048,\"height\":1366},{\"@type\":\"BreadcrumbList\",\"@id\":\"https:\/\/www.intoscana.it\/it\/la-scelta-giusta-lorientamento-scolastico-al-centro-di-un-progetto-di-regione-toscana-e-giovanisi\/#breadcrumb\",\"itemListElement\":[{\"@type\":\"ListItem\",\"position\":1,\"name\":\"Home\",\"item\":\"https:\/\/www.intoscana.it\/it\/\"},{\"@type\":\"ListItem\",\"position\":2,\"name\":\"Scuole: &#8220;La scelta giusta&#8221;, l&#8217;orientamento al centro di un progetto Regione-Giovanis\u00ec\"}]},{\"@type\":\"WebSite\",\"@id\":\"https:\/\/www.intoscana.it\/it\/#website\",\"url\":\"https:\/\/www.intoscana.it\/it\/\",\"name\":\"intoscana\",\"description\":\"\",\"potentialAction\":[{\"@type\":\"SearchAction\",\"target\":{\"@type\":\"EntryPoint\",\"urlTemplate\":\"https:\/\/www.intoscana.it\/it\/?s={search_term_string}\"},\"query-input\":{\"@type\":\"PropertyValueSpecification\",\"valueRequired\":true,\"valueName\":\"search_term_string\"}}],\"inLanguage\":\"it-IT\"},{\"@type\":\"Person\",\"@id\":\"https:\/\/www.intoscana.it\/it\/#\/schema\/person\/d469f35f09739bdf00bf5dd3f0647a82\",\"name\":\"Costanza Baldini\",\"url\":\"https:\/\/www.intoscana.it\/it\/author\/costanza-baldini\/\"}]}<\/script>\n<!-- \/ Yoast SEO Premium plugin. -->","yoast_head_json":{"title":"Scuole: \"La scelta giusta\", l'orientamento al centro di un progetto Regione-Giovanis\u00ec - intoscana","description":"Il progetto vede come testimonial l'attore e cantautore Lorenzo Baglioni che sar\u00e0 impegnato sui social per combattere l'abbandono scolastico","robots":{"index":"index","follow":"follow","max-snippet":"max-snippet:-1","max-image-preview":"max-image-preview:large","max-video-preview":"max-video-preview:-1"},"canonical":"https:\/\/www.intoscana.it\/it\/la-scelta-giusta-lorientamento-scolastico-al-centro-di-un-progetto-di-regione-toscana-e-giovanisi\/","og_locale":"it_IT","og_type":"article","og_title":"Scuole: \"La scelta giusta\", l'orientamento al centro di un progetto Regione-Giovanis\u00ec","og_description":"Il progetto vede come testimonial l'attore e cantautore Lorenzo Baglioni che sar\u00e0 impegnato sui social per combattere l'abbandono scolastico","og_url":"https:\/\/www.intoscana.it\/it\/la-scelta-giusta-lorientamento-scolastico-al-centro-di-un-progetto-di-regione-toscana-e-giovanisi\/","og_site_name":"intoscana","article_publisher":"https:\/\/www.facebook.com\/intoscana.it","article_published_time":"2021-01-08T13:32:09+00:00","article_modified_time":"2021-01-08T17:01:40+00:00","og_image":[{"width":2048,"height":1366,"url":"https:\/\/www.intoscana.it\/wp-content\/uploads\/Dubbio-scaled.jpg","type":"image\/jpeg"}],"author":"Costanza Baldini","twitter_card":"summary_large_image","twitter_creator":"@intoscana","twitter_site":"@intoscana","twitter_misc":{"Written by":"Costanza Baldini","Est. reading time":"4 minuti"},"schema":{"@context":"https:\/\/schema.org","@graph":[{"@type":"WebPage","@id":"https:\/\/www.intoscana.it\/it\/la-scelta-giusta-lorientamento-scolastico-al-centro-di-un-progetto-di-regione-toscana-e-giovanisi\/","url":"https:\/\/www.intoscana.it\/it\/la-scelta-giusta-lorientamento-scolastico-al-centro-di-un-progetto-di-regione-toscana-e-giovanisi\/","name":"Scuole: \"La scelta giusta\", l'orientamento al centro di un progetto Regione-Giovanis\u00ec - intoscana","isPartOf":{"@id":"https:\/\/www.intoscana.it\/it\/#website"},"primaryImageOfPage":{"@id":"https:\/\/www.intoscana.it\/it\/la-scelta-giusta-lorientamento-scolastico-al-centro-di-un-progetto-di-regione-toscana-e-giovanisi\/#primaryimage"},"image":{"@id":"https:\/\/www.intoscana.it\/it\/la-scelta-giusta-lorientamento-scolastico-al-centro-di-un-progetto-di-regione-toscana-e-giovanisi\/#primaryimage"},"thumbnailUrl":"https:\/\/www.intoscana.it\/wp-content\/uploads\/Dubbio-scaled.jpg","datePublished":"2021-01-08T13:32:09+00:00","dateModified":"2021-01-08T17:01:40+00:00","author":{"@id":"https:\/\/www.intoscana.it\/it\/#\/schema\/person\/d469f35f09739bdf00bf5dd3f0647a82"},"description":"Il progetto vede come testimonial l'attore e cantautore Lorenzo Baglioni che sar\u00e0 impegnato sui social per combattere l'abbandono scolastico","breadcrumb":{"@id":"https:\/\/www.intoscana.it\/it\/la-scelta-giusta-lorientamento-scolastico-al-centro-di-un-progetto-di-regione-toscana-e-giovanisi\/#breadcrumb"},"inLanguage":"it-IT","potentialAction":[{"@type":"ReadAction","target":["https:\/\/www.intoscana.it\/it\/la-scelta-giusta-lorientamento-scolastico-al-centro-di-un-progetto-di-regione-toscana-e-giovanisi\/"]}]},{"@type":"ImageObject","inLanguage":"it-IT","@id":"https:\/\/www.intoscana.it\/it\/la-scelta-giusta-lorientamento-scolastico-al-centro-di-un-progetto-di-regione-toscana-e-giovanisi\/#primaryimage","url":"https:\/\/www.intoscana.it\/wp-content\/uploads\/Dubbio-scaled.jpg","contentUrl":"https:\/\/www.intoscana.it\/wp-content\/uploads\/Dubbio-scaled.jpg","width":2048,"height":1366},{"@type":"BreadcrumbList","@id":"https:\/\/www.intoscana.it\/it\/la-scelta-giusta-lorientamento-scolastico-al-centro-di-un-progetto-di-regione-toscana-e-giovanisi\/#breadcrumb","itemListElement":[{"@type":"ListItem","position":1,"name":"Home","item":"https:\/\/www.intoscana.it\/it\/"},{"@type":"ListItem","position":2,"name":"Scuole: &#8220;La scelta giusta&#8221;, l&#8217;orientamento al centro di un progetto Regione-Giovanis\u00ec"}]},{"@type":"WebSite","@id":"https:\/\/www.intoscana.it\/it\/#website","url":"https:\/\/www.intoscana.it\/it\/","name":"intoscana","description":"","potentialAction":[{"@type":"SearchAction","target":{"@type":"EntryPoint","urlTemplate":"https:\/\/www.intoscana.it\/it\/?s={search_term_string}"},"query-input":{"@type":"PropertyValueSpecification","valueRequired":true,"valueName":"search_term_string"}}],"inLanguage":"it-IT"},{"@type":"Person","@id":"https:\/\/www.intoscana.it\/it\/#\/schema\/person\/d469f35f09739bdf00bf5dd3f0647a82","name":"Costanza Baldini","url":"https:\/\/www.intoscana.it\/it\/author\/costanza-baldini\/"}]}},"_links":{"self":[{"href":"https:\/\/www.intoscana.it\/it\/wp-json\/wp\/v2\/posts\/163632","targetHints":{"allow":["GET"]}}],"collection":[{"href":"https:\/\/www.intoscana.it\/it\/wp-json\/wp\/v2\/posts"}],"about":[{"href":"https:\/\/www.intoscana.it\/it\/wp-json\/wp\/v2\/types\/post"}],"author":[{"embeddable":true,"href":"https:\/\/www.intoscana.it\/it\/wp-json\/wp\/v2\/users\/518"}],"replies":[{"embeddable":true,"href":"https:\/\/www.intoscana.it\/it\/wp-json\/wp\/v2\/comments?post=163632"}],"version-history":[{"count":0,"href":"https:\/\/www.intoscana.it\/it\/wp-json\/wp\/v2\/posts\/163632\/revisions"}],"wp:featuredmedia":[{"embeddable":true,"href":"https:\/\/www.intoscana.it\/it\/wp-json\/wp\/v2\/media\/163633"}],"wp:attachment":[{"href":"https:\/\/www.intoscana.it\/it\/wp-json\/wp\/v2\/media?parent=163632"}],"wp:term":[{"taxonomy":"category","embeddable":true,"href":"https:\/\/www.intoscana.it\/it\/wp-json\/wp\/v2\/categories?post=163632"},{"taxonomy":"post_tag","embeddable":true,"href":"https:\/\/www.intoscana.it\/it\/wp-json\/wp\/v2\/tags?post=163632"}],"curies":[{"name":"wp","href":"https:\/\/api.w.org\/{rel}","templated":true}]}}