{"id":163685,"date":"2021-01-09T09:15:39","date_gmt":"2021-01-09T08:15:39","guid":{"rendered":"https:\/\/www.intoscana.it\/it\/?p=163685"},"modified":"2021-03-02T16:56:32","modified_gmt":"2021-03-02T15:56:32","slug":"screening-covid-territori-sicuri-sarteano","status":"publish","type":"post","link":"https:\/\/www.intoscana.it\/it\/screening-covid-territori-sicuri-sarteano\/","title":{"rendered":"Lo screening anti-Covid &#8220;Territori sicuri&#8221; fa tappa a Sarteano"},"content":{"rendered":"<p><strong>Fa tappa a Sarteano, in provincia di Siena, &#8220;Territori sicuri&#8221;, il programma regionale di screening<\/strong> gratuiti con tamponi rapidi antigenici che ha come obiettivo quello di interrompere la catena del contagio da Covid-19 intercettando anche gli asintomatici.<br \/>\nSarteano, particolarmente colpito dalla pandemia nelle ultime settimane, \u00e8 stato indicato dall&#8217;Agenzia regionale di sanit\u00e0, che elabora un indice di rischio di positivit\u00e0 al Sars Cov-2 per ogni comune della Toscana.<\/p>\n<h3>Screening gratuito dal 15 al 17 gennaio<\/h3>\n<p>L&#8217;attivit\u00e0 di screening si svolger\u00e0 nei giorni venerd\u00ec 15, sabato 16 e domenica 17 gennaio, come ha annunciato la Regione Toscana.<br \/>\nDopo la riuscita e <strong>partecipata sperimentazione <a href=\"https:\/\/www.intoscana.it\/it\/articolo\/territori-sicuri-allelba-la-sperimentazione-dello-screening-anti-contagio\/\" target=\"_blank\" rel=\"noopener noreferrer\">a Campo nell&#8217;Elba<\/a>,<\/strong> teatro di un importante focolaio nelle scorse settimane, il progetto si sposta quindi nella Valdichiana senese.<\/p>\n<p>Applicando la strategia di <strong>allerta precoce &#8216;early-warning&#8217;<\/strong>, l&#8217;obiettivo \u00e8 spezzare le catene del contagio individuando nuovi casi positivi, a partire dagli asintomatici, ed eventuali focolai tra la popolazione.<\/p>\n<p>Ieri, in videoconferenza, si \u00e8 tenuta la cabina di regia del progetto, composta da tutti i soggetti coinvolti e coordinata dall&#8217;assessorato alla Sanit\u00e0 della Regione Toscana, alla quale ha partecipato anche il sindaco di Sarteano Francesco Landi. Il <strong>coordinamento tra livello regionale e locale,<\/strong> a partire dalla collaborazione con l&#8217;amministrazione comunale del territorio coinvolto, \u00e8 infatti un elemento chiave per la buona riuscita dell&#8217;iniziativa, come \u00e8 stato per la prima sperimentazione all&#8217;Isola d&#8217;Elba.<\/p>\n<h3>Prenotazione online per i tamponi<\/h3>\n<p><strong>&#8220;Territori sicuri&#8221; \u00e8 promosso dalla Regione Toscana con Anci, Upi, Misericordie, Pubbliche assistenze riunite<\/strong> e Croce rossa italiana, insieme agli operatori sanitari, la medicina generale e la pediatria di famiglia, oltre ad Ars Toscana, alle Asl e alle Societ\u00e0 della salute.<\/p>\n<p><strong>Pensato per i comuni pi\u00f9 a rischio<\/strong>, \u00e8 stato approvato dalla Giunta, su proposta dell&#8217;assessore al Diritto alla salute e alla sanit\u00e0 Simone Bezzini, insieme al suo gemello &#8220;Scuole sicure&#8221;, rivolto alla popolazione scolastica.<br \/>\nPer garantire la miglior organizzazione possibile, evitando possibili assembramenti, \u00e8 prevista una <strong>prenotazione online sull&#8217;apposito portale regionale.<\/strong><\/p>\n","protected":false},"excerpt":{"rendered":"<p>Nel comune in provincia di Siena particolarmente colpito dalla pandemia arriva il programma regionale di tamponi rapidi antigenici per stroncare la catena di trasmissione del virus<\/p>\n","protected":false},"author":525,"featured_media":154560,"comment_status":"open","ping_status":"open","sticky":false,"template":"","format":"standard","meta":{"_acf_changed":false,"footnotes":""},"categories":[494],"tags":[418,164,4408,5354],"class_list":["post-163685","post","type-post","status-publish","format-standard","has-post-thumbnail","hentry","category-attualita","tag-covid-19","tag-siena","tag-tamponi","tag-territori-sicuri"],"acf":[],"yoast_head":"<!-- This site is optimized with the Yoast SEO Premium plugin v24.2 (Yoast SEO v25.6) - https:\/\/yoast.com\/wordpress\/plugins\/seo\/ -->\n<title>Lo screening anti-Covid &quot;Territori sicuri&quot; fa tappa a Sarteano - intoscana<\/title>\n<meta name=\"description\" content=\"Lo screening &quot;Territori sicuri&quot; della Regione Toscana fa tappa a Sarteano, comune particolarmente colpito dalla pandemia.\" \/>\n<meta name=\"robots\" content=\"index, follow, max-snippet:-1, max-image-preview:large, max-video-preview:-1\" \/>\n<link rel=\"canonical\" href=\"https:\/\/www.intoscana.it\/it\/screening-covid-territori-sicuri-sarteano\/\" \/>\n<meta property=\"og:locale\" content=\"it_IT\" \/>\n<meta property=\"og:type\" content=\"article\" \/>\n<meta property=\"og:title\" content=\"Lo screening anti-Covid &quot;Territori sicuri&quot; fa tappa a Sarteano\" \/>\n<meta property=\"og:description\" content=\"Lo screening &quot;Territori sicuri&quot; della Regione Toscana fa tappa a Sarteano, comune particolarmente colpito dalla pandemia.\" \/>\n<meta property=\"og:url\" content=\"https:\/\/www.intoscana.it\/it\/screening-covid-territori-sicuri-sarteano\/\" \/>\n<meta property=\"og:site_name\" content=\"intoscana\" \/>\n<meta property=\"article:publisher\" content=\"https:\/\/www.facebook.com\/intoscana.it\" \/>\n<meta property=\"article:published_time\" content=\"2021-01-09T08:15:39+00:00\" \/>\n<meta property=\"article:modified_time\" content=\"2021-03-02T15:56:32+00:00\" \/>\n<meta property=\"og:image\" content=\"https:\/\/www.intoscana.it\/wp-content\/uploads\/Tampone-JC-Gellidon-Unsplash.jpg\" \/>\n\t<meta property=\"og:image:width\" content=\"1920\" \/>\n\t<meta property=\"og:image:height\" content=\"1280\" \/>\n\t<meta property=\"og:image:type\" content=\"image\/jpeg\" \/>\n<meta name=\"author\" content=\"Redazione\" \/>\n<meta name=\"twitter:card\" content=\"summary_large_image\" \/>\n<meta name=\"twitter:creator\" content=\"@intoscana\" \/>\n<meta name=\"twitter:site\" content=\"@intoscana\" \/>\n<meta name=\"twitter:label1\" content=\"Written by\" \/>\n\t<meta name=\"twitter:data1\" content=\"Redazione\" \/>\n\t<meta name=\"twitter:label2\" content=\"Est. reading time\" \/>\n\t<meta name=\"twitter:data2\" content=\"2 minuti\" \/>\n<script type=\"application\/ld+json\" class=\"yoast-schema-graph\">{\"@context\":\"https:\/\/schema.org\",\"@graph\":[{\"@type\":\"WebPage\",\"@id\":\"https:\/\/www.intoscana.it\/it\/screening-covid-territori-sicuri-sarteano\/\",\"url\":\"https:\/\/www.intoscana.it\/it\/screening-covid-territori-sicuri-sarteano\/\",\"name\":\"Lo screening anti-Covid \\\"Territori sicuri\\\" fa tappa a Sarteano - intoscana\",\"isPartOf\":{\"@id\":\"https:\/\/www.intoscana.it\/it\/#website\"},\"primaryImageOfPage\":{\"@id\":\"https:\/\/www.intoscana.it\/it\/screening-covid-territori-sicuri-sarteano\/#primaryimage\"},\"image\":{\"@id\":\"https:\/\/www.intoscana.it\/it\/screening-covid-territori-sicuri-sarteano\/#primaryimage\"},\"thumbnailUrl\":\"https:\/\/www.intoscana.it\/wp-content\/uploads\/Tampone-JC-Gellidon-Unsplash.jpg\",\"datePublished\":\"2021-01-09T08:15:39+00:00\",\"dateModified\":\"2021-03-02T15:56:32+00:00\",\"author\":{\"@id\":\"https:\/\/www.intoscana.it\/it\/#\/schema\/person\/9223810753230f20bd670fdd322661f8\"},\"description\":\"Lo screening \\\"Territori sicuri\\\" della Regione Toscana fa tappa a Sarteano, comune particolarmente colpito dalla pandemia.\",\"breadcrumb\":{\"@id\":\"https:\/\/www.intoscana.it\/it\/screening-covid-territori-sicuri-sarteano\/#breadcrumb\"},\"inLanguage\":\"it-IT\",\"potentialAction\":[{\"@type\":\"ReadAction\",\"target\":[\"https:\/\/www.intoscana.it\/it\/screening-covid-territori-sicuri-sarteano\/\"]}]},{\"@type\":\"ImageObject\",\"inLanguage\":\"it-IT\",\"@id\":\"https:\/\/www.intoscana.it\/it\/screening-covid-territori-sicuri-sarteano\/#primaryimage\",\"url\":\"https:\/\/www.intoscana.it\/wp-content\/uploads\/Tampone-JC-Gellidon-Unsplash.jpg\",\"contentUrl\":\"https:\/\/www.intoscana.it\/wp-content\/uploads\/Tampone-JC-Gellidon-Unsplash.jpg\",\"width\":1920,\"height\":1280,\"caption\":\"Tamponi per individuare il Covid-19\"},{\"@type\":\"BreadcrumbList\",\"@id\":\"https:\/\/www.intoscana.it\/it\/screening-covid-territori-sicuri-sarteano\/#breadcrumb\",\"itemListElement\":[{\"@type\":\"ListItem\",\"position\":1,\"name\":\"Home\",\"item\":\"https:\/\/www.intoscana.it\/it\/\"},{\"@type\":\"ListItem\",\"position\":2,\"name\":\"Lo screening anti-Covid &#8220;Territori sicuri&#8221; fa tappa a Sarteano\"}]},{\"@type\":\"WebSite\",\"@id\":\"https:\/\/www.intoscana.it\/it\/#website\",\"url\":\"https:\/\/www.intoscana.it\/it\/\",\"name\":\"intoscana\",\"description\":\"\",\"potentialAction\":[{\"@type\":\"SearchAction\",\"target\":{\"@type\":\"EntryPoint\",\"urlTemplate\":\"https:\/\/www.intoscana.it\/it\/?s={search_term_string}\"},\"query-input\":{\"@type\":\"PropertyValueSpecification\",\"valueRequired\":true,\"valueName\":\"search_term_string\"}}],\"inLanguage\":\"it-IT\"},{\"@type\":\"Person\",\"@id\":\"https:\/\/www.intoscana.it\/it\/#\/schema\/person\/9223810753230f20bd670fdd322661f8\",\"name\":\"Redazione\",\"url\":\"https:\/\/www.intoscana.it\/it\/author\/redazione\/\"}]}<\/script>\n<!-- \/ Yoast SEO Premium plugin. -->","yoast_head_json":{"title":"Lo screening anti-Covid \"Territori sicuri\" fa tappa a Sarteano - intoscana","description":"Lo screening \"Territori sicuri\" della Regione Toscana fa tappa a Sarteano, comune particolarmente colpito dalla pandemia.","robots":{"index":"index","follow":"follow","max-snippet":"max-snippet:-1","max-image-preview":"max-image-preview:large","max-video-preview":"max-video-preview:-1"},"canonical":"https:\/\/www.intoscana.it\/it\/screening-covid-territori-sicuri-sarteano\/","og_locale":"it_IT","og_type":"article","og_title":"Lo screening anti-Covid \"Territori sicuri\" fa tappa a Sarteano","og_description":"Lo screening \"Territori sicuri\" della Regione Toscana fa tappa a Sarteano, comune particolarmente colpito dalla pandemia.","og_url":"https:\/\/www.intoscana.it\/it\/screening-covid-territori-sicuri-sarteano\/","og_site_name":"intoscana","article_publisher":"https:\/\/www.facebook.com\/intoscana.it","article_published_time":"2021-01-09T08:15:39+00:00","article_modified_time":"2021-03-02T15:56:32+00:00","og_image":[{"width":1920,"height":1280,"url":"https:\/\/www.intoscana.it\/wp-content\/uploads\/Tampone-JC-Gellidon-Unsplash.jpg","type":"image\/jpeg"}],"author":"Redazione","twitter_card":"summary_large_image","twitter_creator":"@intoscana","twitter_site":"@intoscana","twitter_misc":{"Written by":"Redazione","Est. reading time":"2 minuti"},"schema":{"@context":"https:\/\/schema.org","@graph":[{"@type":"WebPage","@id":"https:\/\/www.intoscana.it\/it\/screening-covid-territori-sicuri-sarteano\/","url":"https:\/\/www.intoscana.it\/it\/screening-covid-territori-sicuri-sarteano\/","name":"Lo screening anti-Covid \"Territori sicuri\" fa tappa a Sarteano - intoscana","isPartOf":{"@id":"https:\/\/www.intoscana.it\/it\/#website"},"primaryImageOfPage":{"@id":"https:\/\/www.intoscana.it\/it\/screening-covid-territori-sicuri-sarteano\/#primaryimage"},"image":{"@id":"https:\/\/www.intoscana.it\/it\/screening-covid-territori-sicuri-sarteano\/#primaryimage"},"thumbnailUrl":"https:\/\/www.intoscana.it\/wp-content\/uploads\/Tampone-JC-Gellidon-Unsplash.jpg","datePublished":"2021-01-09T08:15:39+00:00","dateModified":"2021-03-02T15:56:32+00:00","author":{"@id":"https:\/\/www.intoscana.it\/it\/#\/schema\/person\/9223810753230f20bd670fdd322661f8"},"description":"Lo screening \"Territori sicuri\" della Regione Toscana fa tappa a Sarteano, comune particolarmente colpito dalla pandemia.","breadcrumb":{"@id":"https:\/\/www.intoscana.it\/it\/screening-covid-territori-sicuri-sarteano\/#breadcrumb"},"inLanguage":"it-IT","potentialAction":[{"@type":"ReadAction","target":["https:\/\/www.intoscana.it\/it\/screening-covid-territori-sicuri-sarteano\/"]}]},{"@type":"ImageObject","inLanguage":"it-IT","@id":"https:\/\/www.intoscana.it\/it\/screening-covid-territori-sicuri-sarteano\/#primaryimage","url":"https:\/\/www.intoscana.it\/wp-content\/uploads\/Tampone-JC-Gellidon-Unsplash.jpg","contentUrl":"https:\/\/www.intoscana.it\/wp-content\/uploads\/Tampone-JC-Gellidon-Unsplash.jpg","width":1920,"height":1280,"caption":"Tamponi per individuare il Covid-19"},{"@type":"BreadcrumbList","@id":"https:\/\/www.intoscana.it\/it\/screening-covid-territori-sicuri-sarteano\/#breadcrumb","itemListElement":[{"@type":"ListItem","position":1,"name":"Home","item":"https:\/\/www.intoscana.it\/it\/"},{"@type":"ListItem","position":2,"name":"Lo screening anti-Covid &#8220;Territori sicuri&#8221; fa tappa a Sarteano"}]},{"@type":"WebSite","@id":"https:\/\/www.intoscana.it\/it\/#website","url":"https:\/\/www.intoscana.it\/it\/","name":"intoscana","description":"","potentialAction":[{"@type":"SearchAction","target":{"@type":"EntryPoint","urlTemplate":"https:\/\/www.intoscana.it\/it\/?s={search_term_string}"},"query-input":{"@type":"PropertyValueSpecification","valueRequired":true,"valueName":"search_term_string"}}],"inLanguage":"it-IT"},{"@type":"Person","@id":"https:\/\/www.intoscana.it\/it\/#\/schema\/person\/9223810753230f20bd670fdd322661f8","name":"Redazione","url":"https:\/\/www.intoscana.it\/it\/author\/redazione\/"}]}},"_links":{"self":[{"href":"https:\/\/www.intoscana.it\/it\/wp-json\/wp\/v2\/posts\/163685","targetHints":{"allow":["GET"]}}],"collection":[{"href":"https:\/\/www.intoscana.it\/it\/wp-json\/wp\/v2\/posts"}],"about":[{"href":"https:\/\/www.intoscana.it\/it\/wp-json\/wp\/v2\/types\/post"}],"author":[{"embeddable":true,"href":"https:\/\/www.intoscana.it\/it\/wp-json\/wp\/v2\/users\/525"}],"replies":[{"embeddable":true,"href":"https:\/\/www.intoscana.it\/it\/wp-json\/wp\/v2\/comments?post=163685"}],"version-history":[{"count":0,"href":"https:\/\/www.intoscana.it\/it\/wp-json\/wp\/v2\/posts\/163685\/revisions"}],"wp:featuredmedia":[{"embeddable":true,"href":"https:\/\/www.intoscana.it\/it\/wp-json\/wp\/v2\/media\/154560"}],"wp:attachment":[{"href":"https:\/\/www.intoscana.it\/it\/wp-json\/wp\/v2\/media?parent=163685"}],"wp:term":[{"taxonomy":"category","embeddable":true,"href":"https:\/\/www.intoscana.it\/it\/wp-json\/wp\/v2\/categories?post=163685"},{"taxonomy":"post_tag","embeddable":true,"href":"https:\/\/www.intoscana.it\/it\/wp-json\/wp\/v2\/tags?post=163685"}],"curies":[{"name":"wp","href":"https:\/\/api.w.org\/{rel}","templated":true}]}}