{"id":163753,"date":"2021-01-11T09:14:26","date_gmt":"2021-01-11T08:14:26","guid":{"rendered":"https:\/\/www.intoscana.it\/it\/?p=163753"},"modified":"2021-01-11T13:17:12","modified_gmt":"2021-01-11T12:17:12","slug":"covid-19-domenica-in-toscana-472-nuovi-casi-eta-media-49-anni-15-i-decessi","status":"publish","type":"post","link":"https:\/\/www.intoscana.it\/it\/covid-19-domenica-in-toscana-472-nuovi-casi-eta-media-49-anni-15-i-decessi\/","title":{"rendered":"Covid-19: domenica in Toscana 472 nuovi casi, et\u00e0 media 49 anni, 15 i decessi"},"content":{"rendered":"<p><strong>In Toscana ieri sono stati 124.951 i casi di positivit\u00e0 al Coronavirus<\/strong>, 472 in pi\u00f9 rispetto a sabato 9 gennaio. I nuovi casi sono lo 0,4% in pi\u00f9 rispetto al totale del giorno precedente. <strong>I guariti crescono dello 0,4% e raggiungono quota 111.995<\/strong> (89,6% dei casi totali). <strong>I tamponi eseguiti hanno raggiunto quota 1.965.493,<\/strong> 9.469 in pi\u00f9 rispetto a ieri, di cui il 5% positivo. Sono invece 4.119 i soggetti testati (escludendo i tamponi di controllo), di cui l\u201911,5% \u00e8 risultato positivo. A questi si aggiungono i 1.728 tamponi antigenici rapidi. Gli attualmente positivi sono 9.101, -0,1% rispetto a sabato. I ricoverati sono stati 909 (22 in meno rispetto a ieri), di cui 140 in terapia intensiva (1 in pi\u00f9). Purtroppo, domenica si sono registrati 15 nuovi decessi: 7 uomini e 8 donne con un&#8217;et\u00e0 media di 84,7 anni.<\/p>\n<p><strong>L&#8217;et\u00e0 media dei 472 casi \u00e8 di 49 anni circa<\/strong> (il 10% ha meno di 20 anni, il 23% tra 20 e 39 anni, il 35% tra 40 e 59 anni, il 20% tra 60 e 79 anni, il 12% ha 80 anni o pi\u00f9).<\/p>\n<p>Di seguito i casi di positivit\u00e0 sul territorio. <strong>Sono 34.831 i casi complessivi a Firenze<\/strong> (160 in pi\u00f9), 10.707 a Prato (31 in pi\u00f9), 10.686 a Pistoia (38 in pi\u00f9), 7.861 a Massa (16 in pi\u00f9), 13.038 a Lucca (38 in pi\u00f9), 17.240 a Pisa (45 in pi\u00f9), 9.224 a Livorno (39 in pi\u00f9), 11.177 ad Arezzo (84 in pi\u00f9), 5.334 a Siena (15 in pi\u00f9), 4.298 a Grosseto (6 in pi\u00f9). Sono 555 i casi positivi notificati in Toscana, ma residenti in altre regioni.<\/p>\n<p><strong>Sono 234 i casi riscontrati domenica nell&#8217;Asl Centro, 133 nella Nord Ovest, 105 nella Sud est.<\/strong><\/p>\n<p><strong>La Toscana si trova al 12\u00b0 posto in Italia come numerosit\u00e0 di casi<\/strong> (comprensivi di residenti e non residenti), con circa 3.350 casi per 100.000 abitanti (media italiana circa 3.741 x100.000, dato di ieri). Le province di notifica con il tasso pi\u00f9 alto sono Prato con 4.155 casi x100.000 abitanti, Pisa con 4.114, Massa Carrara con 4.034, la pi\u00f9 bassa Grosseto con 1.939.<br \/>\nComplessivamente, <strong>8.192 persone sono in isolamento a casa,<\/strong> poich\u00e9 presentano sintomi lievi che non richiedono cure ospedaliere, o risultano prive di sintomi (18 in pi\u00f9 rispetto a ieri, pi\u00f9 0,2%).<br \/>\nSono 12.591 (152 in meno rispetto a ieri, meno 1,2%) le persone, anch&#8217;esse isolate, in sorveglianza attiva perch\u00e9 hanno avuto contatti con persone contagiate (ASL Centro 2.926, Nord Ovest 6.363, Sud Est 3.302).<br \/>\nLe persone ricoverate nei posti letto dedicati ai pazienti COVID oggi sono complessivamente 909 (22 in meno rispetto a ieri, meno 2,4%), 140 in terapia intensiva (1 in pi\u00f9 rispetto a ieri, pi\u00f9 0,7%).<br \/>\nLe persone complessivamente guarite sono 111.995 (461 in pi\u00f9 rispetto a ieri, pi\u00f9 0,4%): 493 persone clinicamente guarite (23 in pi\u00f9 rispetto a ieri, pi\u00f9 4,9%), divenute cio\u00e8 asintomatiche dopo aver presentato manifestazioni cliniche associate all&#8217;infezione e 111.502 (438 in pi\u00f9 rispetto a ieri, pi\u00f9 0,4%) dichiarate guarite a tutti gli effetti, le cosiddette guarigioni virali, con tampone negativo.<\/p>\n<p><strong>Purtroppo domenica si sono registrati 15 nuovi decessi: 7 uomini e 8 donne con un&#8217;et\u00e0 media di 84,7 anni.<\/strong><\/p>\n<p>Relativamente alla provincia di residenza,<strong> le persone decedute sono: 7 a Firenze, 1 a Massa Carrara, 5 a Pisa, 1 a Arezzo, 1 a Siena.<\/strong><\/p>\n<p><strong>Sono 3.855 i deceduti dall&#8217;inizio dell&#8217;epidemia<\/strong> cosi ripartiti: 1.301 a Firenze, 261 a Prato, 285 a Pistoia, 401 a Massa Carrara, 362 a Lucca, 457 a Pisa, 277 a Livorno, 224 ad Arezzo, 135 a Siena, 98 a Grosseto, 54 persone sono decedute sul suolo toscano ma erano residenti fuori regione.<\/p>\n<p>Il tasso grezzo di mortalit\u00e0 toscano (numero di deceduti\/popolazione residente) per Covid-19 \u00e8 di 103,4 x100.000 residenti contro il 129,9 x100.000 della media italiana (11\u00b0 regione). Per quanto riguarda le province, il tasso di mortalit\u00e0 pi\u00f9 alto si riscontra a Massa Carrara (205,8 x100.000), Firenze (128,6 x100.000) e Pisa (109,1 x100.000), il pi\u00f9 basso a Grosseto (44,2 x100.000).<\/p>\n","protected":false},"excerpt":{"rendered":"<p>Purtroppo domenica si sono registrati 15 nuovi decessi: 7 uomini e 8 donne con un&#8217;et\u00e0 media di 84,7 anni<\/p>\n","protected":false},"author":525,"featured_media":157023,"comment_status":"open","ping_status":"open","sticky":false,"template":"","format":"standard","meta":{"_acf_changed":false,"footnotes":""},"categories":[494],"tags":[4868,418],"class_list":["post-163753","post","type-post","status-publish","format-standard","has-post-thumbnail","hentry","category-attualita","tag-bollettino-covid-toscana","tag-covid-19"],"acf":[],"yoast_head":"<!-- This site is optimized with the Yoast SEO Premium plugin v24.2 (Yoast SEO v25.6) - https:\/\/yoast.com\/wordpress\/plugins\/seo\/ -->\n<title>Covid-19: domenica in Toscana 472 nuovi casi, et\u00e0 media 49 anni, 15 i decessi - intoscana<\/title>\n<meta name=\"description\" content=\"Purtroppo domenica 10 gennaio in Toscana si sono registrati 15 nuovi decessi: 7 uomini e 8 donne con un&#039;et\u00e0 media di 84,7 anni\" \/>\n<meta name=\"robots\" content=\"index, follow, max-snippet:-1, max-image-preview:large, max-video-preview:-1\" \/>\n<link rel=\"canonical\" href=\"https:\/\/www.intoscana.it\/it\/covid-19-domenica-in-toscana-472-nuovi-casi-eta-media-49-anni-15-i-decessi\/\" \/>\n<meta property=\"og:locale\" content=\"it_IT\" \/>\n<meta property=\"og:type\" content=\"article\" \/>\n<meta property=\"og:title\" content=\"Covid-19: domenica in Toscana 472 nuovi casi, et\u00e0 media 49 anni, 15 i decessi\" \/>\n<meta property=\"og:description\" content=\"Purtroppo domenica 10 gennaio in Toscana si sono registrati 15 nuovi decessi: 7 uomini e 8 donne con un&#039;et\u00e0 media di 84,7 anni\" \/>\n<meta property=\"og:url\" content=\"https:\/\/www.intoscana.it\/it\/covid-19-domenica-in-toscana-472-nuovi-casi-eta-media-49-anni-15-i-decessi\/\" \/>\n<meta property=\"og:site_name\" content=\"intoscana\" \/>\n<meta property=\"article:publisher\" content=\"https:\/\/www.facebook.com\/intoscana.it\" \/>\n<meta property=\"article:published_time\" content=\"2021-01-11T08:14:26+00:00\" \/>\n<meta property=\"article:modified_time\" content=\"2021-01-11T12:17:12+00:00\" \/>\n<meta property=\"og:image\" content=\"https:\/\/www.intoscana.it\/wp-content\/uploads\/Ragazzo-con-la-mascherina-Isaac-Iverson-Unsplash.jpg\" \/>\n\t<meta property=\"og:image:width\" content=\"1920\" \/>\n\t<meta property=\"og:image:height\" content=\"1280\" \/>\n\t<meta property=\"og:image:type\" content=\"image\/jpeg\" \/>\n<meta name=\"author\" content=\"Redazione\" \/>\n<meta name=\"twitter:card\" content=\"summary_large_image\" \/>\n<meta name=\"twitter:creator\" content=\"@intoscana\" \/>\n<meta name=\"twitter:site\" content=\"@intoscana\" \/>\n<meta name=\"twitter:label1\" content=\"Written by\" \/>\n\t<meta name=\"twitter:data1\" content=\"Redazione\" \/>\n\t<meta name=\"twitter:label2\" content=\"Est. reading time\" \/>\n\t<meta name=\"twitter:data2\" content=\"3 minuti\" \/>\n<script type=\"application\/ld+json\" class=\"yoast-schema-graph\">{\"@context\":\"https:\/\/schema.org\",\"@graph\":[{\"@type\":\"WebPage\",\"@id\":\"https:\/\/www.intoscana.it\/it\/covid-19-domenica-in-toscana-472-nuovi-casi-eta-media-49-anni-15-i-decessi\/\",\"url\":\"https:\/\/www.intoscana.it\/it\/covid-19-domenica-in-toscana-472-nuovi-casi-eta-media-49-anni-15-i-decessi\/\",\"name\":\"Covid-19: domenica in Toscana 472 nuovi casi, et\u00e0 media 49 anni, 15 i decessi - intoscana\",\"isPartOf\":{\"@id\":\"https:\/\/www.intoscana.it\/it\/#website\"},\"primaryImageOfPage\":{\"@id\":\"https:\/\/www.intoscana.it\/it\/covid-19-domenica-in-toscana-472-nuovi-casi-eta-media-49-anni-15-i-decessi\/#primaryimage\"},\"image\":{\"@id\":\"https:\/\/www.intoscana.it\/it\/covid-19-domenica-in-toscana-472-nuovi-casi-eta-media-49-anni-15-i-decessi\/#primaryimage\"},\"thumbnailUrl\":\"https:\/\/www.intoscana.it\/wp-content\/uploads\/Ragazzo-con-la-mascherina-Isaac-Iverson-Unsplash.jpg\",\"datePublished\":\"2021-01-11T08:14:26+00:00\",\"dateModified\":\"2021-01-11T12:17:12+00:00\",\"author\":{\"@id\":\"https:\/\/www.intoscana.it\/it\/#\/schema\/person\/9223810753230f20bd670fdd322661f8\"},\"description\":\"Purtroppo domenica 10 gennaio in Toscana si sono registrati 15 nuovi decessi: 7 uomini e 8 donne con un'et\u00e0 media di 84,7 anni\",\"breadcrumb\":{\"@id\":\"https:\/\/www.intoscana.it\/it\/covid-19-domenica-in-toscana-472-nuovi-casi-eta-media-49-anni-15-i-decessi\/#breadcrumb\"},\"inLanguage\":\"it-IT\",\"potentialAction\":[{\"@type\":\"ReadAction\",\"target\":[\"https:\/\/www.intoscana.it\/it\/covid-19-domenica-in-toscana-472-nuovi-casi-eta-media-49-anni-15-i-decessi\/\"]}]},{\"@type\":\"ImageObject\",\"inLanguage\":\"it-IT\",\"@id\":\"https:\/\/www.intoscana.it\/it\/covid-19-domenica-in-toscana-472-nuovi-casi-eta-media-49-anni-15-i-decessi\/#primaryimage\",\"url\":\"https:\/\/www.intoscana.it\/wp-content\/uploads\/Ragazzo-con-la-mascherina-Isaac-Iverson-Unsplash.jpg\",\"contentUrl\":\"https:\/\/www.intoscana.it\/wp-content\/uploads\/Ragazzo-con-la-mascherina-Isaac-Iverson-Unsplash.jpg\",\"width\":1920,\"height\":1280,\"caption\":\"Ragazzo con la mascherina\"},{\"@type\":\"BreadcrumbList\",\"@id\":\"https:\/\/www.intoscana.it\/it\/covid-19-domenica-in-toscana-472-nuovi-casi-eta-media-49-anni-15-i-decessi\/#breadcrumb\",\"itemListElement\":[{\"@type\":\"ListItem\",\"position\":1,\"name\":\"Home\",\"item\":\"https:\/\/www.intoscana.it\/it\/\"},{\"@type\":\"ListItem\",\"position\":2,\"name\":\"Covid-19: domenica in Toscana 472 nuovi casi, et\u00e0 media 49 anni, 15 i decessi\"}]},{\"@type\":\"WebSite\",\"@id\":\"https:\/\/www.intoscana.it\/it\/#website\",\"url\":\"https:\/\/www.intoscana.it\/it\/\",\"name\":\"intoscana\",\"description\":\"\",\"potentialAction\":[{\"@type\":\"SearchAction\",\"target\":{\"@type\":\"EntryPoint\",\"urlTemplate\":\"https:\/\/www.intoscana.it\/it\/?s={search_term_string}\"},\"query-input\":{\"@type\":\"PropertyValueSpecification\",\"valueRequired\":true,\"valueName\":\"search_term_string\"}}],\"inLanguage\":\"it-IT\"},{\"@type\":\"Person\",\"@id\":\"https:\/\/www.intoscana.it\/it\/#\/schema\/person\/9223810753230f20bd670fdd322661f8\",\"name\":\"Redazione\",\"url\":\"https:\/\/www.intoscana.it\/it\/author\/redazione\/\"}]}<\/script>\n<!-- \/ Yoast SEO Premium plugin. -->","yoast_head_json":{"title":"Covid-19: domenica in Toscana 472 nuovi casi, et\u00e0 media 49 anni, 15 i decessi - intoscana","description":"Purtroppo domenica 10 gennaio in Toscana si sono registrati 15 nuovi decessi: 7 uomini e 8 donne con un'et\u00e0 media di 84,7 anni","robots":{"index":"index","follow":"follow","max-snippet":"max-snippet:-1","max-image-preview":"max-image-preview:large","max-video-preview":"max-video-preview:-1"},"canonical":"https:\/\/www.intoscana.it\/it\/covid-19-domenica-in-toscana-472-nuovi-casi-eta-media-49-anni-15-i-decessi\/","og_locale":"it_IT","og_type":"article","og_title":"Covid-19: domenica in Toscana 472 nuovi casi, et\u00e0 media 49 anni, 15 i decessi","og_description":"Purtroppo domenica 10 gennaio in Toscana si sono registrati 15 nuovi decessi: 7 uomini e 8 donne con un'et\u00e0 media di 84,7 anni","og_url":"https:\/\/www.intoscana.it\/it\/covid-19-domenica-in-toscana-472-nuovi-casi-eta-media-49-anni-15-i-decessi\/","og_site_name":"intoscana","article_publisher":"https:\/\/www.facebook.com\/intoscana.it","article_published_time":"2021-01-11T08:14:26+00:00","article_modified_time":"2021-01-11T12:17:12+00:00","og_image":[{"width":1920,"height":1280,"url":"https:\/\/www.intoscana.it\/wp-content\/uploads\/Ragazzo-con-la-mascherina-Isaac-Iverson-Unsplash.jpg","type":"image\/jpeg"}],"author":"Redazione","twitter_card":"summary_large_image","twitter_creator":"@intoscana","twitter_site":"@intoscana","twitter_misc":{"Written by":"Redazione","Est. reading time":"3 minuti"},"schema":{"@context":"https:\/\/schema.org","@graph":[{"@type":"WebPage","@id":"https:\/\/www.intoscana.it\/it\/covid-19-domenica-in-toscana-472-nuovi-casi-eta-media-49-anni-15-i-decessi\/","url":"https:\/\/www.intoscana.it\/it\/covid-19-domenica-in-toscana-472-nuovi-casi-eta-media-49-anni-15-i-decessi\/","name":"Covid-19: domenica in Toscana 472 nuovi casi, et\u00e0 media 49 anni, 15 i decessi - intoscana","isPartOf":{"@id":"https:\/\/www.intoscana.it\/it\/#website"},"primaryImageOfPage":{"@id":"https:\/\/www.intoscana.it\/it\/covid-19-domenica-in-toscana-472-nuovi-casi-eta-media-49-anni-15-i-decessi\/#primaryimage"},"image":{"@id":"https:\/\/www.intoscana.it\/it\/covid-19-domenica-in-toscana-472-nuovi-casi-eta-media-49-anni-15-i-decessi\/#primaryimage"},"thumbnailUrl":"https:\/\/www.intoscana.it\/wp-content\/uploads\/Ragazzo-con-la-mascherina-Isaac-Iverson-Unsplash.jpg","datePublished":"2021-01-11T08:14:26+00:00","dateModified":"2021-01-11T12:17:12+00:00","author":{"@id":"https:\/\/www.intoscana.it\/it\/#\/schema\/person\/9223810753230f20bd670fdd322661f8"},"description":"Purtroppo domenica 10 gennaio in Toscana si sono registrati 15 nuovi decessi: 7 uomini e 8 donne con un'et\u00e0 media di 84,7 anni","breadcrumb":{"@id":"https:\/\/www.intoscana.it\/it\/covid-19-domenica-in-toscana-472-nuovi-casi-eta-media-49-anni-15-i-decessi\/#breadcrumb"},"inLanguage":"it-IT","potentialAction":[{"@type":"ReadAction","target":["https:\/\/www.intoscana.it\/it\/covid-19-domenica-in-toscana-472-nuovi-casi-eta-media-49-anni-15-i-decessi\/"]}]},{"@type":"ImageObject","inLanguage":"it-IT","@id":"https:\/\/www.intoscana.it\/it\/covid-19-domenica-in-toscana-472-nuovi-casi-eta-media-49-anni-15-i-decessi\/#primaryimage","url":"https:\/\/www.intoscana.it\/wp-content\/uploads\/Ragazzo-con-la-mascherina-Isaac-Iverson-Unsplash.jpg","contentUrl":"https:\/\/www.intoscana.it\/wp-content\/uploads\/Ragazzo-con-la-mascherina-Isaac-Iverson-Unsplash.jpg","width":1920,"height":1280,"caption":"Ragazzo con la mascherina"},{"@type":"BreadcrumbList","@id":"https:\/\/www.intoscana.it\/it\/covid-19-domenica-in-toscana-472-nuovi-casi-eta-media-49-anni-15-i-decessi\/#breadcrumb","itemListElement":[{"@type":"ListItem","position":1,"name":"Home","item":"https:\/\/www.intoscana.it\/it\/"},{"@type":"ListItem","position":2,"name":"Covid-19: domenica in Toscana 472 nuovi casi, et\u00e0 media 49 anni, 15 i decessi"}]},{"@type":"WebSite","@id":"https:\/\/www.intoscana.it\/it\/#website","url":"https:\/\/www.intoscana.it\/it\/","name":"intoscana","description":"","potentialAction":[{"@type":"SearchAction","target":{"@type":"EntryPoint","urlTemplate":"https:\/\/www.intoscana.it\/it\/?s={search_term_string}"},"query-input":{"@type":"PropertyValueSpecification","valueRequired":true,"valueName":"search_term_string"}}],"inLanguage":"it-IT"},{"@type":"Person","@id":"https:\/\/www.intoscana.it\/it\/#\/schema\/person\/9223810753230f20bd670fdd322661f8","name":"Redazione","url":"https:\/\/www.intoscana.it\/it\/author\/redazione\/"}]}},"_links":{"self":[{"href":"https:\/\/www.intoscana.it\/it\/wp-json\/wp\/v2\/posts\/163753","targetHints":{"allow":["GET"]}}],"collection":[{"href":"https:\/\/www.intoscana.it\/it\/wp-json\/wp\/v2\/posts"}],"about":[{"href":"https:\/\/www.intoscana.it\/it\/wp-json\/wp\/v2\/types\/post"}],"author":[{"embeddable":true,"href":"https:\/\/www.intoscana.it\/it\/wp-json\/wp\/v2\/users\/525"}],"replies":[{"embeddable":true,"href":"https:\/\/www.intoscana.it\/it\/wp-json\/wp\/v2\/comments?post=163753"}],"version-history":[{"count":0,"href":"https:\/\/www.intoscana.it\/it\/wp-json\/wp\/v2\/posts\/163753\/revisions"}],"wp:featuredmedia":[{"embeddable":true,"href":"https:\/\/www.intoscana.it\/it\/wp-json\/wp\/v2\/media\/157023"}],"wp:attachment":[{"href":"https:\/\/www.intoscana.it\/it\/wp-json\/wp\/v2\/media?parent=163753"}],"wp:term":[{"taxonomy":"category","embeddable":true,"href":"https:\/\/www.intoscana.it\/it\/wp-json\/wp\/v2\/categories?post=163753"},{"taxonomy":"post_tag","embeddable":true,"href":"https:\/\/www.intoscana.it\/it\/wp-json\/wp\/v2\/tags?post=163753"}],"curies":[{"name":"wp","href":"https:\/\/api.w.org\/{rel}","templated":true}]}}