{"id":163758,"date":"2021-01-11T09:34:15","date_gmt":"2021-01-11T08:34:15","guid":{"rendered":"https:\/\/www.intoscana.it\/it\/?p=163758"},"modified":"2021-01-11T09:43:23","modified_gmt":"2021-01-11T08:43:23","slug":"nuovo-dpcm-stretta-alla-movida-e-stop-agli-spostamenti-tra-regioni","status":"publish","type":"post","link":"https:\/\/www.intoscana.it\/it\/nuovo-dpcm-stretta-alla-movida-e-stop-agli-spostamenti-tra-regioni\/","title":{"rendered":"Nuovo Dpcm: stretta alla movida e stop agli spostamenti tra regioni"},"content":{"rendered":"<p>Il Governo \u00e8 al lavoro per stilare un<strong> nuovo Dpcm che sar\u00e0 presentato oggi alle Regioni nel vertice con il ministro Francesco Boccia<\/strong>.\u00a0Molte sono le ipotesi trapelate al termine della riunione del <strong>premier Giuseppe Conte<\/strong> con i capi delegazione tra cui <strong>la possibilit\u00e0 di far scattare automaticamente la zona rossa nel caso si superasse il limite dei 250 contagiati per 100 mila abitanti<\/strong>. Una raccomandazione, perorata dagli scienziati, che per\u00f2 potr\u00e0 vedere la luce solo dopo il passaggio in parlamento del<strong> ministro della Salute, Roberto Speranza, in programma il 13 gennaio.\u00a0<\/strong>Un&#8217;ipotesi che, con i dati attuali, metterebbe<strong> il Veneto in zona rossa (con i suoi 453,31 casi) e l&#8217;Emilia-Romagna di poco fuori (242,44 casi).<\/strong><\/p>\n<p><strong>Il nuovo Dpcm\u00a0entrer\u00e0 in vigore il 16 gennaio.<\/strong><\/p>\n<h3>Ecco le nuove regole da seguire<\/h3>\n<p><strong>Divieto di asporto dopo le 18 per i bar e regioni &#8220;chiuse&#8221;<\/strong><\/p>\n<p>Arrivano\u00a0<strong>nuove limitazioni e una stretta in particolare sulla movida,\u00a0<\/strong>dopo<strong> gli ultimi episodi di assembramenti e feste illegali,<\/strong> \u00e8 vietato l&#8217;asporto dai bar a partire dalle 18. Per tutti <strong>vale il divieto di spostamento tra regioni<\/strong>, salvo che per esigenze lavorative, motivi di salute o rientro nelle proprie abitazioni, domicili o residenze.<\/p>\n<p><strong>Zona bianca<\/strong><\/p>\n<p>Sul tavolo c&#8217;\u00e8 anche la<strong> possibilit\u00e0 di istituire una zona bianca<\/strong>, per cui <strong>servirebbe un Rt sotto 0.5<\/strong>, in cui poter riaprire tutto senza limitazioni.<\/p>\n<p><strong>Resta il coprifuoco ma stop ai weekend arancioni<\/strong><\/p>\n<p>L&#8217;unica cosa certa al momento \u00e8 che il nuovo provvedimento &#8211; al quale sar\u00e0 affiancato un Dl per estendere il divieto di spostamento tra le regioni &#8211; continuer\u00e0 a prevedere le zone colorate e<strong> il coprifuoco dalle 22 alle 5 del mattino.<\/strong> Smentita invece la possibilit\u00e0 di istituire i weekend arancioni: <strong>le giornate di sabato e domenica, dunque, avranno le stesse limitazioni delle zone di appartenenza.<\/strong><\/p>\n<p><strong>Palestre, piscine, teatri, musei e cinema chiusi<\/strong><\/p>\n<p>Resteranno ancora chiuse palestre e piscine, cos\u00ec come teatri, musei e cinema.<\/p>\n<p><strong>Impianti da sci chiusi fino al 18 gennaio<\/strong><\/p>\n<p>Nel provvedimento entrer\u00e0 molto probabilmente anche la <strong>proroga della chiusura degli impianti da sci, che al momento dovrebbero riaprire il 18 gennaio.<\/strong><\/p>\n<p><strong>Le cinque regioni a rischio<\/strong><\/p>\n<p>Luned\u00ec\u00a0<strong>riaprono le scuole superiori in sole tre regioni (Valle d&#8217;Aosta, Toscana e Abruzzo)<\/strong>, quasi tutta Italia \u00e8 in zona gialla, eccezion fatta per <strong>Calabria, Emilia-Romagna, Lombardia, Sicilia e Veneto<\/strong> che restano in arancione.<\/p>\n<p>&nbsp;<\/p>\n","protected":false},"excerpt":{"rendered":"<p>Le nuove regole saranno operative dal 16 gennaio, divieto di asporto dai bar dopo le 18 e zona gialla &#8220;rinforzata&#8221; per tutte le regioni<\/p>\n","protected":false},"author":525,"featured_media":163761,"comment_status":"open","ping_status":"open","sticky":false,"template":"","format":"standard","meta":{"_acf_changed":false,"footnotes":""},"categories":[494],"tags":[418,4715,4863],"class_list":["post-163758","post","type-post","status-publish","format-standard","has-post-thumbnail","hentry","category-attualita","tag-covid-19","tag-dpcm","tag-zona-gialla"],"acf":[],"yoast_head":"<!-- This site is optimized with the Yoast SEO Premium plugin v24.2 (Yoast SEO v25.6) - https:\/\/yoast.com\/wordpress\/plugins\/seo\/ -->\n<title>Nuovo Dpcm: stretta alla movida e stop agli spostamenti tra regioni - intoscana<\/title>\n<meta name=\"description\" content=\"Le nuove regole diventeranno operative dal 16 gennaio, divieto di asporto dai bar dopo le 18 e zona gialla &quot;rinforzata&quot; per tutte le regioni\" \/>\n<meta name=\"robots\" content=\"index, follow, max-snippet:-1, max-image-preview:large, max-video-preview:-1\" \/>\n<link rel=\"canonical\" href=\"https:\/\/www.intoscana.it\/it\/nuovo-dpcm-stretta-alla-movida-e-stop-agli-spostamenti-tra-regioni\/\" \/>\n<meta property=\"og:locale\" content=\"it_IT\" \/>\n<meta property=\"og:type\" content=\"article\" \/>\n<meta property=\"og:title\" content=\"Nuovo Dpcm: stretta alla movida e stop agli spostamenti tra regioni\" \/>\n<meta property=\"og:description\" content=\"Le nuove regole diventeranno operative dal 16 gennaio, divieto di asporto dai bar dopo le 18 e zona gialla &quot;rinforzata&quot; per tutte le regioni\" \/>\n<meta property=\"og:url\" content=\"https:\/\/www.intoscana.it\/it\/nuovo-dpcm-stretta-alla-movida-e-stop-agli-spostamenti-tra-regioni\/\" \/>\n<meta property=\"og:site_name\" content=\"intoscana\" \/>\n<meta property=\"article:publisher\" content=\"https:\/\/www.facebook.com\/intoscana.it\" \/>\n<meta property=\"article:published_time\" content=\"2021-01-11T08:34:15+00:00\" \/>\n<meta property=\"article:modified_time\" content=\"2021-01-11T08:43:23+00:00\" \/>\n<meta property=\"og:image\" content=\"https:\/\/www.intoscana.it\/wp-content\/uploads\/Movida-e-mascherine-scaled.jpg\" \/>\n\t<meta property=\"og:image:width\" content=\"2048\" \/>\n\t<meta property=\"og:image:height\" content=\"1107\" \/>\n\t<meta property=\"og:image:type\" content=\"image\/jpeg\" \/>\n<meta name=\"author\" content=\"Redazione\" \/>\n<meta name=\"twitter:card\" content=\"summary_large_image\" \/>\n<meta name=\"twitter:creator\" content=\"@intoscana\" \/>\n<meta name=\"twitter:site\" content=\"@intoscana\" \/>\n<meta name=\"twitter:label1\" content=\"Written by\" \/>\n\t<meta name=\"twitter:data1\" content=\"Redazione\" \/>\n\t<meta name=\"twitter:label2\" content=\"Est. reading time\" \/>\n\t<meta name=\"twitter:data2\" content=\"2 minuti\" \/>\n<script type=\"application\/ld+json\" class=\"yoast-schema-graph\">{\"@context\":\"https:\/\/schema.org\",\"@graph\":[{\"@type\":\"WebPage\",\"@id\":\"https:\/\/www.intoscana.it\/it\/nuovo-dpcm-stretta-alla-movida-e-stop-agli-spostamenti-tra-regioni\/\",\"url\":\"https:\/\/www.intoscana.it\/it\/nuovo-dpcm-stretta-alla-movida-e-stop-agli-spostamenti-tra-regioni\/\",\"name\":\"Nuovo Dpcm: stretta alla movida e stop agli spostamenti tra regioni - intoscana\",\"isPartOf\":{\"@id\":\"https:\/\/www.intoscana.it\/it\/#website\"},\"primaryImageOfPage\":{\"@id\":\"https:\/\/www.intoscana.it\/it\/nuovo-dpcm-stretta-alla-movida-e-stop-agli-spostamenti-tra-regioni\/#primaryimage\"},\"image\":{\"@id\":\"https:\/\/www.intoscana.it\/it\/nuovo-dpcm-stretta-alla-movida-e-stop-agli-spostamenti-tra-regioni\/#primaryimage\"},\"thumbnailUrl\":\"https:\/\/www.intoscana.it\/wp-content\/uploads\/Movida-e-mascherine-scaled.jpg\",\"datePublished\":\"2021-01-11T08:34:15+00:00\",\"dateModified\":\"2021-01-11T08:43:23+00:00\",\"author\":{\"@id\":\"https:\/\/www.intoscana.it\/it\/#\/schema\/person\/9223810753230f20bd670fdd322661f8\"},\"description\":\"Le nuove regole diventeranno operative dal 16 gennaio, divieto di asporto dai bar dopo le 18 e zona gialla \\\"rinforzata\\\" per tutte le regioni\",\"breadcrumb\":{\"@id\":\"https:\/\/www.intoscana.it\/it\/nuovo-dpcm-stretta-alla-movida-e-stop-agli-spostamenti-tra-regioni\/#breadcrumb\"},\"inLanguage\":\"it-IT\",\"potentialAction\":[{\"@type\":\"ReadAction\",\"target\":[\"https:\/\/www.intoscana.it\/it\/nuovo-dpcm-stretta-alla-movida-e-stop-agli-spostamenti-tra-regioni\/\"]}]},{\"@type\":\"ImageObject\",\"inLanguage\":\"it-IT\",\"@id\":\"https:\/\/www.intoscana.it\/it\/nuovo-dpcm-stretta-alla-movida-e-stop-agli-spostamenti-tra-regioni\/#primaryimage\",\"url\":\"https:\/\/www.intoscana.it\/wp-content\/uploads\/Movida-e-mascherine-scaled.jpg\",\"contentUrl\":\"https:\/\/www.intoscana.it\/wp-content\/uploads\/Movida-e-mascherine-scaled.jpg\",\"width\":2048,\"height\":1107},{\"@type\":\"BreadcrumbList\",\"@id\":\"https:\/\/www.intoscana.it\/it\/nuovo-dpcm-stretta-alla-movida-e-stop-agli-spostamenti-tra-regioni\/#breadcrumb\",\"itemListElement\":[{\"@type\":\"ListItem\",\"position\":1,\"name\":\"Home\",\"item\":\"https:\/\/www.intoscana.it\/it\/\"},{\"@type\":\"ListItem\",\"position\":2,\"name\":\"Nuovo Dpcm: stretta alla movida e stop agli spostamenti tra regioni\"}]},{\"@type\":\"WebSite\",\"@id\":\"https:\/\/www.intoscana.it\/it\/#website\",\"url\":\"https:\/\/www.intoscana.it\/it\/\",\"name\":\"intoscana\",\"description\":\"\",\"potentialAction\":[{\"@type\":\"SearchAction\",\"target\":{\"@type\":\"EntryPoint\",\"urlTemplate\":\"https:\/\/www.intoscana.it\/it\/?s={search_term_string}\"},\"query-input\":{\"@type\":\"PropertyValueSpecification\",\"valueRequired\":true,\"valueName\":\"search_term_string\"}}],\"inLanguage\":\"it-IT\"},{\"@type\":\"Person\",\"@id\":\"https:\/\/www.intoscana.it\/it\/#\/schema\/person\/9223810753230f20bd670fdd322661f8\",\"name\":\"Redazione\",\"url\":\"https:\/\/www.intoscana.it\/it\/author\/redazione\/\"}]}<\/script>\n<!-- \/ Yoast SEO Premium plugin. -->","yoast_head_json":{"title":"Nuovo Dpcm: stretta alla movida e stop agli spostamenti tra regioni - intoscana","description":"Le nuove regole diventeranno operative dal 16 gennaio, divieto di asporto dai bar dopo le 18 e zona gialla \"rinforzata\" per tutte le regioni","robots":{"index":"index","follow":"follow","max-snippet":"max-snippet:-1","max-image-preview":"max-image-preview:large","max-video-preview":"max-video-preview:-1"},"canonical":"https:\/\/www.intoscana.it\/it\/nuovo-dpcm-stretta-alla-movida-e-stop-agli-spostamenti-tra-regioni\/","og_locale":"it_IT","og_type":"article","og_title":"Nuovo Dpcm: stretta alla movida e stop agli spostamenti tra regioni","og_description":"Le nuove regole diventeranno operative dal 16 gennaio, divieto di asporto dai bar dopo le 18 e zona gialla \"rinforzata\" per tutte le regioni","og_url":"https:\/\/www.intoscana.it\/it\/nuovo-dpcm-stretta-alla-movida-e-stop-agli-spostamenti-tra-regioni\/","og_site_name":"intoscana","article_publisher":"https:\/\/www.facebook.com\/intoscana.it","article_published_time":"2021-01-11T08:34:15+00:00","article_modified_time":"2021-01-11T08:43:23+00:00","og_image":[{"width":2048,"height":1107,"url":"https:\/\/www.intoscana.it\/wp-content\/uploads\/Movida-e-mascherine-scaled.jpg","type":"image\/jpeg"}],"author":"Redazione","twitter_card":"summary_large_image","twitter_creator":"@intoscana","twitter_site":"@intoscana","twitter_misc":{"Written by":"Redazione","Est. reading time":"2 minuti"},"schema":{"@context":"https:\/\/schema.org","@graph":[{"@type":"WebPage","@id":"https:\/\/www.intoscana.it\/it\/nuovo-dpcm-stretta-alla-movida-e-stop-agli-spostamenti-tra-regioni\/","url":"https:\/\/www.intoscana.it\/it\/nuovo-dpcm-stretta-alla-movida-e-stop-agli-spostamenti-tra-regioni\/","name":"Nuovo Dpcm: stretta alla movida e stop agli spostamenti tra regioni - intoscana","isPartOf":{"@id":"https:\/\/www.intoscana.it\/it\/#website"},"primaryImageOfPage":{"@id":"https:\/\/www.intoscana.it\/it\/nuovo-dpcm-stretta-alla-movida-e-stop-agli-spostamenti-tra-regioni\/#primaryimage"},"image":{"@id":"https:\/\/www.intoscana.it\/it\/nuovo-dpcm-stretta-alla-movida-e-stop-agli-spostamenti-tra-regioni\/#primaryimage"},"thumbnailUrl":"https:\/\/www.intoscana.it\/wp-content\/uploads\/Movida-e-mascherine-scaled.jpg","datePublished":"2021-01-11T08:34:15+00:00","dateModified":"2021-01-11T08:43:23+00:00","author":{"@id":"https:\/\/www.intoscana.it\/it\/#\/schema\/person\/9223810753230f20bd670fdd322661f8"},"description":"Le nuove regole diventeranno operative dal 16 gennaio, divieto di asporto dai bar dopo le 18 e zona gialla \"rinforzata\" per tutte le regioni","breadcrumb":{"@id":"https:\/\/www.intoscana.it\/it\/nuovo-dpcm-stretta-alla-movida-e-stop-agli-spostamenti-tra-regioni\/#breadcrumb"},"inLanguage":"it-IT","potentialAction":[{"@type":"ReadAction","target":["https:\/\/www.intoscana.it\/it\/nuovo-dpcm-stretta-alla-movida-e-stop-agli-spostamenti-tra-regioni\/"]}]},{"@type":"ImageObject","inLanguage":"it-IT","@id":"https:\/\/www.intoscana.it\/it\/nuovo-dpcm-stretta-alla-movida-e-stop-agli-spostamenti-tra-regioni\/#primaryimage","url":"https:\/\/www.intoscana.it\/wp-content\/uploads\/Movida-e-mascherine-scaled.jpg","contentUrl":"https:\/\/www.intoscana.it\/wp-content\/uploads\/Movida-e-mascherine-scaled.jpg","width":2048,"height":1107},{"@type":"BreadcrumbList","@id":"https:\/\/www.intoscana.it\/it\/nuovo-dpcm-stretta-alla-movida-e-stop-agli-spostamenti-tra-regioni\/#breadcrumb","itemListElement":[{"@type":"ListItem","position":1,"name":"Home","item":"https:\/\/www.intoscana.it\/it\/"},{"@type":"ListItem","position":2,"name":"Nuovo Dpcm: stretta alla movida e stop agli spostamenti tra regioni"}]},{"@type":"WebSite","@id":"https:\/\/www.intoscana.it\/it\/#website","url":"https:\/\/www.intoscana.it\/it\/","name":"intoscana","description":"","potentialAction":[{"@type":"SearchAction","target":{"@type":"EntryPoint","urlTemplate":"https:\/\/www.intoscana.it\/it\/?s={search_term_string}"},"query-input":{"@type":"PropertyValueSpecification","valueRequired":true,"valueName":"search_term_string"}}],"inLanguage":"it-IT"},{"@type":"Person","@id":"https:\/\/www.intoscana.it\/it\/#\/schema\/person\/9223810753230f20bd670fdd322661f8","name":"Redazione","url":"https:\/\/www.intoscana.it\/it\/author\/redazione\/"}]}},"_links":{"self":[{"href":"https:\/\/www.intoscana.it\/it\/wp-json\/wp\/v2\/posts\/163758","targetHints":{"allow":["GET"]}}],"collection":[{"href":"https:\/\/www.intoscana.it\/it\/wp-json\/wp\/v2\/posts"}],"about":[{"href":"https:\/\/www.intoscana.it\/it\/wp-json\/wp\/v2\/types\/post"}],"author":[{"embeddable":true,"href":"https:\/\/www.intoscana.it\/it\/wp-json\/wp\/v2\/users\/525"}],"replies":[{"embeddable":true,"href":"https:\/\/www.intoscana.it\/it\/wp-json\/wp\/v2\/comments?post=163758"}],"version-history":[{"count":0,"href":"https:\/\/www.intoscana.it\/it\/wp-json\/wp\/v2\/posts\/163758\/revisions"}],"wp:featuredmedia":[{"embeddable":true,"href":"https:\/\/www.intoscana.it\/it\/wp-json\/wp\/v2\/media\/163761"}],"wp:attachment":[{"href":"https:\/\/www.intoscana.it\/it\/wp-json\/wp\/v2\/media?parent=163758"}],"wp:term":[{"taxonomy":"category","embeddable":true,"href":"https:\/\/www.intoscana.it\/it\/wp-json\/wp\/v2\/categories?post=163758"},{"taxonomy":"post_tag","embeddable":true,"href":"https:\/\/www.intoscana.it\/it\/wp-json\/wp\/v2\/tags?post=163758"}],"curies":[{"name":"wp","href":"https:\/\/api.w.org\/{rel}","templated":true}]}}