{"id":163816,"date":"2021-01-11T13:18:48","date_gmt":"2021-01-11T12:18:48","guid":{"rendered":"https:\/\/www.intoscana.it\/it\/?p=163816"},"modified":"2021-01-12T13:04:21","modified_gmt":"2021-01-12T12:04:21","slug":"covid-19-in-toscana-379-nuovi-casi-eta-media-43-anni-29-decessi","status":"publish","type":"post","link":"https:\/\/www.intoscana.it\/it\/covid-19-in-toscana-379-nuovi-casi-eta-media-43-anni-29-decessi\/","title":{"rendered":"Covid-19: in Toscana 379 nuovi casi, et\u00e0 media 43 anni. 29 decessi"},"content":{"rendered":"<p><strong>Sono 379 i positivi in pi\u00f9 rispetto a ieri<\/strong>,su un totale, da inizio epidemia, pari a 125.330 unit\u00e0. L&#8217;et\u00e0 media dei 379 casi odierni \u00e8 di 43 anni circa (il 19% ha meno di 20 anni, il 25% tra 20 e 39 anni, il 32% tra 40 e 59 anni, il 18% tra 60 e 79 anni, il 6% ha 80 anni o pi\u00f9). I nuovi casi sono lo 0,3% in pi\u00f9 rispetto al totale del giorno precedente.<\/p>\n<p><strong>I guariti crescono dello 0,4%<\/strong>\u00a0e raggiungono quota 112.426 (89,7% dei casi totali). I\u00a0<strong>tamponi eseguiti<\/strong>\u00a0hanno raggiunto quota 1.971.143,\u00a0<strong>5.650 in pi\u00f9 rispetto a ieri<\/strong>, di cui il 6,7% positivo. Sono invece 2.060 i soggetti testati oggi (escludendo i tamponi di controllo), di cui il 18,4% \u00e8 risultato positivo. A questi si aggiungono i 487 tamponi antigenici rapidi eseguiti oggi. Gli attualmente positivi sono oggi 9.020, -0,9% rispetto a ieri. Le persone ricoverate nei posti letto dedicati ai pazienti Covid oggi sono complessivamente 933 (24 in pi\u00f9 rispetto a ieri, pi\u00f9 2,6%),\u00a0<strong>144 in terapia intensiva (4 in pi\u00f9 rispetto a ieri, pi\u00f9 2,9%)<\/strong>.<\/p>\n<p><strong>Oggi si registrano 29 nuovi decessi: 11 uomini e 18 donne con un&#8217;et\u00e0 media di 83,2 anni<\/strong>. Relativamente alla provincia di residenza, le persone decedute sono: 10 a Firenze, 2 a Prato, 4 a Pistoia, 1 a Massa Carrara, 1 a Lucca, 1 a Pisa, 2 a Livorno, 4 a Arezzo, 4 a Siena.<\/p>\n<p>Alcuni dei decessi comunicati agli uffici della Regione nelle ultime 24 ore si riferiscono a morti avvenute nei giorni\/periodi precedenti.<\/p>\n<p><strong>Di seguito i casi di positivit\u00e0 sul territorio<\/strong>\u00a0con la variazione rispetto a ieri. Sono 34.917 i casi complessivi ad oggi a Firenze (86 in pi\u00f9 rispetto a ieri), 10.731 a Prato (24 in pi\u00f9), 10.703 a Pistoia (17 in pi\u00f9), 7.893 a Massa (32 in pi\u00f9), 13.080 a Lucca (42 in pi\u00f9), 17.298 a Pisa (58 in pi\u00f9), 9.303 a Livorno (79 in pi\u00f9), 11.209 ad Arezzo (32 in pi\u00f9), 5.341 a Siena (7 in pi\u00f9), 4.300 a Grosseto (2 in pi\u00f9). Sono 555 i casi positivi notificati in Toscana, ma residenti in altre regioni. Sono 139 i casi riscontrati oggi nell&#8217;Asl Centro, 199 nella Nord Ovest, 41 nella Sud est.<\/p>\n<p><strong>La Toscana si trova al 12\u00b0 posto in Italia come numerosit\u00e0 di casi<\/strong> (comprensivi di residenti e non residenti), con circa 3.360 casi per 100.000 abitanti (media italiana circa 3.772 x100.000, dato di ieri). Le province di notifica con il tasso pi\u00f9 alto sono Prato con 4.164 casi x100.000 abitanti, Pisa con 4.128, Massa Carrara con 4.050, la pi\u00f9 bassa Grosseto con 1.940.<\/p>\n<p>Complessivamente,\u00a0<strong>8.087 persone sono in isolamento a casa<\/strong>, poich\u00e9 presentano sintomi lievi che non richiedono cure ospedaliere o risultano prive di sintomi (105 in meno rispetto a ieri, meno 1,3%). Sono\u00a0<strong>12.390<\/strong>\u00a0(201 in meno rispetto a ieri, meno 1,6%) le persone, anche loro isolate,\u00a0<strong>in sorveglianza attiva<\/strong>, perch\u00e9 hanno avuto contatti con persone contagiate (Asl Centro 2.944, Nord Ovest 6.195, Sud Est 3.251).<\/p>\n<p>Le\u00a0<strong>persone<\/strong>\u00a0complessivamente\u00a0<strong>gu<wbr \/>arite<\/strong>\u00a0sono 112.426 (<strong>431 in pi\u00f9 rispetto a ieri<\/strong>, pi\u00f9 0,4%): 472 persone clinicamente guarite (21 in meno rispetto a ieri, meno 4,3%), divenute cio\u00e8 asintomatiche dopo aver presentato manifestazioni cliniche associate all&#8217;infezione e 111.954 (452 in pi\u00f9 rispetto a ieri, pi\u00f9 0,4%) dichiarate guarite a tutti gli effetti, le cosiddette guarigioni virali, con tampone negativo.<\/p>\n<p>Sono\u00a0<strong>3.884 i deceduti dall&#8217;inizio dell&#8217;epidemia<\/strong>\u00a0cosi ripartiti: 1.311 a Firenze, 263 a Prato, 289 a Pistoia, 402 a Massa Carrara, 363 a Lucca, 458 a Pisa, 279 a Livorno, 228 ad Arezzo, 139 a Siena, 98 a Grosseto, 54 persone sono decedute sul suolo toscano ma erano residenti fuori regione.<\/p>\n<p>Il tasso grezzo di mortalit\u00e0 toscano (numero di deceduti\/popolazione residente) per Covid-19 \u00e8 di 104,1 x100.000 residenti contro il 130,5 x100.000 della media italiana (11\u00b0 regione). Per quanto riguarda le province, il tasso di mortalit\u00e0 pi\u00f9 alto si riscontra a Massa Carrara (206,3 x100.000), Firenze (129,6 x100.000) e Pisa (109,3 x100.000), il pi\u00f9 basso a Grosseto (44,2 x100.000).<\/p>\n","protected":false},"excerpt":{"rendered":"<p>La Toscana si trova al 12\u00b0 posto in Italia come numerosit\u00e0 di casi (comprensivi di residenti e non residenti), con circa 3.360 casi per 100.000 abitanti<\/p>\n","protected":false},"author":525,"featured_media":163818,"comment_status":"open","ping_status":"open","sticky":false,"template":"","format":"standard","meta":{"_acf_changed":false,"footnotes":""},"categories":[494],"tags":[4868,418],"class_list":["post-163816","post","type-post","status-publish","format-standard","has-post-thumbnail","hentry","category-attualita","tag-bollettino-covid-toscana","tag-covid-19"],"acf":[],"yoast_head":"<!-- This site is optimized with the Yoast SEO Premium plugin v24.2 (Yoast SEO v25.6) - https:\/\/yoast.com\/wordpress\/plugins\/seo\/ -->\n<title>Covid-19: in Toscana 379 nuovi casi, et\u00e0 media 43 anni. 29 decessi - intoscana<\/title>\n<meta name=\"description\" content=\"La Toscana si trova al 12\u00b0 posto in Italia come numerosit\u00e0 di casi (residenti e non residenti), con circa 3.360 casi per 100.000 abitanti\" \/>\n<meta name=\"robots\" content=\"index, follow, max-snippet:-1, max-image-preview:large, max-video-preview:-1\" \/>\n<link rel=\"canonical\" href=\"https:\/\/www.intoscana.it\/it\/covid-19-in-toscana-379-nuovi-casi-eta-media-43-anni-29-decessi\/\" \/>\n<meta property=\"og:locale\" content=\"it_IT\" \/>\n<meta property=\"og:type\" content=\"article\" \/>\n<meta property=\"og:title\" content=\"Covid-19: in Toscana 379 nuovi casi, et\u00e0 media 43 anni. 29 decessi\" \/>\n<meta property=\"og:description\" content=\"La Toscana si trova al 12\u00b0 posto in Italia come numerosit\u00e0 di casi (residenti e non residenti), con circa 3.360 casi per 100.000 abitanti\" \/>\n<meta property=\"og:url\" content=\"https:\/\/www.intoscana.it\/it\/covid-19-in-toscana-379-nuovi-casi-eta-media-43-anni-29-decessi\/\" \/>\n<meta property=\"og:site_name\" content=\"intoscana\" \/>\n<meta property=\"article:publisher\" content=\"https:\/\/www.facebook.com\/intoscana.it\" \/>\n<meta property=\"article:published_time\" content=\"2021-01-11T12:18:48+00:00\" \/>\n<meta property=\"article:modified_time\" content=\"2021-01-12T12:04:21+00:00\" \/>\n<meta property=\"og:image\" content=\"https:\/\/www.intoscana.it\/wp-content\/uploads\/Covid-19-gennaio-2021-scaled.jpg\" \/>\n\t<meta property=\"og:image:width\" content=\"2048\" \/>\n\t<meta property=\"og:image:height\" content=\"1366\" \/>\n\t<meta property=\"og:image:type\" content=\"image\/jpeg\" \/>\n<meta name=\"author\" content=\"Redazione\" \/>\n<meta name=\"twitter:card\" content=\"summary_large_image\" \/>\n<meta name=\"twitter:creator\" content=\"@intoscana\" \/>\n<meta name=\"twitter:site\" content=\"@intoscana\" \/>\n<meta name=\"twitter:label1\" content=\"Written by\" \/>\n\t<meta name=\"twitter:data1\" content=\"Redazione\" \/>\n\t<meta name=\"twitter:label2\" content=\"Est. reading time\" \/>\n\t<meta name=\"twitter:data2\" content=\"3 minuti\" \/>\n<script type=\"application\/ld+json\" class=\"yoast-schema-graph\">{\"@context\":\"https:\/\/schema.org\",\"@graph\":[{\"@type\":\"WebPage\",\"@id\":\"https:\/\/www.intoscana.it\/it\/covid-19-in-toscana-379-nuovi-casi-eta-media-43-anni-29-decessi\/\",\"url\":\"https:\/\/www.intoscana.it\/it\/covid-19-in-toscana-379-nuovi-casi-eta-media-43-anni-29-decessi\/\",\"name\":\"Covid-19: in Toscana 379 nuovi casi, et\u00e0 media 43 anni. 29 decessi - intoscana\",\"isPartOf\":{\"@id\":\"https:\/\/www.intoscana.it\/it\/#website\"},\"primaryImageOfPage\":{\"@id\":\"https:\/\/www.intoscana.it\/it\/covid-19-in-toscana-379-nuovi-casi-eta-media-43-anni-29-decessi\/#primaryimage\"},\"image\":{\"@id\":\"https:\/\/www.intoscana.it\/it\/covid-19-in-toscana-379-nuovi-casi-eta-media-43-anni-29-decessi\/#primaryimage\"},\"thumbnailUrl\":\"https:\/\/www.intoscana.it\/wp-content\/uploads\/Covid-19-gennaio-2021-scaled.jpg\",\"datePublished\":\"2021-01-11T12:18:48+00:00\",\"dateModified\":\"2021-01-12T12:04:21+00:00\",\"author\":{\"@id\":\"https:\/\/www.intoscana.it\/it\/#\/schema\/person\/9223810753230f20bd670fdd322661f8\"},\"description\":\"La Toscana si trova al 12\u00b0 posto in Italia come numerosit\u00e0 di casi (residenti e non residenti), con circa 3.360 casi per 100.000 abitanti\",\"breadcrumb\":{\"@id\":\"https:\/\/www.intoscana.it\/it\/covid-19-in-toscana-379-nuovi-casi-eta-media-43-anni-29-decessi\/#breadcrumb\"},\"inLanguage\":\"it-IT\",\"potentialAction\":[{\"@type\":\"ReadAction\",\"target\":[\"https:\/\/www.intoscana.it\/it\/covid-19-in-toscana-379-nuovi-casi-eta-media-43-anni-29-decessi\/\"]}]},{\"@type\":\"ImageObject\",\"inLanguage\":\"it-IT\",\"@id\":\"https:\/\/www.intoscana.it\/it\/covid-19-in-toscana-379-nuovi-casi-eta-media-43-anni-29-decessi\/#primaryimage\",\"url\":\"https:\/\/www.intoscana.it\/wp-content\/uploads\/Covid-19-gennaio-2021-scaled.jpg\",\"contentUrl\":\"https:\/\/www.intoscana.it\/wp-content\/uploads\/Covid-19-gennaio-2021-scaled.jpg\",\"width\":2048,\"height\":1366},{\"@type\":\"BreadcrumbList\",\"@id\":\"https:\/\/www.intoscana.it\/it\/covid-19-in-toscana-379-nuovi-casi-eta-media-43-anni-29-decessi\/#breadcrumb\",\"itemListElement\":[{\"@type\":\"ListItem\",\"position\":1,\"name\":\"Home\",\"item\":\"https:\/\/www.intoscana.it\/it\/\"},{\"@type\":\"ListItem\",\"position\":2,\"name\":\"Covid-19: in Toscana 379 nuovi casi, et\u00e0 media 43 anni. 29 decessi\"}]},{\"@type\":\"WebSite\",\"@id\":\"https:\/\/www.intoscana.it\/it\/#website\",\"url\":\"https:\/\/www.intoscana.it\/it\/\",\"name\":\"intoscana\",\"description\":\"\",\"potentialAction\":[{\"@type\":\"SearchAction\",\"target\":{\"@type\":\"EntryPoint\",\"urlTemplate\":\"https:\/\/www.intoscana.it\/it\/?s={search_term_string}\"},\"query-input\":{\"@type\":\"PropertyValueSpecification\",\"valueRequired\":true,\"valueName\":\"search_term_string\"}}],\"inLanguage\":\"it-IT\"},{\"@type\":\"Person\",\"@id\":\"https:\/\/www.intoscana.it\/it\/#\/schema\/person\/9223810753230f20bd670fdd322661f8\",\"name\":\"Redazione\",\"url\":\"https:\/\/www.intoscana.it\/it\/author\/redazione\/\"}]}<\/script>\n<!-- \/ Yoast SEO Premium plugin. -->","yoast_head_json":{"title":"Covid-19: in Toscana 379 nuovi casi, et\u00e0 media 43 anni. 29 decessi - intoscana","description":"La Toscana si trova al 12\u00b0 posto in Italia come numerosit\u00e0 di casi (residenti e non residenti), con circa 3.360 casi per 100.000 abitanti","robots":{"index":"index","follow":"follow","max-snippet":"max-snippet:-1","max-image-preview":"max-image-preview:large","max-video-preview":"max-video-preview:-1"},"canonical":"https:\/\/www.intoscana.it\/it\/covid-19-in-toscana-379-nuovi-casi-eta-media-43-anni-29-decessi\/","og_locale":"it_IT","og_type":"article","og_title":"Covid-19: in Toscana 379 nuovi casi, et\u00e0 media 43 anni. 29 decessi","og_description":"La Toscana si trova al 12\u00b0 posto in Italia come numerosit\u00e0 di casi (residenti e non residenti), con circa 3.360 casi per 100.000 abitanti","og_url":"https:\/\/www.intoscana.it\/it\/covid-19-in-toscana-379-nuovi-casi-eta-media-43-anni-29-decessi\/","og_site_name":"intoscana","article_publisher":"https:\/\/www.facebook.com\/intoscana.it","article_published_time":"2021-01-11T12:18:48+00:00","article_modified_time":"2021-01-12T12:04:21+00:00","og_image":[{"width":2048,"height":1366,"url":"https:\/\/www.intoscana.it\/wp-content\/uploads\/Covid-19-gennaio-2021-scaled.jpg","type":"image\/jpeg"}],"author":"Redazione","twitter_card":"summary_large_image","twitter_creator":"@intoscana","twitter_site":"@intoscana","twitter_misc":{"Written by":"Redazione","Est. reading time":"3 minuti"},"schema":{"@context":"https:\/\/schema.org","@graph":[{"@type":"WebPage","@id":"https:\/\/www.intoscana.it\/it\/covid-19-in-toscana-379-nuovi-casi-eta-media-43-anni-29-decessi\/","url":"https:\/\/www.intoscana.it\/it\/covid-19-in-toscana-379-nuovi-casi-eta-media-43-anni-29-decessi\/","name":"Covid-19: in Toscana 379 nuovi casi, et\u00e0 media 43 anni. 29 decessi - intoscana","isPartOf":{"@id":"https:\/\/www.intoscana.it\/it\/#website"},"primaryImageOfPage":{"@id":"https:\/\/www.intoscana.it\/it\/covid-19-in-toscana-379-nuovi-casi-eta-media-43-anni-29-decessi\/#primaryimage"},"image":{"@id":"https:\/\/www.intoscana.it\/it\/covid-19-in-toscana-379-nuovi-casi-eta-media-43-anni-29-decessi\/#primaryimage"},"thumbnailUrl":"https:\/\/www.intoscana.it\/wp-content\/uploads\/Covid-19-gennaio-2021-scaled.jpg","datePublished":"2021-01-11T12:18:48+00:00","dateModified":"2021-01-12T12:04:21+00:00","author":{"@id":"https:\/\/www.intoscana.it\/it\/#\/schema\/person\/9223810753230f20bd670fdd322661f8"},"description":"La Toscana si trova al 12\u00b0 posto in Italia come numerosit\u00e0 di casi (residenti e non residenti), con circa 3.360 casi per 100.000 abitanti","breadcrumb":{"@id":"https:\/\/www.intoscana.it\/it\/covid-19-in-toscana-379-nuovi-casi-eta-media-43-anni-29-decessi\/#breadcrumb"},"inLanguage":"it-IT","potentialAction":[{"@type":"ReadAction","target":["https:\/\/www.intoscana.it\/it\/covid-19-in-toscana-379-nuovi-casi-eta-media-43-anni-29-decessi\/"]}]},{"@type":"ImageObject","inLanguage":"it-IT","@id":"https:\/\/www.intoscana.it\/it\/covid-19-in-toscana-379-nuovi-casi-eta-media-43-anni-29-decessi\/#primaryimage","url":"https:\/\/www.intoscana.it\/wp-content\/uploads\/Covid-19-gennaio-2021-scaled.jpg","contentUrl":"https:\/\/www.intoscana.it\/wp-content\/uploads\/Covid-19-gennaio-2021-scaled.jpg","width":2048,"height":1366},{"@type":"BreadcrumbList","@id":"https:\/\/www.intoscana.it\/it\/covid-19-in-toscana-379-nuovi-casi-eta-media-43-anni-29-decessi\/#breadcrumb","itemListElement":[{"@type":"ListItem","position":1,"name":"Home","item":"https:\/\/www.intoscana.it\/it\/"},{"@type":"ListItem","position":2,"name":"Covid-19: in Toscana 379 nuovi casi, et\u00e0 media 43 anni. 29 decessi"}]},{"@type":"WebSite","@id":"https:\/\/www.intoscana.it\/it\/#website","url":"https:\/\/www.intoscana.it\/it\/","name":"intoscana","description":"","potentialAction":[{"@type":"SearchAction","target":{"@type":"EntryPoint","urlTemplate":"https:\/\/www.intoscana.it\/it\/?s={search_term_string}"},"query-input":{"@type":"PropertyValueSpecification","valueRequired":true,"valueName":"search_term_string"}}],"inLanguage":"it-IT"},{"@type":"Person","@id":"https:\/\/www.intoscana.it\/it\/#\/schema\/person\/9223810753230f20bd670fdd322661f8","name":"Redazione","url":"https:\/\/www.intoscana.it\/it\/author\/redazione\/"}]}},"_links":{"self":[{"href":"https:\/\/www.intoscana.it\/it\/wp-json\/wp\/v2\/posts\/163816","targetHints":{"allow":["GET"]}}],"collection":[{"href":"https:\/\/www.intoscana.it\/it\/wp-json\/wp\/v2\/posts"}],"about":[{"href":"https:\/\/www.intoscana.it\/it\/wp-json\/wp\/v2\/types\/post"}],"author":[{"embeddable":true,"href":"https:\/\/www.intoscana.it\/it\/wp-json\/wp\/v2\/users\/525"}],"replies":[{"embeddable":true,"href":"https:\/\/www.intoscana.it\/it\/wp-json\/wp\/v2\/comments?post=163816"}],"version-history":[{"count":0,"href":"https:\/\/www.intoscana.it\/it\/wp-json\/wp\/v2\/posts\/163816\/revisions"}],"wp:featuredmedia":[{"embeddable":true,"href":"https:\/\/www.intoscana.it\/it\/wp-json\/wp\/v2\/media\/163818"}],"wp:attachment":[{"href":"https:\/\/www.intoscana.it\/it\/wp-json\/wp\/v2\/media?parent=163816"}],"wp:term":[{"taxonomy":"category","embeddable":true,"href":"https:\/\/www.intoscana.it\/it\/wp-json\/wp\/v2\/categories?post=163816"},{"taxonomy":"post_tag","embeddable":true,"href":"https:\/\/www.intoscana.it\/it\/wp-json\/wp\/v2\/tags?post=163816"}],"curies":[{"name":"wp","href":"https:\/\/api.w.org\/{rel}","templated":true}]}}