{"id":164231,"date":"2021-01-15T11:31:00","date_gmt":"2021-01-15T10:31:00","guid":{"rendered":"https:\/\/www.intoscana.it\/it\/?p=164231"},"modified":"2021-01-15T13:36:30","modified_gmt":"2021-01-15T12:36:30","slug":"tumori-a-pisa-trattato-con-successo-il-primo-paziente-grazie-ai-linfociti-t","status":"publish","type":"post","link":"https:\/\/www.intoscana.it\/it\/tumori-a-pisa-trattato-con-successo-il-primo-paziente-grazie-ai-linfociti-t\/","title":{"rendered":"Tumori: a Pisa trattato con successo il primo paziente grazie ai linfociti T"},"content":{"rendered":"<p>Nei giorni scorsi all<strong>&#8216;Aoup di Pisa<\/strong> \u00e8 stato trattato con successo <strong>il primo paziente candidato alla terapia Car-T<\/strong>, nuovissima cura con i<strong> linfociti-T<\/strong> (un particolare tipo di globuli bianchi considerati i &#8216;soldatini&#8217; del nostro sistema immunitario) per casi selezionati di <strong>linfomi non Hodgkin aggressivi o recidive multiple di leucemie linfoblastiche<\/strong> refrattarie alle terapie convenzionali.<\/p>\n<p>L&#8217;Aoup, spiega una nota, \u00e8 <strong>tra i pochi centri altamente specializzati in Italia, accreditati a livello europeo<\/strong> nel trapianto di midollo osseo e con<strong> \u00e8quipe multidisciplinari,<\/strong> che possono erogare tali tipi di cure.<\/p>\n<p>Nell&#8217;<strong>Unit\u00e0 operativa di Ematologia di Pisa<\/strong>, un paziente, colpito da una ricaduta di una grave forma aggressiva di linfoma, \u00e8 stato trattato alla vigilia di Natale con le<strong> cellule T manipolate in vitro, prodotte in collaborazione con Novartis,<\/strong> ed \u00e8 stato seguito nei giorni successivi per il controllo delle reazioni attese, che sono state di lieve entit\u00e0. Il paziente \u00e8 stato poi dimesso in buone condizioni.<\/p>\n<p>Il trattamento, spiega ancora l&#8217;Aoup, che consiste nel <strong>prelievo dei linfociti T e successiva purificazione con tecniche molecolari specifiche per potenziarli contro la malattia,<\/strong> rappresenta un<strong> nuovo baluardo terapeutico<\/strong> nella cura di queste gravi malattie del sangue ma <strong>non \u00e8 applicabile a tutti i pazienti.<\/strong><\/p>\n","protected":false},"excerpt":{"rendered":"<p>La terapia Car-T \u00e8 una nuovissima cura con i linfociti-T per casi selezionati di linfomi non Hodgkin aggressivi<\/p>\n","protected":false},"author":525,"featured_media":164232,"comment_status":"open","ping_status":"open","sticky":false,"template":"","format":"standard","meta":{"_acf_changed":false,"footnotes":""},"categories":[18],"tags":[203,5169],"class_list":["post-164231","post","type-post","status-publish","format-standard","has-post-thumbnail","hentry","category-salute","tag-pisa","tag-tumori"],"acf":[],"yoast_head":"<!-- This site is optimized with the Yoast SEO Premium plugin v24.2 (Yoast SEO v25.6) - https:\/\/yoast.com\/wordpress\/plugins\/seo\/ -->\n<title>Tumori: a Pisa trattato con successo il primo paziente grazie ai linfociti T - intoscana<\/title>\n<meta name=\"description\" content=\"La terapia Car-T \u00e8 una nuovissima cura con i linfociti-T per casi selezionati di linfomi non Hodgkin aggressivi\" \/>\n<meta name=\"robots\" content=\"index, follow, max-snippet:-1, max-image-preview:large, max-video-preview:-1\" \/>\n<link rel=\"canonical\" href=\"https:\/\/www.intoscana.it\/it\/tumori-a-pisa-trattato-con-successo-il-primo-paziente-grazie-ai-linfociti-t\/\" \/>\n<meta property=\"og:locale\" content=\"it_IT\" \/>\n<meta property=\"og:type\" content=\"article\" \/>\n<meta property=\"og:title\" content=\"Tumori: a Pisa trattato con successo il primo paziente grazie ai linfociti T\" \/>\n<meta property=\"og:description\" content=\"La terapia Car-T \u00e8 una nuovissima cura con i linfociti-T per casi selezionati di linfomi non Hodgkin aggressivi\" \/>\n<meta property=\"og:url\" content=\"https:\/\/www.intoscana.it\/it\/tumori-a-pisa-trattato-con-successo-il-primo-paziente-grazie-ai-linfociti-t\/\" \/>\n<meta property=\"og:site_name\" content=\"intoscana\" \/>\n<meta property=\"article:publisher\" content=\"https:\/\/www.facebook.com\/intoscana.it\" \/>\n<meta property=\"article:published_time\" content=\"2021-01-15T10:31:00+00:00\" \/>\n<meta property=\"article:modified_time\" content=\"2021-01-15T12:36:30+00:00\" \/>\n<meta property=\"og:image\" content=\"https:\/\/www.intoscana.it\/wp-content\/uploads\/Linfoma-scaled.jpg\" \/>\n\t<meta property=\"og:image:width\" content=\"2048\" \/>\n\t<meta property=\"og:image:height\" content=\"1366\" \/>\n\t<meta property=\"og:image:type\" content=\"image\/jpeg\" \/>\n<meta name=\"author\" content=\"Redazione\" \/>\n<meta name=\"twitter:card\" content=\"summary_large_image\" \/>\n<meta name=\"twitter:creator\" content=\"@intoscana\" \/>\n<meta name=\"twitter:site\" content=\"@intoscana\" \/>\n<meta name=\"twitter:label1\" content=\"Written by\" \/>\n\t<meta name=\"twitter:data1\" content=\"Redazione\" \/>\n\t<meta name=\"twitter:label2\" content=\"Est. reading time\" \/>\n\t<meta name=\"twitter:data2\" content=\"1 minuto\" \/>\n<script type=\"application\/ld+json\" class=\"yoast-schema-graph\">{\"@context\":\"https:\/\/schema.org\",\"@graph\":[{\"@type\":\"WebPage\",\"@id\":\"https:\/\/www.intoscana.it\/it\/tumori-a-pisa-trattato-con-successo-il-primo-paziente-grazie-ai-linfociti-t\/\",\"url\":\"https:\/\/www.intoscana.it\/it\/tumori-a-pisa-trattato-con-successo-il-primo-paziente-grazie-ai-linfociti-t\/\",\"name\":\"Tumori: a Pisa trattato con successo il primo paziente grazie ai linfociti T - intoscana\",\"isPartOf\":{\"@id\":\"https:\/\/www.intoscana.it\/it\/#website\"},\"primaryImageOfPage\":{\"@id\":\"https:\/\/www.intoscana.it\/it\/tumori-a-pisa-trattato-con-successo-il-primo-paziente-grazie-ai-linfociti-t\/#primaryimage\"},\"image\":{\"@id\":\"https:\/\/www.intoscana.it\/it\/tumori-a-pisa-trattato-con-successo-il-primo-paziente-grazie-ai-linfociti-t\/#primaryimage\"},\"thumbnailUrl\":\"https:\/\/www.intoscana.it\/wp-content\/uploads\/Linfoma-scaled.jpg\",\"datePublished\":\"2021-01-15T10:31:00+00:00\",\"dateModified\":\"2021-01-15T12:36:30+00:00\",\"author\":{\"@id\":\"https:\/\/www.intoscana.it\/it\/#\/schema\/person\/9223810753230f20bd670fdd322661f8\"},\"description\":\"La terapia Car-T \u00e8 una nuovissima cura con i linfociti-T per casi selezionati di linfomi non Hodgkin aggressivi\",\"breadcrumb\":{\"@id\":\"https:\/\/www.intoscana.it\/it\/tumori-a-pisa-trattato-con-successo-il-primo-paziente-grazie-ai-linfociti-t\/#breadcrumb\"},\"inLanguage\":\"it-IT\",\"potentialAction\":[{\"@type\":\"ReadAction\",\"target\":[\"https:\/\/www.intoscana.it\/it\/tumori-a-pisa-trattato-con-successo-il-primo-paziente-grazie-ai-linfociti-t\/\"]}]},{\"@type\":\"ImageObject\",\"inLanguage\":\"it-IT\",\"@id\":\"https:\/\/www.intoscana.it\/it\/tumori-a-pisa-trattato-con-successo-il-primo-paziente-grazie-ai-linfociti-t\/#primaryimage\",\"url\":\"https:\/\/www.intoscana.it\/wp-content\/uploads\/Linfoma-scaled.jpg\",\"contentUrl\":\"https:\/\/www.intoscana.it\/wp-content\/uploads\/Linfoma-scaled.jpg\",\"width\":2048,\"height\":1366},{\"@type\":\"BreadcrumbList\",\"@id\":\"https:\/\/www.intoscana.it\/it\/tumori-a-pisa-trattato-con-successo-il-primo-paziente-grazie-ai-linfociti-t\/#breadcrumb\",\"itemListElement\":[{\"@type\":\"ListItem\",\"position\":1,\"name\":\"Home\",\"item\":\"https:\/\/www.intoscana.it\/it\/\"},{\"@type\":\"ListItem\",\"position\":2,\"name\":\"Tumori: a Pisa trattato con successo il primo paziente grazie ai linfociti T\"}]},{\"@type\":\"WebSite\",\"@id\":\"https:\/\/www.intoscana.it\/it\/#website\",\"url\":\"https:\/\/www.intoscana.it\/it\/\",\"name\":\"intoscana\",\"description\":\"\",\"potentialAction\":[{\"@type\":\"SearchAction\",\"target\":{\"@type\":\"EntryPoint\",\"urlTemplate\":\"https:\/\/www.intoscana.it\/it\/?s={search_term_string}\"},\"query-input\":{\"@type\":\"PropertyValueSpecification\",\"valueRequired\":true,\"valueName\":\"search_term_string\"}}],\"inLanguage\":\"it-IT\"},{\"@type\":\"Person\",\"@id\":\"https:\/\/www.intoscana.it\/it\/#\/schema\/person\/9223810753230f20bd670fdd322661f8\",\"name\":\"Redazione\",\"url\":\"https:\/\/www.intoscana.it\/it\/author\/redazione\/\"}]}<\/script>\n<!-- \/ Yoast SEO Premium plugin. -->","yoast_head_json":{"title":"Tumori: a Pisa trattato con successo il primo paziente grazie ai linfociti T - intoscana","description":"La terapia Car-T \u00e8 una nuovissima cura con i linfociti-T per casi selezionati di linfomi non Hodgkin aggressivi","robots":{"index":"index","follow":"follow","max-snippet":"max-snippet:-1","max-image-preview":"max-image-preview:large","max-video-preview":"max-video-preview:-1"},"canonical":"https:\/\/www.intoscana.it\/it\/tumori-a-pisa-trattato-con-successo-il-primo-paziente-grazie-ai-linfociti-t\/","og_locale":"it_IT","og_type":"article","og_title":"Tumori: a Pisa trattato con successo il primo paziente grazie ai linfociti T","og_description":"La terapia Car-T \u00e8 una nuovissima cura con i linfociti-T per casi selezionati di linfomi non Hodgkin aggressivi","og_url":"https:\/\/www.intoscana.it\/it\/tumori-a-pisa-trattato-con-successo-il-primo-paziente-grazie-ai-linfociti-t\/","og_site_name":"intoscana","article_publisher":"https:\/\/www.facebook.com\/intoscana.it","article_published_time":"2021-01-15T10:31:00+00:00","article_modified_time":"2021-01-15T12:36:30+00:00","og_image":[{"width":2048,"height":1366,"url":"https:\/\/www.intoscana.it\/wp-content\/uploads\/Linfoma-scaled.jpg","type":"image\/jpeg"}],"author":"Redazione","twitter_card":"summary_large_image","twitter_creator":"@intoscana","twitter_site":"@intoscana","twitter_misc":{"Written by":"Redazione","Est. reading time":"1 minuto"},"schema":{"@context":"https:\/\/schema.org","@graph":[{"@type":"WebPage","@id":"https:\/\/www.intoscana.it\/it\/tumori-a-pisa-trattato-con-successo-il-primo-paziente-grazie-ai-linfociti-t\/","url":"https:\/\/www.intoscana.it\/it\/tumori-a-pisa-trattato-con-successo-il-primo-paziente-grazie-ai-linfociti-t\/","name":"Tumori: a Pisa trattato con successo il primo paziente grazie ai linfociti T - intoscana","isPartOf":{"@id":"https:\/\/www.intoscana.it\/it\/#website"},"primaryImageOfPage":{"@id":"https:\/\/www.intoscana.it\/it\/tumori-a-pisa-trattato-con-successo-il-primo-paziente-grazie-ai-linfociti-t\/#primaryimage"},"image":{"@id":"https:\/\/www.intoscana.it\/it\/tumori-a-pisa-trattato-con-successo-il-primo-paziente-grazie-ai-linfociti-t\/#primaryimage"},"thumbnailUrl":"https:\/\/www.intoscana.it\/wp-content\/uploads\/Linfoma-scaled.jpg","datePublished":"2021-01-15T10:31:00+00:00","dateModified":"2021-01-15T12:36:30+00:00","author":{"@id":"https:\/\/www.intoscana.it\/it\/#\/schema\/person\/9223810753230f20bd670fdd322661f8"},"description":"La terapia Car-T \u00e8 una nuovissima cura con i linfociti-T per casi selezionati di linfomi non Hodgkin aggressivi","breadcrumb":{"@id":"https:\/\/www.intoscana.it\/it\/tumori-a-pisa-trattato-con-successo-il-primo-paziente-grazie-ai-linfociti-t\/#breadcrumb"},"inLanguage":"it-IT","potentialAction":[{"@type":"ReadAction","target":["https:\/\/www.intoscana.it\/it\/tumori-a-pisa-trattato-con-successo-il-primo-paziente-grazie-ai-linfociti-t\/"]}]},{"@type":"ImageObject","inLanguage":"it-IT","@id":"https:\/\/www.intoscana.it\/it\/tumori-a-pisa-trattato-con-successo-il-primo-paziente-grazie-ai-linfociti-t\/#primaryimage","url":"https:\/\/www.intoscana.it\/wp-content\/uploads\/Linfoma-scaled.jpg","contentUrl":"https:\/\/www.intoscana.it\/wp-content\/uploads\/Linfoma-scaled.jpg","width":2048,"height":1366},{"@type":"BreadcrumbList","@id":"https:\/\/www.intoscana.it\/it\/tumori-a-pisa-trattato-con-successo-il-primo-paziente-grazie-ai-linfociti-t\/#breadcrumb","itemListElement":[{"@type":"ListItem","position":1,"name":"Home","item":"https:\/\/www.intoscana.it\/it\/"},{"@type":"ListItem","position":2,"name":"Tumori: a Pisa trattato con successo il primo paziente grazie ai linfociti T"}]},{"@type":"WebSite","@id":"https:\/\/www.intoscana.it\/it\/#website","url":"https:\/\/www.intoscana.it\/it\/","name":"intoscana","description":"","potentialAction":[{"@type":"SearchAction","target":{"@type":"EntryPoint","urlTemplate":"https:\/\/www.intoscana.it\/it\/?s={search_term_string}"},"query-input":{"@type":"PropertyValueSpecification","valueRequired":true,"valueName":"search_term_string"}}],"inLanguage":"it-IT"},{"@type":"Person","@id":"https:\/\/www.intoscana.it\/it\/#\/schema\/person\/9223810753230f20bd670fdd322661f8","name":"Redazione","url":"https:\/\/www.intoscana.it\/it\/author\/redazione\/"}]}},"_links":{"self":[{"href":"https:\/\/www.intoscana.it\/it\/wp-json\/wp\/v2\/posts\/164231","targetHints":{"allow":["GET"]}}],"collection":[{"href":"https:\/\/www.intoscana.it\/it\/wp-json\/wp\/v2\/posts"}],"about":[{"href":"https:\/\/www.intoscana.it\/it\/wp-json\/wp\/v2\/types\/post"}],"author":[{"embeddable":true,"href":"https:\/\/www.intoscana.it\/it\/wp-json\/wp\/v2\/users\/525"}],"replies":[{"embeddable":true,"href":"https:\/\/www.intoscana.it\/it\/wp-json\/wp\/v2\/comments?post=164231"}],"version-history":[{"count":0,"href":"https:\/\/www.intoscana.it\/it\/wp-json\/wp\/v2\/posts\/164231\/revisions"}],"wp:featuredmedia":[{"embeddable":true,"href":"https:\/\/www.intoscana.it\/it\/wp-json\/wp\/v2\/media\/164232"}],"wp:attachment":[{"href":"https:\/\/www.intoscana.it\/it\/wp-json\/wp\/v2\/media?parent=164231"}],"wp:term":[{"taxonomy":"category","embeddable":true,"href":"https:\/\/www.intoscana.it\/it\/wp-json\/wp\/v2\/categories?post=164231"},{"taxonomy":"post_tag","embeddable":true,"href":"https:\/\/www.intoscana.it\/it\/wp-json\/wp\/v2\/tags?post=164231"}],"curies":[{"name":"wp","href":"https:\/\/api.w.org\/{rel}","templated":true}]}}