{"id":164397,"date":"2021-01-18T10:19:55","date_gmt":"2021-01-18T09:19:55","guid":{"rendered":"https:\/\/www.intoscana.it\/it\/?p=164397"},"modified":"2021-01-18T10:28:05","modified_gmt":"2021-01-18T09:28:05","slug":"stanza-degli-abbracci-firenze","status":"publish","type":"post","link":"https:\/\/www.intoscana.it\/it\/stanza-degli-abbracci-firenze\/","title":{"rendered":"Montedomini: l&#8217;abbraccio di Nardella agli anziani: &#8220;Recuperati i gesti perduti&#8221;"},"content":{"rendered":"<p>Firenze ha la sua <strong>&#8220;stanza degli abbracci&#8221;<\/strong> per riportare calore umano dopo mesi di distanziamento per l&#8217;emergenza da corona virus. L&#8217;inaugurazione si \u00e8 tenuta lo scorso sabato con il gesto simbolico del sindaco <strong>Dario Nardella<\/strong> e dell&#8217;assessore al Welfare <strong>Sara Funaro<\/strong> che hanno abbracciato due anziani ospiti della residenza sanitaria <strong>Montedomini<\/strong>.<\/p>\n<p>Una struttura gonfiabile di tessuto Nylon Poliammide a forma di tunnel, di dimensione 3&#215;3 mt per 2,7 mt di altezza, con pavimento, parete separatoria e maniche termosaldate in PVC, ha consentito di tornare ai &#8220;gesti perduti&#8221;.<\/p>\n<p>Il sindaco e l&#8217;assessore hanno incontrato e abbracciato il signor <strong>Dino di 74 anni<\/strong> e <strong>Maria Giovanna, di 91 anni<\/strong>. Nella mattinata le visite sono poi proseguite con gli altri incontri calendarizzati con i familiari.<\/p>\n<p><em>\u201cLe \u2018Stanze degli abbracci\u2019 sono un modo per permettere agli anziani di poter incontrare i propri familiari, di poterli abbracciare e accarezzare<\/em> &#8211; ha commentato <strong>Nardella<\/strong>. <em>I contatti con i familiari sono molto importanti per gli anziani e sono convinto che queste strutture consentiranno agli ospiti delle tre strutture che hanno le hanno allestite di vivere pi\u00f9 serenamente e in modo meno solitario le loro giornate, scacciando cos\u00ec la solitudine che \u00e8 la loro peggiore nemica\u201d.<\/em><\/p>\n<p><em>\u201c\u00c8 stato molto emozionante vedere gli anziani riabbracciare dopo tanto tempo i propri familiari<\/em> &#8211; ha aggiunto l\u2019assessore a Welfare e presidente della Societ\u00e0 della Salute di Firenze <strong>Sara Funaro<\/strong> -. <em>Allontanare la solitudine dalla loro vita \u00e8 fondamentale per il loro benessere, sia fisico che mentale, e lo \u00e8 ancora di pi\u00f9 per coloro che sono in struttura\u201d.<\/em><\/p>\n<figure id=\"post-164403 media-164403\" class=\"align-none\"><img decoding=\"async\" src=\"https:\/\/www.intoscana.it\/wp-content\/uploads\/funaro-stanza-abbracci-montedomini.jpeg\" alt=\"\" \/><\/figure>\n<div class=\"titleimg\">La stanza degli abbracci &#8211; \u00a9 Comune di Firenze<\/div>\n<p>Nei giorni scorsi tutti i familiari sono stati avvertiti e stanno proseguendo le prenotazioni per gli incontri futuri. La programmazione giornaliera preveder\u00e0 cinque incontri al giorno, intervallati da minimo mezz\u2019ora di tempo, per permettere la sanificazione da parte del personale addetto.<\/p>\n<p>Le stanze sono state acquistate grazie ai contributi rivolti alle RSA previsti nel Bando della Societ\u00e0 della Salute di Firenze (SdS) e finanziato da risorse regionali.<\/p>\n<p><em>&#8220;Volevamo colmare il bisogno di affetto e di carezze, sacrificato ormai da marzo scorso\u00a0<\/em> &#8211; ha chiosato il presidente di Montedomini <strong>Luigi Paccosi<\/strong> &#8211; <em>dei nostri ospiti e con queste \u201cstanze degli abbracci\u201d \u2013 divisori di PVC a parte \u2013 ci siamo riusciti. Come tutti, ancor pi\u00f9, speriamo di tornare presto alla normalit\u00e0, ma per quest\u2019oggi possiamo gioire tutti quanti di questa grande novit\u00e0 per gli anziani di Montedomini\u201d.<\/em><\/p>\n","protected":false},"excerpt":{"rendered":"<p>Una struttura gonfiabile di tessuto Nylon Poliammide a forma di tunnel, con parete separatoria e maniche termosaldate in PVC, consente di tornare a stringersi<\/p>\n<p>&nbsp;<\/p>\n","protected":false},"author":525,"featured_media":164406,"comment_status":"open","ping_status":"open","sticky":false,"template":"","format":"standard","meta":{"_acf_changed":false,"footnotes":""},"categories":[18],"tags":[418,157,5301,5300],"class_list":["post-164397","post","type-post","status-publish","format-standard","has-post-thumbnail","hentry","category-salute","tag-covid-19","tag-dario-nardella","tag-montedomini","tag-stanza-degli-abbracci"],"acf":[],"yoast_head":"<!-- This site is optimized with the Yoast SEO Premium plugin v24.2 (Yoast SEO v25.6) - https:\/\/yoast.com\/wordpress\/plugins\/seo\/ -->\n<title>Montedomini: l&#039;abbraccio di Nardella agli anziani: &quot;Recuperati i gesti perduti&quot; - intoscana<\/title>\n<meta name=\"description\" content=\"Una struttura gonfiabile di tessuto Nylon Poliammide a forma di tunnel consente di tornare a stringersi, ai tempi della pandemia da covid-19.\" \/>\n<meta name=\"robots\" content=\"index, follow, max-snippet:-1, max-image-preview:large, max-video-preview:-1\" \/>\n<link rel=\"canonical\" href=\"https:\/\/www.intoscana.it\/it\/stanza-degli-abbracci-firenze\/\" \/>\n<meta property=\"og:locale\" content=\"it_IT\" \/>\n<meta property=\"og:type\" content=\"article\" \/>\n<meta property=\"og:title\" content=\"Montedomini: l&#039;abbraccio di Nardella agli anziani: &quot;Recuperati i gesti perduti&quot;\" \/>\n<meta property=\"og:description\" content=\"Una struttura gonfiabile di tessuto Nylon Poliammide a forma di tunnel consente di tornare a stringersi, ai tempi della pandemia da covid-19.\" \/>\n<meta property=\"og:url\" content=\"https:\/\/www.intoscana.it\/it\/stanza-degli-abbracci-firenze\/\" \/>\n<meta property=\"og:site_name\" content=\"intoscana\" \/>\n<meta property=\"article:publisher\" content=\"https:\/\/www.facebook.com\/intoscana.it\" \/>\n<meta property=\"article:published_time\" content=\"2021-01-18T09:19:55+00:00\" \/>\n<meta property=\"article:modified_time\" content=\"2021-01-18T09:28:05+00:00\" \/>\n<meta property=\"og:image\" content=\"https:\/\/www.intoscana.it\/wp-content\/uploads\/Nardella-stanza-abbracci.jpeg\" \/>\n\t<meta property=\"og:image:width\" content=\"1600\" \/>\n\t<meta property=\"og:image:height\" content=\"1069\" \/>\n\t<meta property=\"og:image:type\" content=\"image\/jpeg\" \/>\n<meta name=\"author\" content=\"Redazione\" \/>\n<meta name=\"twitter:card\" content=\"summary_large_image\" \/>\n<meta name=\"twitter:creator\" content=\"@intoscana\" \/>\n<meta name=\"twitter:site\" content=\"@intoscana\" \/>\n<meta name=\"twitter:label1\" content=\"Written by\" \/>\n\t<meta name=\"twitter:data1\" content=\"Redazione\" \/>\n\t<meta name=\"twitter:label2\" content=\"Est. reading time\" \/>\n\t<meta name=\"twitter:data2\" content=\"2 minuti\" \/>\n<script type=\"application\/ld+json\" class=\"yoast-schema-graph\">{\"@context\":\"https:\/\/schema.org\",\"@graph\":[{\"@type\":\"WebPage\",\"@id\":\"https:\/\/www.intoscana.it\/it\/stanza-degli-abbracci-firenze\/\",\"url\":\"https:\/\/www.intoscana.it\/it\/stanza-degli-abbracci-firenze\/\",\"name\":\"Montedomini: l'abbraccio di Nardella agli anziani: \\\"Recuperati i gesti perduti\\\" - intoscana\",\"isPartOf\":{\"@id\":\"https:\/\/www.intoscana.it\/it\/#website\"},\"primaryImageOfPage\":{\"@id\":\"https:\/\/www.intoscana.it\/it\/stanza-degli-abbracci-firenze\/#primaryimage\"},\"image\":{\"@id\":\"https:\/\/www.intoscana.it\/it\/stanza-degli-abbracci-firenze\/#primaryimage\"},\"thumbnailUrl\":\"https:\/\/www.intoscana.it\/wp-content\/uploads\/Nardella-stanza-abbracci.jpeg\",\"datePublished\":\"2021-01-18T09:19:55+00:00\",\"dateModified\":\"2021-01-18T09:28:05+00:00\",\"author\":{\"@id\":\"https:\/\/www.intoscana.it\/it\/#\/schema\/person\/9223810753230f20bd670fdd322661f8\"},\"description\":\"Una struttura gonfiabile di tessuto Nylon Poliammide a forma di tunnel consente di tornare a stringersi, ai tempi della pandemia da covid-19.\",\"breadcrumb\":{\"@id\":\"https:\/\/www.intoscana.it\/it\/stanza-degli-abbracci-firenze\/#breadcrumb\"},\"inLanguage\":\"it-IT\",\"potentialAction\":[{\"@type\":\"ReadAction\",\"target\":[\"https:\/\/www.intoscana.it\/it\/stanza-degli-abbracci-firenze\/\"]}]},{\"@type\":\"ImageObject\",\"inLanguage\":\"it-IT\",\"@id\":\"https:\/\/www.intoscana.it\/it\/stanza-degli-abbracci-firenze\/#primaryimage\",\"url\":\"https:\/\/www.intoscana.it\/wp-content\/uploads\/Nardella-stanza-abbracci.jpeg\",\"contentUrl\":\"https:\/\/www.intoscana.it\/wp-content\/uploads\/Nardella-stanza-abbracci.jpeg\",\"width\":1600,\"height\":1069,\"caption\":\"L'abbraccio di Nardella agli anziani della residenza sanitaria fiorentina di Montedomini\"},{\"@type\":\"BreadcrumbList\",\"@id\":\"https:\/\/www.intoscana.it\/it\/stanza-degli-abbracci-firenze\/#breadcrumb\",\"itemListElement\":[{\"@type\":\"ListItem\",\"position\":1,\"name\":\"Home\",\"item\":\"https:\/\/www.intoscana.it\/it\/\"},{\"@type\":\"ListItem\",\"position\":2,\"name\":\"Montedomini: l&#8217;abbraccio di Nardella agli anziani: &#8220;Recuperati i gesti perduti&#8221;\"}]},{\"@type\":\"WebSite\",\"@id\":\"https:\/\/www.intoscana.it\/it\/#website\",\"url\":\"https:\/\/www.intoscana.it\/it\/\",\"name\":\"intoscana\",\"description\":\"\",\"potentialAction\":[{\"@type\":\"SearchAction\",\"target\":{\"@type\":\"EntryPoint\",\"urlTemplate\":\"https:\/\/www.intoscana.it\/it\/?s={search_term_string}\"},\"query-input\":{\"@type\":\"PropertyValueSpecification\",\"valueRequired\":true,\"valueName\":\"search_term_string\"}}],\"inLanguage\":\"it-IT\"},{\"@type\":\"Person\",\"@id\":\"https:\/\/www.intoscana.it\/it\/#\/schema\/person\/9223810753230f20bd670fdd322661f8\",\"name\":\"Redazione\",\"url\":\"https:\/\/www.intoscana.it\/it\/author\/redazione\/\"}]}<\/script>\n<!-- \/ Yoast SEO Premium plugin. -->","yoast_head_json":{"title":"Montedomini: l'abbraccio di Nardella agli anziani: \"Recuperati i gesti perduti\" - intoscana","description":"Una struttura gonfiabile di tessuto Nylon Poliammide a forma di tunnel consente di tornare a stringersi, ai tempi della pandemia da covid-19.","robots":{"index":"index","follow":"follow","max-snippet":"max-snippet:-1","max-image-preview":"max-image-preview:large","max-video-preview":"max-video-preview:-1"},"canonical":"https:\/\/www.intoscana.it\/it\/stanza-degli-abbracci-firenze\/","og_locale":"it_IT","og_type":"article","og_title":"Montedomini: l'abbraccio di Nardella agli anziani: \"Recuperati i gesti perduti\"","og_description":"Una struttura gonfiabile di tessuto Nylon Poliammide a forma di tunnel consente di tornare a stringersi, ai tempi della pandemia da covid-19.","og_url":"https:\/\/www.intoscana.it\/it\/stanza-degli-abbracci-firenze\/","og_site_name":"intoscana","article_publisher":"https:\/\/www.facebook.com\/intoscana.it","article_published_time":"2021-01-18T09:19:55+00:00","article_modified_time":"2021-01-18T09:28:05+00:00","og_image":[{"width":1600,"height":1069,"url":"https:\/\/www.intoscana.it\/wp-content\/uploads\/Nardella-stanza-abbracci.jpeg","type":"image\/jpeg"}],"author":"Redazione","twitter_card":"summary_large_image","twitter_creator":"@intoscana","twitter_site":"@intoscana","twitter_misc":{"Written by":"Redazione","Est. reading time":"2 minuti"},"schema":{"@context":"https:\/\/schema.org","@graph":[{"@type":"WebPage","@id":"https:\/\/www.intoscana.it\/it\/stanza-degli-abbracci-firenze\/","url":"https:\/\/www.intoscana.it\/it\/stanza-degli-abbracci-firenze\/","name":"Montedomini: l'abbraccio di Nardella agli anziani: \"Recuperati i gesti perduti\" - intoscana","isPartOf":{"@id":"https:\/\/www.intoscana.it\/it\/#website"},"primaryImageOfPage":{"@id":"https:\/\/www.intoscana.it\/it\/stanza-degli-abbracci-firenze\/#primaryimage"},"image":{"@id":"https:\/\/www.intoscana.it\/it\/stanza-degli-abbracci-firenze\/#primaryimage"},"thumbnailUrl":"https:\/\/www.intoscana.it\/wp-content\/uploads\/Nardella-stanza-abbracci.jpeg","datePublished":"2021-01-18T09:19:55+00:00","dateModified":"2021-01-18T09:28:05+00:00","author":{"@id":"https:\/\/www.intoscana.it\/it\/#\/schema\/person\/9223810753230f20bd670fdd322661f8"},"description":"Una struttura gonfiabile di tessuto Nylon Poliammide a forma di tunnel consente di tornare a stringersi, ai tempi della pandemia da covid-19.","breadcrumb":{"@id":"https:\/\/www.intoscana.it\/it\/stanza-degli-abbracci-firenze\/#breadcrumb"},"inLanguage":"it-IT","potentialAction":[{"@type":"ReadAction","target":["https:\/\/www.intoscana.it\/it\/stanza-degli-abbracci-firenze\/"]}]},{"@type":"ImageObject","inLanguage":"it-IT","@id":"https:\/\/www.intoscana.it\/it\/stanza-degli-abbracci-firenze\/#primaryimage","url":"https:\/\/www.intoscana.it\/wp-content\/uploads\/Nardella-stanza-abbracci.jpeg","contentUrl":"https:\/\/www.intoscana.it\/wp-content\/uploads\/Nardella-stanza-abbracci.jpeg","width":1600,"height":1069,"caption":"L'abbraccio di Nardella agli anziani della residenza sanitaria fiorentina di Montedomini"},{"@type":"BreadcrumbList","@id":"https:\/\/www.intoscana.it\/it\/stanza-degli-abbracci-firenze\/#breadcrumb","itemListElement":[{"@type":"ListItem","position":1,"name":"Home","item":"https:\/\/www.intoscana.it\/it\/"},{"@type":"ListItem","position":2,"name":"Montedomini: l&#8217;abbraccio di Nardella agli anziani: &#8220;Recuperati i gesti perduti&#8221;"}]},{"@type":"WebSite","@id":"https:\/\/www.intoscana.it\/it\/#website","url":"https:\/\/www.intoscana.it\/it\/","name":"intoscana","description":"","potentialAction":[{"@type":"SearchAction","target":{"@type":"EntryPoint","urlTemplate":"https:\/\/www.intoscana.it\/it\/?s={search_term_string}"},"query-input":{"@type":"PropertyValueSpecification","valueRequired":true,"valueName":"search_term_string"}}],"inLanguage":"it-IT"},{"@type":"Person","@id":"https:\/\/www.intoscana.it\/it\/#\/schema\/person\/9223810753230f20bd670fdd322661f8","name":"Redazione","url":"https:\/\/www.intoscana.it\/it\/author\/redazione\/"}]}},"_links":{"self":[{"href":"https:\/\/www.intoscana.it\/it\/wp-json\/wp\/v2\/posts\/164397","targetHints":{"allow":["GET"]}}],"collection":[{"href":"https:\/\/www.intoscana.it\/it\/wp-json\/wp\/v2\/posts"}],"about":[{"href":"https:\/\/www.intoscana.it\/it\/wp-json\/wp\/v2\/types\/post"}],"author":[{"embeddable":true,"href":"https:\/\/www.intoscana.it\/it\/wp-json\/wp\/v2\/users\/525"}],"replies":[{"embeddable":true,"href":"https:\/\/www.intoscana.it\/it\/wp-json\/wp\/v2\/comments?post=164397"}],"version-history":[{"count":0,"href":"https:\/\/www.intoscana.it\/it\/wp-json\/wp\/v2\/posts\/164397\/revisions"}],"wp:featuredmedia":[{"embeddable":true,"href":"https:\/\/www.intoscana.it\/it\/wp-json\/wp\/v2\/media\/164406"}],"wp:attachment":[{"href":"https:\/\/www.intoscana.it\/it\/wp-json\/wp\/v2\/media?parent=164397"}],"wp:term":[{"taxonomy":"category","embeddable":true,"href":"https:\/\/www.intoscana.it\/it\/wp-json\/wp\/v2\/categories?post=164397"},{"taxonomy":"post_tag","embeddable":true,"href":"https:\/\/www.intoscana.it\/it\/wp-json\/wp\/v2\/tags?post=164397"}],"curies":[{"name":"wp","href":"https:\/\/api.w.org\/{rel}","templated":true}]}}