{"id":164533,"date":"2021-01-19T10:41:12","date_gmt":"2021-01-19T09:41:12","guid":{"rendered":"https:\/\/www.intoscana.it\/it\/?p=164533"},"modified":"2021-01-19T10:42:37","modified_gmt":"2021-01-19T09:42:37","slug":"siena-food-lab-prorogato-al-1-febbraio-il-bando-per-le-aziende-vitivinicole","status":"publish","type":"post","link":"https:\/\/www.intoscana.it\/it\/siena-food-lab-prorogato-al-1-febbraio-il-bando-per-le-aziende-vitivinicole\/","title":{"rendered":"Siena Food Lab, prorogato al 1\u00b0 febbraio il bando per le aziende vitivinicole"},"content":{"rendered":"<p>Le aziende vitivinicole della provincia senese hanno ancora tempo per partecipare a <strong>Siena Food Lab<\/strong> (SFL). \u00c8 stata infatti prorogata al <strong>primo febbraio 2021<\/strong> la scadenza del bando per la <a href=\"https:\/\/sienafoodlab.it\/it\/opportunita\/percorsi-di-innovazione-tecnologica-ed-organizzativa-per-le-imprese-del-settore-agroalimentare\" target=\"_blank\" rel=\"noopener noreferrer\">selezione di 20 realt\u00e0 interessate al progetto<\/a> ideato e promosso dal <a href=\"https:\/\/santachiaralab.unisi.it\/\" target=\"_blank\" rel=\"noopener noreferrer\">Santa Chiara Lab &#8211; Universit\u00e0 di Siena<\/a> e la Fondazione Monte dei Paschi di Siena per il trasferimento tecnologico e l\u2019<strong>innovazione del comparto agricolo<\/strong> del territorio senese.<\/p>\n<p>L\u2019<a href=\"https:\/\/www.intoscana.it\/it\/articolo\/siena-food-lab-le-imprese-dellagricoltura-a-lezione-di-innovazione\/\" target=\"_blank\" rel=\"noopener noreferrer\">iniziativa<\/a>, interamente gratuita, accompagner\u00e0 fino a <strong>60 aziende<\/strong> agricole della provincia in un processo di adozione di nuove tecniche colturali e gestionali dell\u2019agricoltura di precisione e di formazione sulle soft skills per gli imprenditori agricoli. <mark>Nelle prossime settimane saranno online i bandi per il reclutamento di 20 aziende del settore olivicolo e 20 del settore cerealicolo<\/mark>.<\/p>\n<div class=\"content ng-tns-c66-0\">\n<h3 class=\"title ng-tns-c66-0 ng-star-inserted\">Percorsi di innovazione per le imprese<\/h3>\n<\/div>\n<p>Le imprese agricole che aderiranno al progetto, per 18 mesi, avranno a disposizione <strong>un team di esperti<\/strong> che, a partire dalle criticit\u00e0 e dai bisogni delle aziende, forniranno le soluzioni offerte dal mondo dell\u2019innovazione e della ricerca per <strong>migliorare i processi produttivi aziendal<\/strong>i, capaci di assicurare una produzione di qualit\u00e0 e una maggiore redditivit\u00e0 e sostenibilit\u00e0 delle imprese.<br \/>\nSulla base delle esigenze specifiche delle aziende verranno proposte le strategie pi\u00f9 idonee alle aspettative e ai bisogni formativi degli imprenditori. In tale ambito, le stesse saranno incentivate ad accogliere giovani del territorio, specializzati nel settore agricolo, per un percorso di crescita professionale della durata di un anno.<\/p>\n<h3>Sinergie e collaborazione<\/h3>\n<p>Il primo partner tecnologico gi\u00e0 operativo nel settore vitivinicolo \u00e8 l\u2019azienda <strong>Agricolus<\/strong> che ha sviluppato una piattaforma cloud per supportare e ottimizzare il lavoro di agricoltori e operatori del mondo agricolo.<\/p>\n<p>Il <a href=\"https:\/\/sienafoodlab.it\/it\/\" target=\"_blank\" rel=\"noopener noreferrer\">Siena Food Lab<\/a> consolider\u00e0 le sinergie e collaborazione fra le imprese, il mondo della ricerca e le giovani generazioni, per creare figure professionali in grado di promuovere l\u2019innovazione sostenibile.<\/p>\n","protected":false},"excerpt":{"rendered":"<p>Il progetto accompagner\u00e0 le imprese agricole della provincia senese nell\u2019implementazione di tecniche innovative per lo sviluppo sostenibile nei settori della viticoltura, olivicoltura e cerealicoltura<\/p>\n","protected":false},"author":525,"featured_media":164535,"comment_status":"open","ping_status":"open","sticky":false,"template":"","format":"standard","meta":{"_acf_changed":false,"footnotes":""},"categories":[475],"tags":[363,194,213,5138,378],"class_list":["post-164533","post","type-post","status-publish","format-standard","has-post-thumbnail","hentry","category-innovazione","tag-agricoltura","tag-aziende","tag-ricerca","tag-santa-chiara-lab","tag-universita-di-siena"],"acf":[],"yoast_head":"<!-- This site is optimized with the Yoast SEO Premium plugin v24.2 (Yoast SEO v25.6) - https:\/\/yoast.com\/wordpress\/plugins\/seo\/ -->\n<title>Siena Food Lab, prorogato al 1\u00b0 febbraio il bando per le aziende vitivinicole - intoscana<\/title>\n<meta name=\"description\" content=\"Siena Food Lab: prorogato al 1\u00b0 febbraio il bando per la selezione di 20 aziende vitivinicole della provincia di Siena.\" \/>\n<meta name=\"robots\" content=\"index, follow, max-snippet:-1, max-image-preview:large, max-video-preview:-1\" \/>\n<link rel=\"canonical\" href=\"https:\/\/www.intoscana.it\/it\/siena-food-lab-prorogato-al-1-febbraio-il-bando-per-le-aziende-vitivinicole\/\" \/>\n<meta property=\"og:locale\" content=\"it_IT\" \/>\n<meta property=\"og:type\" content=\"article\" \/>\n<meta property=\"og:title\" content=\"Siena Food Lab, prorogato al 1\u00b0 febbraio il bando per le aziende vitivinicole\" \/>\n<meta property=\"og:description\" content=\"Siena Food Lab: prorogato al 1\u00b0 febbraio il bando per la selezione di 20 aziende vitivinicole della provincia di Siena.\" \/>\n<meta property=\"og:url\" content=\"https:\/\/www.intoscana.it\/it\/siena-food-lab-prorogato-al-1-febbraio-il-bando-per-le-aziende-vitivinicole\/\" \/>\n<meta property=\"og:site_name\" content=\"intoscana\" \/>\n<meta property=\"article:publisher\" content=\"https:\/\/www.facebook.com\/intoscana.it\" \/>\n<meta property=\"article:published_time\" content=\"2021-01-19T09:41:12+00:00\" \/>\n<meta property=\"article:modified_time\" content=\"2021-01-19T09:42:37+00:00\" \/>\n<meta property=\"og:image\" content=\"https:\/\/www.intoscana.it\/wp-content\/uploads\/Nuove-tecnologie-al-servizio-dellagricoltura-e-della-viticoltura--scaled.jpg\" \/>\n\t<meta property=\"og:image:width\" content=\"2048\" \/>\n\t<meta property=\"og:image:height\" content=\"1366\" \/>\n\t<meta property=\"og:image:type\" content=\"image\/jpeg\" \/>\n<meta name=\"author\" content=\"Redazione\" \/>\n<meta name=\"twitter:card\" content=\"summary_large_image\" \/>\n<meta name=\"twitter:creator\" content=\"@intoscana\" \/>\n<meta name=\"twitter:site\" content=\"@intoscana\" \/>\n<meta name=\"twitter:label1\" content=\"Written by\" \/>\n\t<meta name=\"twitter:data1\" content=\"Redazione\" \/>\n\t<meta name=\"twitter:label2\" content=\"Est. reading time\" \/>\n\t<meta name=\"twitter:data2\" content=\"2 minuti\" \/>\n<script type=\"application\/ld+json\" class=\"yoast-schema-graph\">{\"@context\":\"https:\/\/schema.org\",\"@graph\":[{\"@type\":\"WebPage\",\"@id\":\"https:\/\/www.intoscana.it\/it\/siena-food-lab-prorogato-al-1-febbraio-il-bando-per-le-aziende-vitivinicole\/\",\"url\":\"https:\/\/www.intoscana.it\/it\/siena-food-lab-prorogato-al-1-febbraio-il-bando-per-le-aziende-vitivinicole\/\",\"name\":\"Siena Food Lab, prorogato al 1\u00b0 febbraio il bando per le aziende vitivinicole - intoscana\",\"isPartOf\":{\"@id\":\"https:\/\/www.intoscana.it\/it\/#website\"},\"primaryImageOfPage\":{\"@id\":\"https:\/\/www.intoscana.it\/it\/siena-food-lab-prorogato-al-1-febbraio-il-bando-per-le-aziende-vitivinicole\/#primaryimage\"},\"image\":{\"@id\":\"https:\/\/www.intoscana.it\/it\/siena-food-lab-prorogato-al-1-febbraio-il-bando-per-le-aziende-vitivinicole\/#primaryimage\"},\"thumbnailUrl\":\"https:\/\/www.intoscana.it\/wp-content\/uploads\/Nuove-tecnologie-al-servizio-dellagricoltura-e-della-viticoltura--scaled.jpg\",\"datePublished\":\"2021-01-19T09:41:12+00:00\",\"dateModified\":\"2021-01-19T09:42:37+00:00\",\"author\":{\"@id\":\"https:\/\/www.intoscana.it\/it\/#\/schema\/person\/9223810753230f20bd670fdd322661f8\"},\"description\":\"Siena Food Lab: prorogato al 1\u00b0 febbraio il bando per la selezione di 20 aziende vitivinicole della provincia di Siena.\",\"breadcrumb\":{\"@id\":\"https:\/\/www.intoscana.it\/it\/siena-food-lab-prorogato-al-1-febbraio-il-bando-per-le-aziende-vitivinicole\/#breadcrumb\"},\"inLanguage\":\"it-IT\",\"potentialAction\":[{\"@type\":\"ReadAction\",\"target\":[\"https:\/\/www.intoscana.it\/it\/siena-food-lab-prorogato-al-1-febbraio-il-bando-per-le-aziende-vitivinicole\/\"]}]},{\"@type\":\"ImageObject\",\"inLanguage\":\"it-IT\",\"@id\":\"https:\/\/www.intoscana.it\/it\/siena-food-lab-prorogato-al-1-febbraio-il-bando-per-le-aziende-vitivinicole\/#primaryimage\",\"url\":\"https:\/\/www.intoscana.it\/wp-content\/uploads\/Nuove-tecnologie-al-servizio-dellagricoltura-e-della-viticoltura--scaled.jpg\",\"contentUrl\":\"https:\/\/www.intoscana.it\/wp-content\/uploads\/Nuove-tecnologie-al-servizio-dellagricoltura-e-della-viticoltura--scaled.jpg\",\"width\":2048,\"height\":1366,\"caption\":\"Le nuove tecnologie nel settore vitivinicolo\"},{\"@type\":\"BreadcrumbList\",\"@id\":\"https:\/\/www.intoscana.it\/it\/siena-food-lab-prorogato-al-1-febbraio-il-bando-per-le-aziende-vitivinicole\/#breadcrumb\",\"itemListElement\":[{\"@type\":\"ListItem\",\"position\":1,\"name\":\"Home\",\"item\":\"https:\/\/www.intoscana.it\/it\/\"},{\"@type\":\"ListItem\",\"position\":2,\"name\":\"Siena Food Lab, prorogato al 1\u00b0 febbraio il bando per le aziende vitivinicole\"}]},{\"@type\":\"WebSite\",\"@id\":\"https:\/\/www.intoscana.it\/it\/#website\",\"url\":\"https:\/\/www.intoscana.it\/it\/\",\"name\":\"intoscana\",\"description\":\"\",\"potentialAction\":[{\"@type\":\"SearchAction\",\"target\":{\"@type\":\"EntryPoint\",\"urlTemplate\":\"https:\/\/www.intoscana.it\/it\/?s={search_term_string}\"},\"query-input\":{\"@type\":\"PropertyValueSpecification\",\"valueRequired\":true,\"valueName\":\"search_term_string\"}}],\"inLanguage\":\"it-IT\"},{\"@type\":\"Person\",\"@id\":\"https:\/\/www.intoscana.it\/it\/#\/schema\/person\/9223810753230f20bd670fdd322661f8\",\"name\":\"Redazione\",\"url\":\"https:\/\/www.intoscana.it\/it\/author\/redazione\/\"}]}<\/script>\n<!-- \/ Yoast SEO Premium plugin. -->","yoast_head_json":{"title":"Siena Food Lab, prorogato al 1\u00b0 febbraio il bando per le aziende vitivinicole - intoscana","description":"Siena Food Lab: prorogato al 1\u00b0 febbraio il bando per la selezione di 20 aziende vitivinicole della provincia di Siena.","robots":{"index":"index","follow":"follow","max-snippet":"max-snippet:-1","max-image-preview":"max-image-preview:large","max-video-preview":"max-video-preview:-1"},"canonical":"https:\/\/www.intoscana.it\/it\/siena-food-lab-prorogato-al-1-febbraio-il-bando-per-le-aziende-vitivinicole\/","og_locale":"it_IT","og_type":"article","og_title":"Siena Food Lab, prorogato al 1\u00b0 febbraio il bando per le aziende vitivinicole","og_description":"Siena Food Lab: prorogato al 1\u00b0 febbraio il bando per la selezione di 20 aziende vitivinicole della provincia di Siena.","og_url":"https:\/\/www.intoscana.it\/it\/siena-food-lab-prorogato-al-1-febbraio-il-bando-per-le-aziende-vitivinicole\/","og_site_name":"intoscana","article_publisher":"https:\/\/www.facebook.com\/intoscana.it","article_published_time":"2021-01-19T09:41:12+00:00","article_modified_time":"2021-01-19T09:42:37+00:00","og_image":[{"width":2048,"height":1366,"url":"https:\/\/www.intoscana.it\/wp-content\/uploads\/Nuove-tecnologie-al-servizio-dellagricoltura-e-della-viticoltura--scaled.jpg","type":"image\/jpeg"}],"author":"Redazione","twitter_card":"summary_large_image","twitter_creator":"@intoscana","twitter_site":"@intoscana","twitter_misc":{"Written by":"Redazione","Est. reading time":"2 minuti"},"schema":{"@context":"https:\/\/schema.org","@graph":[{"@type":"WebPage","@id":"https:\/\/www.intoscana.it\/it\/siena-food-lab-prorogato-al-1-febbraio-il-bando-per-le-aziende-vitivinicole\/","url":"https:\/\/www.intoscana.it\/it\/siena-food-lab-prorogato-al-1-febbraio-il-bando-per-le-aziende-vitivinicole\/","name":"Siena Food Lab, prorogato al 1\u00b0 febbraio il bando per le aziende vitivinicole - intoscana","isPartOf":{"@id":"https:\/\/www.intoscana.it\/it\/#website"},"primaryImageOfPage":{"@id":"https:\/\/www.intoscana.it\/it\/siena-food-lab-prorogato-al-1-febbraio-il-bando-per-le-aziende-vitivinicole\/#primaryimage"},"image":{"@id":"https:\/\/www.intoscana.it\/it\/siena-food-lab-prorogato-al-1-febbraio-il-bando-per-le-aziende-vitivinicole\/#primaryimage"},"thumbnailUrl":"https:\/\/www.intoscana.it\/wp-content\/uploads\/Nuove-tecnologie-al-servizio-dellagricoltura-e-della-viticoltura--scaled.jpg","datePublished":"2021-01-19T09:41:12+00:00","dateModified":"2021-01-19T09:42:37+00:00","author":{"@id":"https:\/\/www.intoscana.it\/it\/#\/schema\/person\/9223810753230f20bd670fdd322661f8"},"description":"Siena Food Lab: prorogato al 1\u00b0 febbraio il bando per la selezione di 20 aziende vitivinicole della provincia di Siena.","breadcrumb":{"@id":"https:\/\/www.intoscana.it\/it\/siena-food-lab-prorogato-al-1-febbraio-il-bando-per-le-aziende-vitivinicole\/#breadcrumb"},"inLanguage":"it-IT","potentialAction":[{"@type":"ReadAction","target":["https:\/\/www.intoscana.it\/it\/siena-food-lab-prorogato-al-1-febbraio-il-bando-per-le-aziende-vitivinicole\/"]}]},{"@type":"ImageObject","inLanguage":"it-IT","@id":"https:\/\/www.intoscana.it\/it\/siena-food-lab-prorogato-al-1-febbraio-il-bando-per-le-aziende-vitivinicole\/#primaryimage","url":"https:\/\/www.intoscana.it\/wp-content\/uploads\/Nuove-tecnologie-al-servizio-dellagricoltura-e-della-viticoltura--scaled.jpg","contentUrl":"https:\/\/www.intoscana.it\/wp-content\/uploads\/Nuove-tecnologie-al-servizio-dellagricoltura-e-della-viticoltura--scaled.jpg","width":2048,"height":1366,"caption":"Le nuove tecnologie nel settore vitivinicolo"},{"@type":"BreadcrumbList","@id":"https:\/\/www.intoscana.it\/it\/siena-food-lab-prorogato-al-1-febbraio-il-bando-per-le-aziende-vitivinicole\/#breadcrumb","itemListElement":[{"@type":"ListItem","position":1,"name":"Home","item":"https:\/\/www.intoscana.it\/it\/"},{"@type":"ListItem","position":2,"name":"Siena Food Lab, prorogato al 1\u00b0 febbraio il bando per le aziende vitivinicole"}]},{"@type":"WebSite","@id":"https:\/\/www.intoscana.it\/it\/#website","url":"https:\/\/www.intoscana.it\/it\/","name":"intoscana","description":"","potentialAction":[{"@type":"SearchAction","target":{"@type":"EntryPoint","urlTemplate":"https:\/\/www.intoscana.it\/it\/?s={search_term_string}"},"query-input":{"@type":"PropertyValueSpecification","valueRequired":true,"valueName":"search_term_string"}}],"inLanguage":"it-IT"},{"@type":"Person","@id":"https:\/\/www.intoscana.it\/it\/#\/schema\/person\/9223810753230f20bd670fdd322661f8","name":"Redazione","url":"https:\/\/www.intoscana.it\/it\/author\/redazione\/"}]}},"_links":{"self":[{"href":"https:\/\/www.intoscana.it\/it\/wp-json\/wp\/v2\/posts\/164533","targetHints":{"allow":["GET"]}}],"collection":[{"href":"https:\/\/www.intoscana.it\/it\/wp-json\/wp\/v2\/posts"}],"about":[{"href":"https:\/\/www.intoscana.it\/it\/wp-json\/wp\/v2\/types\/post"}],"author":[{"embeddable":true,"href":"https:\/\/www.intoscana.it\/it\/wp-json\/wp\/v2\/users\/525"}],"replies":[{"embeddable":true,"href":"https:\/\/www.intoscana.it\/it\/wp-json\/wp\/v2\/comments?post=164533"}],"version-history":[{"count":0,"href":"https:\/\/www.intoscana.it\/it\/wp-json\/wp\/v2\/posts\/164533\/revisions"}],"wp:featuredmedia":[{"embeddable":true,"href":"https:\/\/www.intoscana.it\/it\/wp-json\/wp\/v2\/media\/164535"}],"wp:attachment":[{"href":"https:\/\/www.intoscana.it\/it\/wp-json\/wp\/v2\/media?parent=164533"}],"wp:term":[{"taxonomy":"category","embeddable":true,"href":"https:\/\/www.intoscana.it\/it\/wp-json\/wp\/v2\/categories?post=164533"},{"taxonomy":"post_tag","embeddable":true,"href":"https:\/\/www.intoscana.it\/it\/wp-json\/wp\/v2\/tags?post=164533"}],"curies":[{"name":"wp","href":"https:\/\/api.w.org\/{rel}","templated":true}]}}