{"id":164690,"date":"2021-01-20T11:06:13","date_gmt":"2021-01-20T10:06:13","guid":{"rendered":"https:\/\/www.intoscana.it\/it\/?p=164690"},"modified":"2021-01-20T11:13:08","modified_gmt":"2021-01-20T10:13:08","slug":"pista-ciclabile-campione-eroe-gino-bartali","status":"publish","type":"post","link":"https:\/\/www.intoscana.it\/it\/pista-ciclabile-campione-eroe-gino-bartali\/","title":{"rendered":"Una pista ciclabile per Gino Bartali, il campione che salv\u00f2 gli ebrei dalla deportazione"},"content":{"rendered":"<p><strong>Un grande campione che ha segnato la storia del ciclismo italiano,<\/strong> vincendo tre Giri d&#8217;Italia e due Tour de France, ma anche un <strong>eroe che durante la Seconda Guerra Mondiale ha salvato la vita a circa 800 ebrei<\/strong>, trasportando nascosti nel sellino della sua bicicletta carte e documenti falsi con cui sono riusciti a fuggire ed evitare cos\u00ec la deportazione.<\/p>\n<p>Per rendere omaggio a <strong>Gino Bartali<\/strong> il Comune di <strong>Bagno a Ripoli ha deciso di intitolargli una pista ciclabile a Ponte a Ema,<\/strong> il paese alle porte di Firenze dove il campione \u201c<em>nella vita e su due ruote<\/em>\u201d nacque nel 1914.<\/p>\n<h3>Bartali \u00e8 un &#8220;Giusto tra le Nazioni&#8221;<\/h3>\n<p>La pista sar\u00e0 inaugurata con una cerimonia il <strong>27 gennaio, in occasione del Giorno della Memoria<\/strong>, riaffermando cos\u00ec l&#8217;impegno del ciclista dichiarato da Israele nel 2013 \u201cGiusto tra le Nazioni\u201d, il riconoscimento assegnato a chiunque durante la Shoah abbia salvato la vita anche a un solo ebreo.<\/p>\n<p><em>&#8220;Il riconoscimento di <\/em><em>\u201cGiusto tra le Nazioni\u201d a Bartali <\/em>&#8211; spiega il sindaco di Bagno a Ripoli Francesco Casini <em>&#8211; \u00e8 basato su testimonianze e documenti che sono stati <\/em><em>ritenuti solidi dallo Yad Vashem, l&#8217;organismo che ha la <\/em><em>principale competenza in materia. La storia, certo, pu\u00f2 avere <\/em><em>talvolta molte sfumature, ma per quanto riguarda la figura e <\/em><em>l&#8217;eredit\u00e0 di Gino Bartali, Bagno a Ripoli non ha dubbi. <strong>Per noi <\/strong><\/em><strong><em>\u00e8 e rester\u00e0 sempre un esempio da seguire, per il coraggio e <\/em><\/strong><em><strong>l&#8217;umanit\u00e0,<\/strong> vissuti con burbera ma affettuosa riservatezza. Da <\/em><em>qui il nostro omaggio, nel Giorno della Memoria, a un uomo che <\/em><em>fu campione due volte, sui pedali e nella vita&#8221;.<\/em><\/p>\n<h3>Quei documenti falsi nascosti nel sellino della bicicletta<\/h3>\n<p>La storia dell\u2019impegno di Bartali per aiutare gli ebrei durante la Seconda Guerra Mondiale sembra uscita da un romanzo.<br \/>\nIl campione entra a far parte della<strong> rete fiorentina che cerca di salvare la comunit\u00e0 ebraica<\/strong> della citt\u00e0 dopo l\u20198 settembre, durante l\u2019occupazione tedesca di Firenze.<\/p>\n<p><strong>A chiedere l\u2019aiuto di Bartali \u00e8 l\u2019arcivescovo Elia Della Costa<\/strong>, suo padre spirituale che ha anche celebrato il matrimonio del campione con Adriana Bani nel 1940. Della Costa, insieme a molti sacerdoti e religiosi fiorentini, nasconde gli ebrei nei conventi e negli istituti religiosi ma ha bisogno di Bartali per un compito delicatissimo:<strong> trasportare i documenti falsi realizzati appositamente per le famiglie ebree, <\/strong>che cos\u00ec possono evitare la deportazione nei lager.<\/p>\n<p>Lui pu\u00f2 riuscirci perch\u00e9 essendo un famoso campione, conosciuto e rispettato da tutti, pu\u00f2 andare in giro sulla sua bicicletta senza venire fermato. Proprio l\u00ec dentro, <strong>nascoste sotto il sellino, Bartali trasporta le fotografie degli ebrei rifugiati non solo a Firenze ma in tutta la Toscana fino ad Assisi,<\/strong> dove il frate francescano Rufino Niccacci gestisce un laboratorio di contraffazione di documenti.<\/p>\n<figure id=\"post-145803 media-145803\" class=\"align-none\">\n<p><figure style=\"width: 1771px\" class=\"wp-caption alignnone\"><img loading=\"lazy\" decoding=\"async\" src=\"https:\/\/www.intoscana.it\/wp-content\/uploads\/foto-bartali-e-coppi.jpg\" alt=\"\" width=\"1771\" height=\"1188\" \/><figcaption class=\"wp-caption-text\">La storica foto di Bartali e Coppi al Tour de France del 1952<\/figcaption><\/figure><\/figure>\n<h3>Il coraggio di un eroe silenzioso<\/h3>\n<p>Il suo coraggio viene messo alla prova proprio negli ultimi terribili mesi del conflitto: <strong>nel luglio del 1944 infatti il fascista Mario Carit\u00e0 convoca Bartali per un interrogatorio a Villa Trieste.<\/strong> \u00c8 una lettera del papa, intercettata dai fascisti, ad averlo messo nei guai: il Santo Padre infatti nella sua missiva ringrazia il campione per il suo aiuto, riferendosi ovviamente alla rete clandestina di documenti, e Carit\u00e0 vuole sapere perch\u00e9 lo stanno ringraziando.<br \/>\nBartali se la cava dicendo di aver mandato dei pacchi di viveri in Vaticano e certamente anche grazie alla sua notoriet\u00e0 come ciclista viene lasciato in pace.<\/p>\n<p>Bartali non parler\u00e0 mai dei suoi atti eroici se non al figlio Andrea. Muore a Firenze nel 2000 e <strong>il suo contributo verr\u00e0 riconosciuto postumo<\/strong>: oltre al titolo di &#8220;Giusto tra le Nazioni&#8221; nel 2015 il presidente della Repubblica Carlo Azeglio Ciampi consegna a sua moglie Adriana la <strong>Medaglia d\u2019oro al valor civile.\u00a0<\/strong><\/p>\n","protected":false},"excerpt":{"rendered":"<p>Il Comune di Bagno a Ripoli rende omaggio al grande ciclista ed eroe intitolandogli una pista ciclabile che sar\u00e0 inaugurata in occasione del Giorno della Memoria<\/p>\n","protected":false},"author":502,"featured_media":81739,"comment_status":"open","ping_status":"open","sticky":false,"template":"","format":"standard","meta":{"_acf_changed":false,"footnotes":""},"categories":[4],"tags":[391,1650,156],"class_list":["post-164690","post","type-post","status-publish","format-standard","has-post-thumbnail","hentry","category-storie","tag-ciclismo","tag-giorno-della-memoria","tag-memoria-olocausto"],"acf":[],"yoast_head":"<!-- This site is optimized with the Yoast SEO Premium plugin v24.2 (Yoast SEO v25.6) - https:\/\/yoast.com\/wordpress\/plugins\/seo\/ -->\n<title>Una pista ciclabile per Gino Bartali, il campione che salv\u00f2 gli ebrei dalla deportazione - intoscana<\/title>\n<meta name=\"description\" content=\"Il Comune di Bagno a Ripoli intitola una pista ciclabile a Gino Bartali, il campione che salv\u00f2 800 ebrei dalla deportazione.\" \/>\n<meta name=\"robots\" content=\"index, follow, max-snippet:-1, max-image-preview:large, max-video-preview:-1\" \/>\n<link rel=\"canonical\" href=\"https:\/\/www.intoscana.it\/it\/pista-ciclabile-campione-eroe-gino-bartali\/\" \/>\n<meta property=\"og:locale\" content=\"it_IT\" \/>\n<meta property=\"og:type\" content=\"article\" \/>\n<meta property=\"og:title\" content=\"Una pista ciclabile per Gino Bartali, il campione che salv\u00f2 gli ebrei dalla deportazione\" \/>\n<meta property=\"og:description\" content=\"Il Comune di Bagno a Ripoli intitola una pista ciclabile a Gino Bartali, il campione che salv\u00f2 800 ebrei dalla deportazione.\" \/>\n<meta property=\"og:url\" content=\"https:\/\/www.intoscana.it\/it\/pista-ciclabile-campione-eroe-gino-bartali\/\" \/>\n<meta property=\"og:site_name\" content=\"intoscana\" \/>\n<meta property=\"article:publisher\" content=\"https:\/\/www.facebook.com\/intoscana.it\" \/>\n<meta property=\"article:published_time\" content=\"2021-01-20T10:06:13+00:00\" \/>\n<meta property=\"article:modified_time\" content=\"2021-01-20T10:13:08+00:00\" \/>\n<meta property=\"og:image\" content=\"https:\/\/www.intoscana.it\/wp-content\/uploads\/gino_bartali_1950.jpg\" \/>\n\t<meta property=\"og:image:width\" content=\"640\" \/>\n\t<meta property=\"og:image:height\" content=\"417\" \/>\n\t<meta property=\"og:image:type\" content=\"image\/jpeg\" \/>\n<meta name=\"author\" content=\"Ilaria Giannini\" \/>\n<meta name=\"twitter:card\" content=\"summary_large_image\" \/>\n<meta name=\"twitter:creator\" content=\"@i.giannini@fst.it\" \/>\n<meta name=\"twitter:site\" content=\"@intoscana\" \/>\n<meta name=\"twitter:label1\" content=\"Written by\" \/>\n\t<meta name=\"twitter:data1\" content=\"Ilaria Giannini\" \/>\n\t<meta name=\"twitter:label2\" content=\"Est. reading time\" \/>\n\t<meta name=\"twitter:data2\" content=\"3 minuti\" \/>\n<script type=\"application\/ld+json\" class=\"yoast-schema-graph\">{\"@context\":\"https:\/\/schema.org\",\"@graph\":[{\"@type\":\"WebPage\",\"@id\":\"https:\/\/www.intoscana.it\/it\/pista-ciclabile-campione-eroe-gino-bartali\/\",\"url\":\"https:\/\/www.intoscana.it\/it\/pista-ciclabile-campione-eroe-gino-bartali\/\",\"name\":\"Una pista ciclabile per Gino Bartali, il campione che salv\u00f2 gli ebrei dalla deportazione - intoscana\",\"isPartOf\":{\"@id\":\"https:\/\/www.intoscana.it\/it\/#website\"},\"primaryImageOfPage\":{\"@id\":\"https:\/\/www.intoscana.it\/it\/pista-ciclabile-campione-eroe-gino-bartali\/#primaryimage\"},\"image\":{\"@id\":\"https:\/\/www.intoscana.it\/it\/pista-ciclabile-campione-eroe-gino-bartali\/#primaryimage\"},\"thumbnailUrl\":\"https:\/\/www.intoscana.it\/wp-content\/uploads\/gino_bartali_1950.jpg\",\"datePublished\":\"2021-01-20T10:06:13+00:00\",\"dateModified\":\"2021-01-20T10:13:08+00:00\",\"author\":{\"@id\":\"https:\/\/www.intoscana.it\/it\/#\/schema\/person\/de95e1ed2c1c8c30a6922bbba3a90185\"},\"description\":\"Il Comune di Bagno a Ripoli intitola una pista ciclabile a Gino Bartali, il campione che salv\u00f2 800 ebrei dalla deportazione.\",\"breadcrumb\":{\"@id\":\"https:\/\/www.intoscana.it\/it\/pista-ciclabile-campione-eroe-gino-bartali\/#breadcrumb\"},\"inLanguage\":\"it-IT\",\"potentialAction\":[{\"@type\":\"ReadAction\",\"target\":[\"https:\/\/www.intoscana.it\/it\/pista-ciclabile-campione-eroe-gino-bartali\/\"]}]},{\"@type\":\"ImageObject\",\"inLanguage\":\"it-IT\",\"@id\":\"https:\/\/www.intoscana.it\/it\/pista-ciclabile-campione-eroe-gino-bartali\/#primaryimage\",\"url\":\"https:\/\/www.intoscana.it\/wp-content\/uploads\/gino_bartali_1950.jpg\",\"contentUrl\":\"https:\/\/www.intoscana.it\/wp-content\/uploads\/gino_bartali_1950.jpg\",\"width\":640,\"height\":417,\"caption\":\"Gino Bartali\"},{\"@type\":\"BreadcrumbList\",\"@id\":\"https:\/\/www.intoscana.it\/it\/pista-ciclabile-campione-eroe-gino-bartali\/#breadcrumb\",\"itemListElement\":[{\"@type\":\"ListItem\",\"position\":1,\"name\":\"Home\",\"item\":\"https:\/\/www.intoscana.it\/it\/\"},{\"@type\":\"ListItem\",\"position\":2,\"name\":\"Una pista ciclabile per Gino Bartali, il campione che salv\u00f2 gli ebrei dalla deportazione\"}]},{\"@type\":\"WebSite\",\"@id\":\"https:\/\/www.intoscana.it\/it\/#website\",\"url\":\"https:\/\/www.intoscana.it\/it\/\",\"name\":\"intoscana\",\"description\":\"\",\"potentialAction\":[{\"@type\":\"SearchAction\",\"target\":{\"@type\":\"EntryPoint\",\"urlTemplate\":\"https:\/\/www.intoscana.it\/it\/?s={search_term_string}\"},\"query-input\":{\"@type\":\"PropertyValueSpecification\",\"valueRequired\":true,\"valueName\":\"search_term_string\"}}],\"inLanguage\":\"it-IT\"},{\"@type\":\"Person\",\"@id\":\"https:\/\/www.intoscana.it\/it\/#\/schema\/person\/de95e1ed2c1c8c30a6922bbba3a90185\",\"name\":\"Ilaria Giannini\",\"sameAs\":[\"https:\/\/x.com\/i.giannini@fst.it\"],\"url\":\"https:\/\/www.intoscana.it\/it\/author\/ilaria-giannini\/\"}]}<\/script>\n<!-- \/ Yoast SEO Premium plugin. -->","yoast_head_json":{"title":"Una pista ciclabile per Gino Bartali, il campione che salv\u00f2 gli ebrei dalla deportazione - intoscana","description":"Il Comune di Bagno a Ripoli intitola una pista ciclabile a Gino Bartali, il campione che salv\u00f2 800 ebrei dalla deportazione.","robots":{"index":"index","follow":"follow","max-snippet":"max-snippet:-1","max-image-preview":"max-image-preview:large","max-video-preview":"max-video-preview:-1"},"canonical":"https:\/\/www.intoscana.it\/it\/pista-ciclabile-campione-eroe-gino-bartali\/","og_locale":"it_IT","og_type":"article","og_title":"Una pista ciclabile per Gino Bartali, il campione che salv\u00f2 gli ebrei dalla deportazione","og_description":"Il Comune di Bagno a Ripoli intitola una pista ciclabile a Gino Bartali, il campione che salv\u00f2 800 ebrei dalla deportazione.","og_url":"https:\/\/www.intoscana.it\/it\/pista-ciclabile-campione-eroe-gino-bartali\/","og_site_name":"intoscana","article_publisher":"https:\/\/www.facebook.com\/intoscana.it","article_published_time":"2021-01-20T10:06:13+00:00","article_modified_time":"2021-01-20T10:13:08+00:00","og_image":[{"width":640,"height":417,"url":"https:\/\/www.intoscana.it\/wp-content\/uploads\/gino_bartali_1950.jpg","type":"image\/jpeg"}],"author":"Ilaria Giannini","twitter_card":"summary_large_image","twitter_creator":"@i.giannini@fst.it","twitter_site":"@intoscana","twitter_misc":{"Written by":"Ilaria Giannini","Est. reading time":"3 minuti"},"schema":{"@context":"https:\/\/schema.org","@graph":[{"@type":"WebPage","@id":"https:\/\/www.intoscana.it\/it\/pista-ciclabile-campione-eroe-gino-bartali\/","url":"https:\/\/www.intoscana.it\/it\/pista-ciclabile-campione-eroe-gino-bartali\/","name":"Una pista ciclabile per Gino Bartali, il campione che salv\u00f2 gli ebrei dalla deportazione - intoscana","isPartOf":{"@id":"https:\/\/www.intoscana.it\/it\/#website"},"primaryImageOfPage":{"@id":"https:\/\/www.intoscana.it\/it\/pista-ciclabile-campione-eroe-gino-bartali\/#primaryimage"},"image":{"@id":"https:\/\/www.intoscana.it\/it\/pista-ciclabile-campione-eroe-gino-bartali\/#primaryimage"},"thumbnailUrl":"https:\/\/www.intoscana.it\/wp-content\/uploads\/gino_bartali_1950.jpg","datePublished":"2021-01-20T10:06:13+00:00","dateModified":"2021-01-20T10:13:08+00:00","author":{"@id":"https:\/\/www.intoscana.it\/it\/#\/schema\/person\/de95e1ed2c1c8c30a6922bbba3a90185"},"description":"Il Comune di Bagno a Ripoli intitola una pista ciclabile a Gino Bartali, il campione che salv\u00f2 800 ebrei dalla deportazione.","breadcrumb":{"@id":"https:\/\/www.intoscana.it\/it\/pista-ciclabile-campione-eroe-gino-bartali\/#breadcrumb"},"inLanguage":"it-IT","potentialAction":[{"@type":"ReadAction","target":["https:\/\/www.intoscana.it\/it\/pista-ciclabile-campione-eroe-gino-bartali\/"]}]},{"@type":"ImageObject","inLanguage":"it-IT","@id":"https:\/\/www.intoscana.it\/it\/pista-ciclabile-campione-eroe-gino-bartali\/#primaryimage","url":"https:\/\/www.intoscana.it\/wp-content\/uploads\/gino_bartali_1950.jpg","contentUrl":"https:\/\/www.intoscana.it\/wp-content\/uploads\/gino_bartali_1950.jpg","width":640,"height":417,"caption":"Gino Bartali"},{"@type":"BreadcrumbList","@id":"https:\/\/www.intoscana.it\/it\/pista-ciclabile-campione-eroe-gino-bartali\/#breadcrumb","itemListElement":[{"@type":"ListItem","position":1,"name":"Home","item":"https:\/\/www.intoscana.it\/it\/"},{"@type":"ListItem","position":2,"name":"Una pista ciclabile per Gino Bartali, il campione che salv\u00f2 gli ebrei dalla deportazione"}]},{"@type":"WebSite","@id":"https:\/\/www.intoscana.it\/it\/#website","url":"https:\/\/www.intoscana.it\/it\/","name":"intoscana","description":"","potentialAction":[{"@type":"SearchAction","target":{"@type":"EntryPoint","urlTemplate":"https:\/\/www.intoscana.it\/it\/?s={search_term_string}"},"query-input":{"@type":"PropertyValueSpecification","valueRequired":true,"valueName":"search_term_string"}}],"inLanguage":"it-IT"},{"@type":"Person","@id":"https:\/\/www.intoscana.it\/it\/#\/schema\/person\/de95e1ed2c1c8c30a6922bbba3a90185","name":"Ilaria Giannini","sameAs":["https:\/\/x.com\/i.giannini@fst.it"],"url":"https:\/\/www.intoscana.it\/it\/author\/ilaria-giannini\/"}]}},"_links":{"self":[{"href":"https:\/\/www.intoscana.it\/it\/wp-json\/wp\/v2\/posts\/164690","targetHints":{"allow":["GET"]}}],"collection":[{"href":"https:\/\/www.intoscana.it\/it\/wp-json\/wp\/v2\/posts"}],"about":[{"href":"https:\/\/www.intoscana.it\/it\/wp-json\/wp\/v2\/types\/post"}],"author":[{"embeddable":true,"href":"https:\/\/www.intoscana.it\/it\/wp-json\/wp\/v2\/users\/502"}],"replies":[{"embeddable":true,"href":"https:\/\/www.intoscana.it\/it\/wp-json\/wp\/v2\/comments?post=164690"}],"version-history":[{"count":0,"href":"https:\/\/www.intoscana.it\/it\/wp-json\/wp\/v2\/posts\/164690\/revisions"}],"wp:featuredmedia":[{"embeddable":true,"href":"https:\/\/www.intoscana.it\/it\/wp-json\/wp\/v2\/media\/81739"}],"wp:attachment":[{"href":"https:\/\/www.intoscana.it\/it\/wp-json\/wp\/v2\/media?parent=164690"}],"wp:term":[{"taxonomy":"category","embeddable":true,"href":"https:\/\/www.intoscana.it\/it\/wp-json\/wp\/v2\/categories?post=164690"},{"taxonomy":"post_tag","embeddable":true,"href":"https:\/\/www.intoscana.it\/it\/wp-json\/wp\/v2\/tags?post=164690"}],"curies":[{"name":"wp","href":"https:\/\/api.w.org\/{rel}","templated":true}]}}