{"id":164797,"date":"2021-01-21T09:48:04","date_gmt":"2021-01-21T08:48:04","guid":{"rendered":"https:\/\/www.intoscana.it\/it\/?p=164797"},"modified":"2021-01-21T09:48:04","modified_gmt":"2021-01-21T08:48:04","slug":"agricoltura-dal-15-febbraio-al-via-le-domande-per-i-nuovi-vigneti","status":"publish","type":"post","link":"https:\/\/www.intoscana.it\/it\/agricoltura-dal-15-febbraio-al-via-le-domande-per-i-nuovi-vigneti\/","title":{"rendered":"Agricoltura: dal 15 febbraio al via le domande per i nuovi vigneti"},"content":{"rendered":"<p><strong>Dal 15 febbraio al 31 marzo<\/strong> sar\u00e0 possibile per presentare domanda per l&#8217;<strong>autorizzazione all&#8217;impianto di nuovi vigneti in Toscana.<\/strong> La giunta regionale ha appena definito i criteri di priorit\u00e0 ed \u00e8 stata individuata la superficie massima richiedibile e la superficie minima garantita per il rilascio delle autorizzazioni. <strong>Le domande devono essere presentate al Ministero delle Politiche agricole alimentari e forestali<\/strong> in modalit\u00e0 telematica nell&#8217;ambito del Sian.<\/p>\n<p>&#8220;Con questo intervento intendiamo assecondare la spinta delle imprese a rafforzare il &#8216;Vigneto Toscana&#8217; &#8211; ha detto <strong>la vicepresidente e assessora all&#8217;Agroalimentare Stefania Saccardi<\/strong> &#8211; a conferma della vivacit\u00e0 e del valore del <strong>settore che anche negli ultimi anni ha continuato a crescere in qualit\u00e0,<\/strong> grazie al continuo impegno profuso dai produttori, sia in campo che in cantina. Anche le ultime performances sui mercati esteri, con le vendite oltre confine, sembrano confermare il trend di crescita degli ultimi anni. Perci\u00f2, <strong>l&#8217;invito che faccio ai viticoltori e imprenditori \u00e8 caloroso, andiamo avanti cos\u00ec&#8221;.\u00a0<\/strong><\/p>\n<figure id=\"post-79208 media-79208\" class=\"align-none\"><img decoding=\"async\" src=\"https:\/\/www.intoscana.it\/wp-content\/uploads\/eb6ef9cbb474a8beb32493de809f3964-2.jpg\" alt=\"\" \/><\/figure>\n<h3>Chi pu\u00f2 partecipare al bando?<\/h3>\n<p>Possono accedere al bando<strong> tutti coloro che hanno in conduzione una superficie agricola almeno pari o superiore a quella per la quale chiedono l&#8217;autorizzazione<\/strong> per l&#8217;impianto di un nuovo vigneto. In ogni caso, la superficie massima richiedibile per ciascuna domanda \u00e8 pari a<strong> 30 ettari<\/strong>. Le autorizzazioni vengono poi concesse dalla Regione sulla base di un elenco predisposto dallo stesso Ministero ed <strong>hanno una validit\u00e0 di tre anni dalla data di rilascio.<\/strong> La pubblicazione dell&#8217;atto di approvazione dell&#8217;elenco ministeriale sul Bollettino Ufficiale della Regione Toscana assume valore di comunicazione all&#8217; azienda.<\/p>\n<p>Qualora le richieste ammissibili complessivamente riguardassero una superficie superiore a quella disponibile, <strong>ai singoli richiedenti verr\u00e0 comunque garantita una superficie minima di nuovo impianto pari a 2.500 metri quadrati.<\/strong> Qualora venisse concessa un&#8217;autorizzazione per una superficie inferiore al 50% della superficie richiesta, il beneficiario potr\u00e0 rifiutare l&#8217; autorizzazione entro 30 giorni dalla data di pubblicazione dell&#8217;elenco dei beneficiari sul Burt dandone comunicazione tramite Sian.<\/p>\n","protected":false},"excerpt":{"rendered":"<p>Possono accedere al bando tutti coloro che hanno in conduzione una superficie agricola almeno pari o superiore a quella per la quale chiedono l&#8217;autorizzazione per l&#8217;impianto di un nuovo vigneto<\/p>\n","protected":false},"author":525,"featured_media":97363,"comment_status":"open","ping_status":"open","sticky":false,"template":"","format":"standard","meta":{"_acf_changed":false,"footnotes":""},"categories":[494],"tags":[363,3557,5324,151,3556,224],"class_list":["post-164797","post","type-post","status-publish","format-standard","has-post-thumbnail","hentry","category-attualita","tag-agricoltura","tag-aziende-vinicole","tag-enologia","tag-regione-toscana","tag-vigne","tag-vino"],"acf":[],"yoast_head":"<!-- This site is optimized with the Yoast SEO Premium plugin v24.2 (Yoast SEO v25.6) - https:\/\/yoast.com\/wordpress\/plugins\/seo\/ -->\n<title>Agricoltura: dal 15 febbraio al via le domande per i nuovi vigneti - intoscana<\/title>\n<meta name=\"description\" content=\"Possono accedere al bando tutti coloro che hanno in conduzione una superficie agricola almeno pari o superiore a quella del nuovo vigneto\" \/>\n<meta name=\"robots\" content=\"index, follow, max-snippet:-1, max-image-preview:large, max-video-preview:-1\" \/>\n<link rel=\"canonical\" href=\"https:\/\/www.intoscana.it\/it\/agricoltura-dal-15-febbraio-al-via-le-domande-per-i-nuovi-vigneti\/\" \/>\n<meta property=\"og:locale\" content=\"it_IT\" \/>\n<meta property=\"og:type\" content=\"article\" \/>\n<meta property=\"og:title\" content=\"Agricoltura: dal 15 febbraio al via le domande per i nuovi vigneti\" \/>\n<meta property=\"og:description\" content=\"Possono accedere al bando tutti coloro che hanno in conduzione una superficie agricola almeno pari o superiore a quella del nuovo vigneto\" \/>\n<meta property=\"og:url\" content=\"https:\/\/www.intoscana.it\/it\/agricoltura-dal-15-febbraio-al-via-le-domande-per-i-nuovi-vigneti\/\" \/>\n<meta property=\"og:site_name\" content=\"intoscana\" \/>\n<meta property=\"article:publisher\" content=\"https:\/\/www.facebook.com\/intoscana.it\" \/>\n<meta property=\"article:published_time\" content=\"2021-01-21T08:48:04+00:00\" \/>\n<meta property=\"og:image\" content=\"https:\/\/www.intoscana.it\/wp-content\/uploads\/morellino-grapes_wp7_12113-2.jpg\" \/>\n\t<meta property=\"og:image:width\" content=\"800\" \/>\n\t<meta property=\"og:image:height\" content=\"600\" \/>\n\t<meta property=\"og:image:type\" content=\"image\/jpeg\" \/>\n<meta name=\"author\" content=\"Redazione\" \/>\n<meta name=\"twitter:card\" content=\"summary_large_image\" \/>\n<meta name=\"twitter:creator\" content=\"@intoscana\" \/>\n<meta name=\"twitter:site\" content=\"@intoscana\" \/>\n<meta name=\"twitter:label1\" content=\"Written by\" \/>\n\t<meta name=\"twitter:data1\" content=\"Redazione\" \/>\n\t<meta name=\"twitter:label2\" content=\"Est. reading time\" \/>\n\t<meta name=\"twitter:data2\" content=\"2 minuti\" \/>\n<script type=\"application\/ld+json\" class=\"yoast-schema-graph\">{\"@context\":\"https:\/\/schema.org\",\"@graph\":[{\"@type\":\"WebPage\",\"@id\":\"https:\/\/www.intoscana.it\/it\/agricoltura-dal-15-febbraio-al-via-le-domande-per-i-nuovi-vigneti\/\",\"url\":\"https:\/\/www.intoscana.it\/it\/agricoltura-dal-15-febbraio-al-via-le-domande-per-i-nuovi-vigneti\/\",\"name\":\"Agricoltura: dal 15 febbraio al via le domande per i nuovi vigneti - intoscana\",\"isPartOf\":{\"@id\":\"https:\/\/www.intoscana.it\/it\/#website\"},\"primaryImageOfPage\":{\"@id\":\"https:\/\/www.intoscana.it\/it\/agricoltura-dal-15-febbraio-al-via-le-domande-per-i-nuovi-vigneti\/#primaryimage\"},\"image\":{\"@id\":\"https:\/\/www.intoscana.it\/it\/agricoltura-dal-15-febbraio-al-via-le-domande-per-i-nuovi-vigneti\/#primaryimage\"},\"thumbnailUrl\":\"https:\/\/www.intoscana.it\/wp-content\/uploads\/morellino-grapes_wp7_12113-2.jpg\",\"datePublished\":\"2021-01-21T08:48:04+00:00\",\"author\":{\"@id\":\"https:\/\/www.intoscana.it\/it\/#\/schema\/person\/9223810753230f20bd670fdd322661f8\"},\"description\":\"Possono accedere al bando tutti coloro che hanno in conduzione una superficie agricola almeno pari o superiore a quella del nuovo vigneto\",\"breadcrumb\":{\"@id\":\"https:\/\/www.intoscana.it\/it\/agricoltura-dal-15-febbraio-al-via-le-domande-per-i-nuovi-vigneti\/#breadcrumb\"},\"inLanguage\":\"it-IT\",\"potentialAction\":[{\"@type\":\"ReadAction\",\"target\":[\"https:\/\/www.intoscana.it\/it\/agricoltura-dal-15-febbraio-al-via-le-domande-per-i-nuovi-vigneti\/\"]}]},{\"@type\":\"ImageObject\",\"inLanguage\":\"it-IT\",\"@id\":\"https:\/\/www.intoscana.it\/it\/agricoltura-dal-15-febbraio-al-via-le-domande-per-i-nuovi-vigneti\/#primaryimage\",\"url\":\"https:\/\/www.intoscana.it\/wp-content\/uploads\/morellino-grapes_wp7_12113-2.jpg\",\"contentUrl\":\"https:\/\/www.intoscana.it\/wp-content\/uploads\/morellino-grapes_wp7_12113-2.jpg\",\"width\":800,\"height\":600,\"caption\":\"I vigneti del Morellino di Scansano\"},{\"@type\":\"BreadcrumbList\",\"@id\":\"https:\/\/www.intoscana.it\/it\/agricoltura-dal-15-febbraio-al-via-le-domande-per-i-nuovi-vigneti\/#breadcrumb\",\"itemListElement\":[{\"@type\":\"ListItem\",\"position\":1,\"name\":\"Home\",\"item\":\"https:\/\/www.intoscana.it\/it\/\"},{\"@type\":\"ListItem\",\"position\":2,\"name\":\"Agricoltura: dal 15 febbraio al via le domande per i nuovi vigneti\"}]},{\"@type\":\"WebSite\",\"@id\":\"https:\/\/www.intoscana.it\/it\/#website\",\"url\":\"https:\/\/www.intoscana.it\/it\/\",\"name\":\"intoscana\",\"description\":\"\",\"potentialAction\":[{\"@type\":\"SearchAction\",\"target\":{\"@type\":\"EntryPoint\",\"urlTemplate\":\"https:\/\/www.intoscana.it\/it\/?s={search_term_string}\"},\"query-input\":{\"@type\":\"PropertyValueSpecification\",\"valueRequired\":true,\"valueName\":\"search_term_string\"}}],\"inLanguage\":\"it-IT\"},{\"@type\":\"Person\",\"@id\":\"https:\/\/www.intoscana.it\/it\/#\/schema\/person\/9223810753230f20bd670fdd322661f8\",\"name\":\"Redazione\",\"url\":\"https:\/\/www.intoscana.it\/it\/author\/redazione\/\"}]}<\/script>\n<!-- \/ Yoast SEO Premium plugin. -->","yoast_head_json":{"title":"Agricoltura: dal 15 febbraio al via le domande per i nuovi vigneti - intoscana","description":"Possono accedere al bando tutti coloro che hanno in conduzione una superficie agricola almeno pari o superiore a quella del nuovo vigneto","robots":{"index":"index","follow":"follow","max-snippet":"max-snippet:-1","max-image-preview":"max-image-preview:large","max-video-preview":"max-video-preview:-1"},"canonical":"https:\/\/www.intoscana.it\/it\/agricoltura-dal-15-febbraio-al-via-le-domande-per-i-nuovi-vigneti\/","og_locale":"it_IT","og_type":"article","og_title":"Agricoltura: dal 15 febbraio al via le domande per i nuovi vigneti","og_description":"Possono accedere al bando tutti coloro che hanno in conduzione una superficie agricola almeno pari o superiore a quella del nuovo vigneto","og_url":"https:\/\/www.intoscana.it\/it\/agricoltura-dal-15-febbraio-al-via-le-domande-per-i-nuovi-vigneti\/","og_site_name":"intoscana","article_publisher":"https:\/\/www.facebook.com\/intoscana.it","article_published_time":"2021-01-21T08:48:04+00:00","og_image":[{"width":800,"height":600,"url":"https:\/\/www.intoscana.it\/wp-content\/uploads\/morellino-grapes_wp7_12113-2.jpg","type":"image\/jpeg"}],"author":"Redazione","twitter_card":"summary_large_image","twitter_creator":"@intoscana","twitter_site":"@intoscana","twitter_misc":{"Written by":"Redazione","Est. reading time":"2 minuti"},"schema":{"@context":"https:\/\/schema.org","@graph":[{"@type":"WebPage","@id":"https:\/\/www.intoscana.it\/it\/agricoltura-dal-15-febbraio-al-via-le-domande-per-i-nuovi-vigneti\/","url":"https:\/\/www.intoscana.it\/it\/agricoltura-dal-15-febbraio-al-via-le-domande-per-i-nuovi-vigneti\/","name":"Agricoltura: dal 15 febbraio al via le domande per i nuovi vigneti - intoscana","isPartOf":{"@id":"https:\/\/www.intoscana.it\/it\/#website"},"primaryImageOfPage":{"@id":"https:\/\/www.intoscana.it\/it\/agricoltura-dal-15-febbraio-al-via-le-domande-per-i-nuovi-vigneti\/#primaryimage"},"image":{"@id":"https:\/\/www.intoscana.it\/it\/agricoltura-dal-15-febbraio-al-via-le-domande-per-i-nuovi-vigneti\/#primaryimage"},"thumbnailUrl":"https:\/\/www.intoscana.it\/wp-content\/uploads\/morellino-grapes_wp7_12113-2.jpg","datePublished":"2021-01-21T08:48:04+00:00","author":{"@id":"https:\/\/www.intoscana.it\/it\/#\/schema\/person\/9223810753230f20bd670fdd322661f8"},"description":"Possono accedere al bando tutti coloro che hanno in conduzione una superficie agricola almeno pari o superiore a quella del nuovo vigneto","breadcrumb":{"@id":"https:\/\/www.intoscana.it\/it\/agricoltura-dal-15-febbraio-al-via-le-domande-per-i-nuovi-vigneti\/#breadcrumb"},"inLanguage":"it-IT","potentialAction":[{"@type":"ReadAction","target":["https:\/\/www.intoscana.it\/it\/agricoltura-dal-15-febbraio-al-via-le-domande-per-i-nuovi-vigneti\/"]}]},{"@type":"ImageObject","inLanguage":"it-IT","@id":"https:\/\/www.intoscana.it\/it\/agricoltura-dal-15-febbraio-al-via-le-domande-per-i-nuovi-vigneti\/#primaryimage","url":"https:\/\/www.intoscana.it\/wp-content\/uploads\/morellino-grapes_wp7_12113-2.jpg","contentUrl":"https:\/\/www.intoscana.it\/wp-content\/uploads\/morellino-grapes_wp7_12113-2.jpg","width":800,"height":600,"caption":"I vigneti del Morellino di Scansano"},{"@type":"BreadcrumbList","@id":"https:\/\/www.intoscana.it\/it\/agricoltura-dal-15-febbraio-al-via-le-domande-per-i-nuovi-vigneti\/#breadcrumb","itemListElement":[{"@type":"ListItem","position":1,"name":"Home","item":"https:\/\/www.intoscana.it\/it\/"},{"@type":"ListItem","position":2,"name":"Agricoltura: dal 15 febbraio al via le domande per i nuovi vigneti"}]},{"@type":"WebSite","@id":"https:\/\/www.intoscana.it\/it\/#website","url":"https:\/\/www.intoscana.it\/it\/","name":"intoscana","description":"","potentialAction":[{"@type":"SearchAction","target":{"@type":"EntryPoint","urlTemplate":"https:\/\/www.intoscana.it\/it\/?s={search_term_string}"},"query-input":{"@type":"PropertyValueSpecification","valueRequired":true,"valueName":"search_term_string"}}],"inLanguage":"it-IT"},{"@type":"Person","@id":"https:\/\/www.intoscana.it\/it\/#\/schema\/person\/9223810753230f20bd670fdd322661f8","name":"Redazione","url":"https:\/\/www.intoscana.it\/it\/author\/redazione\/"}]}},"_links":{"self":[{"href":"https:\/\/www.intoscana.it\/it\/wp-json\/wp\/v2\/posts\/164797","targetHints":{"allow":["GET"]}}],"collection":[{"href":"https:\/\/www.intoscana.it\/it\/wp-json\/wp\/v2\/posts"}],"about":[{"href":"https:\/\/www.intoscana.it\/it\/wp-json\/wp\/v2\/types\/post"}],"author":[{"embeddable":true,"href":"https:\/\/www.intoscana.it\/it\/wp-json\/wp\/v2\/users\/525"}],"replies":[{"embeddable":true,"href":"https:\/\/www.intoscana.it\/it\/wp-json\/wp\/v2\/comments?post=164797"}],"version-history":[{"count":0,"href":"https:\/\/www.intoscana.it\/it\/wp-json\/wp\/v2\/posts\/164797\/revisions"}],"wp:featuredmedia":[{"embeddable":true,"href":"https:\/\/www.intoscana.it\/it\/wp-json\/wp\/v2\/media\/97363"}],"wp:attachment":[{"href":"https:\/\/www.intoscana.it\/it\/wp-json\/wp\/v2\/media?parent=164797"}],"wp:term":[{"taxonomy":"category","embeddable":true,"href":"https:\/\/www.intoscana.it\/it\/wp-json\/wp\/v2\/categories?post=164797"},{"taxonomy":"post_tag","embeddable":true,"href":"https:\/\/www.intoscana.it\/it\/wp-json\/wp\/v2\/tags?post=164797"}],"curies":[{"name":"wp","href":"https:\/\/api.w.org\/{rel}","templated":true}]}}