{"id":164841,"date":"2021-01-21T17:08:05","date_gmt":"2021-01-21T16:08:05","guid":{"rendered":"https:\/\/www.intoscana.it\/it\/?p=164841"},"modified":"2021-01-21T18:01:44","modified_gmt":"2021-01-21T17:01:44","slug":"la-toscana-premia-il-giovane-neuroscienziato-dei-record-gonfalone-dargento-a-giulio-deangeli","status":"publish","type":"post","link":"https:\/\/www.intoscana.it\/it\/la-toscana-premia-il-giovane-neuroscienziato-dei-record-gonfalone-dargento-a-giulio-deangeli\/","title":{"rendered":"La Toscana premia il giovane ricercatore dei record. Gonfalone d&#8217;argento a Giulio Deangeli: &#8220;Orgoglioso e felice&#8221;"},"content":{"rendered":"<p class=\"p1\">Cinque lauree dal 2014 ad oggi e prestigiose borse di studio ottenute dall&#8217;Universit\u00e0 di Cambridge e da quella di Harvard. Sono i numeri da record che tracciano il percorso di Giulio Deangeli, un ragazzo di 25 anni,<span class=\"Apple-converted-space\">\u00a0 <\/span>neuroscienziato e ricercatore, che nelle vita ha una missione: combattere le malattie neurodegenerative.<\/p>\n<p class=\"p1\"><strong>Oggi il giovane plurilaureato all\u2019Universit\u00e0 di Pisa e alla Scuola Superiore Sant\u2019Anna ha ricevuto il<\/strong> <strong>Gonfalone d\u2019argento<\/strong>, la massima onorificenza del Consiglio Regionale della Toscana, dal presidente <strong>Antonio Mazzeo<\/strong>. <em>\u201cE\u2019 il primo gonfalone di questa legislatura<span class=\"Apple-converted-space\">\u00a0 <\/span>ed \u00e8 una scelta simbolica, condivisa con l\u2019ufficio di presidenza &#8211; ha spiegato il presidente &#8211; <span class=\"Apple-converted-space\">\u00a0 V<\/span>ogliamo dare un indirizzo preciso della Toscana che vogliamo, quella in grado di attrarre talenti e di coltivarli&#8221;.<\/em><\/p>\n<p><span class=\"citazione\">Da GiovaniS\u00ec a giovani qui. Vogliamo creare in Toscana tutte le condizioni per attrarre talenti e valorizzarli<\/span><\/p>\n<p class=\"p1\">Pensando al domani, il presidente ha annunciato che coinvolger\u00e0 il giovane neuroscienziato<span class=\"Apple-converted-space\">\u00a0 <\/span>nel progetto <strong>Toscana 2050<\/strong>, la commissione composta dalle principali realt\u00e0 ed eccellenze\u00a0 toscane : <em>\u201cHo chiesto a Giulio di presiedere il gruppo di 10 ragazze e ragazzi per\u00a0 aiutarci a progettare la Toscana di domani e lui ha accettato\u201d. \u201cDa GiovaniS\u00ec a &#8220;giovani qui&#8221; &#8211; <\/em>ha poi detto Mazzeo,\u00a0 parafrasando il progetto regionale che aiuta i ragazzi toscani a costruirsi un futuro e una vita autonoma<em> &#8211; perch\u00e9 vogliamo creare in Toscana tutte le condizioni affinch\u00e9 altri talenti possano tornare e trovare nella nostra regione un luogo che li accolga e li valorizzi\u201d.<\/em><\/p>\n<h3><em>A soli 25 anni una carriera che ha battuto ogni record\u00a0<\/em><\/h3>\n<p class=\"p1\"><mark>In 6 anni, Giulio Deangeli \u00e8 il primo studente in Italia<span class=\"Apple-converted-space\">\u00a0 <\/span>che ha seguito<span class=\"Apple-converted-space\">\u00a0 <\/span>5 percorsi universitari paralleli, tutti conclusi con 110 e lode<\/mark>:<span class=\"Apple-converted-space\">\u00a0 <\/span>la laurea triennale in Biotecnologie, la laurea Triennale in Ingegneria Biomedica, la laurea Magistrale in Medicina e Chirurgia<span class=\"Apple-converted-space\">\u00a0 <\/span>e la laurea Magistrale in Biotecnologie Molecolari, tutte all\u2019 Universit\u00e0 di Pisa. Al Sant\u2019Anna ha ottenuto il diploma di Licenza Magistrale in Scienze Mediche. Tanti anche i suoi riconoscimenti internazionali: \u00e8 vicecampione del mondo ai Mondiali di Neuroscienze presso il XXI Congresso Mondiale di Neurologia, ha vinto la borsa di studio mondiale Harvard HIP (l\u2019unica borsa di studio di Harvard aperta anche agli stranieri) e<span class=\"Apple-converted-space\">\u00a0 <\/span>il primo premio alla Harvard iGEM Biohackaton con una<span class=\"Apple-converted-space\">\u00a0 <\/span>ricerca pubblicata da Science. <strong>Lo scorso anno ha vinto un posto di ricercatore all\u2019Universit\u00e0 di Cambridge, superando una selezione che vede competere oltre 23mila candidati<\/strong>.<\/p>\n<p><span class=\"citazione\">Non ho superpoteri, solo motivazione. Ai miei coetanei dico: andate in laboratorio e innamoratevi della ricerca<\/span><\/p>\n<p class=\"p1\">\u201c<em>Sono orgoglioso e felice, la Toscana mi ha accolto e nutrito di conoscenza &#8211; ha commentato &#8211; <strong>Pisa\u00a0 \u00e8 il melting pot della cultura italiano, mi ha trasmesso l\u2019amore per la ricerca e la necessit\u00e0 di essere multidisciplinare<\/strong>. Dedico la mia vita alla lotta contro le malattie neurodegenerative, un problema sociale enorme. Tocca una persona su 4 e l&#8217;ho vissuta personalmente con mio nonno: \u00e8 una tragedia umana perch\u00e9 ci si sente impotenti\u201d.<\/em><\/p>\n<p class=\"p1\">Lancia un messaggio ai suoi coetanei: <em>&#8220;Io non ho superpoteri, solo motivazione. Consiglio a tutti, prima di mettersi sui libri, di andare sul campo, entrare in laboratorio e innamorarsi della ricerca\u201d. <strong>Presto voler\u00e0 a Cambridge, ma non \u00e8 un cervello in fuga<\/strong>: <mark>\u201cLa ricerca \u00e8 per sua natura internazionale. Il vero dramma \u00e8 recidere il rapporto con il territorio che ti ha formato. Io non lo far\u00f2, torner\u00f2 in Italia\u201d.<\/mark><\/em><\/p>\n","protected":false},"excerpt":{"rendered":"<p>Il presidente del Consiglio Regionale Mazzeo ha consegnato il riconoscimento al giovane neuroscienziato: &#8220;Sar\u00e0 a capo della commissione di 10 ragazzi per il progetto Toscana 2050&#8221;<\/p>\n","protected":false},"author":545,"featured_media":164845,"comment_status":"open","ping_status":"open","sticky":false,"template":"","format":"standard","meta":{"_acf_changed":false,"footnotes":""},"categories":[475],"tags":[4753,213,4373],"class_list":["post-164841","post","type-post","status-publish","format-standard","has-post-thumbnail","hentry","category-innovazione","tag-consiglio-regionale-della-toscana","tag-ricerca","tag-scuola-santanna-di-pisa"],"acf":[],"yoast_head":"<!-- This site is optimized with the Yoast SEO Premium plugin v24.2 (Yoast SEO v25.6) - https:\/\/yoast.com\/wordpress\/plugins\/seo\/ -->\n<title>La Toscana premia il giovane ricercatore dei record. Gonfalone d&#039;argento a Giulio Deangeli: &quot;Orgoglioso e felice&quot; - intoscana<\/title>\n<meta name=\"description\" content=\"Il presidente del Consiglio regionale Mazzeo ha consegnato il riconoscimento al giovane ricercatore: &quot;Sar\u00e0 a capo della commissione di 10 ragazzi per il progetto Toscana 2050&quot;\" \/>\n<meta name=\"robots\" content=\"index, follow, max-snippet:-1, max-image-preview:large, max-video-preview:-1\" \/>\n<link rel=\"canonical\" href=\"https:\/\/www.intoscana.it\/it\/la-toscana-premia-il-giovane-neuroscienziato-dei-record-gonfalone-dargento-a-giulio-deangeli\/\" \/>\n<meta property=\"og:locale\" content=\"it_IT\" \/>\n<meta property=\"og:type\" content=\"article\" \/>\n<meta property=\"og:title\" content=\"La Toscana premia il giovane ricercatore dei record. Gonfalone d&#039;argento a Giulio Deangeli: &quot;Orgoglioso e felice&quot;\" \/>\n<meta property=\"og:description\" content=\"Il presidente del Consiglio regionale Mazzeo ha consegnato il riconoscimento al giovane ricercatore: &quot;Sar\u00e0 a capo della commissione di 10 ragazzi per il progetto Toscana 2050&quot;\" \/>\n<meta property=\"og:url\" content=\"https:\/\/www.intoscana.it\/it\/la-toscana-premia-il-giovane-neuroscienziato-dei-record-gonfalone-dargento-a-giulio-deangeli\/\" \/>\n<meta property=\"og:site_name\" content=\"intoscana\" \/>\n<meta property=\"article:publisher\" content=\"https:\/\/www.facebook.com\/intoscana.it\" \/>\n<meta property=\"article:published_time\" content=\"2021-01-21T16:08:05+00:00\" \/>\n<meta property=\"article:modified_time\" content=\"2021-01-21T17:01:44+00:00\" \/>\n<meta property=\"og:image\" content=\"https:\/\/www.intoscana.it\/wp-content\/uploads\/202010121_GonfaloneDArgentoGiulioDeangeli-28-scaled-e1611246456514.jpg\" \/>\n\t<meta property=\"og:image:width\" content=\"2048\" \/>\n\t<meta property=\"og:image:height\" content=\"751\" \/>\n\t<meta property=\"og:image:type\" content=\"image\/jpeg\" \/>\n<meta name=\"author\" content=\"Clara D&#039;Acunto\" \/>\n<meta name=\"twitter:card\" content=\"summary_large_image\" \/>\n<meta name=\"twitter:creator\" content=\"@intoscana\" \/>\n<meta name=\"twitter:site\" content=\"@intoscana\" \/>\n<meta name=\"twitter:label1\" content=\"Written by\" \/>\n\t<meta name=\"twitter:data1\" content=\"Clara D&#039;Acunto\" \/>\n\t<meta name=\"twitter:label2\" content=\"Est. reading time\" \/>\n\t<meta name=\"twitter:data2\" content=\"3 minuti\" \/>\n<script type=\"application\/ld+json\" class=\"yoast-schema-graph\">{\"@context\":\"https:\/\/schema.org\",\"@graph\":[{\"@type\":\"WebPage\",\"@id\":\"https:\/\/www.intoscana.it\/it\/la-toscana-premia-il-giovane-neuroscienziato-dei-record-gonfalone-dargento-a-giulio-deangeli\/\",\"url\":\"https:\/\/www.intoscana.it\/it\/la-toscana-premia-il-giovane-neuroscienziato-dei-record-gonfalone-dargento-a-giulio-deangeli\/\",\"name\":\"La Toscana premia il giovane ricercatore dei record. Gonfalone d'argento a Giulio Deangeli: \\\"Orgoglioso e felice\\\" - intoscana\",\"isPartOf\":{\"@id\":\"https:\/\/www.intoscana.it\/it\/#website\"},\"primaryImageOfPage\":{\"@id\":\"https:\/\/www.intoscana.it\/it\/la-toscana-premia-il-giovane-neuroscienziato-dei-record-gonfalone-dargento-a-giulio-deangeli\/#primaryimage\"},\"image\":{\"@id\":\"https:\/\/www.intoscana.it\/it\/la-toscana-premia-il-giovane-neuroscienziato-dei-record-gonfalone-dargento-a-giulio-deangeli\/#primaryimage\"},\"thumbnailUrl\":\"https:\/\/www.intoscana.it\/wp-content\/uploads\/202010121_GonfaloneDArgentoGiulioDeangeli-28-scaled-e1611246456514.jpg\",\"datePublished\":\"2021-01-21T16:08:05+00:00\",\"dateModified\":\"2021-01-21T17:01:44+00:00\",\"author\":{\"@id\":\"https:\/\/www.intoscana.it\/it\/#\/schema\/person\/137419af9ef5d385bde52864a841e6ce\"},\"description\":\"Il presidente del Consiglio regionale Mazzeo ha consegnato il riconoscimento al giovane ricercatore: \\\"Sar\u00e0 a capo della commissione di 10 ragazzi per il progetto Toscana 2050\\\"\",\"breadcrumb\":{\"@id\":\"https:\/\/www.intoscana.it\/it\/la-toscana-premia-il-giovane-neuroscienziato-dei-record-gonfalone-dargento-a-giulio-deangeli\/#breadcrumb\"},\"inLanguage\":\"it-IT\",\"potentialAction\":[{\"@type\":\"ReadAction\",\"target\":[\"https:\/\/www.intoscana.it\/it\/la-toscana-premia-il-giovane-neuroscienziato-dei-record-gonfalone-dargento-a-giulio-deangeli\/\"]}]},{\"@type\":\"ImageObject\",\"inLanguage\":\"it-IT\",\"@id\":\"https:\/\/www.intoscana.it\/it\/la-toscana-premia-il-giovane-neuroscienziato-dei-record-gonfalone-dargento-a-giulio-deangeli\/#primaryimage\",\"url\":\"https:\/\/www.intoscana.it\/wp-content\/uploads\/202010121_GonfaloneDArgentoGiulioDeangeli-28-scaled-e1611246456514.jpg\",\"contentUrl\":\"https:\/\/www.intoscana.it\/wp-content\/uploads\/202010121_GonfaloneDArgentoGiulioDeangeli-28-scaled-e1611246456514.jpg\",\"width\":2048,\"height\":751},{\"@type\":\"BreadcrumbList\",\"@id\":\"https:\/\/www.intoscana.it\/it\/la-toscana-premia-il-giovane-neuroscienziato-dei-record-gonfalone-dargento-a-giulio-deangeli\/#breadcrumb\",\"itemListElement\":[{\"@type\":\"ListItem\",\"position\":1,\"name\":\"Home\",\"item\":\"https:\/\/www.intoscana.it\/it\/\"},{\"@type\":\"ListItem\",\"position\":2,\"name\":\"La Toscana premia il giovane ricercatore dei record. Gonfalone d&#8217;argento a Giulio Deangeli: &#8220;Orgoglioso e felice&#8221;\"}]},{\"@type\":\"WebSite\",\"@id\":\"https:\/\/www.intoscana.it\/it\/#website\",\"url\":\"https:\/\/www.intoscana.it\/it\/\",\"name\":\"intoscana\",\"description\":\"\",\"potentialAction\":[{\"@type\":\"SearchAction\",\"target\":{\"@type\":\"EntryPoint\",\"urlTemplate\":\"https:\/\/www.intoscana.it\/it\/?s={search_term_string}\"},\"query-input\":{\"@type\":\"PropertyValueSpecification\",\"valueRequired\":true,\"valueName\":\"search_term_string\"}}],\"inLanguage\":\"it-IT\"},{\"@type\":\"Person\",\"@id\":\"https:\/\/www.intoscana.it\/it\/#\/schema\/person\/137419af9ef5d385bde52864a841e6ce\",\"name\":\"Clara D'Acunto\",\"url\":\"https:\/\/www.intoscana.it\/it\/author\/clara-d_acunto\/\"}]}<\/script>\n<!-- \/ Yoast SEO Premium plugin. -->","yoast_head_json":{"title":"La Toscana premia il giovane ricercatore dei record. Gonfalone d'argento a Giulio Deangeli: \"Orgoglioso e felice\" - intoscana","description":"Il presidente del Consiglio regionale Mazzeo ha consegnato il riconoscimento al giovane ricercatore: \"Sar\u00e0 a capo della commissione di 10 ragazzi per il progetto Toscana 2050\"","robots":{"index":"index","follow":"follow","max-snippet":"max-snippet:-1","max-image-preview":"max-image-preview:large","max-video-preview":"max-video-preview:-1"},"canonical":"https:\/\/www.intoscana.it\/it\/la-toscana-premia-il-giovane-neuroscienziato-dei-record-gonfalone-dargento-a-giulio-deangeli\/","og_locale":"it_IT","og_type":"article","og_title":"La Toscana premia il giovane ricercatore dei record. Gonfalone d'argento a Giulio Deangeli: \"Orgoglioso e felice\"","og_description":"Il presidente del Consiglio regionale Mazzeo ha consegnato il riconoscimento al giovane ricercatore: \"Sar\u00e0 a capo della commissione di 10 ragazzi per il progetto Toscana 2050\"","og_url":"https:\/\/www.intoscana.it\/it\/la-toscana-premia-il-giovane-neuroscienziato-dei-record-gonfalone-dargento-a-giulio-deangeli\/","og_site_name":"intoscana","article_publisher":"https:\/\/www.facebook.com\/intoscana.it","article_published_time":"2021-01-21T16:08:05+00:00","article_modified_time":"2021-01-21T17:01:44+00:00","og_image":[{"width":2048,"height":751,"url":"https:\/\/www.intoscana.it\/wp-content\/uploads\/202010121_GonfaloneDArgentoGiulioDeangeli-28-scaled-e1611246456514.jpg","type":"image\/jpeg"}],"author":"Clara D'Acunto","twitter_card":"summary_large_image","twitter_creator":"@intoscana","twitter_site":"@intoscana","twitter_misc":{"Written by":"Clara D'Acunto","Est. reading time":"3 minuti"},"schema":{"@context":"https:\/\/schema.org","@graph":[{"@type":"WebPage","@id":"https:\/\/www.intoscana.it\/it\/la-toscana-premia-il-giovane-neuroscienziato-dei-record-gonfalone-dargento-a-giulio-deangeli\/","url":"https:\/\/www.intoscana.it\/it\/la-toscana-premia-il-giovane-neuroscienziato-dei-record-gonfalone-dargento-a-giulio-deangeli\/","name":"La Toscana premia il giovane ricercatore dei record. Gonfalone d'argento a Giulio Deangeli: \"Orgoglioso e felice\" - intoscana","isPartOf":{"@id":"https:\/\/www.intoscana.it\/it\/#website"},"primaryImageOfPage":{"@id":"https:\/\/www.intoscana.it\/it\/la-toscana-premia-il-giovane-neuroscienziato-dei-record-gonfalone-dargento-a-giulio-deangeli\/#primaryimage"},"image":{"@id":"https:\/\/www.intoscana.it\/it\/la-toscana-premia-il-giovane-neuroscienziato-dei-record-gonfalone-dargento-a-giulio-deangeli\/#primaryimage"},"thumbnailUrl":"https:\/\/www.intoscana.it\/wp-content\/uploads\/202010121_GonfaloneDArgentoGiulioDeangeli-28-scaled-e1611246456514.jpg","datePublished":"2021-01-21T16:08:05+00:00","dateModified":"2021-01-21T17:01:44+00:00","author":{"@id":"https:\/\/www.intoscana.it\/it\/#\/schema\/person\/137419af9ef5d385bde52864a841e6ce"},"description":"Il presidente del Consiglio regionale Mazzeo ha consegnato il riconoscimento al giovane ricercatore: \"Sar\u00e0 a capo della commissione di 10 ragazzi per il progetto Toscana 2050\"","breadcrumb":{"@id":"https:\/\/www.intoscana.it\/it\/la-toscana-premia-il-giovane-neuroscienziato-dei-record-gonfalone-dargento-a-giulio-deangeli\/#breadcrumb"},"inLanguage":"it-IT","potentialAction":[{"@type":"ReadAction","target":["https:\/\/www.intoscana.it\/it\/la-toscana-premia-il-giovane-neuroscienziato-dei-record-gonfalone-dargento-a-giulio-deangeli\/"]}]},{"@type":"ImageObject","inLanguage":"it-IT","@id":"https:\/\/www.intoscana.it\/it\/la-toscana-premia-il-giovane-neuroscienziato-dei-record-gonfalone-dargento-a-giulio-deangeli\/#primaryimage","url":"https:\/\/www.intoscana.it\/wp-content\/uploads\/202010121_GonfaloneDArgentoGiulioDeangeli-28-scaled-e1611246456514.jpg","contentUrl":"https:\/\/www.intoscana.it\/wp-content\/uploads\/202010121_GonfaloneDArgentoGiulioDeangeli-28-scaled-e1611246456514.jpg","width":2048,"height":751},{"@type":"BreadcrumbList","@id":"https:\/\/www.intoscana.it\/it\/la-toscana-premia-il-giovane-neuroscienziato-dei-record-gonfalone-dargento-a-giulio-deangeli\/#breadcrumb","itemListElement":[{"@type":"ListItem","position":1,"name":"Home","item":"https:\/\/www.intoscana.it\/it\/"},{"@type":"ListItem","position":2,"name":"La Toscana premia il giovane ricercatore dei record. Gonfalone d&#8217;argento a Giulio Deangeli: &#8220;Orgoglioso e felice&#8221;"}]},{"@type":"WebSite","@id":"https:\/\/www.intoscana.it\/it\/#website","url":"https:\/\/www.intoscana.it\/it\/","name":"intoscana","description":"","potentialAction":[{"@type":"SearchAction","target":{"@type":"EntryPoint","urlTemplate":"https:\/\/www.intoscana.it\/it\/?s={search_term_string}"},"query-input":{"@type":"PropertyValueSpecification","valueRequired":true,"valueName":"search_term_string"}}],"inLanguage":"it-IT"},{"@type":"Person","@id":"https:\/\/www.intoscana.it\/it\/#\/schema\/person\/137419af9ef5d385bde52864a841e6ce","name":"Clara D'Acunto","url":"https:\/\/www.intoscana.it\/it\/author\/clara-d_acunto\/"}]}},"_links":{"self":[{"href":"https:\/\/www.intoscana.it\/it\/wp-json\/wp\/v2\/posts\/164841","targetHints":{"allow":["GET"]}}],"collection":[{"href":"https:\/\/www.intoscana.it\/it\/wp-json\/wp\/v2\/posts"}],"about":[{"href":"https:\/\/www.intoscana.it\/it\/wp-json\/wp\/v2\/types\/post"}],"author":[{"embeddable":true,"href":"https:\/\/www.intoscana.it\/it\/wp-json\/wp\/v2\/users\/545"}],"replies":[{"embeddable":true,"href":"https:\/\/www.intoscana.it\/it\/wp-json\/wp\/v2\/comments?post=164841"}],"version-history":[{"count":0,"href":"https:\/\/www.intoscana.it\/it\/wp-json\/wp\/v2\/posts\/164841\/revisions"}],"wp:featuredmedia":[{"embeddable":true,"href":"https:\/\/www.intoscana.it\/it\/wp-json\/wp\/v2\/media\/164845"}],"wp:attachment":[{"href":"https:\/\/www.intoscana.it\/it\/wp-json\/wp\/v2\/media?parent=164841"}],"wp:term":[{"taxonomy":"category","embeddable":true,"href":"https:\/\/www.intoscana.it\/it\/wp-json\/wp\/v2\/categories?post=164841"},{"taxonomy":"post_tag","embeddable":true,"href":"https:\/\/www.intoscana.it\/it\/wp-json\/wp\/v2\/tags?post=164841"}],"curies":[{"name":"wp","href":"https:\/\/api.w.org\/{rel}","templated":true}]}}