{"id":164950,"date":"2021-01-22T12:44:54","date_gmt":"2021-01-22T11:44:54","guid":{"rendered":"https:\/\/www.intoscana.it\/it\/?p=164950"},"modified":"2021-01-22T15:07:14","modified_gmt":"2021-01-22T14:07:14","slug":"ricordi-che-si-intrecciano-sottacqua-mutazioni-di-lucia-damerino","status":"publish","type":"post","link":"https:\/\/www.intoscana.it\/it\/ricordi-che-si-intrecciano-sottacqua-mutazioni-di-lucia-damerino\/","title":{"rendered":"Ricordi che si intrecciano sott\u2019acqua: \u201cMutazioni\u201d di Lucia Damerino"},"content":{"rendered":"<p><strong>Raso, pizzo, sete, crepe de chine, chiffon, taffet\u00e0 di organza, drappeggi<\/strong> che corrono il rischio di essere dimenticati ma che acquistano, <strong>attraverso il movimento fluido dell\u2019acqua una nuova vita<\/strong>, carica di suggestioni.<\/p>\n<p><em><strong>&#8220;MUTAZIONI&#8221;<\/strong><\/em> la mostra fotografia di <strong>Lucia Damerino<\/strong> esposta alla<a href=\"https:\/\/www.crumbgallery.com\" target=\"_blank\" rel=\"noopener noreferrer\"><strong> Crumb Gallery di Firenze<\/strong><\/a> \u00e8 frutto di un progetto nato durante i mesi di <strong>lockdown forzato<\/strong>. \u00c8 un lavoro fotografico che<strong> riflette sulla memoria, sulla storia individuale e famigliare, sui ricordi, a volte anche dolorosi<\/strong>, sulla catarsi che qui avviene attraverso l\u2019azione purificatrice dell\u2019acqua. All\u2019interno di grandi teche di vetro, costruite dalla stessa Damerino, piene d\u2019acqua, fluttuano degli abiti,<strong> abiti da sposa della sorella, i vestiti degli zii, del padre<\/strong>, brandelli di una narrazione privata ma allo stesso tempo parte di una storia universale.\u00a0I vestiti si muovono in modo assolutamente autonomo dai corpi che li hanno abitati, quasi fosse una danza.<strong> Sono messaggi in una bottiglia, poesie galleggianti, memorie abbandonate<\/strong>.<\/p>\n<p><strong>Lucia Damerino,<\/strong> 54 anni, designer, vive e lavora tra Firenze e Milano.<strong> Il suo percorso di ricerca artistica affonda le radici nel tempo,<\/strong> rimanendo a lungo entro confini strettamente privati, fino all\u2019esordio di oggi, grazie a <strong>Crumb Gallery.<\/strong> Professionalmente impegnata nel design e nel set styling, Damerino mutua da questo mondo la fotografia e l\u2019uso degli oggetti, che ora si trasformano in materia significante, espressione di un mondo interiore. Esperienze di vita, memorie di infanzia e di persone care, affiorano, mutano e vivono nuovamente.<\/p>\n<h3>Ecco la nostra intervista<\/h3>\n<p>Mi trovo in <strong>un momento \u201cTsunami\u201d della mia vita<\/strong>, &#8211; ha raccontato Lucia Damerino- ho trovato un senso nuovo alle cose che faccio. Avevo provato nel tempo con l\u2019arte e sempre lasciato, cominciavo a lavorare e abbandonavo anche perch\u00e9 non avevo mai trovato una galleria. <strong>Ora avendo finalmente trovato uno spazio, un interlocutore tutto \u00e8 cambiato. Le ragazze della Crumb Gallery hanno visto le mie foto sui social e \u00e8 nato tutto da l\u00ec. Per me si \u00e8 aperto un mondo nuovo.<\/strong><\/p>\n<p><strong>Com\u2019\u00e8 nata l\u2019idea di mettere i vestiti nell\u2019acqua?<\/strong><\/p>\n<p>Eravamo in lockdown quindi ho cominciato ad usare quello che avevo in casa. Ho iniziato a creare dei <strong>piccoli still life casalinghi<\/strong> dandogli un significato. Tempo fa avevo usato una vasca di vetro per fotografare <strong>un pitone<\/strong> perch\u00e9 avevo paura che scappasse per casa. Era<strong> una serie di foto che si chiamava \u201cIl creativo\u201d in cui lavoravo sulle radici e sul legame con mia mamma<\/strong> mentre stava morendo. Fotografavo <strong>radici, serpenti e alberi tutte cose primitive legate al mito.<\/strong> Quindi mi era rimasta questa vasca di vetro.\u00a0Mi \u00e8 venuto naturale mettere gli abiti in acqua, ho solo seguito quello che mi dettava l\u2019istinto. <strong>La cosa bella del lockdown \u00e8 che essendoci il nulla, essendo tutto fermo io potevo fare quello che mi pareva.<\/strong> Una creazione al contrario, veniva da s\u00e9, non dovevo pensare. <strong>Ero come un bambino che gioca e mette insieme vari elementi.<\/strong> Mi \u00e8 piaciuto cos\u00ec tanto, quando buttavo i vestiti in acqua mi sentivo bene, avevo un senso di pace, \u00e8 stato salvifico.<\/p>\n<p><strong>La tua \u00e8 anche una riflessione sul tempo, sulla memoria. I vestiti in fondo sono anche la rappresentazione metaforica delle persone a cui abbiamo voluto bene e che magari ora non ci sono pi\u00f9, o che noi eravamo in passato<\/strong><\/p>\n<p>La mia mamma mi cuciva i vestiti quando ero piccola, fatti con le sue mani. Il senso di mutazione e trasformazione, come il serpente cambia pelle io lo vedo negli abiti che noi cambiamo come una pelle. <strong>I nostri vestiti che non sono solo \u2018look\u2019 sono parte di noi, ci rappresentano nel tempo.<\/strong> Ho fatto tanti sogni legati agli abiti. \u00a0Pensa che ho telefonato alle mie zie in Puglia per farmi mandare i loro vestiti. Maneggiarli mi scatenava un\u2019emozione pazzesca. Gli abiti nel fluttuare in acqua mi danno emozione, nella vasca chiusa si crea un mondo. I limiti, la definizione dello spazio, sentire dove finisce, questo spazio finito gli da una forza diversa, un significato ancora maggiore.<\/p>\n<p><strong>MUTAZIONI sar\u00e0 aperta fino al 28 febbraio 2021, nel rispetto delle norme sanitarie e delle prescrizioni vigenti. Per visitare la mostra \u00e8 consigliato prenotare al numero 347 3681894.<\/strong><\/p>\n<figure id=\"post-164933 media-164933\" class=\"align-none\"><img decoding=\"async\" src=\"https:\/\/www.intoscana.it\/wp-content\/uploads\/IMG_6125_80x4065-scaled.jpg\" alt=\"\" \/><\/figure>\n<div class=\"titleimg\">Mutazioni, Lucia Damerino<\/div>\n","protected":false},"excerpt":{"rendered":"<p>Dal 28 gennaio al 28 febbraio 2021 alla Galleria Crumb di Firenze in mostra una serie di fotografie che riflette sul nostro rapporto col passato<\/p>\n","protected":false},"author":518,"featured_media":164932,"comment_status":"open","ping_status":"open","sticky":false,"template":"","format":"standard","meta":{"_acf_changed":false,"footnotes":""},"categories":[493],"tags":[174,202,4398,242,3138,222],"class_list":["post-164950","post","type-post","status-publish","format-standard","has-post-thumbnail","hentry","category-cultura","tag-arte","tag-firenze","tag-fotografi","tag-fotografia","tag-interviste-agli-artisti","tag-mostre"],"acf":[],"yoast_head":"<!-- This site is optimized with the Yoast SEO Premium plugin v24.2 (Yoast SEO v25.6) - https:\/\/yoast.com\/wordpress\/plugins\/seo\/ -->\n<title>Ricordi che si intrecciano sott\u2019acqua: \u201cMutazioni\u201d di Lucia Damerino - intoscana<\/title>\n<meta name=\"description\" content=\"Dal 28 gennaio al 28 febbraio 2021 alla Galleria Crumb di Firenze in mostra una serie di fotografie che riflette sul passato\" \/>\n<meta name=\"robots\" content=\"index, follow, max-snippet:-1, max-image-preview:large, max-video-preview:-1\" \/>\n<link rel=\"canonical\" href=\"https:\/\/www.intoscana.it\/it\/ricordi-che-si-intrecciano-sottacqua-mutazioni-di-lucia-damerino\/\" \/>\n<meta property=\"og:locale\" content=\"it_IT\" \/>\n<meta property=\"og:type\" content=\"article\" \/>\n<meta property=\"og:title\" content=\"Ricordi che si intrecciano sott\u2019acqua: \u201cMutazioni\u201d di Lucia Damerino\" \/>\n<meta property=\"og:description\" content=\"Dal 28 gennaio al 28 febbraio 2021 alla Galleria Crumb di Firenze in mostra una serie di fotografie che riflette sul passato\" \/>\n<meta property=\"og:url\" content=\"https:\/\/www.intoscana.it\/it\/ricordi-che-si-intrecciano-sottacqua-mutazioni-di-lucia-damerino\/\" \/>\n<meta property=\"og:site_name\" content=\"intoscana\" \/>\n<meta property=\"article:publisher\" content=\"https:\/\/www.facebook.com\/intoscana.it\" \/>\n<meta property=\"article:published_time\" content=\"2021-01-22T11:44:54+00:00\" \/>\n<meta property=\"article:modified_time\" content=\"2021-01-22T14:07:14+00:00\" \/>\n<meta property=\"og:image\" content=\"https:\/\/www.intoscana.it\/wp-content\/uploads\/IMG_6034_4146x80.jpg\" \/>\n\t<meta property=\"og:image:width\" content=\"1930\" \/>\n\t<meta property=\"og:image:height\" content=\"961\" \/>\n\t<meta property=\"og:image:type\" content=\"image\/jpeg\" \/>\n<meta name=\"author\" content=\"Costanza Baldini\" \/>\n<meta name=\"twitter:card\" content=\"summary_large_image\" \/>\n<meta name=\"twitter:creator\" content=\"@intoscana\" \/>\n<meta name=\"twitter:site\" content=\"@intoscana\" \/>\n<meta name=\"twitter:label1\" content=\"Written by\" \/>\n\t<meta name=\"twitter:data1\" content=\"Costanza Baldini\" \/>\n\t<meta name=\"twitter:label2\" content=\"Est. reading time\" \/>\n\t<meta name=\"twitter:data2\" content=\"3 minuti\" \/>\n<script type=\"application\/ld+json\" class=\"yoast-schema-graph\">{\"@context\":\"https:\/\/schema.org\",\"@graph\":[{\"@type\":\"WebPage\",\"@id\":\"https:\/\/www.intoscana.it\/it\/ricordi-che-si-intrecciano-sottacqua-mutazioni-di-lucia-damerino\/\",\"url\":\"https:\/\/www.intoscana.it\/it\/ricordi-che-si-intrecciano-sottacqua-mutazioni-di-lucia-damerino\/\",\"name\":\"Ricordi che si intrecciano sott\u2019acqua: \u201cMutazioni\u201d di Lucia Damerino - intoscana\",\"isPartOf\":{\"@id\":\"https:\/\/www.intoscana.it\/it\/#website\"},\"primaryImageOfPage\":{\"@id\":\"https:\/\/www.intoscana.it\/it\/ricordi-che-si-intrecciano-sottacqua-mutazioni-di-lucia-damerino\/#primaryimage\"},\"image\":{\"@id\":\"https:\/\/www.intoscana.it\/it\/ricordi-che-si-intrecciano-sottacqua-mutazioni-di-lucia-damerino\/#primaryimage\"},\"thumbnailUrl\":\"https:\/\/www.intoscana.it\/wp-content\/uploads\/IMG_6034_4146x80.jpg\",\"datePublished\":\"2021-01-22T11:44:54+00:00\",\"dateModified\":\"2021-01-22T14:07:14+00:00\",\"author\":{\"@id\":\"https:\/\/www.intoscana.it\/it\/#\/schema\/person\/d469f35f09739bdf00bf5dd3f0647a82\"},\"description\":\"Dal 28 gennaio al 28 febbraio 2021 alla Galleria Crumb di Firenze in mostra una serie di fotografie che riflette sul passato\",\"breadcrumb\":{\"@id\":\"https:\/\/www.intoscana.it\/it\/ricordi-che-si-intrecciano-sottacqua-mutazioni-di-lucia-damerino\/#breadcrumb\"},\"inLanguage\":\"it-IT\",\"potentialAction\":[{\"@type\":\"ReadAction\",\"target\":[\"https:\/\/www.intoscana.it\/it\/ricordi-che-si-intrecciano-sottacqua-mutazioni-di-lucia-damerino\/\"]}]},{\"@type\":\"ImageObject\",\"inLanguage\":\"it-IT\",\"@id\":\"https:\/\/www.intoscana.it\/it\/ricordi-che-si-intrecciano-sottacqua-mutazioni-di-lucia-damerino\/#primaryimage\",\"url\":\"https:\/\/www.intoscana.it\/wp-content\/uploads\/IMG_6034_4146x80.jpg\",\"contentUrl\":\"https:\/\/www.intoscana.it\/wp-content\/uploads\/IMG_6034_4146x80.jpg\",\"width\":1930,\"height\":961},{\"@type\":\"BreadcrumbList\",\"@id\":\"https:\/\/www.intoscana.it\/it\/ricordi-che-si-intrecciano-sottacqua-mutazioni-di-lucia-damerino\/#breadcrumb\",\"itemListElement\":[{\"@type\":\"ListItem\",\"position\":1,\"name\":\"Home\",\"item\":\"https:\/\/www.intoscana.it\/it\/\"},{\"@type\":\"ListItem\",\"position\":2,\"name\":\"Ricordi che si intrecciano sott\u2019acqua: \u201cMutazioni\u201d di Lucia Damerino\"}]},{\"@type\":\"WebSite\",\"@id\":\"https:\/\/www.intoscana.it\/it\/#website\",\"url\":\"https:\/\/www.intoscana.it\/it\/\",\"name\":\"intoscana\",\"description\":\"\",\"potentialAction\":[{\"@type\":\"SearchAction\",\"target\":{\"@type\":\"EntryPoint\",\"urlTemplate\":\"https:\/\/www.intoscana.it\/it\/?s={search_term_string}\"},\"query-input\":{\"@type\":\"PropertyValueSpecification\",\"valueRequired\":true,\"valueName\":\"search_term_string\"}}],\"inLanguage\":\"it-IT\"},{\"@type\":\"Person\",\"@id\":\"https:\/\/www.intoscana.it\/it\/#\/schema\/person\/d469f35f09739bdf00bf5dd3f0647a82\",\"name\":\"Costanza Baldini\",\"url\":\"https:\/\/www.intoscana.it\/it\/author\/costanza-baldini\/\"}]}<\/script>\n<!-- \/ Yoast SEO Premium plugin. -->","yoast_head_json":{"title":"Ricordi che si intrecciano sott\u2019acqua: \u201cMutazioni\u201d di Lucia Damerino - intoscana","description":"Dal 28 gennaio al 28 febbraio 2021 alla Galleria Crumb di Firenze in mostra una serie di fotografie che riflette sul passato","robots":{"index":"index","follow":"follow","max-snippet":"max-snippet:-1","max-image-preview":"max-image-preview:large","max-video-preview":"max-video-preview:-1"},"canonical":"https:\/\/www.intoscana.it\/it\/ricordi-che-si-intrecciano-sottacqua-mutazioni-di-lucia-damerino\/","og_locale":"it_IT","og_type":"article","og_title":"Ricordi che si intrecciano sott\u2019acqua: \u201cMutazioni\u201d di Lucia Damerino","og_description":"Dal 28 gennaio al 28 febbraio 2021 alla Galleria Crumb di Firenze in mostra una serie di fotografie che riflette sul passato","og_url":"https:\/\/www.intoscana.it\/it\/ricordi-che-si-intrecciano-sottacqua-mutazioni-di-lucia-damerino\/","og_site_name":"intoscana","article_publisher":"https:\/\/www.facebook.com\/intoscana.it","article_published_time":"2021-01-22T11:44:54+00:00","article_modified_time":"2021-01-22T14:07:14+00:00","og_image":[{"width":1930,"height":961,"url":"https:\/\/www.intoscana.it\/wp-content\/uploads\/IMG_6034_4146x80.jpg","type":"image\/jpeg"}],"author":"Costanza Baldini","twitter_card":"summary_large_image","twitter_creator":"@intoscana","twitter_site":"@intoscana","twitter_misc":{"Written by":"Costanza Baldini","Est. reading time":"3 minuti"},"schema":{"@context":"https:\/\/schema.org","@graph":[{"@type":"WebPage","@id":"https:\/\/www.intoscana.it\/it\/ricordi-che-si-intrecciano-sottacqua-mutazioni-di-lucia-damerino\/","url":"https:\/\/www.intoscana.it\/it\/ricordi-che-si-intrecciano-sottacqua-mutazioni-di-lucia-damerino\/","name":"Ricordi che si intrecciano sott\u2019acqua: \u201cMutazioni\u201d di Lucia Damerino - intoscana","isPartOf":{"@id":"https:\/\/www.intoscana.it\/it\/#website"},"primaryImageOfPage":{"@id":"https:\/\/www.intoscana.it\/it\/ricordi-che-si-intrecciano-sottacqua-mutazioni-di-lucia-damerino\/#primaryimage"},"image":{"@id":"https:\/\/www.intoscana.it\/it\/ricordi-che-si-intrecciano-sottacqua-mutazioni-di-lucia-damerino\/#primaryimage"},"thumbnailUrl":"https:\/\/www.intoscana.it\/wp-content\/uploads\/IMG_6034_4146x80.jpg","datePublished":"2021-01-22T11:44:54+00:00","dateModified":"2021-01-22T14:07:14+00:00","author":{"@id":"https:\/\/www.intoscana.it\/it\/#\/schema\/person\/d469f35f09739bdf00bf5dd3f0647a82"},"description":"Dal 28 gennaio al 28 febbraio 2021 alla Galleria Crumb di Firenze in mostra una serie di fotografie che riflette sul passato","breadcrumb":{"@id":"https:\/\/www.intoscana.it\/it\/ricordi-che-si-intrecciano-sottacqua-mutazioni-di-lucia-damerino\/#breadcrumb"},"inLanguage":"it-IT","potentialAction":[{"@type":"ReadAction","target":["https:\/\/www.intoscana.it\/it\/ricordi-che-si-intrecciano-sottacqua-mutazioni-di-lucia-damerino\/"]}]},{"@type":"ImageObject","inLanguage":"it-IT","@id":"https:\/\/www.intoscana.it\/it\/ricordi-che-si-intrecciano-sottacqua-mutazioni-di-lucia-damerino\/#primaryimage","url":"https:\/\/www.intoscana.it\/wp-content\/uploads\/IMG_6034_4146x80.jpg","contentUrl":"https:\/\/www.intoscana.it\/wp-content\/uploads\/IMG_6034_4146x80.jpg","width":1930,"height":961},{"@type":"BreadcrumbList","@id":"https:\/\/www.intoscana.it\/it\/ricordi-che-si-intrecciano-sottacqua-mutazioni-di-lucia-damerino\/#breadcrumb","itemListElement":[{"@type":"ListItem","position":1,"name":"Home","item":"https:\/\/www.intoscana.it\/it\/"},{"@type":"ListItem","position":2,"name":"Ricordi che si intrecciano sott\u2019acqua: \u201cMutazioni\u201d di Lucia Damerino"}]},{"@type":"WebSite","@id":"https:\/\/www.intoscana.it\/it\/#website","url":"https:\/\/www.intoscana.it\/it\/","name":"intoscana","description":"","potentialAction":[{"@type":"SearchAction","target":{"@type":"EntryPoint","urlTemplate":"https:\/\/www.intoscana.it\/it\/?s={search_term_string}"},"query-input":{"@type":"PropertyValueSpecification","valueRequired":true,"valueName":"search_term_string"}}],"inLanguage":"it-IT"},{"@type":"Person","@id":"https:\/\/www.intoscana.it\/it\/#\/schema\/person\/d469f35f09739bdf00bf5dd3f0647a82","name":"Costanza Baldini","url":"https:\/\/www.intoscana.it\/it\/author\/costanza-baldini\/"}]}},"_links":{"self":[{"href":"https:\/\/www.intoscana.it\/it\/wp-json\/wp\/v2\/posts\/164950","targetHints":{"allow":["GET"]}}],"collection":[{"href":"https:\/\/www.intoscana.it\/it\/wp-json\/wp\/v2\/posts"}],"about":[{"href":"https:\/\/www.intoscana.it\/it\/wp-json\/wp\/v2\/types\/post"}],"author":[{"embeddable":true,"href":"https:\/\/www.intoscana.it\/it\/wp-json\/wp\/v2\/users\/518"}],"replies":[{"embeddable":true,"href":"https:\/\/www.intoscana.it\/it\/wp-json\/wp\/v2\/comments?post=164950"}],"version-history":[{"count":0,"href":"https:\/\/www.intoscana.it\/it\/wp-json\/wp\/v2\/posts\/164950\/revisions"}],"wp:featuredmedia":[{"embeddable":true,"href":"https:\/\/www.intoscana.it\/it\/wp-json\/wp\/v2\/media\/164932"}],"wp:attachment":[{"href":"https:\/\/www.intoscana.it\/it\/wp-json\/wp\/v2\/media?parent=164950"}],"wp:term":[{"taxonomy":"category","embeddable":true,"href":"https:\/\/www.intoscana.it\/it\/wp-json\/wp\/v2\/categories?post=164950"},{"taxonomy":"post_tag","embeddable":true,"href":"https:\/\/www.intoscana.it\/it\/wp-json\/wp\/v2\/tags?post=164950"}],"curies":[{"name":"wp","href":"https:\/\/api.w.org\/{rel}","templated":true}]}}