{"id":165286,"date":"2021-01-26T10:38:29","date_gmt":"2021-01-26T09:38:29","guid":{"rendered":"https:\/\/www.intoscana.it\/it\/?p=165286"},"modified":"2021-01-26T10:39:24","modified_gmt":"2021-01-26T09:39:24","slug":"giovani-architetti-immaginano-la-firenze-post-covid-aree-verdi-recupero-di-spazi-abbandonati-e-tecnologia","status":"publish","type":"post","link":"https:\/\/www.intoscana.it\/it\/giovani-architetti-immaginano-la-firenze-post-covid-aree-verdi-recupero-di-spazi-abbandonati-e-tecnologia\/","title":{"rendered":"Giovani architetti immaginano la Firenze post-covid. Aree verdi, recupero di spazi abbandonati e tecnologia"},"content":{"rendered":"<p>Come vivere le citt\u00e0 oggi? E come ripensarle dopo la pandemia? Certo \u00e8 che nelle priorit\u00e0 emergono gli spazi verdi, il ripensamento delle aree da recuperare, da rigenerare. <strong>Firenze<\/strong> \u00e8 gi\u00e0 al lavoro su questo punto ed ha chiamato in causa per costruire la citt\u00e0 del futuro (ma anche di un presente prossimo) le giovani menti universitarie.<\/p>\n<p>Sono stati presentati infatti nelle scorse ore i vincitori del concorso <strong>&#8220;Un-locking cities&#8221;<\/strong> promosso da Dida, con il patrocinio del comune, proprio per immaginare nuovi scenari urbani.<\/p>\n<h3>Dalle terrazze condominiali ad un nuovo parco urbano: come potrebbe cambiare la citt\u00e0<\/h3>\n<p>In tutto <strong>12 idee-progetto<\/strong>, dall&#8217;applicazione pensata per condividere giardini tra privati migliorando le proprie aree verdi attraverso un sistema di incentivi e buoni sconto fino il recupero di spazi urbani abbandonati da restituire alla collettivit\u00e0, passando per la valorizzazione delle <strong>terrazze condominiali<\/strong> per le loro potenzialit\u00e0 sociali. E poi sul piatto degli architetti c&#8217;\u00e8 la creazione di un <strong>parco urbano del Terzo Paesaggio<\/strong> lungo il viadotto Marco Polo, la <strong>rigenerazione dell\u2019ex Caserma Perotti<\/strong> con nuove funzioni integrate, il modulo di un giardino condominiale componibile e adattabile con percorsi, arredi e sistema di recupero delle acque.<\/p>\n<h3>Del Re: &#8220;Nuovo modello di citt\u00e0 orientato alla sostenibilit\u00e0 ed alla resilienza&#8221;<\/h3>\n<p><em>\u201cUn\u2019iniziativa che ha messo al centro del cambiamento e della progettazione le idee pi\u00f9 vive della nostra comunit\u00e0<\/em> &#8211; ha spiegato l\u2019assessore all\u2019Urbanistica e ambiente\u00a0 del comune di Firenze <strong>Cecilia Del Re<\/strong> -. <em>Grazie a questo concorso, sono stati infatti gli studenti delle scuole e facolt\u00e0 di architettura a misurarsi con l\u2019urgenza di disegnare un nuovo modello di citt\u00e0: un modello orientato alla sostenibilit\u00e0 e alla resilienza, che possa consentire ai nostri spazi urbani pubblici e privati di rispondere in modo pi\u00f9 efficace ai nuovi bisogni e scenari di un mondo cos\u00ec fragile\u201d.<\/em><\/p>\n<h3>183 idee-progetto da tutto il mondo, dal Per\u00f9 alla Cina<\/h3>\n<p>Idee messe a disposizione dunque della costruzione della nuova immagine di Firenze, basate su luoghi concreti che dovrebbero essere in parte o totalmente ripensati. Il concorso &#8211; lanciato lo scorso settembre scorso dal DIDA-Dipartimento di Architettura dell\u2019Universit\u00e0 di Firenze\u00a0 &#8211; aveva infatti l&#8217; obiettivo di pensare a nuovi scenari per l\u2019abitare, l\u2019apprendimento, la mobilit\u00e0, la prossimit\u00e0 e le nature urbane.\u00a0 82 le proposte arrivate per un totale di 183 partecipanti dall\u2019Italia e dall\u2019estero (Spagna, Germania, Albania, Francia, Romania, Argentina, Marocco, Per\u00f9, Cina).<\/p>\n<p><em>\u201cUn\u2019iniziativa che rappresenta una speranza di futuro<\/em> &#8211; ha fatto eco l\u2019assessore\u00a0 <strong>Elisabetta Meucci<\/strong> &#8211; f<em>acendo emergere una nuovissima leva di professionisti che dimostra di essere perfettamente in grado di interpretare le esigenze del nostro tempo e di essere all\u2019altezza della generazione precedente. Questo porta con s\u00e9 anche la necessit\u00e0 di un\u2019assunzione di responsabilit\u00e0 da parte delle istituzioni pubbliche cui spetta di adoperarsi per creare il contesto favorevole al sostegno e allo sviluppo di queste competenze emergenti\u201d<\/em>.<\/p>\n<p>&nbsp;<\/p>\n","protected":false},"excerpt":{"rendered":"<p>183 idee arrivate da tutto il mondo per il concorso Un-locking cities promosso dall&#8217;Universit\u00e0 di Firenze. 12 i progetti selezionati che &#8216;ridisegnano&#8217; la citt\u00e0. L&#8217;assessore Del Re: &#8220;Nuovo modello di citt\u00e0 orientato alla sostenibilit\u00e0 ed alla resilienza&#8221;<\/p>\n","protected":false},"author":525,"featured_media":149018,"comment_status":"open","ping_status":"open","sticky":false,"template":"","format":"standard","meta":{"_acf_changed":false,"footnotes":""},"categories":[475],"tags":[178,202,5290,5366],"class_list":["post-165286","post","type-post","status-publish","format-standard","has-post-thumbnail","hentry","category-innovazione","tag-comune-di-firenze","tag-firenze","tag-rigenerazione-urbana","tag-un-locking-cities"],"acf":[],"yoast_head":"<!-- This site is optimized with the Yoast SEO Premium plugin v24.2 (Yoast SEO v25.6) - https:\/\/yoast.com\/wordpress\/plugins\/seo\/ -->\n<title>Giovani architetti immaginano la Firenze post-covid. Aree verdi, recupero di spazi abbandonati e tecnologia - intoscana<\/title>\n<meta name=\"description\" content=\"183 idee da tutto il mondo per il concorso Un-locking cities dell&#039;ateneo fiorentino. 12 i progetti vincitori che &#039;ridisegnano&#039; la citt\u00e0.\" \/>\n<meta name=\"robots\" content=\"index, follow, max-snippet:-1, max-image-preview:large, max-video-preview:-1\" \/>\n<link rel=\"canonical\" href=\"https:\/\/www.intoscana.it\/it\/giovani-architetti-immaginano-la-firenze-post-covid-aree-verdi-recupero-di-spazi-abbandonati-e-tecnologia\/\" \/>\n<meta property=\"og:locale\" content=\"it_IT\" \/>\n<meta property=\"og:type\" content=\"article\" \/>\n<meta property=\"og:title\" content=\"Giovani architetti immaginano la Firenze post-covid. Aree verdi, recupero di spazi abbandonati e tecnologia\" \/>\n<meta property=\"og:description\" content=\"183 idee da tutto il mondo per il concorso Un-locking cities dell&#039;ateneo fiorentino. 12 i progetti vincitori che &#039;ridisegnano&#039; la citt\u00e0.\" \/>\n<meta property=\"og:url\" content=\"https:\/\/www.intoscana.it\/it\/giovani-architetti-immaginano-la-firenze-post-covid-aree-verdi-recupero-di-spazi-abbandonati-e-tecnologia\/\" \/>\n<meta property=\"og:site_name\" content=\"intoscana\" \/>\n<meta property=\"article:publisher\" content=\"https:\/\/www.facebook.com\/intoscana.it\" \/>\n<meta property=\"article:published_time\" content=\"2021-01-26T09:38:29+00:00\" \/>\n<meta property=\"article:modified_time\" content=\"2021-01-26T09:39:24+00:00\" \/>\n<meta property=\"og:image\" content=\"https:\/\/www.intoscana.it\/wp-content\/uploads\/Panorama_Firenze_donna_che_guarda_0k-scaled.jpg\" \/>\n\t<meta property=\"og:image:width\" content=\"2048\" \/>\n\t<meta property=\"og:image:height\" content=\"1366\" \/>\n\t<meta property=\"og:image:type\" content=\"image\/jpeg\" \/>\n<meta name=\"author\" content=\"Redazione\" \/>\n<meta name=\"twitter:card\" content=\"summary_large_image\" \/>\n<meta name=\"twitter:creator\" content=\"@intoscana\" \/>\n<meta name=\"twitter:site\" content=\"@intoscana\" \/>\n<meta name=\"twitter:label1\" content=\"Written by\" \/>\n\t<meta name=\"twitter:data1\" content=\"Redazione\" \/>\n\t<meta name=\"twitter:label2\" content=\"Est. reading time\" \/>\n\t<meta name=\"twitter:data2\" content=\"2 minuti\" \/>\n<script type=\"application\/ld+json\" class=\"yoast-schema-graph\">{\"@context\":\"https:\/\/schema.org\",\"@graph\":[{\"@type\":\"WebPage\",\"@id\":\"https:\/\/www.intoscana.it\/it\/giovani-architetti-immaginano-la-firenze-post-covid-aree-verdi-recupero-di-spazi-abbandonati-e-tecnologia\/\",\"url\":\"https:\/\/www.intoscana.it\/it\/giovani-architetti-immaginano-la-firenze-post-covid-aree-verdi-recupero-di-spazi-abbandonati-e-tecnologia\/\",\"name\":\"Giovani architetti immaginano la Firenze post-covid. Aree verdi, recupero di spazi abbandonati e tecnologia - intoscana\",\"isPartOf\":{\"@id\":\"https:\/\/www.intoscana.it\/it\/#website\"},\"primaryImageOfPage\":{\"@id\":\"https:\/\/www.intoscana.it\/it\/giovani-architetti-immaginano-la-firenze-post-covid-aree-verdi-recupero-di-spazi-abbandonati-e-tecnologia\/#primaryimage\"},\"image\":{\"@id\":\"https:\/\/www.intoscana.it\/it\/giovani-architetti-immaginano-la-firenze-post-covid-aree-verdi-recupero-di-spazi-abbandonati-e-tecnologia\/#primaryimage\"},\"thumbnailUrl\":\"https:\/\/www.intoscana.it\/wp-content\/uploads\/Panorama_Firenze_donna_che_guarda_0k-scaled.jpg\",\"datePublished\":\"2021-01-26T09:38:29+00:00\",\"dateModified\":\"2021-01-26T09:39:24+00:00\",\"author\":{\"@id\":\"https:\/\/www.intoscana.it\/it\/#\/schema\/person\/9223810753230f20bd670fdd322661f8\"},\"description\":\"183 idee da tutto il mondo per il concorso Un-locking cities dell'ateneo fiorentino. 12 i progetti vincitori che 'ridisegnano' la citt\u00e0.\",\"breadcrumb\":{\"@id\":\"https:\/\/www.intoscana.it\/it\/giovani-architetti-immaginano-la-firenze-post-covid-aree-verdi-recupero-di-spazi-abbandonati-e-tecnologia\/#breadcrumb\"},\"inLanguage\":\"it-IT\",\"potentialAction\":[{\"@type\":\"ReadAction\",\"target\":[\"https:\/\/www.intoscana.it\/it\/giovani-architetti-immaginano-la-firenze-post-covid-aree-verdi-recupero-di-spazi-abbandonati-e-tecnologia\/\"]}]},{\"@type\":\"ImageObject\",\"inLanguage\":\"it-IT\",\"@id\":\"https:\/\/www.intoscana.it\/it\/giovani-architetti-immaginano-la-firenze-post-covid-aree-verdi-recupero-di-spazi-abbandonati-e-tecnologia\/#primaryimage\",\"url\":\"https:\/\/www.intoscana.it\/wp-content\/uploads\/Panorama_Firenze_donna_che_guarda_0k-scaled.jpg\",\"contentUrl\":\"https:\/\/www.intoscana.it\/wp-content\/uploads\/Panorama_Firenze_donna_che_guarda_0k-scaled.jpg\",\"width\":2048,\"height\":1366,\"caption\":\"Panorama di Firenze\"},{\"@type\":\"BreadcrumbList\",\"@id\":\"https:\/\/www.intoscana.it\/it\/giovani-architetti-immaginano-la-firenze-post-covid-aree-verdi-recupero-di-spazi-abbandonati-e-tecnologia\/#breadcrumb\",\"itemListElement\":[{\"@type\":\"ListItem\",\"position\":1,\"name\":\"Home\",\"item\":\"https:\/\/www.intoscana.it\/it\/\"},{\"@type\":\"ListItem\",\"position\":2,\"name\":\"Giovani architetti immaginano la Firenze post-covid. Aree verdi, recupero di spazi abbandonati e tecnologia\"}]},{\"@type\":\"WebSite\",\"@id\":\"https:\/\/www.intoscana.it\/it\/#website\",\"url\":\"https:\/\/www.intoscana.it\/it\/\",\"name\":\"intoscana\",\"description\":\"\",\"potentialAction\":[{\"@type\":\"SearchAction\",\"target\":{\"@type\":\"EntryPoint\",\"urlTemplate\":\"https:\/\/www.intoscana.it\/it\/?s={search_term_string}\"},\"query-input\":{\"@type\":\"PropertyValueSpecification\",\"valueRequired\":true,\"valueName\":\"search_term_string\"}}],\"inLanguage\":\"it-IT\"},{\"@type\":\"Person\",\"@id\":\"https:\/\/www.intoscana.it\/it\/#\/schema\/person\/9223810753230f20bd670fdd322661f8\",\"name\":\"Redazione\",\"url\":\"https:\/\/www.intoscana.it\/it\/author\/redazione\/\"}]}<\/script>\n<!-- \/ Yoast SEO Premium plugin. -->","yoast_head_json":{"title":"Giovani architetti immaginano la Firenze post-covid. Aree verdi, recupero di spazi abbandonati e tecnologia - intoscana","description":"183 idee da tutto il mondo per il concorso Un-locking cities dell'ateneo fiorentino. 12 i progetti vincitori che 'ridisegnano' la citt\u00e0.","robots":{"index":"index","follow":"follow","max-snippet":"max-snippet:-1","max-image-preview":"max-image-preview:large","max-video-preview":"max-video-preview:-1"},"canonical":"https:\/\/www.intoscana.it\/it\/giovani-architetti-immaginano-la-firenze-post-covid-aree-verdi-recupero-di-spazi-abbandonati-e-tecnologia\/","og_locale":"it_IT","og_type":"article","og_title":"Giovani architetti immaginano la Firenze post-covid. Aree verdi, recupero di spazi abbandonati e tecnologia","og_description":"183 idee da tutto il mondo per il concorso Un-locking cities dell'ateneo fiorentino. 12 i progetti vincitori che 'ridisegnano' la citt\u00e0.","og_url":"https:\/\/www.intoscana.it\/it\/giovani-architetti-immaginano-la-firenze-post-covid-aree-verdi-recupero-di-spazi-abbandonati-e-tecnologia\/","og_site_name":"intoscana","article_publisher":"https:\/\/www.facebook.com\/intoscana.it","article_published_time":"2021-01-26T09:38:29+00:00","article_modified_time":"2021-01-26T09:39:24+00:00","og_image":[{"width":2048,"height":1366,"url":"https:\/\/www.intoscana.it\/wp-content\/uploads\/Panorama_Firenze_donna_che_guarda_0k-scaled.jpg","type":"image\/jpeg"}],"author":"Redazione","twitter_card":"summary_large_image","twitter_creator":"@intoscana","twitter_site":"@intoscana","twitter_misc":{"Written by":"Redazione","Est. reading time":"2 minuti"},"schema":{"@context":"https:\/\/schema.org","@graph":[{"@type":"WebPage","@id":"https:\/\/www.intoscana.it\/it\/giovani-architetti-immaginano-la-firenze-post-covid-aree-verdi-recupero-di-spazi-abbandonati-e-tecnologia\/","url":"https:\/\/www.intoscana.it\/it\/giovani-architetti-immaginano-la-firenze-post-covid-aree-verdi-recupero-di-spazi-abbandonati-e-tecnologia\/","name":"Giovani architetti immaginano la Firenze post-covid. Aree verdi, recupero di spazi abbandonati e tecnologia - intoscana","isPartOf":{"@id":"https:\/\/www.intoscana.it\/it\/#website"},"primaryImageOfPage":{"@id":"https:\/\/www.intoscana.it\/it\/giovani-architetti-immaginano-la-firenze-post-covid-aree-verdi-recupero-di-spazi-abbandonati-e-tecnologia\/#primaryimage"},"image":{"@id":"https:\/\/www.intoscana.it\/it\/giovani-architetti-immaginano-la-firenze-post-covid-aree-verdi-recupero-di-spazi-abbandonati-e-tecnologia\/#primaryimage"},"thumbnailUrl":"https:\/\/www.intoscana.it\/wp-content\/uploads\/Panorama_Firenze_donna_che_guarda_0k-scaled.jpg","datePublished":"2021-01-26T09:38:29+00:00","dateModified":"2021-01-26T09:39:24+00:00","author":{"@id":"https:\/\/www.intoscana.it\/it\/#\/schema\/person\/9223810753230f20bd670fdd322661f8"},"description":"183 idee da tutto il mondo per il concorso Un-locking cities dell'ateneo fiorentino. 12 i progetti vincitori che 'ridisegnano' la citt\u00e0.","breadcrumb":{"@id":"https:\/\/www.intoscana.it\/it\/giovani-architetti-immaginano-la-firenze-post-covid-aree-verdi-recupero-di-spazi-abbandonati-e-tecnologia\/#breadcrumb"},"inLanguage":"it-IT","potentialAction":[{"@type":"ReadAction","target":["https:\/\/www.intoscana.it\/it\/giovani-architetti-immaginano-la-firenze-post-covid-aree-verdi-recupero-di-spazi-abbandonati-e-tecnologia\/"]}]},{"@type":"ImageObject","inLanguage":"it-IT","@id":"https:\/\/www.intoscana.it\/it\/giovani-architetti-immaginano-la-firenze-post-covid-aree-verdi-recupero-di-spazi-abbandonati-e-tecnologia\/#primaryimage","url":"https:\/\/www.intoscana.it\/wp-content\/uploads\/Panorama_Firenze_donna_che_guarda_0k-scaled.jpg","contentUrl":"https:\/\/www.intoscana.it\/wp-content\/uploads\/Panorama_Firenze_donna_che_guarda_0k-scaled.jpg","width":2048,"height":1366,"caption":"Panorama di Firenze"},{"@type":"BreadcrumbList","@id":"https:\/\/www.intoscana.it\/it\/giovani-architetti-immaginano-la-firenze-post-covid-aree-verdi-recupero-di-spazi-abbandonati-e-tecnologia\/#breadcrumb","itemListElement":[{"@type":"ListItem","position":1,"name":"Home","item":"https:\/\/www.intoscana.it\/it\/"},{"@type":"ListItem","position":2,"name":"Giovani architetti immaginano la Firenze post-covid. Aree verdi, recupero di spazi abbandonati e tecnologia"}]},{"@type":"WebSite","@id":"https:\/\/www.intoscana.it\/it\/#website","url":"https:\/\/www.intoscana.it\/it\/","name":"intoscana","description":"","potentialAction":[{"@type":"SearchAction","target":{"@type":"EntryPoint","urlTemplate":"https:\/\/www.intoscana.it\/it\/?s={search_term_string}"},"query-input":{"@type":"PropertyValueSpecification","valueRequired":true,"valueName":"search_term_string"}}],"inLanguage":"it-IT"},{"@type":"Person","@id":"https:\/\/www.intoscana.it\/it\/#\/schema\/person\/9223810753230f20bd670fdd322661f8","name":"Redazione","url":"https:\/\/www.intoscana.it\/it\/author\/redazione\/"}]}},"_links":{"self":[{"href":"https:\/\/www.intoscana.it\/it\/wp-json\/wp\/v2\/posts\/165286","targetHints":{"allow":["GET"]}}],"collection":[{"href":"https:\/\/www.intoscana.it\/it\/wp-json\/wp\/v2\/posts"}],"about":[{"href":"https:\/\/www.intoscana.it\/it\/wp-json\/wp\/v2\/types\/post"}],"author":[{"embeddable":true,"href":"https:\/\/www.intoscana.it\/it\/wp-json\/wp\/v2\/users\/525"}],"replies":[{"embeddable":true,"href":"https:\/\/www.intoscana.it\/it\/wp-json\/wp\/v2\/comments?post=165286"}],"version-history":[{"count":0,"href":"https:\/\/www.intoscana.it\/it\/wp-json\/wp\/v2\/posts\/165286\/revisions"}],"wp:featuredmedia":[{"embeddable":true,"href":"https:\/\/www.intoscana.it\/it\/wp-json\/wp\/v2\/media\/149018"}],"wp:attachment":[{"href":"https:\/\/www.intoscana.it\/it\/wp-json\/wp\/v2\/media?parent=165286"}],"wp:term":[{"taxonomy":"category","embeddable":true,"href":"https:\/\/www.intoscana.it\/it\/wp-json\/wp\/v2\/categories?post=165286"},{"taxonomy":"post_tag","embeddable":true,"href":"https:\/\/www.intoscana.it\/it\/wp-json\/wp\/v2\/tags?post=165286"}],"curies":[{"name":"wp","href":"https:\/\/api.w.org\/{rel}","templated":true}]}}