{"id":165543,"date":"2021-01-27T17:20:55","date_gmt":"2021-01-27T16:20:55","guid":{"rendered":"https:\/\/www.intoscana.it\/it\/?p=165543"},"modified":"2021-01-27T18:09:41","modified_gmt":"2021-01-27T17:09:41","slug":"mercato-centrale-firenze-saldi","status":"publish","type":"post","link":"https:\/\/www.intoscana.it\/it\/mercato-centrale-firenze-saldi\/","title":{"rendered":"Il Mercato Centrale di Firenze lancia i saldi dell&#8217;alimentare"},"content":{"rendered":"<p>Sconti e prezzi bloccati per spronare i fiorentini a tornare a fare la spesa in uno dei luoghi pi\u00f9 belli della citt\u00e0: il Mercato Centrale. \u00c8 questo l&#8217;obiettivo dei <strong>saldi dell&#8217;alimentare, l&#8217;iniziativa lanciata al piano terra del Mercato Centrale,<\/strong> con sconti che possono arrivare fino al 30% sui prodotti pi\u00f9 disparati, che vanno dalla carne al pesce fino a pane, pizza, dolci, specialit\u00e0 toscane e piatti della tradizione.<\/p>\n<h3>Una spesa conveniente a km zero<\/h3>\n<p>L&#8217;obiettivo \u00e8 aiutare i fiorentini a portare a casa una spesa a km zero buona e conveniente. O<strong>gni settimana inoltre saranno scelti cinque prodotti, da vendere in modalit\u00e0 sottocosto<\/strong>. In generale inoltre il Mercato ha deciso di bloccare i prezzi per tutto l&#8217;anno.<\/p>\n<p><strong>Il volantino delle offerte sar\u00e0 pubblicato ogni sabato, dal 30 gennaio,<\/strong> sulla pagina Facebook <a href=\"https:\/\/www.facebook.com\/mercatocentralefirenze\" target=\"_blank\" rel=\"noopener noreferrer\">&#8220;Storico Mercato Centrale Firenze&#8221;<\/a>\u00a0e gli articoli sottocosto saranno identificati tramite il cartellino &#8216;sconto social&#8217;.<\/p>\n<h3>Aiutare i produttori in difficolt\u00e0<\/h3>\n<p><strong><em>&#8220;I produttori sono in difficolt\u00e0, i ristoranti hanno chiuso e le <\/em><em>nostre botteghe, che si riforniscono da fattorie, campagne e <\/em><\/strong><em><strong>allevamenti del territorio,<\/strong> per via delle limitazioni che <\/em><em>riguardano la mobilit\u00e0, vendono meno <\/em>&#8211; spiega Massimo Manetti, presidente del Consorzio dello storico Mercato Centrale &#8211; <em>ci auguriamo, con questo mese di sconti, di sensibilizzare i <\/em><em>fiorentini e di riportarli a fare la spesa in centro, a vivere i <\/em><em>piccoli negozi e le botteghe&#8221;.<\/em><\/p>\n","protected":false},"excerpt":{"rendered":"<p>L&#8217;obiettivo degli sconti e dei prezzi bloccati \u00e8 difendere le produzioni a km zero e riportare i fiorentini a fare la spesa in centro<\/p>\n","protected":false},"author":525,"featured_media":165550,"comment_status":"open","ping_status":"open","sticky":false,"template":"","format":"standard","meta":{"_acf_changed":false,"footnotes":""},"categories":[8],"tags":[282,202,5120,436],"class_list":["post-165543","post","type-post","status-publish","format-standard","has-post-thumbnail","hentry","category-enogastronomia","tag-agroalimentare","tag-firenze","tag-mercato","tag-prodotti-tipici"],"acf":[],"yoast_head":"<!-- This site is optimized with the Yoast SEO Premium plugin v24.2 (Yoast SEO v25.6) - https:\/\/yoast.com\/wordpress\/plugins\/seo\/ -->\n<title>Il Mercato Centrale di Firenze lancia i saldi dell&#039;alimentare - intoscana<\/title>\n<meta name=\"description\" content=\"Il piano terra del Mercato Centrale di Firenze lancia gli sconti sui prodotti alimentari per far tornare i fiorentini a fare la spesa in centro.\" \/>\n<meta name=\"robots\" content=\"index, follow, max-snippet:-1, max-image-preview:large, max-video-preview:-1\" \/>\n<link rel=\"canonical\" href=\"https:\/\/www.intoscana.it\/it\/mercato-centrale-firenze-saldi\/\" \/>\n<meta property=\"og:locale\" content=\"it_IT\" \/>\n<meta property=\"og:type\" content=\"article\" \/>\n<meta property=\"og:title\" content=\"Il Mercato Centrale di Firenze lancia i saldi dell&#039;alimentare\" \/>\n<meta property=\"og:description\" content=\"Il piano terra del Mercato Centrale di Firenze lancia gli sconti sui prodotti alimentari per far tornare i fiorentini a fare la spesa in centro.\" \/>\n<meta property=\"og:url\" content=\"https:\/\/www.intoscana.it\/it\/mercato-centrale-firenze-saldi\/\" \/>\n<meta property=\"og:site_name\" content=\"intoscana\" \/>\n<meta property=\"article:publisher\" content=\"https:\/\/www.facebook.com\/intoscana.it\" \/>\n<meta property=\"article:published_time\" content=\"2021-01-27T16:20:55+00:00\" \/>\n<meta property=\"article:modified_time\" content=\"2021-01-27T17:09:41+00:00\" \/>\n<meta property=\"og:image\" content=\"https:\/\/www.intoscana.it\/wp-content\/uploads\/shutterstock_733167712-scaled.jpg\" \/>\n\t<meta property=\"og:image:width\" content=\"2048\" \/>\n\t<meta property=\"og:image:height\" content=\"1366\" \/>\n\t<meta property=\"og:image:type\" content=\"image\/jpeg\" \/>\n<meta name=\"author\" content=\"Redazione\" \/>\n<meta name=\"twitter:card\" content=\"summary_large_image\" \/>\n<meta name=\"twitter:creator\" content=\"@intoscana\" \/>\n<meta name=\"twitter:site\" content=\"@intoscana\" \/>\n<meta name=\"twitter:label1\" content=\"Written by\" \/>\n\t<meta name=\"twitter:data1\" content=\"Redazione\" \/>\n\t<meta name=\"twitter:label2\" content=\"Est. reading time\" \/>\n\t<meta name=\"twitter:data2\" content=\"1 minuto\" \/>\n<script type=\"application\/ld+json\" class=\"yoast-schema-graph\">{\"@context\":\"https:\/\/schema.org\",\"@graph\":[{\"@type\":\"WebPage\",\"@id\":\"https:\/\/www.intoscana.it\/it\/mercato-centrale-firenze-saldi\/\",\"url\":\"https:\/\/www.intoscana.it\/it\/mercato-centrale-firenze-saldi\/\",\"name\":\"Il Mercato Centrale di Firenze lancia i saldi dell'alimentare - intoscana\",\"isPartOf\":{\"@id\":\"https:\/\/www.intoscana.it\/it\/#website\"},\"primaryImageOfPage\":{\"@id\":\"https:\/\/www.intoscana.it\/it\/mercato-centrale-firenze-saldi\/#primaryimage\"},\"image\":{\"@id\":\"https:\/\/www.intoscana.it\/it\/mercato-centrale-firenze-saldi\/#primaryimage\"},\"thumbnailUrl\":\"https:\/\/www.intoscana.it\/wp-content\/uploads\/shutterstock_733167712-scaled.jpg\",\"datePublished\":\"2021-01-27T16:20:55+00:00\",\"dateModified\":\"2021-01-27T17:09:41+00:00\",\"author\":{\"@id\":\"https:\/\/www.intoscana.it\/it\/#\/schema\/person\/9223810753230f20bd670fdd322661f8\"},\"description\":\"Il piano terra del Mercato Centrale di Firenze lancia gli sconti sui prodotti alimentari per far tornare i fiorentini a fare la spesa in centro.\",\"breadcrumb\":{\"@id\":\"https:\/\/www.intoscana.it\/it\/mercato-centrale-firenze-saldi\/#breadcrumb\"},\"inLanguage\":\"it-IT\",\"potentialAction\":[{\"@type\":\"ReadAction\",\"target\":[\"https:\/\/www.intoscana.it\/it\/mercato-centrale-firenze-saldi\/\"]}]},{\"@type\":\"ImageObject\",\"inLanguage\":\"it-IT\",\"@id\":\"https:\/\/www.intoscana.it\/it\/mercato-centrale-firenze-saldi\/#primaryimage\",\"url\":\"https:\/\/www.intoscana.it\/wp-content\/uploads\/shutterstock_733167712-scaled.jpg\",\"contentUrl\":\"https:\/\/www.intoscana.it\/wp-content\/uploads\/shutterstock_733167712-scaled.jpg\",\"width\":2048,\"height\":1366,\"caption\":\"Il piano terra del Mercato Centrale di Firenze\"},{\"@type\":\"BreadcrumbList\",\"@id\":\"https:\/\/www.intoscana.it\/it\/mercato-centrale-firenze-saldi\/#breadcrumb\",\"itemListElement\":[{\"@type\":\"ListItem\",\"position\":1,\"name\":\"Home\",\"item\":\"https:\/\/www.intoscana.it\/it\/\"},{\"@type\":\"ListItem\",\"position\":2,\"name\":\"Il Mercato Centrale di Firenze lancia i saldi dell&#8217;alimentare\"}]},{\"@type\":\"WebSite\",\"@id\":\"https:\/\/www.intoscana.it\/it\/#website\",\"url\":\"https:\/\/www.intoscana.it\/it\/\",\"name\":\"intoscana\",\"description\":\"\",\"potentialAction\":[{\"@type\":\"SearchAction\",\"target\":{\"@type\":\"EntryPoint\",\"urlTemplate\":\"https:\/\/www.intoscana.it\/it\/?s={search_term_string}\"},\"query-input\":{\"@type\":\"PropertyValueSpecification\",\"valueRequired\":true,\"valueName\":\"search_term_string\"}}],\"inLanguage\":\"it-IT\"},{\"@type\":\"Person\",\"@id\":\"https:\/\/www.intoscana.it\/it\/#\/schema\/person\/9223810753230f20bd670fdd322661f8\",\"name\":\"Redazione\",\"url\":\"https:\/\/www.intoscana.it\/it\/author\/redazione\/\"}]}<\/script>\n<!-- \/ Yoast SEO Premium plugin. -->","yoast_head_json":{"title":"Il Mercato Centrale di Firenze lancia i saldi dell'alimentare - intoscana","description":"Il piano terra del Mercato Centrale di Firenze lancia gli sconti sui prodotti alimentari per far tornare i fiorentini a fare la spesa in centro.","robots":{"index":"index","follow":"follow","max-snippet":"max-snippet:-1","max-image-preview":"max-image-preview:large","max-video-preview":"max-video-preview:-1"},"canonical":"https:\/\/www.intoscana.it\/it\/mercato-centrale-firenze-saldi\/","og_locale":"it_IT","og_type":"article","og_title":"Il Mercato Centrale di Firenze lancia i saldi dell'alimentare","og_description":"Il piano terra del Mercato Centrale di Firenze lancia gli sconti sui prodotti alimentari per far tornare i fiorentini a fare la spesa in centro.","og_url":"https:\/\/www.intoscana.it\/it\/mercato-centrale-firenze-saldi\/","og_site_name":"intoscana","article_publisher":"https:\/\/www.facebook.com\/intoscana.it","article_published_time":"2021-01-27T16:20:55+00:00","article_modified_time":"2021-01-27T17:09:41+00:00","og_image":[{"width":2048,"height":1366,"url":"https:\/\/www.intoscana.it\/wp-content\/uploads\/shutterstock_733167712-scaled.jpg","type":"image\/jpeg"}],"author":"Redazione","twitter_card":"summary_large_image","twitter_creator":"@intoscana","twitter_site":"@intoscana","twitter_misc":{"Written by":"Redazione","Est. reading time":"1 minuto"},"schema":{"@context":"https:\/\/schema.org","@graph":[{"@type":"WebPage","@id":"https:\/\/www.intoscana.it\/it\/mercato-centrale-firenze-saldi\/","url":"https:\/\/www.intoscana.it\/it\/mercato-centrale-firenze-saldi\/","name":"Il Mercato Centrale di Firenze lancia i saldi dell'alimentare - intoscana","isPartOf":{"@id":"https:\/\/www.intoscana.it\/it\/#website"},"primaryImageOfPage":{"@id":"https:\/\/www.intoscana.it\/it\/mercato-centrale-firenze-saldi\/#primaryimage"},"image":{"@id":"https:\/\/www.intoscana.it\/it\/mercato-centrale-firenze-saldi\/#primaryimage"},"thumbnailUrl":"https:\/\/www.intoscana.it\/wp-content\/uploads\/shutterstock_733167712-scaled.jpg","datePublished":"2021-01-27T16:20:55+00:00","dateModified":"2021-01-27T17:09:41+00:00","author":{"@id":"https:\/\/www.intoscana.it\/it\/#\/schema\/person\/9223810753230f20bd670fdd322661f8"},"description":"Il piano terra del Mercato Centrale di Firenze lancia gli sconti sui prodotti alimentari per far tornare i fiorentini a fare la spesa in centro.","breadcrumb":{"@id":"https:\/\/www.intoscana.it\/it\/mercato-centrale-firenze-saldi\/#breadcrumb"},"inLanguage":"it-IT","potentialAction":[{"@type":"ReadAction","target":["https:\/\/www.intoscana.it\/it\/mercato-centrale-firenze-saldi\/"]}]},{"@type":"ImageObject","inLanguage":"it-IT","@id":"https:\/\/www.intoscana.it\/it\/mercato-centrale-firenze-saldi\/#primaryimage","url":"https:\/\/www.intoscana.it\/wp-content\/uploads\/shutterstock_733167712-scaled.jpg","contentUrl":"https:\/\/www.intoscana.it\/wp-content\/uploads\/shutterstock_733167712-scaled.jpg","width":2048,"height":1366,"caption":"Il piano terra del Mercato Centrale di Firenze"},{"@type":"BreadcrumbList","@id":"https:\/\/www.intoscana.it\/it\/mercato-centrale-firenze-saldi\/#breadcrumb","itemListElement":[{"@type":"ListItem","position":1,"name":"Home","item":"https:\/\/www.intoscana.it\/it\/"},{"@type":"ListItem","position":2,"name":"Il Mercato Centrale di Firenze lancia i saldi dell&#8217;alimentare"}]},{"@type":"WebSite","@id":"https:\/\/www.intoscana.it\/it\/#website","url":"https:\/\/www.intoscana.it\/it\/","name":"intoscana","description":"","potentialAction":[{"@type":"SearchAction","target":{"@type":"EntryPoint","urlTemplate":"https:\/\/www.intoscana.it\/it\/?s={search_term_string}"},"query-input":{"@type":"PropertyValueSpecification","valueRequired":true,"valueName":"search_term_string"}}],"inLanguage":"it-IT"},{"@type":"Person","@id":"https:\/\/www.intoscana.it\/it\/#\/schema\/person\/9223810753230f20bd670fdd322661f8","name":"Redazione","url":"https:\/\/www.intoscana.it\/it\/author\/redazione\/"}]}},"_links":{"self":[{"href":"https:\/\/www.intoscana.it\/it\/wp-json\/wp\/v2\/posts\/165543","targetHints":{"allow":["GET"]}}],"collection":[{"href":"https:\/\/www.intoscana.it\/it\/wp-json\/wp\/v2\/posts"}],"about":[{"href":"https:\/\/www.intoscana.it\/it\/wp-json\/wp\/v2\/types\/post"}],"author":[{"embeddable":true,"href":"https:\/\/www.intoscana.it\/it\/wp-json\/wp\/v2\/users\/525"}],"replies":[{"embeddable":true,"href":"https:\/\/www.intoscana.it\/it\/wp-json\/wp\/v2\/comments?post=165543"}],"version-history":[{"count":0,"href":"https:\/\/www.intoscana.it\/it\/wp-json\/wp\/v2\/posts\/165543\/revisions"}],"wp:featuredmedia":[{"embeddable":true,"href":"https:\/\/www.intoscana.it\/it\/wp-json\/wp\/v2\/media\/165550"}],"wp:attachment":[{"href":"https:\/\/www.intoscana.it\/it\/wp-json\/wp\/v2\/media?parent=165543"}],"wp:term":[{"taxonomy":"category","embeddable":true,"href":"https:\/\/www.intoscana.it\/it\/wp-json\/wp\/v2\/categories?post=165543"},{"taxonomy":"post_tag","embeddable":true,"href":"https:\/\/www.intoscana.it\/it\/wp-json\/wp\/v2\/tags?post=165543"}],"curies":[{"name":"wp","href":"https:\/\/api.w.org\/{rel}","templated":true}]}}