{"id":165561,"date":"2021-01-28T10:04:43","date_gmt":"2021-01-28T09:04:43","guid":{"rendered":"https:\/\/www.intoscana.it\/it\/?p=165561"},"modified":"2021-01-28T13:46:16","modified_gmt":"2021-01-28T12:46:16","slug":"breakfast-on-tour","status":"publish","type":"post","link":"https:\/\/www.intoscana.it\/it\/breakfast-on-tour\/","title":{"rendered":"&#8220;Breakfast on Tour&#8221; di Giacomo Alberto Vieri: il giro del mondo a colazione"},"content":{"rendered":"<p><strong>Una domenica mattina del 2016<\/strong> Giacomo si sveglia, \u00e8 tornato a Firenze da poco tempo dopo anni passati all&#8217;estero tra <strong>Londra, Madrid, Ibiza<\/strong> e tanti altri luoghi. Alle spalle c&#8217;\u00e8 una vita che gli ha regalato grandi emozioni e forse anche qualche dolore, anche per questo ha deciso di tornare a Firenze senza sapere bene neanche perch\u00e8. Si trova &#8220;a casa&#8221; ma si sente perso,<strong> si sente &#8220;straniero&#8221; in una citt\u00e0 che non riconosce pi\u00f9 come sua e che forse lo \u00e8 neanche mai stata<\/strong>. Si alza, non ha caff\u00e8 o latte per fare colazione. Cos\u00ec<strong> decide di bussare alla porta di un vicino. Quel vicino \u00e8 una splendida signora etiope dagli occhi vivaci<\/strong> che lo accoglie, gli prepara la colazione e lo ascolta. Questo \u00e8 quello che gli esseri umani fanno quando si ricordano di essere tali, offrono un posto a tavola a uno straniero o straniera e ascoltano i suoi guai, le sue avventure, per piangere e ridere insieme.<strong> Tutto questo si definisce empatia,<\/strong> il rispecchiarsi nelle storie degli altri, il fare propri i problemi e le gioie di chi ci sta davanti, un sentimento raro come l&#8217;acqua nel Sahara.<\/p>\n<p>Da questa prima conoscenza nasce l&#8217;idea per\u00a0<em><strong>&#8220;Breakfast on Tour&#8221;<\/strong> <\/em>una rubrica che <strong>Giacomo Alberto Vieri tiene su Repubblica Firenze<\/strong> per vari anni e che adesso diventa un libro con le <strong>illustrazioni di Elisa Puglielli<\/strong> pubblicato da<a href=\"https:\/\/edizioniclichy.it\" target=\"_blank\" rel=\"noopener noreferrer\"><strong> Edizioni Clichy.<\/strong><\/a> Un libro di storie, risate e ricette <strong>dalla tortilla spagnola alla pogaca turca,<\/strong> in cui tra un caff\u00e8 e un lassi le persone raccontano cosa le ha portate a Firenze <strong>amore, lavoro<\/strong>, ma a volte anche <strong>la fuga dalla guerra<\/strong>. Una mappa di <strong>&#8220;forestieri amici&#8221;<\/strong> cos\u00ec\u00a0li definisce il giornalista.<\/p>\n<p><strong>Giacomo Alberto Vieri<\/strong> oltre a <em><strong>Breakfast on Tour<\/strong><\/em> per Repubblica Firenze ha curato anche il blog <a href=\"https:\/\/generazionedifenomeni-firenze.blogautore.repubblica.it\" target=\"_blank\" rel=\"noopener noreferrer\"><strong>Generazione di fenomeni,<\/strong><\/a> lavora attualmente per <strong>Lungarno e Novaradio <\/strong>e collabora da freelance anche per <strong>Il Manifesto e Left.\u00a0<\/strong><\/p>\n<h3>Ecco la nostra intervista<\/h3>\n<p><strong>Ciao Giacomo! Come \u00e8 nata l&#8217;idea di Breakfast on Tour?<\/strong><\/p>\n<p>Nacque una mattina in cui mandai una mail a tutti i giornali di Firenze per proporre il progetto. Volevo provare andare a casa di persone\u00a0straniere per colazione, raccogliere le loro storie e poi scriverle e fare un rubrica. <strong>Mi risposero tre gatti e uno di questi tre era Laura Montanari di Repubblica.<\/strong> Lei fu talmente propositiva\u00a0che mi presentai al direttore e dopo una settimana mandai una prova e cos\u00ec iniziarono a farmi scrivere.<\/p>\n<p><strong>Queste persone a cui ti sei &#8220;auto-invitato&#8221; a colazione come le hai trovate?<\/strong><\/p>\n<p><strong>La prima era una ragazza argentina<\/strong> che al tempo lavorava con\u00a0me in uno studio di architettura. Le dissi <em><strong>&#8216;per favore Gisella facciamo una prova&#8217;,<\/strong><\/em> ora lei \u00e8 tornata a vivere al suo paese. Da l\u00ec chiedevo a tutti se avevano amici stranieri che vivevano a Firenze, tipo<strong> telefono senza fili<\/strong> e tutti iniziarono a linkarmi altre persone. Pian piano sono andato da uno all&#8217;altro. Erano anche persone che conoscevo, io ho sempre bazzicato ambienti multiculturali, ho lavorato anche al festival di cinema del Medio Oriente\u00a0<strong>Middle East.<\/strong><\/p>\n<p><strong>Co&#8217;\u00e8 qualcosa che ti ha stupito? Un filo rosso che lega tutte le storie?<\/strong><\/p>\n<p><strong>Arrivavo sempre con l&#8217;idea che mi avrebbero raccontato storie di dolore e di sofferenza<\/strong>, in realt\u00e0 mi trovavo davanti <strong>persone piene di una speranza allucinante, felici di essere state accolte qua,<\/strong> felici di raccontare la loro storia e felici anche di vivere qua. Era una cosa super strana per me perch\u00e8<strong> devo ammettere che ho iniziato questo progetto perch\u00e8 ero io il primo ad essere insoddisfatto a stare qui<\/strong>. Ero tornato in Italia da Londra dopo tanto tempo. Quando tornai non sapevo neanche\u00a0se avrei vissuto a Firenze perch\u00e8 io sono nato qui ma ho sempre vissuto a Pistoia. <strong>Firenze per me era una scommessa non conoscevo nessuno.<\/strong> Cos\u00ec tornai qua e ero il primo ad essere insoddisfatto,<strong> non sapevo se avevo fatto la scelta giusta perch\u00e8 le opportunit\u00e0 lavorative mi sembravano davvero molto scarse<\/strong>. Fondamentalmente cercavo persone che la pensassero come me, invece in realt\u00e0<strong> mi sono trovato davanti persone che mi hanno fatto rivalutare Firenze.<\/strong> Me l&#8217;hanno fatta prendere veramente bene. Quando si \u00e8 deciso di fare il libro dopo quattro anni ho fatto un giro di telefonate a tutti per sentire cosa fanno oggi. E la cosa bella \u00e8 che il libro raccoglie la ricetta, l&#8217;intervista di allora e poi <strong>c&#8217;\u00e8 un follow up al 2020 in cui si racconta cosa \u00e8 successo nel frattempo.<\/strong> Per me \u00e8 stato davvero emozionante scoprire poi com&#8217;\u00e8 andata avanti la storia. Tanti non sono pi\u00f9 in Italia, alcuni\u00a0hanno scelto altri paesi, altri sono rimasti, <strong>ognuno ha preso la sua strada.<\/strong><\/p>\n<p><strong>Parlando delle ricette c&#8217;\u00e8 qualcosa che non sei riuscito a mangiare?<\/strong><\/p>\n<p>Piuttosto \u00e8 il contrario, io <strong>andavo via da ogni colazione con le schiscette, c&#8217;era da mangiare per tutta la redazione.<\/strong> Mi portavo via proprio delle sacchettate di cibo. Gli ospiti\u00a0preparavano una quantit\u00e0 di piatti indescrivibile, io non riuscivo a mangiare tutto. Mi hanno sempre dato tutto da portare a casa.<\/p>\n<p><strong>Hai capito quali sono i motivi principali per cui le persone hanno scelto di vivere a Firenze?<\/strong><\/p>\n<p>Alcuni per studio, molti ragazzi giovani che facevano qua l&#8217;<strong>Accademia di belle Arti o l&#8217;Erasmus.<\/strong>\u00a0Le persone pi\u00f9 adulte sono venute per amore perch\u00e8\u00a0avevano trovato marito o moglie a Firenze. Poi c&#8217;erano altri casi per esempio <strong>due sorelle siriane che sono venute in Italia dalla Siria<\/strong>. Ma soprattutto per amore e lavoro.<\/p>\n<p><strong>C&#8217;\u00e8 una storia che ti ha colpito pi\u00f9 delle altre?<\/strong><\/p>\n<p><strong>Una famiglia marocchina<\/strong> che viveva a Sesto Fiorentino. <strong>Jasmin e\u00a0Rashid che hanno due figli che a quei tempi avevano 10 e 12 anni.<\/strong> Io lo ricordo come un momento bellissimo perch\u00e8 entrai a casa loro e stetti con loro un intero pomeriggio. Lui faceva tantissimi lavori, lottava\u00a0per l&#8217;integrazione, voleva sentirsi italiano. Quando poi li ho ricontattati<strong> ho scoperto che si sono trasferiti tutti e quattro dopo il primo lockdown a Manchester<\/strong> perch\u00e8\u00a0uno dei due figli che ora ha 18 anni aveva il sogno di vivere in Inghilterra. <strong>Si sono trasferiti con un coraggio incredibile senza conoscere una parola di inglese.<\/strong> Quando ho sentito il padre\u00a0al telefono mi ha detto: <em><strong>&#8220;Io ho sempre fatto tutto per i miei figli, gli voglio dare un&#8217;opportunit\u00e0 lavorativa. In Italia ora non \u00e8 il momento giusto.&#8221;<\/strong><\/em> Pensare a questa famiglia che ha fatto tutto questo insieme per me \u00e8 una cosa bellissima.<\/p>\n<p><strong>Progetti per il futuro?<\/strong><\/p>\n<p>Ho un&#8217;idea, vorrei investire i soldi che guadagner\u00f2 dalla vendita del libro per <strong>lavorare a percorsi integrativi per gli adolescenti delle seconde generazioni<\/strong>. Rimetto tutto in circolo.<\/p>\n<figure id=\"post-165566 media-165566\" class=\"align-none\"><img decoding=\"async\" src=\"https:\/\/www.intoscana.it\/wp-content\/uploads\/41944121_356833148388951_4060631681306984448_n.jpg\" alt=\"\" \/><\/figure>\n<div class=\"titleimg\"><strong>Giacomo Alberto Vieri<\/strong><\/div>\n","protected":false},"excerpt":{"rendered":"<p>Il giornalista fiorentino ci accompagna in un viaggio emozionante attraverso i piatti e le storie di persone che hanno deciso per tanti motivi diversi di vivere a Firenze<\/p>\n","protected":false},"author":518,"featured_media":165565,"comment_status":"open","ping_status":"open","sticky":false,"template":"","format":"standard","meta":{"_acf_changed":false,"footnotes":""},"categories":[4],"tags":[3138,210,2615,262],"class_list":["post-165561","post","type-post","status-publish","format-standard","has-post-thumbnail","hentry","category-storie","tag-interviste-agli-artisti","tag-libri","tag-scrittori","tag-viaggiare"],"acf":[],"yoast_head":"<!-- This site is optimized with the Yoast SEO Premium plugin v24.2 (Yoast SEO v25.6) - https:\/\/yoast.com\/wordpress\/plugins\/seo\/ -->\n<title>&quot;Breakfast on Tour&quot; di Giacomo Alberto Vieri: il giro del mondo a colazione - intoscana<\/title>\n<meta name=\"description\" content=\"Il giornalista ci accompagna in un viaggio emozionante attraverso i piatti e le storie di persone che hanno deciso di vivere a Firenze\" \/>\n<meta name=\"robots\" content=\"index, follow, max-snippet:-1, max-image-preview:large, max-video-preview:-1\" \/>\n<link rel=\"canonical\" href=\"https:\/\/www.intoscana.it\/it\/breakfast-on-tour\/\" \/>\n<meta property=\"og:locale\" content=\"it_IT\" \/>\n<meta property=\"og:type\" content=\"article\" \/>\n<meta property=\"og:title\" content=\"&quot;Breakfast on Tour&quot; di Giacomo Alberto Vieri: il giro del mondo a colazione\" \/>\n<meta property=\"og:description\" content=\"Il giornalista ci accompagna in un viaggio emozionante attraverso i piatti e le storie di persone che hanno deciso di vivere a Firenze\" \/>\n<meta property=\"og:url\" content=\"https:\/\/www.intoscana.it\/it\/breakfast-on-tour\/\" \/>\n<meta property=\"og:site_name\" content=\"intoscana\" \/>\n<meta property=\"article:publisher\" content=\"https:\/\/www.facebook.com\/intoscana.it\" \/>\n<meta property=\"article:published_time\" content=\"2021-01-28T09:04:43+00:00\" \/>\n<meta property=\"article:modified_time\" content=\"2021-01-28T12:46:16+00:00\" \/>\n<meta property=\"og:image\" content=\"https:\/\/www.intoscana.it\/wp-content\/uploads\/142119747_3602555633155565_6006177714121828073_n.jpeg\" \/>\n\t<meta property=\"og:image:width\" content=\"828\" \/>\n\t<meta property=\"og:image:height\" content=\"664\" \/>\n\t<meta property=\"og:image:type\" content=\"image\/jpeg\" \/>\n<meta name=\"author\" content=\"Costanza Baldini\" \/>\n<meta name=\"twitter:card\" content=\"summary_large_image\" \/>\n<meta name=\"twitter:creator\" content=\"@intoscana\" \/>\n<meta name=\"twitter:site\" content=\"@intoscana\" \/>\n<meta name=\"twitter:label1\" content=\"Written by\" \/>\n\t<meta name=\"twitter:data1\" content=\"Costanza Baldini\" \/>\n\t<meta name=\"twitter:label2\" content=\"Est. reading time\" \/>\n\t<meta name=\"twitter:data2\" content=\"5 minuti\" \/>\n<script type=\"application\/ld+json\" class=\"yoast-schema-graph\">{\"@context\":\"https:\/\/schema.org\",\"@graph\":[{\"@type\":\"WebPage\",\"@id\":\"https:\/\/www.intoscana.it\/it\/breakfast-on-tour\/\",\"url\":\"https:\/\/www.intoscana.it\/it\/breakfast-on-tour\/\",\"name\":\"\\\"Breakfast on Tour\\\" di Giacomo Alberto Vieri: il giro del mondo a colazione - intoscana\",\"isPartOf\":{\"@id\":\"https:\/\/www.intoscana.it\/it\/#website\"},\"primaryImageOfPage\":{\"@id\":\"https:\/\/www.intoscana.it\/it\/breakfast-on-tour\/#primaryimage\"},\"image\":{\"@id\":\"https:\/\/www.intoscana.it\/it\/breakfast-on-tour\/#primaryimage\"},\"thumbnailUrl\":\"https:\/\/www.intoscana.it\/wp-content\/uploads\/142119747_3602555633155565_6006177714121828073_n.jpeg\",\"datePublished\":\"2021-01-28T09:04:43+00:00\",\"dateModified\":\"2021-01-28T12:46:16+00:00\",\"author\":{\"@id\":\"https:\/\/www.intoscana.it\/it\/#\/schema\/person\/d469f35f09739bdf00bf5dd3f0647a82\"},\"description\":\"Il giornalista ci accompagna in un viaggio emozionante attraverso i piatti e le storie di persone che hanno deciso di vivere a Firenze\",\"breadcrumb\":{\"@id\":\"https:\/\/www.intoscana.it\/it\/breakfast-on-tour\/#breadcrumb\"},\"inLanguage\":\"it-IT\",\"potentialAction\":[{\"@type\":\"ReadAction\",\"target\":[\"https:\/\/www.intoscana.it\/it\/breakfast-on-tour\/\"]}]},{\"@type\":\"ImageObject\",\"inLanguage\":\"it-IT\",\"@id\":\"https:\/\/www.intoscana.it\/it\/breakfast-on-tour\/#primaryimage\",\"url\":\"https:\/\/www.intoscana.it\/wp-content\/uploads\/142119747_3602555633155565_6006177714121828073_n.jpeg\",\"contentUrl\":\"https:\/\/www.intoscana.it\/wp-content\/uploads\/142119747_3602555633155565_6006177714121828073_n.jpeg\",\"width\":828,\"height\":664},{\"@type\":\"BreadcrumbList\",\"@id\":\"https:\/\/www.intoscana.it\/it\/breakfast-on-tour\/#breadcrumb\",\"itemListElement\":[{\"@type\":\"ListItem\",\"position\":1,\"name\":\"Home\",\"item\":\"https:\/\/www.intoscana.it\/it\/\"},{\"@type\":\"ListItem\",\"position\":2,\"name\":\"&#8220;Breakfast on Tour&#8221; di Giacomo Alberto Vieri: il giro del mondo a colazione\"}]},{\"@type\":\"WebSite\",\"@id\":\"https:\/\/www.intoscana.it\/it\/#website\",\"url\":\"https:\/\/www.intoscana.it\/it\/\",\"name\":\"intoscana\",\"description\":\"\",\"potentialAction\":[{\"@type\":\"SearchAction\",\"target\":{\"@type\":\"EntryPoint\",\"urlTemplate\":\"https:\/\/www.intoscana.it\/it\/?s={search_term_string}\"},\"query-input\":{\"@type\":\"PropertyValueSpecification\",\"valueRequired\":true,\"valueName\":\"search_term_string\"}}],\"inLanguage\":\"it-IT\"},{\"@type\":\"Person\",\"@id\":\"https:\/\/www.intoscana.it\/it\/#\/schema\/person\/d469f35f09739bdf00bf5dd3f0647a82\",\"name\":\"Costanza Baldini\",\"url\":\"https:\/\/www.intoscana.it\/it\/author\/costanza-baldini\/\"}]}<\/script>\n<!-- \/ Yoast SEO Premium plugin. -->","yoast_head_json":{"title":"\"Breakfast on Tour\" di Giacomo Alberto Vieri: il giro del mondo a colazione - intoscana","description":"Il giornalista ci accompagna in un viaggio emozionante attraverso i piatti e le storie di persone che hanno deciso di vivere a Firenze","robots":{"index":"index","follow":"follow","max-snippet":"max-snippet:-1","max-image-preview":"max-image-preview:large","max-video-preview":"max-video-preview:-1"},"canonical":"https:\/\/www.intoscana.it\/it\/breakfast-on-tour\/","og_locale":"it_IT","og_type":"article","og_title":"\"Breakfast on Tour\" di Giacomo Alberto Vieri: il giro del mondo a colazione","og_description":"Il giornalista ci accompagna in un viaggio emozionante attraverso i piatti e le storie di persone che hanno deciso di vivere a Firenze","og_url":"https:\/\/www.intoscana.it\/it\/breakfast-on-tour\/","og_site_name":"intoscana","article_publisher":"https:\/\/www.facebook.com\/intoscana.it","article_published_time":"2021-01-28T09:04:43+00:00","article_modified_time":"2021-01-28T12:46:16+00:00","og_image":[{"width":828,"height":664,"url":"https:\/\/www.intoscana.it\/wp-content\/uploads\/142119747_3602555633155565_6006177714121828073_n.jpeg","type":"image\/jpeg"}],"author":"Costanza Baldini","twitter_card":"summary_large_image","twitter_creator":"@intoscana","twitter_site":"@intoscana","twitter_misc":{"Written by":"Costanza Baldini","Est. reading time":"5 minuti"},"schema":{"@context":"https:\/\/schema.org","@graph":[{"@type":"WebPage","@id":"https:\/\/www.intoscana.it\/it\/breakfast-on-tour\/","url":"https:\/\/www.intoscana.it\/it\/breakfast-on-tour\/","name":"\"Breakfast on Tour\" di Giacomo Alberto Vieri: il giro del mondo a colazione - intoscana","isPartOf":{"@id":"https:\/\/www.intoscana.it\/it\/#website"},"primaryImageOfPage":{"@id":"https:\/\/www.intoscana.it\/it\/breakfast-on-tour\/#primaryimage"},"image":{"@id":"https:\/\/www.intoscana.it\/it\/breakfast-on-tour\/#primaryimage"},"thumbnailUrl":"https:\/\/www.intoscana.it\/wp-content\/uploads\/142119747_3602555633155565_6006177714121828073_n.jpeg","datePublished":"2021-01-28T09:04:43+00:00","dateModified":"2021-01-28T12:46:16+00:00","author":{"@id":"https:\/\/www.intoscana.it\/it\/#\/schema\/person\/d469f35f09739bdf00bf5dd3f0647a82"},"description":"Il giornalista ci accompagna in un viaggio emozionante attraverso i piatti e le storie di persone che hanno deciso di vivere a Firenze","breadcrumb":{"@id":"https:\/\/www.intoscana.it\/it\/breakfast-on-tour\/#breadcrumb"},"inLanguage":"it-IT","potentialAction":[{"@type":"ReadAction","target":["https:\/\/www.intoscana.it\/it\/breakfast-on-tour\/"]}]},{"@type":"ImageObject","inLanguage":"it-IT","@id":"https:\/\/www.intoscana.it\/it\/breakfast-on-tour\/#primaryimage","url":"https:\/\/www.intoscana.it\/wp-content\/uploads\/142119747_3602555633155565_6006177714121828073_n.jpeg","contentUrl":"https:\/\/www.intoscana.it\/wp-content\/uploads\/142119747_3602555633155565_6006177714121828073_n.jpeg","width":828,"height":664},{"@type":"BreadcrumbList","@id":"https:\/\/www.intoscana.it\/it\/breakfast-on-tour\/#breadcrumb","itemListElement":[{"@type":"ListItem","position":1,"name":"Home","item":"https:\/\/www.intoscana.it\/it\/"},{"@type":"ListItem","position":2,"name":"&#8220;Breakfast on Tour&#8221; di Giacomo Alberto Vieri: il giro del mondo a colazione"}]},{"@type":"WebSite","@id":"https:\/\/www.intoscana.it\/it\/#website","url":"https:\/\/www.intoscana.it\/it\/","name":"intoscana","description":"","potentialAction":[{"@type":"SearchAction","target":{"@type":"EntryPoint","urlTemplate":"https:\/\/www.intoscana.it\/it\/?s={search_term_string}"},"query-input":{"@type":"PropertyValueSpecification","valueRequired":true,"valueName":"search_term_string"}}],"inLanguage":"it-IT"},{"@type":"Person","@id":"https:\/\/www.intoscana.it\/it\/#\/schema\/person\/d469f35f09739bdf00bf5dd3f0647a82","name":"Costanza Baldini","url":"https:\/\/www.intoscana.it\/it\/author\/costanza-baldini\/"}]}},"_links":{"self":[{"href":"https:\/\/www.intoscana.it\/it\/wp-json\/wp\/v2\/posts\/165561","targetHints":{"allow":["GET"]}}],"collection":[{"href":"https:\/\/www.intoscana.it\/it\/wp-json\/wp\/v2\/posts"}],"about":[{"href":"https:\/\/www.intoscana.it\/it\/wp-json\/wp\/v2\/types\/post"}],"author":[{"embeddable":true,"href":"https:\/\/www.intoscana.it\/it\/wp-json\/wp\/v2\/users\/518"}],"replies":[{"embeddable":true,"href":"https:\/\/www.intoscana.it\/it\/wp-json\/wp\/v2\/comments?post=165561"}],"version-history":[{"count":0,"href":"https:\/\/www.intoscana.it\/it\/wp-json\/wp\/v2\/posts\/165561\/revisions"}],"wp:featuredmedia":[{"embeddable":true,"href":"https:\/\/www.intoscana.it\/it\/wp-json\/wp\/v2\/media\/165565"}],"wp:attachment":[{"href":"https:\/\/www.intoscana.it\/it\/wp-json\/wp\/v2\/media?parent=165561"}],"wp:term":[{"taxonomy":"category","embeddable":true,"href":"https:\/\/www.intoscana.it\/it\/wp-json\/wp\/v2\/categories?post=165561"},{"taxonomy":"post_tag","embeddable":true,"href":"https:\/\/www.intoscana.it\/it\/wp-json\/wp\/v2\/tags?post=165561"}],"curies":[{"name":"wp","href":"https:\/\/api.w.org\/{rel}","templated":true}]}}